{"id":79360,"date":"2014-02-06T18:05:08","date_gmt":"2014-02-06T17:05:08","guid":{"rendered":"http:\/\/www.visit-ulcinj.com\/blog\/?p=79360"},"modified":"2014-02-07T00:16:58","modified_gmt":"2014-02-06T23:16:58","slug":"vazhdojne-bisedimet-cungu-gjeka-zenka-per-krijimin-e-koalicionit-te-ri-ne-ulqin","status":"publish","type":"post","link":"https:\/\/www.visit-ulcinj.com\/blog\/2014\/02\/06\/vazhdojne-bisedimet-cungu-gjeka-zenka-per-krijimin-e-koalicionit-te-ri-ne-ulqin\/","title":{"rendered":"Vazhdojn\u00eb bisedimet Cungu, Gjeka, Zenka p\u00ebr krijimin e koalicionit t\u00eb ri ne Ulqin"},"content":{"rendered":"<p><strong><a href=\"http:\/\/www.visit-ulcinj.com\/blog\/wp-content\/uploads\/2014\/02\/Nazif-Cungu-Fatmir-Gjeka-Mehmet-Zenka-Ulqin.jpg\"><img loading=\"lazy\" class=\"alignleft  wp-image-79361\" alt=\"Nazif-Cungu-Fatmir-Gjeka-Mehmet-Zenka-Ulqin\" src=\"http:\/\/www.visit-ulcinj.com\/blog\/wp-content\/uploads\/2014\/02\/Nazif-Cungu-Fatmir-Gjeka-Mehmet-Zenka-Ulqin.jpg\" width=\"508\" height=\"360\" \/><\/a>Edhe sonte vazhdojn\u00eb bisedimet<\/strong><\/p>\n<p>Lider\u00ebt e partive nacionale shqiptare n\u00eb Ulqin, si\u00e7 njoftojn\u00eb agjencit\u00eb, edhe sonte do t\u00eb vazhdojn\u00eb bisedimet p\u00ebr formimin e pushtetit lokal n\u00eb Ulqin. Lider\u00ebt e Forc\u00ebs s\u00eb re Demokratike, FORCA, koalicionit \u201dBashk\u00eb p\u00ebr t\u00eb ardhmen e Ulqinit\u201d, dhe t\u00eb UDSH, u takuan mbr\u00ebm\u00eb, mir\u00ebpo si\u00e7 u deklaruan ende nuk arrit\u00ebn ndonj\u00eb marr\u00ebveshje konkrete. Kryetari i FORCA-s Nazif Cungu u shpreh pas takimit se gjat\u00eb bisedimeve \u00ebsht\u00eb shprehur vullnet i mir\u00eb p\u00ebr arritjen e marr\u00ebveshjen p\u00ebr koalicionin pas zgjedhor mes partive shqiptare p\u00ebr formimin e pushtetit lokal n\u00eb k\u00ebt\u00eb komun\u00eb. Nd\u00ebrsa Fatmir Gjeka bart\u00ebs i list\u00ebs \u201cBashk\u00eb p\u00ebr t\u00eb ardhmen e Ulqinit\u201d tha se bashk\u00ebbiseduesit jan\u00eb dakorduar q\u00eb ekziston vullnet q\u00eb t\u00eb arrihet marr\u00ebveshja por bisedimet do t\u00eb vazhdojn\u00eb edhe sonte.<\/p>\n<p>Nga ana tjet\u00ebr kryetari i k\u00ebshillit komunal t\u00eb PDS Loro Nrekiq \u00ebsht\u00eb i bindur se Ulqini s\u00eb shpejti do ta fitoj\u00eb pushtetin e ri. \u201cPresim rezultatet e takimit t\u00eb partive shqiptare, mir\u00ebpo jam i mendimit se nuk do t\u00eb arrijn\u00eb marr\u00ebveshje\u201d tha Nrekiq p\u00ebr gazet\u00ebn \u201cDnevne Novine\u201d. Kryetari i Partis\u00eb SocialDemokratike p\u00ebr Ulqinin Selim Resulbegoviq \u00ebsht\u00eb shprehur se p\u00ebr Ulqinin m\u00eb s\u00eb miri do t\u00eb ishte q\u00eb pushtetin lokal ta formojn\u00eb dy parti shqiptare dhe dy\u00a0 qytetare. Ai aludon n\u00eb koalicionin paszgjedhor \u00a0mes PDS, PSD, koalicionit \u201cBashk\u00eb p\u00ebr t\u00eb ardhmen e Ulqinit \u201c dhe UDSH.<\/p>\n<p><strong>TVCG<\/strong><\/p>\n<!--YouTube Error: bad URL entered-->\n","protected":false},"excerpt":{"rendered":"<p>Edhe sonte vazhdojn\u00eb bisedimet Lider\u00ebt e partive nacionale shqiptare n\u00eb Ulqin, si\u00e7 njoftojn\u00eb agjencit\u00eb, edhe sonte do t\u00eb vazhdojn\u00eb bisedimet p\u00ebr formimin e pushtetit lokal n\u00eb Ulqin. Lider\u00ebt e Forc\u00ebs s\u00eb re Demokratike, FORCA, koalicionit \u201dBashk\u00eb p\u00ebr t\u00eb ardhmen e Ulqinit\u201d, dhe t\u00eb UDSH, u takuan mbr\u00ebm\u00eb, mir\u00ebpo si\u00e7 u deklaruan ende nuk arrit\u00ebn ndonj\u00eb [&hellip;]<\/p>\n","protected":false},"author":1,"featured_media":0,"comment_status":"closed","ping_status":"closed","sticky":false,"template":"","format":"standard","meta":{"spay_email":"","jetpack_publicize_message":"","jetpack_is_tweetstorm":false,"jetpack_publicize_feature_enabled":true},"categories":[1,6],"tags":[],"jetpack_publicize_connections":[],"yoast_head":"<!-- This site is optimized with the Yoast SEO plugin v19.1 - https:\/\/yoast.com\/wordpress\/plugins\/seo\/ -->\n<title>Vazhdojn\u00eb bisedimet Cungu, Gjeka, Zenka p\u00ebr krijimin e koalicionit t\u00eb ri ne Ulqin - Lajme nga Ulqini<\/title>\n<meta name=\"description\" content=\"Edhe sonte vazhdojn\u00eb bisedimet Lider\u00ebt e partive nacionale shqiptare n\u00eb Ulqin, si\u00e7 njoftojn\u00eb agjencit\u00eb, edhe sonte do t\u00eb vazhdojn\u00eb bisedimet p\u00ebr formimin\" \/>\n<meta name=\"robots\" content=\"index, follow, max-snippet:-1, max-image-preview:large, max-video-preview:-1\" \/>\n<link rel=\"canonical\" href=\"https:\/\/www.visit-ulcinj.com\/blog\/2014\/02\/06\/vazhdojne-bisedimet-cungu-gjeka-zenka-per-krijimin-e-koalicionit-te-ri-ne-ulqin\/\" \/>\n<meta property=\"og:locale\" content=\"en_US\" \/>\n<meta property=\"og:type\" content=\"article\" \/>\n<meta property=\"og:title\" content=\"Vazhdojn\u00eb bisedimet Cungu, Gjeka, Zenka p\u00ebr krijimin e koalicionit t\u00eb ri ne Ulqin - Lajme nga Ulqini\" \/>\n<meta property=\"og:description\" content=\"Edhe sonte vazhdojn\u00eb bisedimet Lider\u00ebt e partive nacionale shqiptare n\u00eb Ulqin, si\u00e7 njoftojn\u00eb agjencit\u00eb, edhe sonte do t\u00eb vazhdojn\u00eb bisedimet p\u00ebr formimin\" \/>\n<meta property=\"og:url\" content=\"https:\/\/www.visit-ulcinj.com\/blog\/2014\/02\/06\/vazhdojne-bisedimet-cungu-gjeka-zenka-per-krijimin-e-koalicionit-te-ri-ne-ulqin\/\" \/>\n<meta property=\"og:site_name\" content=\"Lajme nga Ulqini\" \/>\n<meta property=\"article:published_time\" content=\"2014-02-06T17:05:08+00:00\" \/>\n<meta property=\"article:modified_time\" content=\"2014-02-06T23:16:58+00:00\" \/>\n<meta property=\"og:image\" content=\"http:\/\/www.visit-ulcinj.com\/blog\/wp-content\/uploads\/2014\/02\/Nazif-Cungu-Fatmir-Gjeka-Mehmet-Zenka-Ulqin.jpg\" \/>\n<meta name=\"twitter:label1\" content=\"Written by\" \/>\n\t<meta name=\"twitter:data1\" content=\"ulqini\" \/>\n\t<meta name=\"twitter:label2\" content=\"Est. reading time\" \/>\n\t<meta name=\"twitter:data2\" content=\"1 minute\" \/>\n<script type=\"application\/ld+json\" class=\"yoast-schema-graph\">{\"@context\":\"https:\/\/schema.org\",\"@graph\":[{\"@type\":\"WebSite\",\"@id\":\"https:\/\/www.visit-ulcinj.com\/blog\/#website\",\"url\":\"https:\/\/www.visit-ulcinj.com\/blog\/\",\"name\":\"Lajme nga Ulqini\",\"description\":\"Lajme,Vijesti,Ulqini,Ulqin,Crna Gora,Mali i Zi\",\"potentialAction\":[{\"@type\":\"SearchAction\",\"target\":{\"@type\":\"EntryPoint\",\"urlTemplate\":\"https:\/\/www.visit-ulcinj.com\/blog\/?s={search_term_string}\"},\"query-input\":\"required name=search_term_string\"}],\"inLanguage\":\"en-US\"},{\"@type\":\"ImageObject\",\"inLanguage\":\"en-US\",\"@id\":\"https:\/\/www.visit-ulcinj.com\/blog\/2014\/02\/06\/vazhdojne-bisedimet-cungu-gjeka-zenka-per-krijimin-e-koalicionit-te-ri-ne-ulqin\/#primaryimage\",\"url\":\"https:\/\/www.visit-ulcinj.com\/blog\/wp-content\/uploads\/2014\/02\/Nazif-Cungu-Fatmir-Gjeka-Mehmet-Zenka-Ulqin.jpg\",\"contentUrl\":\"https:\/\/www.visit-ulcinj.com\/blog\/wp-content\/uploads\/2014\/02\/Nazif-Cungu-Fatmir-Gjeka-Mehmet-Zenka-Ulqin.jpg\",\"width\":713,\"height\":413},{\"@type\":\"WebPage\",\"@id\":\"https:\/\/www.visit-ulcinj.com\/blog\/2014\/02\/06\/vazhdojne-bisedimet-cungu-gjeka-zenka-per-krijimin-e-koalicionit-te-ri-ne-ulqin\/#webpage\",\"url\":\"https:\/\/www.visit-ulcinj.com\/blog\/2014\/02\/06\/vazhdojne-bisedimet-cungu-gjeka-zenka-per-krijimin-e-koalicionit-te-ri-ne-ulqin\/\",\"name\":\"Vazhdojn\u00eb bisedimet Cungu, Gjeka, Zenka p\u00ebr krijimin e koalicionit t\u00eb ri ne Ulqin - Lajme nga Ulqini\",\"isPartOf\":{\"@id\":\"https:\/\/www.visit-ulcinj.com\/blog\/#website\"},\"primaryImageOfPage\":{\"@id\":\"https:\/\/www.visit-ulcinj.com\/blog\/2014\/02\/06\/vazhdojne-bisedimet-cungu-gjeka-zenka-per-krijimin-e-koalicionit-te-ri-ne-ulqin\/#primaryimage\"},\"datePublished\":\"2014-02-06T17:05:08+00:00\",\"dateModified\":\"2014-02-06T23:16:58+00:00\",\"author\":{\"@id\":\"https:\/\/www.visit-ulcinj.com\/blog\/#\/schema\/person\/dcab619c614d3038751c63bc2aadc06d\"},\"description\":\"Edhe sonte vazhdojn\u00eb bisedimet Lider\u00ebt e partive nacionale shqiptare n\u00eb Ulqin, si\u00e7 njoftojn\u00eb agjencit\u00eb, edhe sonte do t\u00eb vazhdojn\u00eb bisedimet p\u00ebr formimin\",\"breadcrumb\":{\"@id\":\"https:\/\/www.visit-ulcinj.com\/blog\/2014\/02\/06\/vazhdojne-bisedimet-cungu-gjeka-zenka-per-krijimin-e-koalicionit-te-ri-ne-ulqin\/#breadcrumb\"},\"inLanguage\":\"en-US\",\"potentialAction\":[{\"@type\":\"ReadAction\",\"target\":[\"https:\/\/www.visit-ulcinj.com\/blog\/2014\/02\/06\/vazhdojne-bisedimet-cungu-gjeka-zenka-per-krijimin-e-koalicionit-te-ri-ne-ulqin\/\"]}]},{\"@type\":\"BreadcrumbList\",\"@id\":\"https:\/\/www.visit-ulcinj.com\/blog\/2014\/02\/06\/vazhdojne-bisedimet-cungu-gjeka-zenka-per-krijimin-e-koalicionit-te-ri-ne-ulqin\/#breadcrumb\",\"itemListElement\":[{\"@type\":\"ListItem\",\"position\":1,\"name\":\"Vazhdojn\u00eb bisedimet Cungu, Gjeka, Zenka p\u00ebr krijimin e koalicionit t\u00eb ri ne Ulqin\"}]},{\"@type\":\"Person\",\"@id\":\"https:\/\/www.visit-ulcinj.com\/blog\/#\/schema\/person\/dcab619c614d3038751c63bc2aadc06d\",\"name\":\"ulqini\",\"sameAs\":[\"http:\/\/www.visit-ulcinj.com\"],\"url\":\"https:\/\/www.visit-ulcinj.com\/blog\/author\/admin\/\"}]}<\/script>\n<!-- \/ Yoast SEO plugin. -->","yoast_head_json":{"title":"Vazhdojn\u00eb bisedimet Cungu, Gjeka, Zenka p\u00ebr krijimin e koalicionit t\u00eb ri ne Ulqin - Lajme nga Ulqini","description":"Edhe sonte vazhdojn\u00eb bisedimet Lider\u00ebt e partive nacionale shqiptare n\u00eb Ulqin, si\u00e7 njoftojn\u00eb agjencit\u00eb, edhe sonte do t\u00eb vazhdojn\u00eb bisedimet p\u00ebr formimin","robots":{"index":"index","follow":"follow","max-snippet":"max-snippet:-1","max-image-preview":"max-image-preview:large","max-video-preview":"max-video-preview:-1"},"canonical":"https:\/\/www.visit-ulcinj.com\/blog\/2014\/02\/06\/vazhdojne-bisedimet-cungu-gjeka-zenka-per-krijimin-e-koalicionit-te-ri-ne-ulqin\/","og_locale":"en_US","og_type":"article","og_title":"Vazhdojn\u00eb bisedimet Cungu, Gjeka, Zenka p\u00ebr krijimin e koalicionit t\u00eb ri ne Ulqin - Lajme nga Ulqini","og_description":"Edhe sonte vazhdojn\u00eb bisedimet Lider\u00ebt e partive nacionale shqiptare n\u00eb Ulqin, si\u00e7 njoftojn\u00eb agjencit\u00eb, edhe sonte do t\u00eb vazhdojn\u00eb bisedimet p\u00ebr formimin","og_url":"https:\/\/www.visit-ulcinj.com\/blog\/2014\/02\/06\/vazhdojne-bisedimet-cungu-gjeka-zenka-per-krijimin-e-koalicionit-te-ri-ne-ulqin\/","og_site_name":"Lajme nga Ulqini","article_published_time":"2014-02-06T17:05:08+00:00","article_modified_time":"2014-02-06T23:16:58+00:00","og_image":[{"url":"http:\/\/www.visit-ulcinj.com\/blog\/wp-content\/uploads\/2014\/02\/Nazif-Cungu-Fatmir-Gjeka-Mehmet-Zenka-Ulqin.jpg"}],"twitter_misc":{"Written by":"ulqini","Est. reading time":"1 minute"},"schema":{"@context":"https:\/\/schema.org","@graph":[{"@type":"WebSite","@id":"https:\/\/www.visit-ulcinj.com\/blog\/#website","url":"https:\/\/www.visit-ulcinj.com\/blog\/","name":"Lajme nga Ulqini","description":"Lajme,Vijesti,Ulqini,Ulqin,Crna Gora,Mali i Zi","potentialAction":[{"@type":"SearchAction","target":{"@type":"EntryPoint","urlTemplate":"https:\/\/www.visit-ulcinj.com\/blog\/?s={search_term_string}"},"query-input":"required name=search_term_string"}],"inLanguage":"en-US"},{"@type":"ImageObject","inLanguage":"en-US","@id":"https:\/\/www.visit-ulcinj.com\/blog\/2014\/02\/06\/vazhdojne-bisedimet-cungu-gjeka-zenka-per-krijimin-e-koalicionit-te-ri-ne-ulqin\/#primaryimage","url":"https:\/\/www.visit-ulcinj.com\/blog\/wp-content\/uploads\/2014\/02\/Nazif-Cungu-Fatmir-Gjeka-Mehmet-Zenka-Ulqin.jpg","contentUrl":"https:\/\/www.visit-ulcinj.com\/blog\/wp-content\/uploads\/2014\/02\/Nazif-Cungu-Fatmir-Gjeka-Mehmet-Zenka-Ulqin.jpg","width":713,"height":413},{"@type":"WebPage","@id":"https:\/\/www.visit-ulcinj.com\/blog\/2014\/02\/06\/vazhdojne-bisedimet-cungu-gjeka-zenka-per-krijimin-e-koalicionit-te-ri-ne-ulqin\/#webpage","url":"https:\/\/www.visit-ulcinj.com\/blog\/2014\/02\/06\/vazhdojne-bisedimet-cungu-gjeka-zenka-per-krijimin-e-koalicionit-te-ri-ne-ulqin\/","name":"Vazhdojn\u00eb bisedimet Cungu, Gjeka, Zenka p\u00ebr krijimin e koalicionit t\u00eb ri ne Ulqin - Lajme nga Ulqini","isPartOf":{"@id":"https:\/\/www.visit-ulcinj.com\/blog\/#website"},"primaryImageOfPage":{"@id":"https:\/\/www.visit-ulcinj.com\/blog\/2014\/02\/06\/vazhdojne-bisedimet-cungu-gjeka-zenka-per-krijimin-e-koalicionit-te-ri-ne-ulqin\/#primaryimage"},"datePublished":"2014-02-06T17:05:08+00:00","dateModified":"2014-02-06T23:16:58+00:00","author":{"@id":"https:\/\/www.visit-ulcinj.com\/blog\/#\/schema\/person\/dcab619c614d3038751c63bc2aadc06d"},"description":"Edhe sonte vazhdojn\u00eb bisedimet Lider\u00ebt e partive nacionale shqiptare n\u00eb Ulqin, si\u00e7 njoftojn\u00eb agjencit\u00eb, edhe sonte do t\u00eb vazhdojn\u00eb bisedimet p\u00ebr formimin","breadcrumb":{"@id":"https:\/\/www.visit-ulcinj.com\/blog\/2014\/02\/06\/vazhdojne-bisedimet-cungu-gjeka-zenka-per-krijimin-e-koalicionit-te-ri-ne-ulqin\/#breadcrumb"},"inLanguage":"en-US","potentialAction":[{"@type":"ReadAction","target":["https:\/\/www.visit-ulcinj.com\/blog\/2014\/02\/06\/vazhdojne-bisedimet-cungu-gjeka-zenka-per-krijimin-e-koalicionit-te-ri-ne-ulqin\/"]}]},{"@type":"BreadcrumbList","@id":"https:\/\/www.visit-ulcinj.com\/blog\/2014\/02\/06\/vazhdojne-bisedimet-cungu-gjeka-zenka-per-krijimin-e-koalicionit-te-ri-ne-ulqin\/#breadcrumb","itemListElement":[{"@type":"ListItem","position":1,"name":"Vazhdojn\u00eb bisedimet Cungu, Gjeka, Zenka p\u00ebr krijimin e koalicionit t\u00eb ri ne Ulqin"}]},{"@type":"Person","@id":"https:\/\/www.visit-ulcinj.com\/blog\/#\/schema\/person\/dcab619c614d3038751c63bc2aadc06d","name":"ulqini","sameAs":["http:\/\/www.visit-ulcinj.com"],"url":"https:\/\/www.visit-ulcinj.com\/blog\/author\/admin\/"}]}},"jetpack_featured_media_url":"","jetpack_sharing_enabled":true,"jetpack_shortlink":"https:\/\/wp.me\/pe6lTn-kE0","_links":{"self":[{"href":"https:\/\/www.visit-ulcinj.com\/blog\/wp-json\/wp\/v2\/posts\/79360"}],"collection":[{"href":"https:\/\/www.visit-ulcinj.com\/blog\/wp-json\/wp\/v2\/posts"}],"about":[{"href":"https:\/\/www.visit-ulcinj.com\/blog\/wp-json\/wp\/v2\/types\/post"}],"author":[{"embeddable":true,"href":"https:\/\/www.visit-ulcinj.com\/blog\/wp-json\/wp\/v2\/users\/1"}],"replies":[{"embeddable":true,"href":"https:\/\/www.visit-ulcinj.com\/blog\/wp-json\/wp\/v2\/comments?post=79360"}],"version-history":[{"count":1,"href":"https:\/\/www.visit-ulcinj.com\/blog\/wp-json\/wp\/v2\/posts\/79360\/revisions"}],"predecessor-version":[{"id":79362,"href":"https:\/\/www.visit-ulcinj.com\/blog\/wp-json\/wp\/v2\/posts\/79360\/revisions\/79362"}],"wp:attachment":[{"href":"https:\/\/www.visit-ulcinj.com\/blog\/wp-json\/wp\/v2\/media?parent=79360"}],"wp:term":[{"taxonomy":"category","embeddable":true,"href":"https:\/\/www.visit-ulcinj.com\/blog\/wp-json\/wp\/v2\/categories?post=79360"},{"taxonomy":"post_tag","embeddable":true,"href":"https:\/\/www.visit-ulcinj.com\/blog\/wp-json\/wp\/v2\/tags?post=79360"}],"curies":[{"name":"wp","href":"https:\/\/api.w.org\/{rel}","templated":true}]}}