{"id":79374,"date":"2014-02-07T08:15:20","date_gmt":"2014-02-07T07:15:20","guid":{"rendered":"http:\/\/www.visit-ulcinj.com\/blog\/?p=79374"},"modified":"2014-02-07T08:15:20","modified_gmt":"2014-02-07T07:15:20","slug":"art-club-boton-librin-harapet-e-ulqinit-te-autorit-ali-llunji","status":"publish","type":"post","link":"https:\/\/www.visit-ulcinj.com\/blog\/2014\/02\/07\/art-club-boton-librin-harapet-e-ulqinit-te-autorit-ali-llunji\/","title":{"rendered":"\u201cArt Club\u201d boton librin \u201cHarap\u00ebt e Ulqinit\u201d t\u00eb autorit Ali Llunji"},"content":{"rendered":"<p>Shoqata e Artist\u00ebve dhe Intelektual\u00ebve \u201cArt Club\u201d ka botuar k\u00ebto dit\u00eb librin \u201cHarap\u00ebt e Ulqinit\u201d t\u00eb autorit Ali Llunji. Kjo \u00ebsht\u00eb monografia e par\u00eb p\u00ebr zezak\u00ebt e Ulqinit, nj\u00eb studim dhe kontribut i r\u00ebnd\u00ebsish\u00ebm n\u00eb fush\u00ebn e antropologjis\u00eb kulturore dhe etnokultur\u00ebs.<\/p>\n<p><a href=\"http:\/\/www.visit-ulcinj.com\/blog\/wp-content\/uploads\/2014\/02\/Harapet-e-Ulqinit.jpg\"><img loading=\"lazy\" class=\"alignleft  wp-image-79375\" alt=\"Harapet-e-Ulqinit\" src=\"http:\/\/www.visit-ulcinj.com\/blog\/wp-content\/uploads\/2014\/02\/Harapet-e-Ulqinit.jpg\" width=\"508\" height=\"600\" \/><\/a><\/p>\n<p>Autori na tregon p\u00ebr bashk\u00ebjetes\u00ebn e k\u00ebsaj popullsie, e cila edhe pse kishte ardhur nga nj\u00eb kontinent tjet\u00ebr, me ngjyr\u00eb e zakone t\u00eb tjera, u b\u00eb nj\u00eb me popullsin\u00eb autoktone shqiptare.<\/p>\n<p>Sipas autorit, ulqinak\u00ebt i kan\u00eb respektuar dhe vler\u00ebsuar banor\u00ebt e ardhur nga Afrika e zez\u00eb, kan\u00eb treguar bujari dhe ngroht\u00ebsi ndaj tyre, si dhe \u201ci kan\u00eb \u00e7muar si nj\u00eb pasuri e rrall\u00eb njer\u00ebzore pa b\u00ebr\u00eb ndonj\u00eb ndasi a p\u00ebrbuzje raciale\u201d, n\u00eb koh\u00ebn kur t\u00eb drejtat e tyre themelore njer\u00ebzore dhe qytetare shkeleshin n\u00eb nj\u00eb pjes\u00eb t\u00eb madhe t\u00eb Evrop\u00ebs dhe Amerik\u00ebs. K\u00ebt\u00eb gj\u00eb e v\u00ebrteton m\u00eb s\u00eb miri jeta dhe puna e p\u00ebrbashk\u00ebt, lidhjet martesore etj.<\/p>\n<p>\u201cMe plot goj\u00eb mund t\u00eb themi se i kishim bashk\u00ebqytetar\u00eb, se kishin nj\u00eb shpirt t\u00eb past\u00ebr, nj\u00eb gjak t\u00eb kuq, gjak q\u00eb shp\u00ebton jet\u00ebn. Edhe ata ishin pjes\u00eb e sh\u00ebndosh\u00eb dhe e pandashme e qytetit bregdetar \u2013 Ulqinit\u201d, thot\u00eb autori n\u00eb parath\u00ebnien e librit.<\/p>\n<p>Ulqini, ky mjedis shqiptar, nuk i pengoi harap\u00ebt e Ulqinit, q\u00eb t\u00eb ruanin ndonj\u00eb segment t\u00eb traditave nga atdheu i tyre i larg\u00ebt, shpeshher\u00eb edhe i imagjinuar. Por me kalimin e koh\u00ebs, edhe ato pak tradita u zbeh\u00ebn derisa nj\u00eb dit\u00eb u fik\u00ebn plot\u00ebsisht.<\/p>\n<p>Recensent i librit \u201cHarap\u00ebt e Ulqinit\u201d \u00ebsht\u00eb prof. dr. Ruzhdi Ushaku, kurse redaktor dr. Nail Draga. Botimin e librit e ka ndihmuar Komuna e Ulqinit dhe \u201cArt Club\u201d-i, nd\u00ebrsa ai \u00ebsht\u00eb shtypur n\u00eb shtypshkronj\u00ebn ALFAPRINT n\u00eb Prishtin\u00eb.<\/p>\n<p>Ali Llunji u lind n\u00eb Ulqin. Q\u00eb her\u00ebt filloi t\u00eb merret me shkrime. Shkruan proz\u00eb, monografi, fejtone televizive, drama dhe skenare p\u00ebr filma artistik\u00eb. Mbi kat\u00ebr dekada ushtron publicistik\u00ebn. Ishte gazetar, redaktor p\u00ebrgjegj\u00ebs, komentator dhe kryeredaktor. N\u00eb cil\u00ebsin\u00eb e reporterit televiziv mori pjes\u00eb n\u00eb disa simpoziume, konsulta dhe kongrese shkencore q\u00eb pat\u00ebn r\u00ebnd\u00ebsi t\u00eb ve\u00e7ant\u00eb historike. U mor me kritik\u00eb teatrore, filmore dhe letrare. P\u00ebrktheu n\u00eb shqip drama dhe vepra beletristike. Bashk\u00ebpunon me shum\u00eb revista dhe gazeta t\u00eb koh\u00ebs. \u00cbsht\u00eb an\u00ebtar i Lidhjes s\u00eb Shkrimtar\u00ebve t\u00eb Kosov\u00ebs dhe i Shoqat\u00ebs s\u00eb Gazetar\u00ebve t\u00eb Kosov\u00ebs. Libri \u201cHarap\u00ebt e Ulqinit\u201d \u00ebsht\u00eb vepra e nj\u00ebmb\u00ebdhjet\u00eb e tij.<\/p>\n<p>N\u00eb kuad\u00ebr t\u00eb veprimtaris\u00eb s\u00eb tij botuese \u201cArt Club\u201d, botuesi m\u00eb i madh nd\u00ebr shqiptar\u00ebt n\u00eb Malin e Zi, ka botuar deri tani rreth 100 libra, kryesisht t\u00eb autor\u00ebve shqiptar\u00eb n\u00eb Malin e Zi.<\/p>\n<p>&nbsp;<\/p>\n<p><i>\u00a0<\/i><\/p>\n<p><i>\u00a0\u00a0\u00a0\u00a0\u00a0\u00a0\u00a0 Ulqin, m\u00eb 07. 02. 2014<\/i> \u00a0\u00a0\u00a0\u00a0\u00a0\u00a0\u00a0\u00a0\u00a0\u00a0\u00a0\u00a0\u00a0\u00a0\u00a0\u00a0\u00a0\u00a0\u00a0\u00a0\u00a0\u00a0\u00a0\u00a0\u00a0\u00a0\u00a0\u00a0\u00a0\u00a0\u00a0\u00a0\u00a0\u00a0\u00a0\u00a0\u00a0\u00a0\u00a0\u00a0\u00a0\u00a0\u00a0\u00a0\u00a0\u00a0\u00a0\u00a0\u00a0\u00a0\u00a0\u00a0\u00a0\u00a0\u00a0\u00a0\u00a0\u00a0\u00a0\u00a0\u00a0\u00a0\u00a0\u00a0\u00a0\u00a0\u00a0\u00a0\u00a0\u00a0\u00a0 \u00a0\u00a0\u00a0\u00a0\u00a0\u00a0<b>SHAI \u201cArt Club\u201d <\/b><\/p>\n<p><b>\u00a0\u00a0\u00a0\u00a0\u00a0\u00a0<\/b><\/p>\n","protected":false},"excerpt":{"rendered":"<p>Shoqata e Artist\u00ebve dhe Intelektual\u00ebve \u201cArt Club\u201d ka botuar k\u00ebto dit\u00eb librin \u201cHarap\u00ebt e Ulqinit\u201d t\u00eb autorit Ali Llunji. Kjo \u00ebsht\u00eb monografia e par\u00eb p\u00ebr zezak\u00ebt e Ulqinit, nj\u00eb studim dhe kontribut i r\u00ebnd\u00ebsish\u00ebm n\u00eb fush\u00ebn e antropologjis\u00eb kulturore dhe etnokultur\u00ebs. Autori na tregon p\u00ebr bashk\u00ebjetes\u00ebn e k\u00ebsaj popullsie, e cila edhe pse kishte ardhur [&hellip;]<\/p>\n","protected":false},"author":1,"featured_media":0,"comment_status":"closed","ping_status":"closed","sticky":false,"template":"","format":"standard","meta":{"spay_email":"","jetpack_publicize_message":"","jetpack_is_tweetstorm":false,"jetpack_publicize_feature_enabled":true},"categories":[4],"tags":[],"jetpack_publicize_connections":[],"yoast_head":"<!-- This site is optimized with the Yoast SEO plugin v19.1 - https:\/\/yoast.com\/wordpress\/plugins\/seo\/ -->\n<title>\u201cArt Club\u201d boton librin \u201cHarap\u00ebt e Ulqinit\u201d t\u00eb autorit Ali Llunji - Lajme nga Ulqini<\/title>\n<meta name=\"description\" content=\"Shoqata e Artist\u00ebve dhe Intelektual\u00ebve \u201cArt Club\u201d ka botuar k\u00ebto dit\u00eb librin \u201cHarap\u00ebt e Ulqinit\u201d t\u00eb autorit Ali Llunji. Kjo \u00ebsht\u00eb monografia e par\u00eb p\u00ebr\" \/>\n<meta name=\"robots\" content=\"index, follow, max-snippet:-1, max-image-preview:large, max-video-preview:-1\" \/>\n<link rel=\"canonical\" href=\"https:\/\/www.visit-ulcinj.com\/blog\/2014\/02\/07\/art-club-boton-librin-harapet-e-ulqinit-te-autorit-ali-llunji\/\" \/>\n<meta property=\"og:locale\" content=\"en_US\" \/>\n<meta property=\"og:type\" content=\"article\" \/>\n<meta property=\"og:title\" content=\"\u201cArt Club\u201d boton librin \u201cHarap\u00ebt e Ulqinit\u201d t\u00eb autorit Ali Llunji - Lajme nga Ulqini\" \/>\n<meta property=\"og:description\" content=\"Shoqata e Artist\u00ebve dhe Intelektual\u00ebve \u201cArt Club\u201d ka botuar k\u00ebto dit\u00eb librin \u201cHarap\u00ebt e Ulqinit\u201d t\u00eb autorit Ali Llunji. Kjo \u00ebsht\u00eb monografia e par\u00eb p\u00ebr\" \/>\n<meta property=\"og:url\" content=\"https:\/\/www.visit-ulcinj.com\/blog\/2014\/02\/07\/art-club-boton-librin-harapet-e-ulqinit-te-autorit-ali-llunji\/\" \/>\n<meta property=\"og:site_name\" content=\"Lajme nga Ulqini\" \/>\n<meta property=\"article:published_time\" content=\"2014-02-07T07:15:20+00:00\" \/>\n<meta property=\"og:image\" content=\"http:\/\/www.visit-ulcinj.com\/blog\/wp-content\/uploads\/2014\/02\/Harapet-e-Ulqinit.jpg\" \/>\n<meta name=\"twitter:label1\" content=\"Written by\" \/>\n\t<meta name=\"twitter:data1\" content=\"ulqini\" \/>\n\t<meta name=\"twitter:label2\" content=\"Est. reading time\" \/>\n\t<meta name=\"twitter:data2\" content=\"2 minutes\" \/>\n<script type=\"application\/ld+json\" class=\"yoast-schema-graph\">{\"@context\":\"https:\/\/schema.org\",\"@graph\":[{\"@type\":\"WebSite\",\"@id\":\"https:\/\/www.visit-ulcinj.com\/blog\/#website\",\"url\":\"https:\/\/www.visit-ulcinj.com\/blog\/\",\"name\":\"Lajme nga Ulqini\",\"description\":\"Lajme,Vijesti,Ulqini,Ulqin,Crna Gora,Mali i Zi\",\"potentialAction\":[{\"@type\":\"SearchAction\",\"target\":{\"@type\":\"EntryPoint\",\"urlTemplate\":\"https:\/\/www.visit-ulcinj.com\/blog\/?s={search_term_string}\"},\"query-input\":\"required name=search_term_string\"}],\"inLanguage\":\"en-US\"},{\"@type\":\"ImageObject\",\"inLanguage\":\"en-US\",\"@id\":\"https:\/\/www.visit-ulcinj.com\/blog\/2014\/02\/07\/art-club-boton-librin-harapet-e-ulqinit-te-autorit-ali-llunji\/#primaryimage\",\"url\":\"https:\/\/www.visit-ulcinj.com\/blog\/wp-content\/uploads\/2014\/02\/Harapet-e-Ulqinit.jpg\",\"contentUrl\":\"https:\/\/www.visit-ulcinj.com\/blog\/wp-content\/uploads\/2014\/02\/Harapet-e-Ulqinit.jpg\",\"width\":516,\"height\":628},{\"@type\":\"WebPage\",\"@id\":\"https:\/\/www.visit-ulcinj.com\/blog\/2014\/02\/07\/art-club-boton-librin-harapet-e-ulqinit-te-autorit-ali-llunji\/#webpage\",\"url\":\"https:\/\/www.visit-ulcinj.com\/blog\/2014\/02\/07\/art-club-boton-librin-harapet-e-ulqinit-te-autorit-ali-llunji\/\",\"name\":\"\u201cArt Club\u201d boton librin \u201cHarap\u00ebt e Ulqinit\u201d t\u00eb autorit Ali Llunji - Lajme nga Ulqini\",\"isPartOf\":{\"@id\":\"https:\/\/www.visit-ulcinj.com\/blog\/#website\"},\"primaryImageOfPage\":{\"@id\":\"https:\/\/www.visit-ulcinj.com\/blog\/2014\/02\/07\/art-club-boton-librin-harapet-e-ulqinit-te-autorit-ali-llunji\/#primaryimage\"},\"datePublished\":\"2014-02-07T07:15:20+00:00\",\"dateModified\":\"2014-02-07T07:15:20+00:00\",\"author\":{\"@id\":\"https:\/\/www.visit-ulcinj.com\/blog\/#\/schema\/person\/dcab619c614d3038751c63bc2aadc06d\"},\"description\":\"Shoqata e Artist\u00ebve dhe Intelektual\u00ebve \u201cArt Club\u201d ka botuar k\u00ebto dit\u00eb librin \u201cHarap\u00ebt e Ulqinit\u201d t\u00eb autorit Ali Llunji. Kjo \u00ebsht\u00eb monografia e par\u00eb p\u00ebr\",\"breadcrumb\":{\"@id\":\"https:\/\/www.visit-ulcinj.com\/blog\/2014\/02\/07\/art-club-boton-librin-harapet-e-ulqinit-te-autorit-ali-llunji\/#breadcrumb\"},\"inLanguage\":\"en-US\",\"potentialAction\":[{\"@type\":\"ReadAction\",\"target\":[\"https:\/\/www.visit-ulcinj.com\/blog\/2014\/02\/07\/art-club-boton-librin-harapet-e-ulqinit-te-autorit-ali-llunji\/\"]}]},{\"@type\":\"BreadcrumbList\",\"@id\":\"https:\/\/www.visit-ulcinj.com\/blog\/2014\/02\/07\/art-club-boton-librin-harapet-e-ulqinit-te-autorit-ali-llunji\/#breadcrumb\",\"itemListElement\":[{\"@type\":\"ListItem\",\"position\":1,\"name\":\"\u201cArt Club\u201d boton librin \u201cHarap\u00ebt e Ulqinit\u201d t\u00eb autorit Ali Llunji\"}]},{\"@type\":\"Person\",\"@id\":\"https:\/\/www.visit-ulcinj.com\/blog\/#\/schema\/person\/dcab619c614d3038751c63bc2aadc06d\",\"name\":\"ulqini\",\"sameAs\":[\"http:\/\/www.visit-ulcinj.com\"],\"url\":\"https:\/\/www.visit-ulcinj.com\/blog\/author\/admin\/\"}]}<\/script>\n<!-- \/ Yoast SEO plugin. -->","yoast_head_json":{"title":"\u201cArt Club\u201d boton librin \u201cHarap\u00ebt e Ulqinit\u201d t\u00eb autorit Ali Llunji - Lajme nga Ulqini","description":"Shoqata e Artist\u00ebve dhe Intelektual\u00ebve \u201cArt Club\u201d ka botuar k\u00ebto dit\u00eb librin \u201cHarap\u00ebt e Ulqinit\u201d t\u00eb autorit Ali Llunji. Kjo \u00ebsht\u00eb monografia e par\u00eb p\u00ebr","robots":{"index":"index","follow":"follow","max-snippet":"max-snippet:-1","max-image-preview":"max-image-preview:large","max-video-preview":"max-video-preview:-1"},"canonical":"https:\/\/www.visit-ulcinj.com\/blog\/2014\/02\/07\/art-club-boton-librin-harapet-e-ulqinit-te-autorit-ali-llunji\/","og_locale":"en_US","og_type":"article","og_title":"\u201cArt Club\u201d boton librin \u201cHarap\u00ebt e Ulqinit\u201d t\u00eb autorit Ali Llunji - Lajme nga Ulqini","og_description":"Shoqata e Artist\u00ebve dhe Intelektual\u00ebve \u201cArt Club\u201d ka botuar k\u00ebto dit\u00eb librin \u201cHarap\u00ebt e Ulqinit\u201d t\u00eb autorit Ali Llunji. Kjo \u00ebsht\u00eb monografia e par\u00eb p\u00ebr","og_url":"https:\/\/www.visit-ulcinj.com\/blog\/2014\/02\/07\/art-club-boton-librin-harapet-e-ulqinit-te-autorit-ali-llunji\/","og_site_name":"Lajme nga Ulqini","article_published_time":"2014-02-07T07:15:20+00:00","og_image":[{"url":"http:\/\/www.visit-ulcinj.com\/blog\/wp-content\/uploads\/2014\/02\/Harapet-e-Ulqinit.jpg"}],"twitter_misc":{"Written by":"ulqini","Est. reading time":"2 minutes"},"schema":{"@context":"https:\/\/schema.org","@graph":[{"@type":"WebSite","@id":"https:\/\/www.visit-ulcinj.com\/blog\/#website","url":"https:\/\/www.visit-ulcinj.com\/blog\/","name":"Lajme nga Ulqini","description":"Lajme,Vijesti,Ulqini,Ulqin,Crna Gora,Mali i Zi","potentialAction":[{"@type":"SearchAction","target":{"@type":"EntryPoint","urlTemplate":"https:\/\/www.visit-ulcinj.com\/blog\/?s={search_term_string}"},"query-input":"required name=search_term_string"}],"inLanguage":"en-US"},{"@type":"ImageObject","inLanguage":"en-US","@id":"https:\/\/www.visit-ulcinj.com\/blog\/2014\/02\/07\/art-club-boton-librin-harapet-e-ulqinit-te-autorit-ali-llunji\/#primaryimage","url":"https:\/\/www.visit-ulcinj.com\/blog\/wp-content\/uploads\/2014\/02\/Harapet-e-Ulqinit.jpg","contentUrl":"https:\/\/www.visit-ulcinj.com\/blog\/wp-content\/uploads\/2014\/02\/Harapet-e-Ulqinit.jpg","width":516,"height":628},{"@type":"WebPage","@id":"https:\/\/www.visit-ulcinj.com\/blog\/2014\/02\/07\/art-club-boton-librin-harapet-e-ulqinit-te-autorit-ali-llunji\/#webpage","url":"https:\/\/www.visit-ulcinj.com\/blog\/2014\/02\/07\/art-club-boton-librin-harapet-e-ulqinit-te-autorit-ali-llunji\/","name":"\u201cArt Club\u201d boton librin \u201cHarap\u00ebt e Ulqinit\u201d t\u00eb autorit Ali Llunji - Lajme nga Ulqini","isPartOf":{"@id":"https:\/\/www.visit-ulcinj.com\/blog\/#website"},"primaryImageOfPage":{"@id":"https:\/\/www.visit-ulcinj.com\/blog\/2014\/02\/07\/art-club-boton-librin-harapet-e-ulqinit-te-autorit-ali-llunji\/#primaryimage"},"datePublished":"2014-02-07T07:15:20+00:00","dateModified":"2014-02-07T07:15:20+00:00","author":{"@id":"https:\/\/www.visit-ulcinj.com\/blog\/#\/schema\/person\/dcab619c614d3038751c63bc2aadc06d"},"description":"Shoqata e Artist\u00ebve dhe Intelektual\u00ebve \u201cArt Club\u201d ka botuar k\u00ebto dit\u00eb librin \u201cHarap\u00ebt e Ulqinit\u201d t\u00eb autorit Ali Llunji. Kjo \u00ebsht\u00eb monografia e par\u00eb p\u00ebr","breadcrumb":{"@id":"https:\/\/www.visit-ulcinj.com\/blog\/2014\/02\/07\/art-club-boton-librin-harapet-e-ulqinit-te-autorit-ali-llunji\/#breadcrumb"},"inLanguage":"en-US","potentialAction":[{"@type":"ReadAction","target":["https:\/\/www.visit-ulcinj.com\/blog\/2014\/02\/07\/art-club-boton-librin-harapet-e-ulqinit-te-autorit-ali-llunji\/"]}]},{"@type":"BreadcrumbList","@id":"https:\/\/www.visit-ulcinj.com\/blog\/2014\/02\/07\/art-club-boton-librin-harapet-e-ulqinit-te-autorit-ali-llunji\/#breadcrumb","itemListElement":[{"@type":"ListItem","position":1,"name":"\u201cArt Club\u201d boton librin \u201cHarap\u00ebt e Ulqinit\u201d t\u00eb autorit Ali Llunji"}]},{"@type":"Person","@id":"https:\/\/www.visit-ulcinj.com\/blog\/#\/schema\/person\/dcab619c614d3038751c63bc2aadc06d","name":"ulqini","sameAs":["http:\/\/www.visit-ulcinj.com"],"url":"https:\/\/www.visit-ulcinj.com\/blog\/author\/admin\/"}]}},"jetpack_featured_media_url":"","jetpack_sharing_enabled":true,"jetpack_shortlink":"https:\/\/wp.me\/pe6lTn-kEe","_links":{"self":[{"href":"https:\/\/www.visit-ulcinj.com\/blog\/wp-json\/wp\/v2\/posts\/79374"}],"collection":[{"href":"https:\/\/www.visit-ulcinj.com\/blog\/wp-json\/wp\/v2\/posts"}],"about":[{"href":"https:\/\/www.visit-ulcinj.com\/blog\/wp-json\/wp\/v2\/types\/post"}],"author":[{"embeddable":true,"href":"https:\/\/www.visit-ulcinj.com\/blog\/wp-json\/wp\/v2\/users\/1"}],"replies":[{"embeddable":true,"href":"https:\/\/www.visit-ulcinj.com\/blog\/wp-json\/wp\/v2\/comments?post=79374"}],"version-history":[{"count":1,"href":"https:\/\/www.visit-ulcinj.com\/blog\/wp-json\/wp\/v2\/posts\/79374\/revisions"}],"predecessor-version":[{"id":79376,"href":"https:\/\/www.visit-ulcinj.com\/blog\/wp-json\/wp\/v2\/posts\/79374\/revisions\/79376"}],"wp:attachment":[{"href":"https:\/\/www.visit-ulcinj.com\/blog\/wp-json\/wp\/v2\/media?parent=79374"}],"wp:term":[{"taxonomy":"category","embeddable":true,"href":"https:\/\/www.visit-ulcinj.com\/blog\/wp-json\/wp\/v2\/categories?post=79374"},{"taxonomy":"post_tag","embeddable":true,"href":"https:\/\/www.visit-ulcinj.com\/blog\/wp-json\/wp\/v2\/tags?post=79374"}],"curies":[{"name":"wp","href":"https:\/\/api.w.org\/{rel}","templated":true}]}}