{"id":79377,"date":"2014-02-07T08:28:54","date_gmt":"2014-02-07T07:28:54","guid":{"rendered":"http:\/\/www.visit-ulcinj.com\/blog\/?p=79377"},"modified":"2014-02-07T08:28:54","modified_gmt":"2014-02-07T07:28:54","slug":"ko-ce-formirati-vlast-u-ulcinj","status":"publish","type":"post","link":"https:\/\/www.visit-ulcinj.com\/blog\/2014\/02\/07\/ko-ce-formirati-vlast-u-ulcinj\/","title":{"rendered":"Ko \u0107e formirati vlast u Ulcinj"},"content":{"rendered":"<p><strong><a href=\"http:\/\/www.visit-ulcinj.com\/blog\/wp-content\/uploads\/2014\/01\/Cungu-Gjeka-Zenka.jpg\"><img loading=\"lazy\" class=\"alignleft  wp-image-78981\" alt=\"Cungu-Gjeka-Zenka\" src=\"http:\/\/www.visit-ulcinj.com\/blog\/wp-content\/uploads\/2014\/01\/Cungu-Gjeka-Zenka.jpg\" width=\"508\" height=\"360\" \/><\/a>Jo\u0161 se ne zna ko \u0107e formirati vlast u Ulcinju: Cungu zakazao tre\u0107u rundu za nedjelju<\/strong><\/p>\n<div>\n<p><strong>ULCINJ \u2013 Pregovori albanskih nacionalnih partija o formiranju vlastu u Ulcinju se nastavljaju u nedjelju, rekao je Pobjedi Mehmet Zenka, \u010delnik DUA.<\/strong><\/p>\n<p>Lideri Force, Koalicije \u201eZajedno za budu\u0107nost Ulcinja\u201c i Demokratske unije Albanaca sastali su se ponovo sino\u0107 kako bi nastavili razgovore zapo\u010dete u utorak ve\u010de.<\/p>\n<p>Na sastanku kojem su prisustvovali Nazif Cungu, Mehmet Zenka i Fatmir \u0110eka se razgovaralo o mogu\u0107nosti da ove partije formiraju vlasti, ali niko od njih nije htio da iznosi detalje razgovora medijima.<\/p>\n<p>Na izborima odr\u017eanim u Ulcinju 26. januara, Forca je osvojila osam mandata, Koalicija sedam, a DUA tri. Za formiranje vlasti u ulcinjskom parlamentu koji ima 33 odbornika potrebno je 17 mandata.<\/p>\n<p>DPS koji je osvojio devet mandata, zapo\u010deo je pregovore u ponedjeljak kada\u00a0 su obavljeni razgovori sa Forcom, DUA, SDP-om i Koalicijom \u201eZajedno za budu\u0107nost Ulcinja\u201c. Drugi krug razgovora DPS-a sa potencijalnim koalicionim partnerima \u0107e se obaviti do kraja nedjelje.<\/p>\n<p><em><strong>A. \u017divanovi\u0107<\/strong><\/em><\/p>\n<p><strong>Izvor: POBJEDA<\/strong><\/p>\n<\/div>\n","protected":false},"excerpt":{"rendered":"<p>Jo\u0161 se ne zna ko \u0107e formirati vlast u Ulcinju: Cungu zakazao tre\u0107u rundu za nedjelju ULCINJ \u2013 Pregovori albanskih nacionalnih partija o formiranju vlastu u Ulcinju se nastavljaju u nedjelju, rekao je Pobjedi Mehmet Zenka, \u010delnik DUA. Lideri Force, Koalicije \u201eZajedno za budu\u0107nost Ulcinja\u201c i Demokratske unije Albanaca sastali su se ponovo sino\u0107 kako [&hellip;]<\/p>\n","protected":false},"author":1,"featured_media":0,"comment_status":"closed","ping_status":"closed","sticky":false,"template":"","format":"standard","meta":{"spay_email":"","jetpack_publicize_message":"","jetpack_is_tweetstorm":false,"jetpack_publicize_feature_enabled":true},"categories":[8337],"tags":[],"jetpack_publicize_connections":[],"yoast_head":"<!-- This site is optimized with the Yoast SEO plugin v19.1 - https:\/\/yoast.com\/wordpress\/plugins\/seo\/ -->\n<title>Ko \u0107e formirati vlast u Ulcinj - Lajme nga Ulqini<\/title>\n<meta name=\"description\" content=\"Jo\u0161 se ne zna ko \u0107e formirati vlast u Ulcinju: Cungu zakazao tre\u0107u rundu za nedjelju ULCINJ \u2013 Pregovori albanskih nacionalnih partija o formiranju vlastu\" \/>\n<meta name=\"robots\" content=\"index, follow, max-snippet:-1, max-image-preview:large, max-video-preview:-1\" \/>\n<link rel=\"canonical\" href=\"https:\/\/www.visit-ulcinj.com\/blog\/2014\/02\/07\/ko-ce-formirati-vlast-u-ulcinj\/\" \/>\n<meta property=\"og:locale\" content=\"en_US\" \/>\n<meta property=\"og:type\" content=\"article\" \/>\n<meta property=\"og:title\" content=\"Ko \u0107e formirati vlast u Ulcinj - Lajme nga Ulqini\" \/>\n<meta property=\"og:description\" content=\"Jo\u0161 se ne zna ko \u0107e formirati vlast u Ulcinju: Cungu zakazao tre\u0107u rundu za nedjelju ULCINJ \u2013 Pregovori albanskih nacionalnih partija o formiranju vlastu\" \/>\n<meta property=\"og:url\" content=\"https:\/\/www.visit-ulcinj.com\/blog\/2014\/02\/07\/ko-ce-formirati-vlast-u-ulcinj\/\" \/>\n<meta property=\"og:site_name\" content=\"Lajme nga Ulqini\" \/>\n<meta property=\"article:published_time\" content=\"2014-02-07T07:28:54+00:00\" \/>\n<meta property=\"og:image\" content=\"http:\/\/www.visit-ulcinj.com\/blog\/wp-content\/uploads\/2014\/01\/Cungu-Gjeka-Zenka.jpg\" \/>\n<meta name=\"twitter:label1\" content=\"Written by\" \/>\n\t<meta name=\"twitter:data1\" content=\"ulqini\" \/>\n\t<meta name=\"twitter:label2\" content=\"Est. reading time\" \/>\n\t<meta name=\"twitter:data2\" content=\"1 minute\" \/>\n<script type=\"application\/ld+json\" class=\"yoast-schema-graph\">{\"@context\":\"https:\/\/schema.org\",\"@graph\":[{\"@type\":\"WebSite\",\"@id\":\"https:\/\/www.visit-ulcinj.com\/blog\/#website\",\"url\":\"https:\/\/www.visit-ulcinj.com\/blog\/\",\"name\":\"Lajme nga Ulqini\",\"description\":\"Lajme,Vijesti,Ulqini,Ulqin,Crna Gora,Mali i Zi\",\"potentialAction\":[{\"@type\":\"SearchAction\",\"target\":{\"@type\":\"EntryPoint\",\"urlTemplate\":\"https:\/\/www.visit-ulcinj.com\/blog\/?s={search_term_string}\"},\"query-input\":\"required name=search_term_string\"}],\"inLanguage\":\"en-US\"},{\"@type\":\"ImageObject\",\"inLanguage\":\"en-US\",\"@id\":\"https:\/\/www.visit-ulcinj.com\/blog\/2014\/02\/07\/ko-ce-formirati-vlast-u-ulcinj\/#primaryimage\",\"url\":\"https:\/\/www.visit-ulcinj.com\/blog\/wp-content\/uploads\/2014\/01\/Cungu-Gjeka-Zenka.jpg\",\"contentUrl\":\"https:\/\/www.visit-ulcinj.com\/blog\/wp-content\/uploads\/2014\/01\/Cungu-Gjeka-Zenka.jpg\",\"width\":573,\"height\":430},{\"@type\":\"WebPage\",\"@id\":\"https:\/\/www.visit-ulcinj.com\/blog\/2014\/02\/07\/ko-ce-formirati-vlast-u-ulcinj\/#webpage\",\"url\":\"https:\/\/www.visit-ulcinj.com\/blog\/2014\/02\/07\/ko-ce-formirati-vlast-u-ulcinj\/\",\"name\":\"Ko \u0107e formirati vlast u Ulcinj - Lajme nga Ulqini\",\"isPartOf\":{\"@id\":\"https:\/\/www.visit-ulcinj.com\/blog\/#website\"},\"primaryImageOfPage\":{\"@id\":\"https:\/\/www.visit-ulcinj.com\/blog\/2014\/02\/07\/ko-ce-formirati-vlast-u-ulcinj\/#primaryimage\"},\"datePublished\":\"2014-02-07T07:28:54+00:00\",\"dateModified\":\"2014-02-07T07:28:54+00:00\",\"author\":{\"@id\":\"https:\/\/www.visit-ulcinj.com\/blog\/#\/schema\/person\/dcab619c614d3038751c63bc2aadc06d\"},\"description\":\"Jo\u0161 se ne zna ko \u0107e formirati vlast u Ulcinju: Cungu zakazao tre\u0107u rundu za nedjelju ULCINJ \u2013 Pregovori albanskih nacionalnih partija o formiranju vlastu\",\"breadcrumb\":{\"@id\":\"https:\/\/www.visit-ulcinj.com\/blog\/2014\/02\/07\/ko-ce-formirati-vlast-u-ulcinj\/#breadcrumb\"},\"inLanguage\":\"en-US\",\"potentialAction\":[{\"@type\":\"ReadAction\",\"target\":[\"https:\/\/www.visit-ulcinj.com\/blog\/2014\/02\/07\/ko-ce-formirati-vlast-u-ulcinj\/\"]}]},{\"@type\":\"BreadcrumbList\",\"@id\":\"https:\/\/www.visit-ulcinj.com\/blog\/2014\/02\/07\/ko-ce-formirati-vlast-u-ulcinj\/#breadcrumb\",\"itemListElement\":[{\"@type\":\"ListItem\",\"position\":1,\"name\":\"Ko \u0107e formirati vlast u Ulcinj\"}]},{\"@type\":\"Person\",\"@id\":\"https:\/\/www.visit-ulcinj.com\/blog\/#\/schema\/person\/dcab619c614d3038751c63bc2aadc06d\",\"name\":\"ulqini\",\"sameAs\":[\"http:\/\/www.visit-ulcinj.com\"],\"url\":\"https:\/\/www.visit-ulcinj.com\/blog\/author\/admin\/\"}]}<\/script>\n<!-- \/ Yoast SEO plugin. -->","yoast_head_json":{"title":"Ko \u0107e formirati vlast u Ulcinj - Lajme nga Ulqini","description":"Jo\u0161 se ne zna ko \u0107e formirati vlast u Ulcinju: Cungu zakazao tre\u0107u rundu za nedjelju ULCINJ \u2013 Pregovori albanskih nacionalnih partija o formiranju vlastu","robots":{"index":"index","follow":"follow","max-snippet":"max-snippet:-1","max-image-preview":"max-image-preview:large","max-video-preview":"max-video-preview:-1"},"canonical":"https:\/\/www.visit-ulcinj.com\/blog\/2014\/02\/07\/ko-ce-formirati-vlast-u-ulcinj\/","og_locale":"en_US","og_type":"article","og_title":"Ko \u0107e formirati vlast u Ulcinj - Lajme nga Ulqini","og_description":"Jo\u0161 se ne zna ko \u0107e formirati vlast u Ulcinju: Cungu zakazao tre\u0107u rundu za nedjelju ULCINJ \u2013 Pregovori albanskih nacionalnih partija o formiranju vlastu","og_url":"https:\/\/www.visit-ulcinj.com\/blog\/2014\/02\/07\/ko-ce-formirati-vlast-u-ulcinj\/","og_site_name":"Lajme nga Ulqini","article_published_time":"2014-02-07T07:28:54+00:00","og_image":[{"url":"http:\/\/www.visit-ulcinj.com\/blog\/wp-content\/uploads\/2014\/01\/Cungu-Gjeka-Zenka.jpg"}],"twitter_misc":{"Written by":"ulqini","Est. reading time":"1 minute"},"schema":{"@context":"https:\/\/schema.org","@graph":[{"@type":"WebSite","@id":"https:\/\/www.visit-ulcinj.com\/blog\/#website","url":"https:\/\/www.visit-ulcinj.com\/blog\/","name":"Lajme nga Ulqini","description":"Lajme,Vijesti,Ulqini,Ulqin,Crna Gora,Mali i Zi","potentialAction":[{"@type":"SearchAction","target":{"@type":"EntryPoint","urlTemplate":"https:\/\/www.visit-ulcinj.com\/blog\/?s={search_term_string}"},"query-input":"required name=search_term_string"}],"inLanguage":"en-US"},{"@type":"ImageObject","inLanguage":"en-US","@id":"https:\/\/www.visit-ulcinj.com\/blog\/2014\/02\/07\/ko-ce-formirati-vlast-u-ulcinj\/#primaryimage","url":"https:\/\/www.visit-ulcinj.com\/blog\/wp-content\/uploads\/2014\/01\/Cungu-Gjeka-Zenka.jpg","contentUrl":"https:\/\/www.visit-ulcinj.com\/blog\/wp-content\/uploads\/2014\/01\/Cungu-Gjeka-Zenka.jpg","width":573,"height":430},{"@type":"WebPage","@id":"https:\/\/www.visit-ulcinj.com\/blog\/2014\/02\/07\/ko-ce-formirati-vlast-u-ulcinj\/#webpage","url":"https:\/\/www.visit-ulcinj.com\/blog\/2014\/02\/07\/ko-ce-formirati-vlast-u-ulcinj\/","name":"Ko \u0107e formirati vlast u Ulcinj - Lajme nga Ulqini","isPartOf":{"@id":"https:\/\/www.visit-ulcinj.com\/blog\/#website"},"primaryImageOfPage":{"@id":"https:\/\/www.visit-ulcinj.com\/blog\/2014\/02\/07\/ko-ce-formirati-vlast-u-ulcinj\/#primaryimage"},"datePublished":"2014-02-07T07:28:54+00:00","dateModified":"2014-02-07T07:28:54+00:00","author":{"@id":"https:\/\/www.visit-ulcinj.com\/blog\/#\/schema\/person\/dcab619c614d3038751c63bc2aadc06d"},"description":"Jo\u0161 se ne zna ko \u0107e formirati vlast u Ulcinju: Cungu zakazao tre\u0107u rundu za nedjelju ULCINJ \u2013 Pregovori albanskih nacionalnih partija o formiranju vlastu","breadcrumb":{"@id":"https:\/\/www.visit-ulcinj.com\/blog\/2014\/02\/07\/ko-ce-formirati-vlast-u-ulcinj\/#breadcrumb"},"inLanguage":"en-US","potentialAction":[{"@type":"ReadAction","target":["https:\/\/www.visit-ulcinj.com\/blog\/2014\/02\/07\/ko-ce-formirati-vlast-u-ulcinj\/"]}]},{"@type":"BreadcrumbList","@id":"https:\/\/www.visit-ulcinj.com\/blog\/2014\/02\/07\/ko-ce-formirati-vlast-u-ulcinj\/#breadcrumb","itemListElement":[{"@type":"ListItem","position":1,"name":"Ko \u0107e formirati vlast u Ulcinj"}]},{"@type":"Person","@id":"https:\/\/www.visit-ulcinj.com\/blog\/#\/schema\/person\/dcab619c614d3038751c63bc2aadc06d","name":"ulqini","sameAs":["http:\/\/www.visit-ulcinj.com"],"url":"https:\/\/www.visit-ulcinj.com\/blog\/author\/admin\/"}]}},"jetpack_featured_media_url":"","jetpack_sharing_enabled":true,"jetpack_shortlink":"https:\/\/wp.me\/pe6lTn-kEh","_links":{"self":[{"href":"https:\/\/www.visit-ulcinj.com\/blog\/wp-json\/wp\/v2\/posts\/79377"}],"collection":[{"href":"https:\/\/www.visit-ulcinj.com\/blog\/wp-json\/wp\/v2\/posts"}],"about":[{"href":"https:\/\/www.visit-ulcinj.com\/blog\/wp-json\/wp\/v2\/types\/post"}],"author":[{"embeddable":true,"href":"https:\/\/www.visit-ulcinj.com\/blog\/wp-json\/wp\/v2\/users\/1"}],"replies":[{"embeddable":true,"href":"https:\/\/www.visit-ulcinj.com\/blog\/wp-json\/wp\/v2\/comments?post=79377"}],"version-history":[{"count":1,"href":"https:\/\/www.visit-ulcinj.com\/blog\/wp-json\/wp\/v2\/posts\/79377\/revisions"}],"predecessor-version":[{"id":79378,"href":"https:\/\/www.visit-ulcinj.com\/blog\/wp-json\/wp\/v2\/posts\/79377\/revisions\/79378"}],"wp:attachment":[{"href":"https:\/\/www.visit-ulcinj.com\/blog\/wp-json\/wp\/v2\/media?parent=79377"}],"wp:term":[{"taxonomy":"category","embeddable":true,"href":"https:\/\/www.visit-ulcinj.com\/blog\/wp-json\/wp\/v2\/categories?post=79377"},{"taxonomy":"post_tag","embeddable":true,"href":"https:\/\/www.visit-ulcinj.com\/blog\/wp-json\/wp\/v2\/tags?post=79377"}],"curies":[{"name":"wp","href":"https:\/\/api.w.org\/{rel}","templated":true}]}}