{"id":79381,"date":"2014-02-07T15:14:51","date_gmt":"2014-02-07T14:14:51","guid":{"rendered":"http:\/\/www.visit-ulcinj.com\/blog\/?p=79381"},"modified":"2014-02-07T15:14:51","modified_gmt":"2014-02-07T14:14:51","slug":"nika-kur-diskutimi-e-con-ujin-ku-s-duhet","status":"publish","type":"post","link":"https:\/\/www.visit-ulcinj.com\/blog\/2014\/02\/07\/nika-kur-diskutimi-e-con-ujin-ku-s-duhet\/","title":{"rendered":"Nika: Kur diskutimi  e \u00e7on ujin ku (s) duhet&#8230;?!!!"},"content":{"rendered":"<p><b><a href=\"http:\/\/www.visit-ulcinj.com\/blog\/wp-content\/uploads\/2009\/03\/muhamet-nika_ulcinj.jpg\"><img loading=\"lazy\" class=\"alignleft size-full wp-image-16232\" alt=\"muhamet-nika_ulcinj\" src=\"http:\/\/www.visit-ulcinj.com\/blog\/wp-content\/uploads\/2009\/03\/muhamet-nika_ulcinj.jpg\" width=\"290\" height=\"218\" \/><\/a>Shkruan Muhamet Nika:<\/b><\/p>\n<p><b><i>KUR DISKUTIMI\u00a0 E \u00c7ON UJIN KU (S) DUHET&#8230;?!!!<\/i><\/b><\/p>\n<p>Thuhet se\u00a0 sjelljet, e nj\u00eb personi apo t\u00eb shoq\u00ebris\u00eb, n\u00eb nj\u00eb moment t\u00eb caktuar, duhet t\u2019i\u00a0 kuptojm\u00eb dhe gjykojm\u00eb , rr\u00ebnj\u00ebsisht, mbi baz\u00ebn e rrethanave q\u00eb krijuan motivimin e sjelljes s\u00eb k\u00eb till\u00eb, qoft\u00eb t\u00eb individit , qoft\u00eb t\u00eb shoq\u00ebris\u00eb&#8230;Mbi k\u00ebt\u00eb,\u00a0 linj\u00eb, duhet shikuar edhe\u00a0 kur , nj\u00eb element i njohur si i djath\u00eb, brenda nat\u00ebs, ta z\u00ebm\u00eb ,\u00a0 vendos t\u00eb\u00a0 konvertohet \u00a0n\u00eb t\u00eb majt\u00eb \u2013 gjat\u00eb fushat\u00ebs zgjedhore q\u00eb ndodhi n\u00eb Ulqin. Nj\u00eb urti thot\u00eb, kur akuzon dik\u00eb(pra edhe popullin), duke b\u00ebr\u00eb me gisht,nga ai,\u00a0 kuptohet se kat\u00ebr , nga gishtat , i kemi\u00a0 t\u00eb kthyer nga\u00a0 vetja&#8230;?!!! Prandaj vend p\u00ebr kritik\u00eb dhe autokritik\u00eb, doemos q\u00eb duhet t\u00eb ket\u00eb&#8230;?!!! M\u00eb ka p\u00eblqyer, mendimi , i Gjek\u00ebs, pas nj\u00eb kontakti,\u00a0 i cili e pranoi, si l\u00ebshim p\u00ebrse nuk ishte ulur p\u00ebr t\u00eb biseduar me disa persona \u201c q\u00eb prish\u00ebn \u201c pun\u00eb gjat\u00eb zgjedhjeve t\u00eb kaluara, duke e l\u00ebn\u00eb der\u00ebn e hapur, me ta,\u00a0 p\u00ebr konsultime dhe marr\u00ebveshje&#8230;?!<\/p>\n<p><b><i>\u00a0A\u00a0 duhet t\u00eb b\u00ebhen diskutimet e nj\u00eb fushate brenda nj\u00eb standardi&#8230;?!!!<\/i><\/b><b><i><\/i><\/b><\/p>\n<p>Kuptohet, se \u00ebsht\u00eb e drejt\u00eb e \u00e7\u2019 do kuaj, t\u00eb p\u00ebrsh\u00ebndes\u00eb dhe t\u00eb zgjedh\u00eb m\u00ebnyr\u00ebn , m\u00eb t\u00eb mir\u00eb , q\u00eb ai\u00a0 mendon\u00a0 , \u00a0p\u00ebr ta rritur para popullit, dik\u00eb , q\u00eb ai mendon se duhet rritur,\u00a0 n\u00eb nj\u00eb konvent\u00eb zgjedhore, mir\u00ebpo ajo q\u00eb p\u00ebrzgjodhi, p\u00ebr \u00a0t\u2019iu drejtuar turm\u00ebs, q\u00eb b\u00ebri Nikoll\u00eb Shabani, n\u00eb Ulqin, sipas nesh, nuk ishte fare e q\u00eblluar &#8230;,duke njohur mir\u00eb ,mentalitetin dhe praktikat tona rreth k\u00ebtyre rasteve<b><i>&#8230;.<\/i><\/b>Nuk dua, t\u00eb them k\u00ebtu, q\u00eb ai , m\u00eb duket, \u00a0pa takt, d\u00ebshiroi, t\u00eb p\u00ebrvet\u00ebsoj\u00eb , pun\u00ebn e \u00e7do nj\u00ebrit, n\u00eb koh\u00eb , nga kjo parti, q\u00eb u b\u00eb, p\u00ebr mbar\u00ebvajtje t\u00eb rrjedhave demokratike- sidomos gjat\u00eb referendumit, \u00a0p\u00ebr pavar\u00ebsi, sepse t\u00eb gjith\u00eb subjektet e k\u00ebtij opcioni , brenda kufijve programor\u00eb, dihet se \u00a0kan\u00eb \u00a0dh\u00ebn\u00eb\u00a0 \u00a0angazhimin e vet, ndoshta, n\u00eb situata edhe m\u00eb konfliktuoze..?! E as q\u00eb dua t\u00eb\u00a0 them , se \u00a0nuk \u00ebsht\u00eb mir\u00eb q\u00eb u p\u00ebrgjith\u00ebsua, e u subjektivizua vullneti i diaspores.. ., kurse, p\u00ebrse u b\u00eb,nuk \u00ebsht\u00eb v\u00ebshtir\u00eb t\u00eb thuhet&#8230;.., mir\u00ebpo gjithnj\u00eb , sipas nesh, n\u00eb k\u00ebt\u00eb rast u tejkalua&#8230;.?!<\/p>\n<p>Urtia, thuhet\u00a0 q\u00eb\u00a0 rri, n\u00eb at\u00eb, e cila , thuhet se \u00ebsht\u00eb: \u00a0kur, n\u00eb vendin e duhur , dhe n\u00eb koh\u00ebn e duhur, e n\u00eb shoq\u00ebrin\u00eb e duhur, shprehim shqet\u00ebsimin, \u00a0n\u00eb mas\u00ebn se duhur. Prap\u00eb , sipas neve , kjo gj\u00eb, n\u00eb diskutim , mungoi, kur, p\u00ebrve\u00e7 tjerash , fillim e mbarim u tha, si m\u00eb posht\u00eb:<\/p>\n<p><b><i>Loro, k\u00ebto zgjedhje jan\u00eb vet\u00ebm p\u00ebr ty\/Loro, gjithmon\u00eb ke qen\u00eb n\u00eb krahun e popullit , partis\u00eb dhe\u00a0 gjithmon\u00eb je gjet n\u00eb an\u00ebn e shtetit t\u00eb Malit t\u00eb Zi&#8230;\/ Loro, ashtu si ke fituar, p\u00ebr t\u00eb dh\u00ebn\u00eb p\u00ebrkrahjen n\u00eb vitin 2006, ashtu do t\u00eb fitosh edhe k\u00ebto zgjedhje&#8230;<\/i><\/b>me sa dim\u00eb ne , at\u00ebher\u00eb- gjat\u00eb referendumit, nuk ka pas t\u00eb madh, sepse u \u00e7ua, n\u00eb k\u00ebmb\u00eb i madh e i vog\u00ebl n\u00eb Ulqin- kurse kryetar i DPS-s\u00eb, \u00a0ishte Luigj Shkreli, i cili, mbase , duhet t\u00eb ket\u00eb pasur nj\u00eb \u00e7ik\u00eb m\u00eb tep\u00ebr p\u00ebrgjegj\u00ebsi nga t\u00eb tjer\u00ebt , para shok\u00ebve t\u00eb vet&#8230;..?!!! Pastaj &#8230;.<b><i>\/Loro, m\u00eb vjen mir\u00eb q\u00eb je kryesues i \u00a0list\u00ebs n\u00eb qytetin ton\u00eb&#8230;..\/ Loro, k\u00ebto vota , pa hamendje\u00a0\u00a0 , jan\u00eb tuajat\/.<\/i><\/b>Dhe n\u00eb fund, \u00a0p\u00ebrs\u00ebri u tha<b><i> &#8230;Loro, juve ju do \u00a0diaspora, dhe p\u00ebrs\u00ebri ceku , q\u00eb k\u00ebto zgjedhje, jan\u00eb p\u00ebr ty dhe p\u00ebr Ulqinin&#8230;?!!!<\/i><\/b>&#8230;.Nga diskutimi, nuk \u00ebsht\u00eb v\u00ebshtir\u00eb, t\u00eb shihej se ku shkonte\u00a0 dh\u00ebmbi n\u00eb k\u00ebt\u00eb situat\u00eb, me gjith\u00eb at\u00eb, sipas nesh- \u00a0DPS- dihet se \u00ebsht\u00eb , parti serioze- ose, t\u00eb pakt\u00ebn, duhet t\u00eb jet\u00eb, \u00a0serioze&#8230; Nga ajo q\u00eb dijm\u00eb, deri m\u00eb sot, kur ka fituar, kandidatin e vet n\u00eb zgjedhje, kemi par\u00eb se e zgjedh , pasi e peshon mir\u00eb at\u00eb , n\u00eb,organet e partis\u00eb e jo para turme- me populiz\u00ebm&#8230;, si\u00e7 b\u00ebhej dikur, ose dikush mendon se mund ta zgjedh sot&#8230;.?!!! Kujtoj k\u00ebtu , se kjo form\u00eb e mistifikimit t\u00eb politik\u00ebs , dhe personit, duhet t\u00eb mos i ket\u00eb p\u00eblqyer edhe vet\u00eb Millo Gjukanoviqit, p\u00ebr t\u00eb cilin mbaj mend, q\u00eb para disa viteve, kur UDSH lidhi koalicion parazgjedhor\u00a0 me DPS,\u00a0 mu n\u00eb sht\u00ebpi n\u00eb e\u00a0 kultur\u00ebs,\u00a0 n\u00eb Ulqin, tha q\u00eb politika nuk b\u00ebn\u00eb t\u00eb mistifikohet , si mendojn\u00eb apo b\u00ebjn\u00eb disa. Ajo\u00a0 duhet t\u00eb jet\u00eb m\u00eb praktike ,duke aluduar n\u00eb tonet e diskutimeve t\u00eb partive nacionale, q\u00eb akuzonin UDSH-n\u00eb p\u00ebr tradhti&#8230;?!!!<\/p>\n<p>Viza-vi k\u00ebsaj, dua t\u00eb cek\u00eb, se kam pasur, rastin,\u00a0 t\u00eb prezantoj, n\u00eb nj\u00eb manifestim fetar, kur \u00a0nj\u00ebri , nga hoxh\u00ebt, pasi \u00a0u ngjit n\u00eb tribun\u00eb, fillimisht, e nisi, p\u00ebrsh\u00ebndetjen &#8211;\u00a0 pa bismilah(n\u00eb em\u00ebr\u00a0 t\u00eb allahut)&#8230;, fal\u00ebnderoj, s\u00eb pari, kryetarin e komun\u00ebs, politikan\u00ebt tjer\u00eb dhe gjith\u00eb mysafir\u00ebt e ftuar, duke e p\u00ebrmbyllur me fjal\u00ebt,\u00a0 n\u00eb fund p\u00ebrsh\u00ebndes edhe t\u00eb plotfuqishmin , m\u00ebshiruesin , m\u00ebshir\u00ebb\u00ebr\u00ebsin etj&#8230;?! Vet\u00eb vetiut, n\u00ebnkuptohej , se paraqitja e tij, nuk ishte, n\u00eb rregull, sepse, aj , sipas kanonit fetar, bised\u00ebn, duhej ta niste me falenderimet e Allahut, Xh. H.<\/p>\n<p>Nuk kam pasur rastin, t\u00eb jem n\u00eb\u00a0 konvent\u00eb , por nga materiali i videos , i shp\u00ebrndar\u00eb, n\u00eb faqet e\u00a0 internetit, diskutimi i Nikoll\u00ebs, p\u00ebr nga natyra, ia kaloi edhe hoxh\u00ebs, n\u00ebse hoxha, zotin, u kujtua ta p\u00ebrsh\u00ebndes\u00eb n\u00eb fund, ky fillim e mbarim p\u00ebrsh\u00ebndeti Loron , duke e harruar fare Millon \u00a0me shok\u00eb q\u00eb ishin prezent n\u00eb sall\u00eb&#8230;Nuk e thon\u00eb kot , t\u00eb vjetrit, q\u00eb n\u00eb \u00e7do gj\u00eb t\u00eb keqe, ka di\u00e7ka t\u00eb mir\u00eb dhe , e kund\u00ebrta, n\u00eb \u00e7do gj\u00eb t\u00eb mir\u00eb ka di\u00e7ka t\u00eb keqe. N\u00eb qoft\u00eb se, p\u00ebr\u00a0 x &#8211; arsye , partit\u00eb shqiptare, sot me 2014, arrijn\u00eb t\u00eb krijojn\u00eb koalicion gjith\u00eb shqiptar\u00eb dhe nuk p\u00ebrfundojn\u00eb n\u00eb hurdh\u00ebn &#8230;, ku m\u00eb gjuajt\u00ebn, mua, \u00a0para\u00a0 disa viteve,kur, sipas tyre\u201dtradhtova&#8230;\u201d, at\u00ebher\u00eb, nj\u00eb merit\u00eb , p\u00ebr k\u00ebt\u00eb, e ka , kuptohet, edhe Nikoll\u00eb Shabani, me diskutimin e vet, kuptohet nga k\u00ebndi tjet\u00ebr&#8230;?!!Mendojm\u00eb \u00a0n\u00eb konvent\u00ebn zgjedhore\u00a0 \u201cP\u00ebrpara , t\u00eb fitoj\u00eb Ulqini\u201d, \u00a0me \u00e7\u2019rast, ai,\u00a0 mbajti, nj\u00eb diskutim i cili fund\u00a0 e krye nuk i shkonte, dhe nuk i shkon p\u00ebr shtat situat\u00ebs, e kurrr\u00eb se si jo, kandidatit p\u00ebr kryetar t\u00eb komun\u00ebs nga radh\u00ebt e Dps-it n\u00eb Ulqin. Diskutimi i tij, i adresuar n\u00eb at\u00eb m\u00ebnyr\u00eb, shihej \u00a0qart\u00eb , q\u00eb ishte nj\u00eb diskutim, shum\u00eb personal, \u00a0i cili , duke irituar, pa dyshim edhe\u201dSuetat\u201d e vet\u00eb\u00a0 pushtetar\u00ebve , m\u00eb t\u00eb lart\u00eb t\u00eb Dps-it, di t\u00eb sh\u00ebnoj\u00eb e dhe fundin politik t\u00eb dikujt&#8230;.?!! Paraqitja, e tij, nuk ishte , fare n\u00eb harmoni , me realitetin e sot\u00ebm kohor\u00eb , por mund t\u00eb ishte, i kuptuesh\u00ebm , p\u00ebr koh\u00ebn\u00a0 q\u00eb per\u00ebndoi \u00a0Enverit, apo t\u00eb Titos&#8230;?!!! Por , edhe at\u00eb her\u00eb, nj\u00eb diskutim i till\u00eb, mund tu adresohej, vet\u00ebm atyre,m\u00eb t\u00eb m\u00ebdhenjve \u00a0e kurr\u00eb se si, rangut m\u00eb t\u00eb ul\u00ebt&#8230;,\u00a0 sidomos, jo\u00a0 n\u00eb prezenc\u00ebn\u201de t\u00eb m\u00ebdhenjve\u201d?!! Sepse, po t\u00eb b\u00ebhej nj\u00eb lavd\u00ebrim , me nj\u00eb\u00a0 mistifikim\u00a0 t\u00eb till\u00eb, si\u00e7 b\u00ebri Nikolla\u00a0 p\u00ebr Loron, at\u00eb her\u00eb , larg qoft\u00eb, jo vet\u00ebm\u00a0 atij q\u00eb u\u201d livdua \u201c(mistifikua, p\u00ebr rezultate t\u00eb partis\u00eb dhe shtetit&#8230;), por edhe lavd\u00ebruesit, do \u00a0t\u2018i fluturonte koka , nga \u201cI madhi fare&#8230;\u201d?!!!Vet\u00ebm le t\u2019i shikojm\u00eb , reaksionet dhe\u00a0 gjestikulacionet e disave, po thuajse me grimasa, q\u00eb kap kamera l\u00eb t\u00eb kuptohet sharrimi\u00a0 nga nj\u00eb diskutim i k\u00ebtill\u00eb. Sikur, kamera , t\u00eb kish fiksuar, kuadrot nga publiku, gj\u00ebrat do ti kishim m\u00eb t\u00eb qarta&#8230;.<\/p>\n<p>Mendoj, q\u00eb ky diskutim odeotik, i\u00a0 Shabanit, te\u201d shok\u00ebt partis\u00eb&#8230;\u201d, p\u00ebrve\u00e7 tjerash, duhet t\u00eb ket\u00eb shlyer \u00e7do ide , q\u00eb kryetar i ardhsh\u00ebm i komun\u00ebs, mund t\u00eb jet\u00eb dikush , tjet\u00ebr, p\u00ebrve\u00e7 Loros&#8230;Mbase , ky diskutim , po thuajse \u201cme ultimatum\u201d, ka p\u00ebrjashtuar mund\u00ebsin\u00eb, q\u00eb \u201carrat\u201d, k\u00ebsaj radhe, t\u2019i haj\u00eb, ndonj\u00eb kandidat\u00a0 tjet\u00ebr i Millos, n\u00eb munges\u00eb t\u00eb nj\u00eb konsenzuesi,\u00a0 p\u00ebr t\u00eb cil\u00ebn pat\u00ebm , fol\u00eb m\u00eb her\u00ebt&#8230;.<\/p>\n<p><b><i>\u00c7far\u00eb i tha Fadil Taipi, nj\u00ebrit nga Ana e Malit , q\u00eb e lavd\u00ebroi shum\u00eb n\u00eb nj\u00eb mbledhje \u00a0partie&#8230;?!<\/i><\/b><\/p>\n<p>Sipas etnopsikologjis\u00eb popullore, thuhet se lavd\u00ebrimi n\u00eb sy, nuk \u00ebsht\u00eb pun\u00eb \u00a0edhe aq e p\u00eblqyer. Bisedohet, se nj\u00eb her\u00eb e nj\u00eb koh\u00eb, Fadil Taipin, si,\u00a0 ish kryetar i Komun\u00ebs s\u00eb Ulqinit, n\u00eb nj\u00eb mbledhje, partie, nj\u00ebri nga\u00a0 Ana e Malit, e lavd\u00ebro, tej mase, duke e \u00e7uar, n\u00eb qiell e \u00a0duke e ve\u00e7uar nga tjer\u00ebt&#8230;?!!!Pas mbledhjes , ai , iu ofrua ngat Fadilit, duke i th\u00ebn\u00eb se kishte vepruar m\u00eb s\u00eb miri, q\u00eb kish ditur&#8230;?! Nd\u00ebrsa Kryetari, duke u shprehur me metafor\u00eb*kuptim t\u00eb bartur t\u00eb fjal\u00ebs, ia \u00a0kish pritur anamalasit: A e ke par\u00eb , ndonj\u00eb her\u00eb at\u00eb\u201d senin\u201d, \u00a0ti, pas site&#8230;Kurse ai , iu , p\u00ebrgjigj , <b><i>jo&#8230;!<\/i><\/b> E at\u00ebher\u00eb , thuhet q\u00eb\u00a0 Fadili,\u00a0 t\u2019i\u00a0 ket\u00eb th\u00ebn\u00eb:\u00a0 E more axh, n\u00eb politik\u00eb , duhet ta shoh\u00ebsh , pas sitet&#8230;, me lavd\u00ebrimin tuaj, ju nuk m\u00eb keni b\u00ebr\u00eb \u00a0hi\u00e7 nder\u00eb&#8230;.?!!!<\/p>\n","protected":false},"excerpt":{"rendered":"<p>Shkruan Muhamet Nika: KUR DISKUTIMI\u00a0 E \u00c7ON UJIN KU (S) DUHET&#8230;?!!! Thuhet se\u00a0 sjelljet, e nj\u00eb personi apo t\u00eb shoq\u00ebris\u00eb, n\u00eb nj\u00eb moment t\u00eb caktuar, duhet t\u2019i\u00a0 kuptojm\u00eb dhe gjykojm\u00eb , rr\u00ebnj\u00ebsisht, mbi baz\u00ebn e rrethanave q\u00eb krijuan motivimin e sjelljes s\u00eb k\u00eb till\u00eb, qoft\u00eb t\u00eb individit , qoft\u00eb t\u00eb shoq\u00ebris\u00eb&#8230;Mbi k\u00ebt\u00eb,\u00a0 linj\u00eb, duhet shikuar [&hellip;]<\/p>\n","protected":false},"author":1,"featured_media":0,"comment_status":"closed","ping_status":"closed","sticky":false,"template":"","format":"standard","meta":{"spay_email":"","jetpack_publicize_message":"","jetpack_is_tweetstorm":false,"jetpack_publicize_feature_enabled":true},"categories":[14249],"tags":[],"jetpack_publicize_connections":[],"yoast_head":"<!-- This site is optimized with the Yoast SEO plugin v19.1 - https:\/\/yoast.com\/wordpress\/plugins\/seo\/ -->\n<title>Nika: Kur diskutimi e \u00e7on ujin ku (s) duhet...?!!! - Lajme nga Ulqini<\/title>\n<meta name=\"description\" content=\"Shkruan Muhamet Nika: KUR DISKUTIMI\u00a0 E \u00c7ON UJIN KU (S) DUHET...?!!! Thuhet se\u00a0 sjelljet, e nj\u00eb personi apo t\u00eb shoq\u00ebris\u00eb, n\u00eb nj\u00eb moment t\u00eb caktuar, duhet\" \/>\n<meta name=\"robots\" content=\"index, follow, max-snippet:-1, max-image-preview:large, max-video-preview:-1\" \/>\n<link rel=\"canonical\" href=\"https:\/\/www.visit-ulcinj.com\/blog\/2014\/02\/07\/nika-kur-diskutimi-e-con-ujin-ku-s-duhet\/\" \/>\n<meta property=\"og:locale\" content=\"en_US\" \/>\n<meta property=\"og:type\" content=\"article\" \/>\n<meta property=\"og:title\" content=\"Nika: Kur diskutimi e \u00e7on ujin ku (s) duhet...?!!! - Lajme nga Ulqini\" \/>\n<meta property=\"og:description\" content=\"Shkruan Muhamet Nika: KUR DISKUTIMI\u00a0 E \u00c7ON UJIN KU (S) DUHET...?!!! Thuhet se\u00a0 sjelljet, e nj\u00eb personi apo t\u00eb shoq\u00ebris\u00eb, n\u00eb nj\u00eb moment t\u00eb caktuar, duhet\" \/>\n<meta property=\"og:url\" content=\"https:\/\/www.visit-ulcinj.com\/blog\/2014\/02\/07\/nika-kur-diskutimi-e-con-ujin-ku-s-duhet\/\" \/>\n<meta property=\"og:site_name\" content=\"Lajme nga Ulqini\" \/>\n<meta property=\"article:published_time\" content=\"2014-02-07T14:14:51+00:00\" \/>\n<meta property=\"og:image\" content=\"http:\/\/www.visit-ulcinj.com\/blog\/wp-content\/uploads\/2009\/03\/muhamet-nika_ulcinj.jpg\" \/>\n<meta name=\"twitter:label1\" content=\"Written by\" \/>\n\t<meta name=\"twitter:data1\" content=\"ulqini\" \/>\n\t<meta name=\"twitter:label2\" content=\"Est. reading time\" \/>\n\t<meta name=\"twitter:data2\" content=\"8 minutes\" \/>\n<script type=\"application\/ld+json\" class=\"yoast-schema-graph\">{\"@context\":\"https:\/\/schema.org\",\"@graph\":[{\"@type\":\"WebSite\",\"@id\":\"https:\/\/www.visit-ulcinj.com\/blog\/#website\",\"url\":\"https:\/\/www.visit-ulcinj.com\/blog\/\",\"name\":\"Lajme nga Ulqini\",\"description\":\"Lajme,Vijesti,Ulqini,Ulqin,Crna Gora,Mali i Zi\",\"potentialAction\":[{\"@type\":\"SearchAction\",\"target\":{\"@type\":\"EntryPoint\",\"urlTemplate\":\"https:\/\/www.visit-ulcinj.com\/blog\/?s={search_term_string}\"},\"query-input\":\"required name=search_term_string\"}],\"inLanguage\":\"en-US\"},{\"@type\":\"ImageObject\",\"inLanguage\":\"en-US\",\"@id\":\"https:\/\/www.visit-ulcinj.com\/blog\/2014\/02\/07\/nika-kur-diskutimi-e-con-ujin-ku-s-duhet\/#primaryimage\",\"url\":\"https:\/\/www.visit-ulcinj.com\/blog\/wp-content\/uploads\/2009\/03\/muhamet-nika_ulcinj.jpg\",\"contentUrl\":\"https:\/\/www.visit-ulcinj.com\/blog\/wp-content\/uploads\/2009\/03\/muhamet-nika_ulcinj.jpg\",\"width\":\"290\",\"height\":\"218\"},{\"@type\":\"WebPage\",\"@id\":\"https:\/\/www.visit-ulcinj.com\/blog\/2014\/02\/07\/nika-kur-diskutimi-e-con-ujin-ku-s-duhet\/#webpage\",\"url\":\"https:\/\/www.visit-ulcinj.com\/blog\/2014\/02\/07\/nika-kur-diskutimi-e-con-ujin-ku-s-duhet\/\",\"name\":\"Nika: Kur diskutimi e \u00e7on ujin ku (s) duhet...?!!! - Lajme nga Ulqini\",\"isPartOf\":{\"@id\":\"https:\/\/www.visit-ulcinj.com\/blog\/#website\"},\"primaryImageOfPage\":{\"@id\":\"https:\/\/www.visit-ulcinj.com\/blog\/2014\/02\/07\/nika-kur-diskutimi-e-con-ujin-ku-s-duhet\/#primaryimage\"},\"datePublished\":\"2014-02-07T14:14:51+00:00\",\"dateModified\":\"2014-02-07T14:14:51+00:00\",\"author\":{\"@id\":\"https:\/\/www.visit-ulcinj.com\/blog\/#\/schema\/person\/dcab619c614d3038751c63bc2aadc06d\"},\"description\":\"Shkruan Muhamet Nika: KUR DISKUTIMI\u00a0 E \u00c7ON UJIN KU (S) DUHET...?!!! Thuhet se\u00a0 sjelljet, e nj\u00eb personi apo t\u00eb shoq\u00ebris\u00eb, n\u00eb nj\u00eb moment t\u00eb caktuar, duhet\",\"breadcrumb\":{\"@id\":\"https:\/\/www.visit-ulcinj.com\/blog\/2014\/02\/07\/nika-kur-diskutimi-e-con-ujin-ku-s-duhet\/#breadcrumb\"},\"inLanguage\":\"en-US\",\"potentialAction\":[{\"@type\":\"ReadAction\",\"target\":[\"https:\/\/www.visit-ulcinj.com\/blog\/2014\/02\/07\/nika-kur-diskutimi-e-con-ujin-ku-s-duhet\/\"]}]},{\"@type\":\"BreadcrumbList\",\"@id\":\"https:\/\/www.visit-ulcinj.com\/blog\/2014\/02\/07\/nika-kur-diskutimi-e-con-ujin-ku-s-duhet\/#breadcrumb\",\"itemListElement\":[{\"@type\":\"ListItem\",\"position\":1,\"name\":\"Nika: Kur diskutimi e \u00e7on ujin ku (s) duhet&#8230;?!!!\"}]},{\"@type\":\"Person\",\"@id\":\"https:\/\/www.visit-ulcinj.com\/blog\/#\/schema\/person\/dcab619c614d3038751c63bc2aadc06d\",\"name\":\"ulqini\",\"sameAs\":[\"http:\/\/www.visit-ulcinj.com\"],\"url\":\"https:\/\/www.visit-ulcinj.com\/blog\/author\/admin\/\"}]}<\/script>\n<!-- \/ Yoast SEO plugin. -->","yoast_head_json":{"title":"Nika: Kur diskutimi e \u00e7on ujin ku (s) duhet...?!!! - Lajme nga Ulqini","description":"Shkruan Muhamet Nika: KUR DISKUTIMI\u00a0 E \u00c7ON UJIN KU (S) DUHET...?!!! Thuhet se\u00a0 sjelljet, e nj\u00eb personi apo t\u00eb shoq\u00ebris\u00eb, n\u00eb nj\u00eb moment t\u00eb caktuar, duhet","robots":{"index":"index","follow":"follow","max-snippet":"max-snippet:-1","max-image-preview":"max-image-preview:large","max-video-preview":"max-video-preview:-1"},"canonical":"https:\/\/www.visit-ulcinj.com\/blog\/2014\/02\/07\/nika-kur-diskutimi-e-con-ujin-ku-s-duhet\/","og_locale":"en_US","og_type":"article","og_title":"Nika: Kur diskutimi e \u00e7on ujin ku (s) duhet...?!!! - Lajme nga Ulqini","og_description":"Shkruan Muhamet Nika: KUR DISKUTIMI\u00a0 E \u00c7ON UJIN KU (S) DUHET...?!!! Thuhet se\u00a0 sjelljet, e nj\u00eb personi apo t\u00eb shoq\u00ebris\u00eb, n\u00eb nj\u00eb moment t\u00eb caktuar, duhet","og_url":"https:\/\/www.visit-ulcinj.com\/blog\/2014\/02\/07\/nika-kur-diskutimi-e-con-ujin-ku-s-duhet\/","og_site_name":"Lajme nga Ulqini","article_published_time":"2014-02-07T14:14:51+00:00","og_image":[{"url":"http:\/\/www.visit-ulcinj.com\/blog\/wp-content\/uploads\/2009\/03\/muhamet-nika_ulcinj.jpg"}],"twitter_misc":{"Written by":"ulqini","Est. reading time":"8 minutes"},"schema":{"@context":"https:\/\/schema.org","@graph":[{"@type":"WebSite","@id":"https:\/\/www.visit-ulcinj.com\/blog\/#website","url":"https:\/\/www.visit-ulcinj.com\/blog\/","name":"Lajme nga Ulqini","description":"Lajme,Vijesti,Ulqini,Ulqin,Crna Gora,Mali i Zi","potentialAction":[{"@type":"SearchAction","target":{"@type":"EntryPoint","urlTemplate":"https:\/\/www.visit-ulcinj.com\/blog\/?s={search_term_string}"},"query-input":"required name=search_term_string"}],"inLanguage":"en-US"},{"@type":"ImageObject","inLanguage":"en-US","@id":"https:\/\/www.visit-ulcinj.com\/blog\/2014\/02\/07\/nika-kur-diskutimi-e-con-ujin-ku-s-duhet\/#primaryimage","url":"https:\/\/www.visit-ulcinj.com\/blog\/wp-content\/uploads\/2009\/03\/muhamet-nika_ulcinj.jpg","contentUrl":"https:\/\/www.visit-ulcinj.com\/blog\/wp-content\/uploads\/2009\/03\/muhamet-nika_ulcinj.jpg","width":"290","height":"218"},{"@type":"WebPage","@id":"https:\/\/www.visit-ulcinj.com\/blog\/2014\/02\/07\/nika-kur-diskutimi-e-con-ujin-ku-s-duhet\/#webpage","url":"https:\/\/www.visit-ulcinj.com\/blog\/2014\/02\/07\/nika-kur-diskutimi-e-con-ujin-ku-s-duhet\/","name":"Nika: Kur diskutimi e \u00e7on ujin ku (s) duhet...?!!! - Lajme nga Ulqini","isPartOf":{"@id":"https:\/\/www.visit-ulcinj.com\/blog\/#website"},"primaryImageOfPage":{"@id":"https:\/\/www.visit-ulcinj.com\/blog\/2014\/02\/07\/nika-kur-diskutimi-e-con-ujin-ku-s-duhet\/#primaryimage"},"datePublished":"2014-02-07T14:14:51+00:00","dateModified":"2014-02-07T14:14:51+00:00","author":{"@id":"https:\/\/www.visit-ulcinj.com\/blog\/#\/schema\/person\/dcab619c614d3038751c63bc2aadc06d"},"description":"Shkruan Muhamet Nika: KUR DISKUTIMI\u00a0 E \u00c7ON UJIN KU (S) DUHET...?!!! Thuhet se\u00a0 sjelljet, e nj\u00eb personi apo t\u00eb shoq\u00ebris\u00eb, n\u00eb nj\u00eb moment t\u00eb caktuar, duhet","breadcrumb":{"@id":"https:\/\/www.visit-ulcinj.com\/blog\/2014\/02\/07\/nika-kur-diskutimi-e-con-ujin-ku-s-duhet\/#breadcrumb"},"inLanguage":"en-US","potentialAction":[{"@type":"ReadAction","target":["https:\/\/www.visit-ulcinj.com\/blog\/2014\/02\/07\/nika-kur-diskutimi-e-con-ujin-ku-s-duhet\/"]}]},{"@type":"BreadcrumbList","@id":"https:\/\/www.visit-ulcinj.com\/blog\/2014\/02\/07\/nika-kur-diskutimi-e-con-ujin-ku-s-duhet\/#breadcrumb","itemListElement":[{"@type":"ListItem","position":1,"name":"Nika: Kur diskutimi e \u00e7on ujin ku (s) duhet&#8230;?!!!"}]},{"@type":"Person","@id":"https:\/\/www.visit-ulcinj.com\/blog\/#\/schema\/person\/dcab619c614d3038751c63bc2aadc06d","name":"ulqini","sameAs":["http:\/\/www.visit-ulcinj.com"],"url":"https:\/\/www.visit-ulcinj.com\/blog\/author\/admin\/"}]}},"jetpack_featured_media_url":"","jetpack_sharing_enabled":true,"jetpack_shortlink":"https:\/\/wp.me\/pe6lTn-kEl","_links":{"self":[{"href":"https:\/\/www.visit-ulcinj.com\/blog\/wp-json\/wp\/v2\/posts\/79381"}],"collection":[{"href":"https:\/\/www.visit-ulcinj.com\/blog\/wp-json\/wp\/v2\/posts"}],"about":[{"href":"https:\/\/www.visit-ulcinj.com\/blog\/wp-json\/wp\/v2\/types\/post"}],"author":[{"embeddable":true,"href":"https:\/\/www.visit-ulcinj.com\/blog\/wp-json\/wp\/v2\/users\/1"}],"replies":[{"embeddable":true,"href":"https:\/\/www.visit-ulcinj.com\/blog\/wp-json\/wp\/v2\/comments?post=79381"}],"version-history":[{"count":1,"href":"https:\/\/www.visit-ulcinj.com\/blog\/wp-json\/wp\/v2\/posts\/79381\/revisions"}],"predecessor-version":[{"id":79382,"href":"https:\/\/www.visit-ulcinj.com\/blog\/wp-json\/wp\/v2\/posts\/79381\/revisions\/79382"}],"wp:attachment":[{"href":"https:\/\/www.visit-ulcinj.com\/blog\/wp-json\/wp\/v2\/media?parent=79381"}],"wp:term":[{"taxonomy":"category","embeddable":true,"href":"https:\/\/www.visit-ulcinj.com\/blog\/wp-json\/wp\/v2\/categories?post=79381"},{"taxonomy":"post_tag","embeddable":true,"href":"https:\/\/www.visit-ulcinj.com\/blog\/wp-json\/wp\/v2\/tags?post=79381"}],"curies":[{"name":"wp","href":"https:\/\/api.w.org\/{rel}","templated":true}]}}