{"id":79383,"date":"2014-02-07T15:41:59","date_gmt":"2014-02-07T14:41:59","guid":{"rendered":"http:\/\/www.visit-ulcinj.com\/blog\/?p=79383"},"modified":"2014-02-08T14:24:00","modified_gmt":"2014-02-08T13:24:00","slug":"peshkataret-ulqinak-thyen-rekordin-e-peshkimit","status":"publish","type":"post","link":"https:\/\/www.visit-ulcinj.com\/blog\/2014\/02\/07\/peshkataret-ulqinak-thyen-rekordin-e-peshkimit\/","title":{"rendered":"Peshkataret ulqinak thyen rekordin e peshkimit &#8211; Video"},"content":{"rendered":"<p><a href=\"http:\/\/www.visit-ulcinj.com\/blog\/wp-content\/uploads\/2014\/02\/Naseri-Emiri-peshkatar-Ulqinak.jpg\"><img loading=\"lazy\" class=\"alignleft  wp-image-79384\" alt=\"Naseri-Emiri-peshkatar-Ulqinak\" src=\"http:\/\/www.visit-ulcinj.com\/blog\/wp-content\/uploads\/2014\/02\/Naseri-Emiri-peshkatar-Ulqinak.jpg\" width=\"508\" height=\"360\" \/><\/a>Detin, barkat dhe sanallat, peshkun dhe peshkimin e kan\u00eb n\u00eb gjak, n\u00eb gjenet t\u00eb trashiguar nga t\u00eb par\u00ebt tan\u00eb. Naseri dhe Emiri, p\u00ebr \u00e7do dit\u00eb dalin n\u00eb det\u00eb m\u00eb sanallin e tyre n\u00eb t\u00eb cilin, qindra metra rrijeta presin p\u00ebr ti l\u00ebshuar ngadal n\u00eb det\u00eb. Prej Punt\u00ebs e Nuradinit dhe deri ke Valdanosi e njohin secil\u00ebn p\u00ebll\u00ebmb\u00eb, secilin shk\u00ebmb, posa\u00e7\u00ebrisht ato ku sillen &#8220;masat&#8221; e peshkut. N\u00eb Ulqin peshkatar\u00ebt e kan\u00eb nj\u00eb sprehje t\u00eb vjet\u00ebr t\u00eb cil\u00ebn t\u00eb gjith\u00eb ne k\u00ebtu e p\u00ebrdorim shpesh, &#8220;peshku ka bisht&#8221;, dhe prandaj, p\u00ebr &#8220;gjonj &#8221; peshkatari duhet t\u00eb ket\u00eb syrin p\u00ebr m\u00eb e pa peshkun..<\/p>\n<p><a href=\"http:\/\/www.visit-ulcinj.com\/blog\/wp-content\/uploads\/2014\/02\/Naseri-Emiri-peshkatar-Ulqinak-5.jpg\"><img loading=\"lazy\" class=\"alignleft  wp-image-79386\" alt=\"Naseri-Emiri-peshkatar-Ulqinak-5\" src=\"http:\/\/www.visit-ulcinj.com\/blog\/wp-content\/uploads\/2014\/02\/Naseri-Emiri-peshkatar-Ulqinak-5.jpg\" width=\"508\" height=\"360\" \/><\/a><br \/>\nPeshkatar\u00ebt t\u00eb cil\u00ebt gjithmon\u00eb e kan\u00eb nga nj\u00eb sy n\u00eb det, Hajro Bushati nga Kalaja dhe Skender Kahari nga Rana, edhe sot kan\u00eb qen\u00eb n\u00eb mole. Nuk e di se kush e ka pa peshkun sot, por nj\u00eb gj\u00eb \u00ebsht\u00eb e v\u00ebrtet\u00eb, sivjet Emiri dhe Naseri i kan\u00eb kaluar t\u00eb ghith\u00eb, pavar\u00ebsisht se Haliti thot\u00eb se ato jan\u00eb nx\u00ebn\u00ebsit e tij.<\/p>\n<p><a href=\"http:\/\/www.visit-ulcinj.com\/blog\/wp-content\/uploads\/2014\/02\/Naseri-Emiri-peshkatar-Ulqinak-4.jpg\"><img loading=\"lazy\" class=\"alignleft  wp-image-79385\" alt=\"Naseri-Emiri-peshkatar-Ulqinak-4\" src=\"http:\/\/www.visit-ulcinj.com\/blog\/wp-content\/uploads\/2014\/02\/Naseri-Emiri-peshkatar-Ulqinak-4.jpg\" width=\"508\" height=\"360\" \/><\/a><br \/>\nNaseri dhe Emiri sivjet i kan\u00eb kaluar t\u00eb gjitha rekordet e peshkimit. Nuk ka dit\u00eb q\u00eb sanalli i tyre nuk ka qen\u00eb i mbushur plot\u00eb m\u00eb peshk. Edhe sot, sanalli ka qen\u00eb i mbushur plot\u00eb m\u00eb peshk t\u00eb qualitetit par\u00eb. E di se shum\u00eb nuk ndajn mendimin tim, pasi q\u00eb b\u00ebhet fjal\u00eb p\u00ebr qefull. Por duhet ta din se qefulli tek ne jeton n\u00eb uj\u00eb t\u00eb past\u00ebrt ku nuk ka industi, dhe n\u00eb k\u00ebt\u00eb koh\u00eb ka nj\u00eb shije t\u00eb posa\u00e7\u00ebme. Ulqinak\u00ebt e duan shum\u00eb qefullin, dhe nuk mund t\u00eb thuhet p\u00ebr ne se nuk e njofim peshkun. Kur\u00eb ka &#8220;gjonj\u00eb&#8221; edhe \u00e7mimi \u00ebsht\u00eb m\u00eb i vog\u00ebl dhe prandaj, sot shumica e popullat\u00ebs e Ulqinit ka pasur peshk&#8230;<\/p>\n<p><a href=\"http:\/\/www.visit-ulcinj.com\/blog\/wp-content\/uploads\/2014\/02\/Naseri-Emiri-peshkatar-Ulqinak-8.jpg\"><img loading=\"lazy\" class=\"alignleft  wp-image-79387\" alt=\"Naseri-Emiri-peshkatar-Ulqinak-8\" src=\"http:\/\/www.visit-ulcinj.com\/blog\/wp-content\/uploads\/2014\/02\/Naseri-Emiri-peshkatar-Ulqinak-8.jpg\" width=\"508\" height=\"360\" \/><\/a><br \/>\nSot n\u00eb Ulqin ka qen\u00eb nj\u00eb dit\u00eb e bukur m\u00eb nj\u00eb temperatur t\u00eb lart\u00eb, m\u00eb diell, dhe n\u00eb mole kan\u00eb ardhur shum\u00eb nga Ranacak\u00ebt dhe Kalalit\u00eb p\u00ebr t\u00eb shiku, por edhe tjer\u00ebt.. N\u00eb molen ton\u00eb sot ka sunduar nj\u00eb atmosfer\u00eb e bukur, ka pasur komente t\u00eb ndrysh\u00ebm, fjal\u00eb t\u00eb cilat duhen t\u00eb ruhen nga harresa, pasi q\u00eb i takojn\u00eb trashigmis\u00eb ton\u00eb popullore, dhe p\u00ebr ato t\u00eb cil\u00ebt merren m\u00eb kultivimin i folklorit\u00eb ton\u00eb nj\u00eb pasuri e pa shterr\u00ebshme&#8230;<\/p>\n<p data-ft=\"{&quot;tn&quot;:&quot;C&quot;}\"><strong>P\u00ebr me tep\u00ebr Fotografi shikoni &#8211; <a id=\"js_94\" href=\"https:\/\/www.facebook.com\/ismet.karamanaga\" data-ft=\"{&quot;tn&quot;:&quot;l&quot;}\" data-hovercard=\"\/ajax\/hovercard\/user.php?id=1359492972\">Ismet Karamanaga Facebook<\/a><\/strong><\/p>\n<p>\n\t\t<style type=\"text\/css\">\n\t\t\t#gallery-1 {\n\t\t\t\tmargin: auto;\n\t\t\t}\n\t\t\t#gallery-1 .gallery-item {\n\t\t\t\tfloat: left;\n\t\t\t\tmargin-top: 10px;\n\t\t\t\ttext-align: center;\n\t\t\t\twidth: 33%;\n\t\t\t}\n\t\t\t#gallery-1 img {\n\t\t\t\tborder: 2px solid #cfcfcf;\n\t\t\t}\n\t\t\t#gallery-1 .gallery-caption {\n\t\t\t\tmargin-left: 0;\n\t\t\t}\n\t\t\t\/* see gallery_shortcode() in wp-includes\/media.php *\/\n\t\t<\/style>\n\t\t<div id='gallery-1' class='gallery galleryid-79383 gallery-columns-3 gallery-size-thumbnail'><dl class='gallery-item'>\n\t\t\t<dt class='gallery-icon landscape'>\n\t\t\t\t<a href='https:\/\/www.visit-ulcinj.com\/blog\/2014\/02\/07\/peshkataret-ulqinak-thyen-rekordin-e-peshkimit\/naseri-emiri-peshkatar-ulqinak-10\/'><img width=\"150\" height=\"150\" src=\"https:\/\/www.visit-ulcinj.com\/blog\/wp-content\/uploads\/2014\/02\/Naseri-Emiri-peshkatar-Ulqinak-10-150x150.jpg\" class=\"attachment-thumbnail size-thumbnail\" alt=\"\" loading=\"lazy\" \/><\/a>\n\t\t\t<\/dt><\/dl><dl class='gallery-item'>\n\t\t\t<dt class='gallery-icon landscape'>\n\t\t\t\t<a href='https:\/\/www.visit-ulcinj.com\/blog\/2014\/02\/07\/peshkataret-ulqinak-thyen-rekordin-e-peshkimit\/naseri-emiri-peshkatar-ulqinak-9\/'><img width=\"150\" height=\"150\" src=\"https:\/\/www.visit-ulcinj.com\/blog\/wp-content\/uploads\/2014\/02\/Naseri-Emiri-peshkatar-Ulqinak-9-150x150.jpg\" class=\"attachment-thumbnail size-thumbnail\" alt=\"\" loading=\"lazy\" \/><\/a>\n\t\t\t<\/dt><\/dl><dl class='gallery-item'>\n\t\t\t<dt class='gallery-icon landscape'>\n\t\t\t\t<a href='https:\/\/www.visit-ulcinj.com\/blog\/2014\/02\/07\/peshkataret-ulqinak-thyen-rekordin-e-peshkimit\/naseri-emiri-peshkatar-ulqinak-7\/'><img width=\"150\" height=\"150\" src=\"https:\/\/www.visit-ulcinj.com\/blog\/wp-content\/uploads\/2014\/02\/Naseri-Emiri-peshkatar-Ulqinak-7-150x150.jpg\" class=\"attachment-thumbnail size-thumbnail\" alt=\"\" loading=\"lazy\" \/><\/a>\n\t\t\t<\/dt><\/dl><br style=\"clear: both\" \/><dl class='gallery-item'>\n\t\t\t<dt class='gallery-icon landscape'>\n\t\t\t\t<a href='https:\/\/www.visit-ulcinj.com\/blog\/2014\/02\/07\/peshkataret-ulqinak-thyen-rekordin-e-peshkimit\/naseri-emiri-peshkatar-ulqinak-6\/'><img width=\"150\" height=\"150\" src=\"https:\/\/www.visit-ulcinj.com\/blog\/wp-content\/uploads\/2014\/02\/Naseri-Emiri-peshkatar-Ulqinak-6-150x150.jpg\" class=\"attachment-thumbnail size-thumbnail\" alt=\"\" loading=\"lazy\" \/><\/a>\n\t\t\t<\/dt><\/dl><dl class='gallery-item'>\n\t\t\t<dt class='gallery-icon landscape'>\n\t\t\t\t<a href='https:\/\/www.visit-ulcinj.com\/blog\/2014\/02\/07\/peshkataret-ulqinak-thyen-rekordin-e-peshkimit\/naseri-emiri-peshkatar-ulqinak-3\/'><img width=\"150\" height=\"150\" src=\"https:\/\/www.visit-ulcinj.com\/blog\/wp-content\/uploads\/2014\/02\/Naseri-Emiri-peshkatar-Ulqinak-3-150x150.jpg\" class=\"attachment-thumbnail size-thumbnail\" alt=\"\" loading=\"lazy\" \/><\/a>\n\t\t\t<\/dt><\/dl><dl class='gallery-item'>\n\t\t\t<dt class='gallery-icon landscape'>\n\t\t\t\t<a href='https:\/\/www.visit-ulcinj.com\/blog\/2014\/02\/07\/peshkataret-ulqinak-thyen-rekordin-e-peshkimit\/naseri-emiri-peshkatar-ulqinak-2\/'><img width=\"150\" height=\"150\" src=\"https:\/\/www.visit-ulcinj.com\/blog\/wp-content\/uploads\/2014\/02\/Naseri-Emiri-peshkatar-Ulqinak-2-150x150.jpg\" class=\"attachment-thumbnail size-thumbnail\" alt=\"\" loading=\"lazy\" \/><\/a>\n\t\t\t<\/dt><\/dl><br style=\"clear: both\" \/>\n\t\t<\/div>\n<br \/>\n<!-- vimeo error: not a vimeo video --><\/p>\n","protected":false},"excerpt":{"rendered":"<p>Detin, barkat dhe sanallat, peshkun dhe peshkimin e kan\u00eb n\u00eb gjak, n\u00eb gjenet t\u00eb trashiguar nga t\u00eb par\u00ebt tan\u00eb. Naseri dhe Emiri, p\u00ebr \u00e7do dit\u00eb dalin n\u00eb det\u00eb m\u00eb sanallin e tyre n\u00eb t\u00eb cilin, qindra metra rrijeta presin p\u00ebr ti l\u00ebshuar ngadal n\u00eb det\u00eb. Prej Punt\u00ebs e Nuradinit dhe deri ke Valdanosi e njohin [&hellip;]<\/p>\n","protected":false},"author":1,"featured_media":0,"comment_status":"closed","ping_status":"closed","sticky":false,"template":"","format":"standard","meta":{"spay_email":"","jetpack_publicize_message":"","jetpack_is_tweetstorm":false,"jetpack_publicize_feature_enabled":true},"categories":[10,1],"tags":[],"jetpack_publicize_connections":[],"yoast_head":"<!-- This site is optimized with the Yoast SEO plugin v19.1 - https:\/\/yoast.com\/wordpress\/plugins\/seo\/ -->\n<title>Peshkataret ulqinak thyen rekordin e peshkimit - Video - Lajme nga Ulqini<\/title>\n<meta name=\"description\" content=\"Detin, barkat dhe sanallat, peshkun dhe peshkimin e kan\u00eb n\u00eb gjak, n\u00eb gjenet t\u00eb trashiguar nga t\u00eb par\u00ebt tan\u00eb. Naseri dhe Emiri, p\u00ebr \u00e7do dit\u00eb dalin n\u00eb det\u00eb\" \/>\n<meta name=\"robots\" content=\"index, follow, max-snippet:-1, max-image-preview:large, max-video-preview:-1\" \/>\n<link rel=\"canonical\" href=\"https:\/\/www.visit-ulcinj.com\/blog\/2014\/02\/07\/peshkataret-ulqinak-thyen-rekordin-e-peshkimit\/\" \/>\n<meta property=\"og:locale\" content=\"en_US\" \/>\n<meta property=\"og:type\" content=\"article\" \/>\n<meta property=\"og:title\" content=\"Peshkataret ulqinak thyen rekordin e peshkimit - Video - Lajme nga Ulqini\" \/>\n<meta property=\"og:description\" content=\"Detin, barkat dhe sanallat, peshkun dhe peshkimin e kan\u00eb n\u00eb gjak, n\u00eb gjenet t\u00eb trashiguar nga t\u00eb par\u00ebt tan\u00eb. Naseri dhe Emiri, p\u00ebr \u00e7do dit\u00eb dalin n\u00eb det\u00eb\" \/>\n<meta property=\"og:url\" content=\"https:\/\/www.visit-ulcinj.com\/blog\/2014\/02\/07\/peshkataret-ulqinak-thyen-rekordin-e-peshkimit\/\" \/>\n<meta property=\"og:site_name\" content=\"Lajme nga Ulqini\" \/>\n<meta property=\"article:published_time\" content=\"2014-02-07T14:41:59+00:00\" \/>\n<meta property=\"article:modified_time\" content=\"2014-02-08T13:24:00+00:00\" \/>\n<meta property=\"og:image\" content=\"https:\/\/www.visit-ulcinj.com\/blog\/wp-content\/uploads\/2014\/02\/Naseri-Emiri-peshkatar-Ulqinak-10-150x150.jpg\" \/>\n<meta name=\"twitter:label1\" content=\"Written by\" \/>\n\t<meta name=\"twitter:data1\" content=\"ulqini\" \/>\n\t<meta name=\"twitter:label2\" content=\"Est. reading time\" \/>\n\t<meta name=\"twitter:data2\" content=\"2 minutes\" \/>\n<script type=\"application\/ld+json\" class=\"yoast-schema-graph\">{\"@context\":\"https:\/\/schema.org\",\"@graph\":[{\"@type\":\"WebSite\",\"@id\":\"https:\/\/www.visit-ulcinj.com\/blog\/#website\",\"url\":\"https:\/\/www.visit-ulcinj.com\/blog\/\",\"name\":\"Lajme nga Ulqini\",\"description\":\"Lajme,Vijesti,Ulqini,Ulqin,Crna Gora,Mali i Zi\",\"potentialAction\":[{\"@type\":\"SearchAction\",\"target\":{\"@type\":\"EntryPoint\",\"urlTemplate\":\"https:\/\/www.visit-ulcinj.com\/blog\/?s={search_term_string}\"},\"query-input\":\"required name=search_term_string\"}],\"inLanguage\":\"en-US\"},{\"@type\":\"ImageObject\",\"inLanguage\":\"en-US\",\"@id\":\"https:\/\/www.visit-ulcinj.com\/blog\/2014\/02\/07\/peshkataret-ulqinak-thyen-rekordin-e-peshkimit\/#primaryimage\",\"url\":\"https:\/\/www.visit-ulcinj.com\/blog\/wp-content\/uploads\/2014\/02\/Naseri-Emiri-peshkatar-Ulqinak.jpg\",\"contentUrl\":\"https:\/\/www.visit-ulcinj.com\/blog\/wp-content\/uploads\/2014\/02\/Naseri-Emiri-peshkatar-Ulqinak.jpg\",\"width\":960,\"height\":720},{\"@type\":\"WebPage\",\"@id\":\"https:\/\/www.visit-ulcinj.com\/blog\/2014\/02\/07\/peshkataret-ulqinak-thyen-rekordin-e-peshkimit\/#webpage\",\"url\":\"https:\/\/www.visit-ulcinj.com\/blog\/2014\/02\/07\/peshkataret-ulqinak-thyen-rekordin-e-peshkimit\/\",\"name\":\"Peshkataret ulqinak thyen rekordin e peshkimit - Video - Lajme nga Ulqini\",\"isPartOf\":{\"@id\":\"https:\/\/www.visit-ulcinj.com\/blog\/#website\"},\"primaryImageOfPage\":{\"@id\":\"https:\/\/www.visit-ulcinj.com\/blog\/2014\/02\/07\/peshkataret-ulqinak-thyen-rekordin-e-peshkimit\/#primaryimage\"},\"datePublished\":\"2014-02-07T14:41:59+00:00\",\"dateModified\":\"2014-02-08T13:24:00+00:00\",\"author\":{\"@id\":\"https:\/\/www.visit-ulcinj.com\/blog\/#\/schema\/person\/dcab619c614d3038751c63bc2aadc06d\"},\"description\":\"Detin, barkat dhe sanallat, peshkun dhe peshkimin e kan\u00eb n\u00eb gjak, n\u00eb gjenet t\u00eb trashiguar nga t\u00eb par\u00ebt tan\u00eb. Naseri dhe Emiri, p\u00ebr \u00e7do dit\u00eb dalin n\u00eb det\u00eb\",\"breadcrumb\":{\"@id\":\"https:\/\/www.visit-ulcinj.com\/blog\/2014\/02\/07\/peshkataret-ulqinak-thyen-rekordin-e-peshkimit\/#breadcrumb\"},\"inLanguage\":\"en-US\",\"potentialAction\":[{\"@type\":\"ReadAction\",\"target\":[\"https:\/\/www.visit-ulcinj.com\/blog\/2014\/02\/07\/peshkataret-ulqinak-thyen-rekordin-e-peshkimit\/\"]}]},{\"@type\":\"BreadcrumbList\",\"@id\":\"https:\/\/www.visit-ulcinj.com\/blog\/2014\/02\/07\/peshkataret-ulqinak-thyen-rekordin-e-peshkimit\/#breadcrumb\",\"itemListElement\":[{\"@type\":\"ListItem\",\"position\":1,\"name\":\"Peshkataret ulqinak thyen rekordin e peshkimit &#8211; Video\"}]},{\"@type\":\"Person\",\"@id\":\"https:\/\/www.visit-ulcinj.com\/blog\/#\/schema\/person\/dcab619c614d3038751c63bc2aadc06d\",\"name\":\"ulqini\",\"sameAs\":[\"http:\/\/www.visit-ulcinj.com\"],\"url\":\"https:\/\/www.visit-ulcinj.com\/blog\/author\/admin\/\"}]}<\/script>\n<!-- \/ Yoast SEO plugin. -->","yoast_head_json":{"title":"Peshkataret ulqinak thyen rekordin e peshkimit - Video - Lajme nga Ulqini","description":"Detin, barkat dhe sanallat, peshkun dhe peshkimin e kan\u00eb n\u00eb gjak, n\u00eb gjenet t\u00eb trashiguar nga t\u00eb par\u00ebt tan\u00eb. Naseri dhe Emiri, p\u00ebr \u00e7do dit\u00eb dalin n\u00eb det\u00eb","robots":{"index":"index","follow":"follow","max-snippet":"max-snippet:-1","max-image-preview":"max-image-preview:large","max-video-preview":"max-video-preview:-1"},"canonical":"https:\/\/www.visit-ulcinj.com\/blog\/2014\/02\/07\/peshkataret-ulqinak-thyen-rekordin-e-peshkimit\/","og_locale":"en_US","og_type":"article","og_title":"Peshkataret ulqinak thyen rekordin e peshkimit - Video - Lajme nga Ulqini","og_description":"Detin, barkat dhe sanallat, peshkun dhe peshkimin e kan\u00eb n\u00eb gjak, n\u00eb gjenet t\u00eb trashiguar nga t\u00eb par\u00ebt tan\u00eb. Naseri dhe Emiri, p\u00ebr \u00e7do dit\u00eb dalin n\u00eb det\u00eb","og_url":"https:\/\/www.visit-ulcinj.com\/blog\/2014\/02\/07\/peshkataret-ulqinak-thyen-rekordin-e-peshkimit\/","og_site_name":"Lajme nga Ulqini","article_published_time":"2014-02-07T14:41:59+00:00","article_modified_time":"2014-02-08T13:24:00+00:00","og_image":[{"url":"https:\/\/www.visit-ulcinj.com\/blog\/wp-content\/uploads\/2014\/02\/Naseri-Emiri-peshkatar-Ulqinak-10-150x150.jpg"}],"twitter_misc":{"Written by":"ulqini","Est. reading time":"2 minutes"},"schema":{"@context":"https:\/\/schema.org","@graph":[{"@type":"WebSite","@id":"https:\/\/www.visit-ulcinj.com\/blog\/#website","url":"https:\/\/www.visit-ulcinj.com\/blog\/","name":"Lajme nga Ulqini","description":"Lajme,Vijesti,Ulqini,Ulqin,Crna Gora,Mali i Zi","potentialAction":[{"@type":"SearchAction","target":{"@type":"EntryPoint","urlTemplate":"https:\/\/www.visit-ulcinj.com\/blog\/?s={search_term_string}"},"query-input":"required name=search_term_string"}],"inLanguage":"en-US"},{"@type":"ImageObject","inLanguage":"en-US","@id":"https:\/\/www.visit-ulcinj.com\/blog\/2014\/02\/07\/peshkataret-ulqinak-thyen-rekordin-e-peshkimit\/#primaryimage","url":"https:\/\/www.visit-ulcinj.com\/blog\/wp-content\/uploads\/2014\/02\/Naseri-Emiri-peshkatar-Ulqinak.jpg","contentUrl":"https:\/\/www.visit-ulcinj.com\/blog\/wp-content\/uploads\/2014\/02\/Naseri-Emiri-peshkatar-Ulqinak.jpg","width":960,"height":720},{"@type":"WebPage","@id":"https:\/\/www.visit-ulcinj.com\/blog\/2014\/02\/07\/peshkataret-ulqinak-thyen-rekordin-e-peshkimit\/#webpage","url":"https:\/\/www.visit-ulcinj.com\/blog\/2014\/02\/07\/peshkataret-ulqinak-thyen-rekordin-e-peshkimit\/","name":"Peshkataret ulqinak thyen rekordin e peshkimit - Video - Lajme nga Ulqini","isPartOf":{"@id":"https:\/\/www.visit-ulcinj.com\/blog\/#website"},"primaryImageOfPage":{"@id":"https:\/\/www.visit-ulcinj.com\/blog\/2014\/02\/07\/peshkataret-ulqinak-thyen-rekordin-e-peshkimit\/#primaryimage"},"datePublished":"2014-02-07T14:41:59+00:00","dateModified":"2014-02-08T13:24:00+00:00","author":{"@id":"https:\/\/www.visit-ulcinj.com\/blog\/#\/schema\/person\/dcab619c614d3038751c63bc2aadc06d"},"description":"Detin, barkat dhe sanallat, peshkun dhe peshkimin e kan\u00eb n\u00eb gjak, n\u00eb gjenet t\u00eb trashiguar nga t\u00eb par\u00ebt tan\u00eb. Naseri dhe Emiri, p\u00ebr \u00e7do dit\u00eb dalin n\u00eb det\u00eb","breadcrumb":{"@id":"https:\/\/www.visit-ulcinj.com\/blog\/2014\/02\/07\/peshkataret-ulqinak-thyen-rekordin-e-peshkimit\/#breadcrumb"},"inLanguage":"en-US","potentialAction":[{"@type":"ReadAction","target":["https:\/\/www.visit-ulcinj.com\/blog\/2014\/02\/07\/peshkataret-ulqinak-thyen-rekordin-e-peshkimit\/"]}]},{"@type":"BreadcrumbList","@id":"https:\/\/www.visit-ulcinj.com\/blog\/2014\/02\/07\/peshkataret-ulqinak-thyen-rekordin-e-peshkimit\/#breadcrumb","itemListElement":[{"@type":"ListItem","position":1,"name":"Peshkataret ulqinak thyen rekordin e peshkimit &#8211; Video"}]},{"@type":"Person","@id":"https:\/\/www.visit-ulcinj.com\/blog\/#\/schema\/person\/dcab619c614d3038751c63bc2aadc06d","name":"ulqini","sameAs":["http:\/\/www.visit-ulcinj.com"],"url":"https:\/\/www.visit-ulcinj.com\/blog\/author\/admin\/"}]}},"jetpack_featured_media_url":"","jetpack_sharing_enabled":true,"jetpack_shortlink":"https:\/\/wp.me\/pe6lTn-kEn","_links":{"self":[{"href":"https:\/\/www.visit-ulcinj.com\/blog\/wp-json\/wp\/v2\/posts\/79383"}],"collection":[{"href":"https:\/\/www.visit-ulcinj.com\/blog\/wp-json\/wp\/v2\/posts"}],"about":[{"href":"https:\/\/www.visit-ulcinj.com\/blog\/wp-json\/wp\/v2\/types\/post"}],"author":[{"embeddable":true,"href":"https:\/\/www.visit-ulcinj.com\/blog\/wp-json\/wp\/v2\/users\/1"}],"replies":[{"embeddable":true,"href":"https:\/\/www.visit-ulcinj.com\/blog\/wp-json\/wp\/v2\/comments?post=79383"}],"version-history":[{"count":2,"href":"https:\/\/www.visit-ulcinj.com\/blog\/wp-json\/wp\/v2\/posts\/79383\/revisions"}],"predecessor-version":[{"id":79404,"href":"https:\/\/www.visit-ulcinj.com\/blog\/wp-json\/wp\/v2\/posts\/79383\/revisions\/79404"}],"wp:attachment":[{"href":"https:\/\/www.visit-ulcinj.com\/blog\/wp-json\/wp\/v2\/media?parent=79383"}],"wp:term":[{"taxonomy":"category","embeddable":true,"href":"https:\/\/www.visit-ulcinj.com\/blog\/wp-json\/wp\/v2\/categories?post=79383"},{"taxonomy":"post_tag","embeddable":true,"href":"https:\/\/www.visit-ulcinj.com\/blog\/wp-json\/wp\/v2\/tags?post=79383"}],"curies":[{"name":"wp","href":"https:\/\/api.w.org\/{rel}","templated":true}]}}