{"id":79418,"date":"2014-02-08T12:18:36","date_gmt":"2014-02-08T11:18:36","guid":{"rendered":"http:\/\/www.visit-ulcinj.com\/blog\/?p=79418"},"modified":"2014-02-08T12:50:04","modified_gmt":"2014-02-08T11:50:04","slug":"deki-ponudeno-mjesto-predsjednika-ulcinja","status":"publish","type":"post","link":"https:\/\/www.visit-ulcinj.com\/blog\/2014\/02\/08\/deki-ponudeno-mjesto-predsjednika-ulcinja\/","title":{"rendered":"Fatmir \u0110eki ponu\u0111eno mjesto predsjednika Ulcinja &#8211; Video"},"content":{"rendered":"<p><a href=\"http:\/\/www.visit-ulcinj.com\/blog\/wp-content\/uploads\/2014\/02\/Fatmir-Gjeka-PD.jpg\"><img loading=\"lazy\" class=\"alignleft  wp-image-79419\" alt=\"Fatmir-Gjeka-PD\" src=\"http:\/\/www.visit-ulcinj.com\/blog\/wp-content\/uploads\/2014\/02\/Fatmir-Gjeka-PD.jpg\" width=\"508\" height=\"360\" \/><\/a>Lider Force Nazif Cungu i zvani\u010dno je predsjedniku koalicije \u201eZajedno za budu\u0107nost Ulcinja\u201c Fatmiru \u0110eki ponudio mjesto predsjednika op\u0161tine Ulcinj.<\/p>\n<p>Ukoliko \u0110eka prihvati ponudu Force, predsjednik Demokratske unije Albanaca (DUA) Mehmet Zenka podr\u017ea\u0107e njegov izbor, pi\u0161e Dan.<\/p>\n<p>Funkcioner kolaicije \u201eZajedno za budu\u0107nost Ulcinja\u201c Amir Holaj rekao je da su pregovori izme\u0111u stranaka u toku, ali da ne mo\u017ee ni\u0161ta konkretnije da saop\u0161ti.<\/p>\n<p>\u201eKada sve to buude zavr\u0161eno mo\u0107i \u0107emo da saop\u0161timo \u0161ta je dogovoreno, do tada ne bih ni\u0161ta da komentari\u0161em\u201c; rekao je Holaj.<\/p>\n<p>DUA, FORCA i koalicija \u201eZajedno za budu\u0107nost Ulcinja\u201c zajedno bi imali 17 mandata u ulcinjskom parlamentu i mogli bi da \u010dine novu lokalnu vlast. DPS, sa druge strane, insistira da mjesto predsjednika op\u0161tine pripadne toj partiji.<\/p>\n<p>Ina\u010de, na izborima u Ulcinju koji su odr\u017eani 26. januara, DPS je osvojio najvi\u0161e mandata.<\/p>\n<p><strong>Izvor: RTCG<\/strong><\/p>\n<!--YouTube Error: bad URL entered-->\n","protected":false},"excerpt":{"rendered":"<p>Lider Force Nazif Cungu i zvani\u010dno je predsjedniku koalicije \u201eZajedno za budu\u0107nost Ulcinja\u201c Fatmiru \u0110eki ponudio mjesto predsjednika op\u0161tine Ulcinj. Ukoliko \u0110eka prihvati ponudu Force, predsjednik Demokratske unije Albanaca (DUA) Mehmet Zenka podr\u017ea\u0107e njegov izbor, pi\u0161e Dan. Funkcioner kolaicije \u201eZajedno za budu\u0107nost Ulcinja\u201c Amir Holaj rekao je da su pregovori izme\u0111u stranaka u toku, ali [&hellip;]<\/p>\n","protected":false},"author":1,"featured_media":0,"comment_status":"closed","ping_status":"closed","sticky":false,"template":"","format":"standard","meta":{"spay_email":"","jetpack_publicize_message":"","jetpack_is_tweetstorm":false,"jetpack_publicize_feature_enabled":true},"categories":[8337],"tags":[],"jetpack_publicize_connections":[],"yoast_head":"<!-- This site is optimized with the Yoast SEO plugin v19.1 - https:\/\/yoast.com\/wordpress\/plugins\/seo\/ -->\n<title>Fatmir \u0110eki ponu\u0111eno mjesto predsjednika Ulcinja - Video - Lajme nga Ulqini<\/title>\n<meta name=\"description\" content=\"Lider Force Nazif Cungu i zvani\u010dno je predsjedniku koalicije \u201eZajedno za budu\u0107nost Ulcinja\u201c Fatmiru \u0110eki ponudio mjesto predsjednika op\u0161tine Ulcinj.\" \/>\n<meta name=\"robots\" content=\"index, follow, max-snippet:-1, max-image-preview:large, max-video-preview:-1\" \/>\n<link rel=\"canonical\" href=\"https:\/\/www.visit-ulcinj.com\/blog\/2014\/02\/08\/deki-ponudeno-mjesto-predsjednika-ulcinja\/\" \/>\n<meta property=\"og:locale\" content=\"en_US\" \/>\n<meta property=\"og:type\" content=\"article\" \/>\n<meta property=\"og:title\" content=\"Fatmir \u0110eki ponu\u0111eno mjesto predsjednika Ulcinja - Video - Lajme nga Ulqini\" \/>\n<meta property=\"og:description\" content=\"Lider Force Nazif Cungu i zvani\u010dno je predsjedniku koalicije \u201eZajedno za budu\u0107nost Ulcinja\u201c Fatmiru \u0110eki ponudio mjesto predsjednika op\u0161tine Ulcinj.\" \/>\n<meta property=\"og:url\" content=\"https:\/\/www.visit-ulcinj.com\/blog\/2014\/02\/08\/deki-ponudeno-mjesto-predsjednika-ulcinja\/\" \/>\n<meta property=\"og:site_name\" content=\"Lajme nga Ulqini\" \/>\n<meta property=\"article:published_time\" content=\"2014-02-08T11:18:36+00:00\" \/>\n<meta property=\"article:modified_time\" content=\"2014-02-08T11:50:04+00:00\" \/>\n<meta property=\"og:image\" content=\"http:\/\/www.visit-ulcinj.com\/blog\/wp-content\/uploads\/2014\/02\/Fatmir-Gjeka-PD.jpg\" \/>\n<meta name=\"twitter:label1\" content=\"Written by\" \/>\n\t<meta name=\"twitter:data1\" content=\"ulqini\" \/>\n\t<meta name=\"twitter:label2\" content=\"Est. reading time\" \/>\n\t<meta name=\"twitter:data2\" content=\"1 minute\" \/>\n<script type=\"application\/ld+json\" class=\"yoast-schema-graph\">{\"@context\":\"https:\/\/schema.org\",\"@graph\":[{\"@type\":\"WebSite\",\"@id\":\"https:\/\/www.visit-ulcinj.com\/blog\/#website\",\"url\":\"https:\/\/www.visit-ulcinj.com\/blog\/\",\"name\":\"Lajme nga Ulqini\",\"description\":\"Lajme,Vijesti,Ulqini,Ulqin,Crna Gora,Mali i Zi\",\"potentialAction\":[{\"@type\":\"SearchAction\",\"target\":{\"@type\":\"EntryPoint\",\"urlTemplate\":\"https:\/\/www.visit-ulcinj.com\/blog\/?s={search_term_string}\"},\"query-input\":\"required name=search_term_string\"}],\"inLanguage\":\"en-US\"},{\"@type\":\"ImageObject\",\"inLanguage\":\"en-US\",\"@id\":\"https:\/\/www.visit-ulcinj.com\/blog\/2014\/02\/08\/deki-ponudeno-mjesto-predsjednika-ulcinja\/#primaryimage\",\"url\":\"https:\/\/www.visit-ulcinj.com\/blog\/wp-content\/uploads\/2014\/02\/Fatmir-Gjeka-PD.jpg\",\"contentUrl\":\"https:\/\/www.visit-ulcinj.com\/blog\/wp-content\/uploads\/2014\/02\/Fatmir-Gjeka-PD.jpg\",\"width\":573,\"height\":381},{\"@type\":\"WebPage\",\"@id\":\"https:\/\/www.visit-ulcinj.com\/blog\/2014\/02\/08\/deki-ponudeno-mjesto-predsjednika-ulcinja\/#webpage\",\"url\":\"https:\/\/www.visit-ulcinj.com\/blog\/2014\/02\/08\/deki-ponudeno-mjesto-predsjednika-ulcinja\/\",\"name\":\"Fatmir \u0110eki ponu\u0111eno mjesto predsjednika Ulcinja - Video - Lajme nga Ulqini\",\"isPartOf\":{\"@id\":\"https:\/\/www.visit-ulcinj.com\/blog\/#website\"},\"primaryImageOfPage\":{\"@id\":\"https:\/\/www.visit-ulcinj.com\/blog\/2014\/02\/08\/deki-ponudeno-mjesto-predsjednika-ulcinja\/#primaryimage\"},\"datePublished\":\"2014-02-08T11:18:36+00:00\",\"dateModified\":\"2014-02-08T11:50:04+00:00\",\"author\":{\"@id\":\"https:\/\/www.visit-ulcinj.com\/blog\/#\/schema\/person\/dcab619c614d3038751c63bc2aadc06d\"},\"description\":\"Lider Force Nazif Cungu i zvani\u010dno je predsjedniku koalicije \u201eZajedno za budu\u0107nost Ulcinja\u201c Fatmiru \u0110eki ponudio mjesto predsjednika op\u0161tine Ulcinj.\",\"breadcrumb\":{\"@id\":\"https:\/\/www.visit-ulcinj.com\/blog\/2014\/02\/08\/deki-ponudeno-mjesto-predsjednika-ulcinja\/#breadcrumb\"},\"inLanguage\":\"en-US\",\"potentialAction\":[{\"@type\":\"ReadAction\",\"target\":[\"https:\/\/www.visit-ulcinj.com\/blog\/2014\/02\/08\/deki-ponudeno-mjesto-predsjednika-ulcinja\/\"]}]},{\"@type\":\"BreadcrumbList\",\"@id\":\"https:\/\/www.visit-ulcinj.com\/blog\/2014\/02\/08\/deki-ponudeno-mjesto-predsjednika-ulcinja\/#breadcrumb\",\"itemListElement\":[{\"@type\":\"ListItem\",\"position\":1,\"name\":\"Fatmir \u0110eki ponu\u0111eno mjesto predsjednika Ulcinja &#8211; Video\"}]},{\"@type\":\"Person\",\"@id\":\"https:\/\/www.visit-ulcinj.com\/blog\/#\/schema\/person\/dcab619c614d3038751c63bc2aadc06d\",\"name\":\"ulqini\",\"sameAs\":[\"http:\/\/www.visit-ulcinj.com\"],\"url\":\"https:\/\/www.visit-ulcinj.com\/blog\/author\/admin\/\"}]}<\/script>\n<!-- \/ Yoast SEO plugin. -->","yoast_head_json":{"title":"Fatmir \u0110eki ponu\u0111eno mjesto predsjednika Ulcinja - Video - Lajme nga Ulqini","description":"Lider Force Nazif Cungu i zvani\u010dno je predsjedniku koalicije \u201eZajedno za budu\u0107nost Ulcinja\u201c Fatmiru \u0110eki ponudio mjesto predsjednika op\u0161tine Ulcinj.","robots":{"index":"index","follow":"follow","max-snippet":"max-snippet:-1","max-image-preview":"max-image-preview:large","max-video-preview":"max-video-preview:-1"},"canonical":"https:\/\/www.visit-ulcinj.com\/blog\/2014\/02\/08\/deki-ponudeno-mjesto-predsjednika-ulcinja\/","og_locale":"en_US","og_type":"article","og_title":"Fatmir \u0110eki ponu\u0111eno mjesto predsjednika Ulcinja - Video - Lajme nga Ulqini","og_description":"Lider Force Nazif Cungu i zvani\u010dno je predsjedniku koalicije \u201eZajedno za budu\u0107nost Ulcinja\u201c Fatmiru \u0110eki ponudio mjesto predsjednika op\u0161tine Ulcinj.","og_url":"https:\/\/www.visit-ulcinj.com\/blog\/2014\/02\/08\/deki-ponudeno-mjesto-predsjednika-ulcinja\/","og_site_name":"Lajme nga Ulqini","article_published_time":"2014-02-08T11:18:36+00:00","article_modified_time":"2014-02-08T11:50:04+00:00","og_image":[{"url":"http:\/\/www.visit-ulcinj.com\/blog\/wp-content\/uploads\/2014\/02\/Fatmir-Gjeka-PD.jpg"}],"twitter_misc":{"Written by":"ulqini","Est. reading time":"1 minute"},"schema":{"@context":"https:\/\/schema.org","@graph":[{"@type":"WebSite","@id":"https:\/\/www.visit-ulcinj.com\/blog\/#website","url":"https:\/\/www.visit-ulcinj.com\/blog\/","name":"Lajme nga Ulqini","description":"Lajme,Vijesti,Ulqini,Ulqin,Crna Gora,Mali i Zi","potentialAction":[{"@type":"SearchAction","target":{"@type":"EntryPoint","urlTemplate":"https:\/\/www.visit-ulcinj.com\/blog\/?s={search_term_string}"},"query-input":"required name=search_term_string"}],"inLanguage":"en-US"},{"@type":"ImageObject","inLanguage":"en-US","@id":"https:\/\/www.visit-ulcinj.com\/blog\/2014\/02\/08\/deki-ponudeno-mjesto-predsjednika-ulcinja\/#primaryimage","url":"https:\/\/www.visit-ulcinj.com\/blog\/wp-content\/uploads\/2014\/02\/Fatmir-Gjeka-PD.jpg","contentUrl":"https:\/\/www.visit-ulcinj.com\/blog\/wp-content\/uploads\/2014\/02\/Fatmir-Gjeka-PD.jpg","width":573,"height":381},{"@type":"WebPage","@id":"https:\/\/www.visit-ulcinj.com\/blog\/2014\/02\/08\/deki-ponudeno-mjesto-predsjednika-ulcinja\/#webpage","url":"https:\/\/www.visit-ulcinj.com\/blog\/2014\/02\/08\/deki-ponudeno-mjesto-predsjednika-ulcinja\/","name":"Fatmir \u0110eki ponu\u0111eno mjesto predsjednika Ulcinja - Video - Lajme nga Ulqini","isPartOf":{"@id":"https:\/\/www.visit-ulcinj.com\/blog\/#website"},"primaryImageOfPage":{"@id":"https:\/\/www.visit-ulcinj.com\/blog\/2014\/02\/08\/deki-ponudeno-mjesto-predsjednika-ulcinja\/#primaryimage"},"datePublished":"2014-02-08T11:18:36+00:00","dateModified":"2014-02-08T11:50:04+00:00","author":{"@id":"https:\/\/www.visit-ulcinj.com\/blog\/#\/schema\/person\/dcab619c614d3038751c63bc2aadc06d"},"description":"Lider Force Nazif Cungu i zvani\u010dno je predsjedniku koalicije \u201eZajedno za budu\u0107nost Ulcinja\u201c Fatmiru \u0110eki ponudio mjesto predsjednika op\u0161tine Ulcinj.","breadcrumb":{"@id":"https:\/\/www.visit-ulcinj.com\/blog\/2014\/02\/08\/deki-ponudeno-mjesto-predsjednika-ulcinja\/#breadcrumb"},"inLanguage":"en-US","potentialAction":[{"@type":"ReadAction","target":["https:\/\/www.visit-ulcinj.com\/blog\/2014\/02\/08\/deki-ponudeno-mjesto-predsjednika-ulcinja\/"]}]},{"@type":"BreadcrumbList","@id":"https:\/\/www.visit-ulcinj.com\/blog\/2014\/02\/08\/deki-ponudeno-mjesto-predsjednika-ulcinja\/#breadcrumb","itemListElement":[{"@type":"ListItem","position":1,"name":"Fatmir \u0110eki ponu\u0111eno mjesto predsjednika Ulcinja &#8211; Video"}]},{"@type":"Person","@id":"https:\/\/www.visit-ulcinj.com\/blog\/#\/schema\/person\/dcab619c614d3038751c63bc2aadc06d","name":"ulqini","sameAs":["http:\/\/www.visit-ulcinj.com"],"url":"https:\/\/www.visit-ulcinj.com\/blog\/author\/admin\/"}]}},"jetpack_featured_media_url":"","jetpack_sharing_enabled":true,"jetpack_shortlink":"https:\/\/wp.me\/pe6lTn-kEW","_links":{"self":[{"href":"https:\/\/www.visit-ulcinj.com\/blog\/wp-json\/wp\/v2\/posts\/79418"}],"collection":[{"href":"https:\/\/www.visit-ulcinj.com\/blog\/wp-json\/wp\/v2\/posts"}],"about":[{"href":"https:\/\/www.visit-ulcinj.com\/blog\/wp-json\/wp\/v2\/types\/post"}],"author":[{"embeddable":true,"href":"https:\/\/www.visit-ulcinj.com\/blog\/wp-json\/wp\/v2\/users\/1"}],"replies":[{"embeddable":true,"href":"https:\/\/www.visit-ulcinj.com\/blog\/wp-json\/wp\/v2\/comments?post=79418"}],"version-history":[{"count":3,"href":"https:\/\/www.visit-ulcinj.com\/blog\/wp-json\/wp\/v2\/posts\/79418\/revisions"}],"predecessor-version":[{"id":79431,"href":"https:\/\/www.visit-ulcinj.com\/blog\/wp-json\/wp\/v2\/posts\/79418\/revisions\/79431"}],"wp:attachment":[{"href":"https:\/\/www.visit-ulcinj.com\/blog\/wp-json\/wp\/v2\/media?parent=79418"}],"wp:term":[{"taxonomy":"category","embeddable":true,"href":"https:\/\/www.visit-ulcinj.com\/blog\/wp-json\/wp\/v2\/categories?post=79418"},{"taxonomy":"post_tag","embeddable":true,"href":"https:\/\/www.visit-ulcinj.com\/blog\/wp-json\/wp\/v2\/tags?post=79418"}],"curies":[{"name":"wp","href":"https:\/\/api.w.org\/{rel}","templated":true}]}}