{"id":79432,"date":"2014-02-08T13:48:25","date_gmt":"2014-02-08T12:48:25","guid":{"rendered":"http:\/\/www.visit-ulcinj.com\/blog\/?p=79432"},"modified":"2014-02-08T19:26:20","modified_gmt":"2014-02-08T18:26:20","slug":"dino-g-ft-mirso-kenge-te-re-pese-minuta","status":"publish","type":"post","link":"https:\/\/www.visit-ulcinj.com\/blog\/2014\/02\/08\/dino-g-ft-mirso-kenge-te-re-pese-minuta\/","title":{"rendered":"Dino G ft Mirso me k\u00ebng\u00eb t\u00eb re &#8211; Pese Minuta"},"content":{"rendered":"<p><a href=\"http:\/\/www.visit-ulcinj.com\/blog\/wp-content\/uploads\/2014\/02\/Mirsad-Doci-ValdetSuliq-Flori-Dino-Flori.jpg\"><img loading=\"lazy\" class=\"alignleft  wp-image-79433\" alt=\"Mirsad Doci-ValdetSuliq-Flori Dino Flori\" src=\"http:\/\/www.visit-ulcinj.com\/blog\/wp-content\/uploads\/2014\/02\/Mirsad-Doci-ValdetSuliq-Flori-Dino-Flori.jpg\" width=\"508\" height=\"360\" \/><\/a><strong><\/strong><\/p>\n<div>\n<div title=\"19:22\" data-jsid=\"message\">DINO G ft Mirso vijne para publikut ,me nje kenge te perpunuar e cila titullohet 5 minuta, DINO G nga Lezha kurse Mirso nga Ulqini.Kjo kenge vjen ne nje verzion ndryshe ,nga si\u00e7 jeni mesuar ta degjoni.. Klipi eshte realizuar nga Valdet Suliq ku njiherit paraqet ulqinin gjat stines se dimrit.. Seshpejti do te kete edhe kenge te reja nga kto dy kengetare edhe pse i takojn zhandreve te ndryshme muzikore.<\/div>\n<\/div>\n<p><strong>Lajme nga Ulqini jep mendimin e vet\u00eb:<\/strong><\/p>\n<p>&#8220;Personalisht m\u00eb duket kenga q\u00eb ka dal di\u00e7ka e bukur. \u00cbshte e zgjedhur dhe e punuar me p\u00ebrkushtim t\u00eb madh sepse s\u00eb pari e k\u00ebndoj\u00eb i madhi\u00a0Agron Berisha . Tani vet\u00ebm shpresoj q\u00eb edhe nga publiku tan\u00eb t\u00eb pritet mir\u00eb\u201d. \/Lajme nga Ulqini\/<\/p>\n<!--YouTube Error: bad URL entered-->\n","protected":false},"excerpt":{"rendered":"<p>DINO G ft Mirso vijne para publikut ,me nje kenge te perpunuar e cila titullohet 5 minuta, DINO G nga Lezha kurse Mirso nga Ulqini.Kjo kenge vjen ne nje verzion ndryshe ,nga si\u00e7 jeni mesuar ta degjoni.. Klipi eshte realizuar nga Valdet Suliq ku njiherit paraqet ulqinin gjat stines se dimrit.. Seshpejti do te kete [&hellip;]<\/p>\n","protected":false},"author":1,"featured_media":0,"comment_status":"closed","ping_status":"closed","sticky":false,"template":"","format":"standard","meta":{"spay_email":"","jetpack_publicize_message":"","jetpack_is_tweetstorm":false,"jetpack_publicize_feature_enabled":true},"categories":[1],"tags":[],"jetpack_publicize_connections":[],"yoast_head":"<!-- This site is optimized with the Yoast SEO plugin v19.1 - https:\/\/yoast.com\/wordpress\/plugins\/seo\/ -->\n<title>Dino G ft Mirso me k\u00ebng\u00eb t\u00eb re - Pese Minuta - Lajme nga Ulqini<\/title>\n<meta name=\"description\" content=\"DINO G ft Mirso vijne para publikut ,me nje kenge te perpunuar e cila titullohet 5 minuta, DINO G nga Lezha kurse Mirso nga Ulqini.Kjo kenge vjen ne nje\" \/>\n<meta name=\"robots\" content=\"index, follow, max-snippet:-1, max-image-preview:large, max-video-preview:-1\" \/>\n<link rel=\"canonical\" href=\"https:\/\/www.visit-ulcinj.com\/blog\/2014\/02\/08\/dino-g-ft-mirso-kenge-te-re-pese-minuta\/\" \/>\n<meta property=\"og:locale\" content=\"en_US\" \/>\n<meta property=\"og:type\" content=\"article\" \/>\n<meta property=\"og:title\" content=\"Dino G ft Mirso me k\u00ebng\u00eb t\u00eb re - Pese Minuta - Lajme nga Ulqini\" \/>\n<meta property=\"og:description\" content=\"DINO G ft Mirso vijne para publikut ,me nje kenge te perpunuar e cila titullohet 5 minuta, DINO G nga Lezha kurse Mirso nga Ulqini.Kjo kenge vjen ne nje\" \/>\n<meta property=\"og:url\" content=\"https:\/\/www.visit-ulcinj.com\/blog\/2014\/02\/08\/dino-g-ft-mirso-kenge-te-re-pese-minuta\/\" \/>\n<meta property=\"og:site_name\" content=\"Lajme nga Ulqini\" \/>\n<meta property=\"article:published_time\" content=\"2014-02-08T12:48:25+00:00\" \/>\n<meta property=\"article:modified_time\" content=\"2014-02-08T18:26:20+00:00\" \/>\n<meta property=\"og:image\" content=\"http:\/\/www.visit-ulcinj.com\/blog\/wp-content\/uploads\/2014\/02\/Mirsad-Doci-ValdetSuliq-Flori-Dino-Flori.jpg\" \/>\n<meta name=\"twitter:label1\" content=\"Written by\" \/>\n\t<meta name=\"twitter:data1\" content=\"ulqini\" \/>\n\t<meta name=\"twitter:label2\" content=\"Est. reading time\" \/>\n\t<meta name=\"twitter:data2\" content=\"1 minute\" \/>\n<script type=\"application\/ld+json\" class=\"yoast-schema-graph\">{\"@context\":\"https:\/\/schema.org\",\"@graph\":[{\"@type\":\"WebSite\",\"@id\":\"https:\/\/www.visit-ulcinj.com\/blog\/#website\",\"url\":\"https:\/\/www.visit-ulcinj.com\/blog\/\",\"name\":\"Lajme nga Ulqini\",\"description\":\"Lajme,Vijesti,Ulqini,Ulqin,Crna Gora,Mali i Zi\",\"potentialAction\":[{\"@type\":\"SearchAction\",\"target\":{\"@type\":\"EntryPoint\",\"urlTemplate\":\"https:\/\/www.visit-ulcinj.com\/blog\/?s={search_term_string}\"},\"query-input\":\"required name=search_term_string\"}],\"inLanguage\":\"en-US\"},{\"@type\":\"ImageObject\",\"inLanguage\":\"en-US\",\"@id\":\"https:\/\/www.visit-ulcinj.com\/blog\/2014\/02\/08\/dino-g-ft-mirso-kenge-te-re-pese-minuta\/#primaryimage\",\"url\":\"https:\/\/www.visit-ulcinj.com\/blog\/wp-content\/uploads\/2014\/02\/Mirsad-Doci-ValdetSuliq-Flori-Dino-Flori.jpg\",\"contentUrl\":\"https:\/\/www.visit-ulcinj.com\/blog\/wp-content\/uploads\/2014\/02\/Mirsad-Doci-ValdetSuliq-Flori-Dino-Flori.jpg\",\"width\":720,\"height\":655},{\"@type\":\"WebPage\",\"@id\":\"https:\/\/www.visit-ulcinj.com\/blog\/2014\/02\/08\/dino-g-ft-mirso-kenge-te-re-pese-minuta\/#webpage\",\"url\":\"https:\/\/www.visit-ulcinj.com\/blog\/2014\/02\/08\/dino-g-ft-mirso-kenge-te-re-pese-minuta\/\",\"name\":\"Dino G ft Mirso me k\u00ebng\u00eb t\u00eb re - Pese Minuta - Lajme nga Ulqini\",\"isPartOf\":{\"@id\":\"https:\/\/www.visit-ulcinj.com\/blog\/#website\"},\"primaryImageOfPage\":{\"@id\":\"https:\/\/www.visit-ulcinj.com\/blog\/2014\/02\/08\/dino-g-ft-mirso-kenge-te-re-pese-minuta\/#primaryimage\"},\"datePublished\":\"2014-02-08T12:48:25+00:00\",\"dateModified\":\"2014-02-08T18:26:20+00:00\",\"author\":{\"@id\":\"https:\/\/www.visit-ulcinj.com\/blog\/#\/schema\/person\/dcab619c614d3038751c63bc2aadc06d\"},\"description\":\"DINO G ft Mirso vijne para publikut ,me nje kenge te perpunuar e cila titullohet 5 minuta, DINO G nga Lezha kurse Mirso nga Ulqini.Kjo kenge vjen ne nje\",\"breadcrumb\":{\"@id\":\"https:\/\/www.visit-ulcinj.com\/blog\/2014\/02\/08\/dino-g-ft-mirso-kenge-te-re-pese-minuta\/#breadcrumb\"},\"inLanguage\":\"en-US\",\"potentialAction\":[{\"@type\":\"ReadAction\",\"target\":[\"https:\/\/www.visit-ulcinj.com\/blog\/2014\/02\/08\/dino-g-ft-mirso-kenge-te-re-pese-minuta\/\"]}]},{\"@type\":\"BreadcrumbList\",\"@id\":\"https:\/\/www.visit-ulcinj.com\/blog\/2014\/02\/08\/dino-g-ft-mirso-kenge-te-re-pese-minuta\/#breadcrumb\",\"itemListElement\":[{\"@type\":\"ListItem\",\"position\":1,\"name\":\"Dino G ft Mirso me k\u00ebng\u00eb t\u00eb re &#8211; Pese Minuta\"}]},{\"@type\":\"Person\",\"@id\":\"https:\/\/www.visit-ulcinj.com\/blog\/#\/schema\/person\/dcab619c614d3038751c63bc2aadc06d\",\"name\":\"ulqini\",\"sameAs\":[\"http:\/\/www.visit-ulcinj.com\"],\"url\":\"https:\/\/www.visit-ulcinj.com\/blog\/author\/admin\/\"}]}<\/script>\n<!-- \/ Yoast SEO plugin. -->","yoast_head_json":{"title":"Dino G ft Mirso me k\u00ebng\u00eb t\u00eb re - Pese Minuta - Lajme nga Ulqini","description":"DINO G ft Mirso vijne para publikut ,me nje kenge te perpunuar e cila titullohet 5 minuta, DINO G nga Lezha kurse Mirso nga Ulqini.Kjo kenge vjen ne nje","robots":{"index":"index","follow":"follow","max-snippet":"max-snippet:-1","max-image-preview":"max-image-preview:large","max-video-preview":"max-video-preview:-1"},"canonical":"https:\/\/www.visit-ulcinj.com\/blog\/2014\/02\/08\/dino-g-ft-mirso-kenge-te-re-pese-minuta\/","og_locale":"en_US","og_type":"article","og_title":"Dino G ft Mirso me k\u00ebng\u00eb t\u00eb re - Pese Minuta - Lajme nga Ulqini","og_description":"DINO G ft Mirso vijne para publikut ,me nje kenge te perpunuar e cila titullohet 5 minuta, DINO G nga Lezha kurse Mirso nga Ulqini.Kjo kenge vjen ne nje","og_url":"https:\/\/www.visit-ulcinj.com\/blog\/2014\/02\/08\/dino-g-ft-mirso-kenge-te-re-pese-minuta\/","og_site_name":"Lajme nga Ulqini","article_published_time":"2014-02-08T12:48:25+00:00","article_modified_time":"2014-02-08T18:26:20+00:00","og_image":[{"url":"http:\/\/www.visit-ulcinj.com\/blog\/wp-content\/uploads\/2014\/02\/Mirsad-Doci-ValdetSuliq-Flori-Dino-Flori.jpg"}],"twitter_misc":{"Written by":"ulqini","Est. reading time":"1 minute"},"schema":{"@context":"https:\/\/schema.org","@graph":[{"@type":"WebSite","@id":"https:\/\/www.visit-ulcinj.com\/blog\/#website","url":"https:\/\/www.visit-ulcinj.com\/blog\/","name":"Lajme nga Ulqini","description":"Lajme,Vijesti,Ulqini,Ulqin,Crna Gora,Mali i Zi","potentialAction":[{"@type":"SearchAction","target":{"@type":"EntryPoint","urlTemplate":"https:\/\/www.visit-ulcinj.com\/blog\/?s={search_term_string}"},"query-input":"required name=search_term_string"}],"inLanguage":"en-US"},{"@type":"ImageObject","inLanguage":"en-US","@id":"https:\/\/www.visit-ulcinj.com\/blog\/2014\/02\/08\/dino-g-ft-mirso-kenge-te-re-pese-minuta\/#primaryimage","url":"https:\/\/www.visit-ulcinj.com\/blog\/wp-content\/uploads\/2014\/02\/Mirsad-Doci-ValdetSuliq-Flori-Dino-Flori.jpg","contentUrl":"https:\/\/www.visit-ulcinj.com\/blog\/wp-content\/uploads\/2014\/02\/Mirsad-Doci-ValdetSuliq-Flori-Dino-Flori.jpg","width":720,"height":655},{"@type":"WebPage","@id":"https:\/\/www.visit-ulcinj.com\/blog\/2014\/02\/08\/dino-g-ft-mirso-kenge-te-re-pese-minuta\/#webpage","url":"https:\/\/www.visit-ulcinj.com\/blog\/2014\/02\/08\/dino-g-ft-mirso-kenge-te-re-pese-minuta\/","name":"Dino G ft Mirso me k\u00ebng\u00eb t\u00eb re - Pese Minuta - Lajme nga Ulqini","isPartOf":{"@id":"https:\/\/www.visit-ulcinj.com\/blog\/#website"},"primaryImageOfPage":{"@id":"https:\/\/www.visit-ulcinj.com\/blog\/2014\/02\/08\/dino-g-ft-mirso-kenge-te-re-pese-minuta\/#primaryimage"},"datePublished":"2014-02-08T12:48:25+00:00","dateModified":"2014-02-08T18:26:20+00:00","author":{"@id":"https:\/\/www.visit-ulcinj.com\/blog\/#\/schema\/person\/dcab619c614d3038751c63bc2aadc06d"},"description":"DINO G ft Mirso vijne para publikut ,me nje kenge te perpunuar e cila titullohet 5 minuta, DINO G nga Lezha kurse Mirso nga Ulqini.Kjo kenge vjen ne nje","breadcrumb":{"@id":"https:\/\/www.visit-ulcinj.com\/blog\/2014\/02\/08\/dino-g-ft-mirso-kenge-te-re-pese-minuta\/#breadcrumb"},"inLanguage":"en-US","potentialAction":[{"@type":"ReadAction","target":["https:\/\/www.visit-ulcinj.com\/blog\/2014\/02\/08\/dino-g-ft-mirso-kenge-te-re-pese-minuta\/"]}]},{"@type":"BreadcrumbList","@id":"https:\/\/www.visit-ulcinj.com\/blog\/2014\/02\/08\/dino-g-ft-mirso-kenge-te-re-pese-minuta\/#breadcrumb","itemListElement":[{"@type":"ListItem","position":1,"name":"Dino G ft Mirso me k\u00ebng\u00eb t\u00eb re &#8211; Pese Minuta"}]},{"@type":"Person","@id":"https:\/\/www.visit-ulcinj.com\/blog\/#\/schema\/person\/dcab619c614d3038751c63bc2aadc06d","name":"ulqini","sameAs":["http:\/\/www.visit-ulcinj.com"],"url":"https:\/\/www.visit-ulcinj.com\/blog\/author\/admin\/"}]}},"jetpack_featured_media_url":"","jetpack_sharing_enabled":true,"jetpack_shortlink":"https:\/\/wp.me\/pe6lTn-kFa","_links":{"self":[{"href":"https:\/\/www.visit-ulcinj.com\/blog\/wp-json\/wp\/v2\/posts\/79432"}],"collection":[{"href":"https:\/\/www.visit-ulcinj.com\/blog\/wp-json\/wp\/v2\/posts"}],"about":[{"href":"https:\/\/www.visit-ulcinj.com\/blog\/wp-json\/wp\/v2\/types\/post"}],"author":[{"embeddable":true,"href":"https:\/\/www.visit-ulcinj.com\/blog\/wp-json\/wp\/v2\/users\/1"}],"replies":[{"embeddable":true,"href":"https:\/\/www.visit-ulcinj.com\/blog\/wp-json\/wp\/v2\/comments?post=79432"}],"version-history":[{"count":4,"href":"https:\/\/www.visit-ulcinj.com\/blog\/wp-json\/wp\/v2\/posts\/79432\/revisions"}],"predecessor-version":[{"id":79444,"href":"https:\/\/www.visit-ulcinj.com\/blog\/wp-json\/wp\/v2\/posts\/79432\/revisions\/79444"}],"wp:attachment":[{"href":"https:\/\/www.visit-ulcinj.com\/blog\/wp-json\/wp\/v2\/media?parent=79432"}],"wp:term":[{"taxonomy":"category","embeddable":true,"href":"https:\/\/www.visit-ulcinj.com\/blog\/wp-json\/wp\/v2\/categories?post=79432"},{"taxonomy":"post_tag","embeddable":true,"href":"https:\/\/www.visit-ulcinj.com\/blog\/wp-json\/wp\/v2\/tags?post=79432"}],"curies":[{"name":"wp","href":"https:\/\/api.w.org\/{rel}","templated":true}]}}