{"id":79435,"date":"2014-02-08T14:22:53","date_gmt":"2014-02-08T13:22:53","guid":{"rendered":"http:\/\/www.visit-ulcinj.com\/blog\/?p=79435"},"modified":"2014-02-11T21:23:58","modified_gmt":"2014-02-11T20:23:58","slug":"fuqizohet-mbeshtetja-e-fatmir-gjekes-per-kryetar-te-ulqinit","status":"publish","type":"post","link":"https:\/\/www.visit-ulcinj.com\/blog\/2014\/02\/08\/fuqizohet-mbeshtetja-e-fatmir-gjekes-per-kryetar-te-ulqinit\/","title":{"rendered":"Fuqizohet mb\u00ebshtetja e Fatmir Gjekes p\u00ebr kryetar te Ulqinit nga Cungu dhe Zenka"},"content":{"rendered":"<p><a href=\"http:\/\/www.visit-ulcinj.com\/blog\/wp-content\/uploads\/2014\/02\/Fatmir-Gjeka-Kryetar.jpg\"><img loading=\"lazy\" class=\"alignleft  wp-image-79436\" alt=\"Fatmir-Gjeka-Kryetar\" src=\"http:\/\/www.visit-ulcinj.com\/blog\/wp-content\/uploads\/2014\/02\/Fatmir-Gjeka-Kryetar.jpg\" width=\"508\" height=\"360\" \/><\/a>Duke u bazuar ne rrethana te gazetes &#8220;DAN&#8221; kryetari i Forc\u00ebs Nazif Cungu zyrtarisht i ka ofruar koalicionit &#8220;S\u00eb bashku p\u00ebr t\u00eb ardhmen e Ulqinit&#8221; Fatmir Gjeka pozit\u00ebn e kryetarit t\u00eb komun\u00ebs s\u00eb Ulqinit.<\/p>\n<p>Kryetari i Unionit Demokratik t\u00eb Shqiptar\u00ebve Mehmet Zenka tha p\u00ebr Gazet\u00ebn &#8220;DAN&#8221; n\u00ebse Fatmir\u00a0 Gjeka pranon ofert\u00ebn, edhe un\u00eb gjithashtu do t\u00eb mb\u00ebshtes\u00eb zgjedhjen e tij.<\/p>\n<p>Bashkimi i subjekteve shqiptare n\u00eb komun\u00ebn e Ulqinit tash mvaret nga Fatmir Gjeka,\u00a0 dhe koalicioni\u00a0&#8220;S\u00eb bashku p\u00ebr t\u00eb ardhmen e Ulqinit&#8221;.<\/p>\n<p>1.<!--YouTube Error: bad URL entered--><\/p>\n<p>2.<!-- vimeo error: not a vimeo video --><\/p>\n","protected":false},"excerpt":{"rendered":"<p>Duke u bazuar ne rrethana te gazetes &#8220;DAN&#8221; kryetari i Forc\u00ebs Nazif Cungu zyrtarisht i ka ofruar koalicionit &#8220;S\u00eb bashku p\u00ebr t\u00eb ardhmen e Ulqinit&#8221; Fatmir Gjeka pozit\u00ebn e kryetarit t\u00eb komun\u00ebs s\u00eb Ulqinit. Kryetari i Unionit Demokratik t\u00eb Shqiptar\u00ebve Mehmet Zenka tha p\u00ebr Gazet\u00ebn &#8220;DAN&#8221; n\u00ebse Fatmir\u00a0 Gjeka pranon ofert\u00ebn, edhe un\u00eb gjithashtu do [&hellip;]<\/p>\n","protected":false},"author":1,"featured_media":0,"comment_status":"closed","ping_status":"closed","sticky":false,"template":"","format":"standard","meta":{"spay_email":"","jetpack_publicize_message":"","jetpack_is_tweetstorm":false,"jetpack_publicize_feature_enabled":true},"categories":[1,2451,13],"tags":[],"jetpack_publicize_connections":[],"yoast_head":"<!-- This site is optimized with the Yoast SEO plugin v19.1 - https:\/\/yoast.com\/wordpress\/plugins\/seo\/ -->\n<title>Fuqizohet mb\u00ebshtetja e Fatmir Gjekes p\u00ebr kryetar te Ulqinit nga Cungu dhe Zenka - Lajme nga Ulqini<\/title>\n<meta name=\"description\" content=\"Duke u bazuar ne rrethana te gazetes &quot;DAN&quot; kryetari i Forc\u00ebs Nazif Cungu zyrtarisht i ka ofruar koalicionit &quot;S\u00eb bashku p\u00ebr t\u00eb ardhmen e Ulqinit&quot; Fatmir\" \/>\n<meta name=\"robots\" content=\"index, follow, max-snippet:-1, max-image-preview:large, max-video-preview:-1\" \/>\n<link rel=\"canonical\" href=\"https:\/\/www.visit-ulcinj.com\/blog\/2014\/02\/08\/fuqizohet-mbeshtetja-e-fatmir-gjekes-per-kryetar-te-ulqinit\/\" \/>\n<meta property=\"og:locale\" content=\"en_US\" \/>\n<meta property=\"og:type\" content=\"article\" \/>\n<meta property=\"og:title\" content=\"Fuqizohet mb\u00ebshtetja e Fatmir Gjekes p\u00ebr kryetar te Ulqinit nga Cungu dhe Zenka - Lajme nga Ulqini\" \/>\n<meta property=\"og:description\" content=\"Duke u bazuar ne rrethana te gazetes &quot;DAN&quot; kryetari i Forc\u00ebs Nazif Cungu zyrtarisht i ka ofruar koalicionit &quot;S\u00eb bashku p\u00ebr t\u00eb ardhmen e Ulqinit&quot; Fatmir\" \/>\n<meta property=\"og:url\" content=\"https:\/\/www.visit-ulcinj.com\/blog\/2014\/02\/08\/fuqizohet-mbeshtetja-e-fatmir-gjekes-per-kryetar-te-ulqinit\/\" \/>\n<meta property=\"og:site_name\" content=\"Lajme nga Ulqini\" \/>\n<meta property=\"article:published_time\" content=\"2014-02-08T13:22:53+00:00\" \/>\n<meta property=\"article:modified_time\" content=\"2014-02-11T20:23:58+00:00\" \/>\n<meta property=\"og:image\" content=\"http:\/\/www.visit-ulcinj.com\/blog\/wp-content\/uploads\/2014\/02\/Fatmir-Gjeka-Kryetar.jpg\" \/>\n<meta name=\"twitter:label1\" content=\"Written by\" \/>\n\t<meta name=\"twitter:data1\" content=\"ulqini\" \/>\n\t<meta name=\"twitter:label2\" content=\"Est. reading time\" \/>\n\t<meta name=\"twitter:data2\" content=\"1 minute\" \/>\n<script type=\"application\/ld+json\" class=\"yoast-schema-graph\">{\"@context\":\"https:\/\/schema.org\",\"@graph\":[{\"@type\":\"WebSite\",\"@id\":\"https:\/\/www.visit-ulcinj.com\/blog\/#website\",\"url\":\"https:\/\/www.visit-ulcinj.com\/blog\/\",\"name\":\"Lajme nga Ulqini\",\"description\":\"Lajme,Vijesti,Ulqini,Ulqin,Crna Gora,Mali i Zi\",\"potentialAction\":[{\"@type\":\"SearchAction\",\"target\":{\"@type\":\"EntryPoint\",\"urlTemplate\":\"https:\/\/www.visit-ulcinj.com\/blog\/?s={search_term_string}\"},\"query-input\":\"required name=search_term_string\"}],\"inLanguage\":\"en-US\"},{\"@type\":\"ImageObject\",\"inLanguage\":\"en-US\",\"@id\":\"https:\/\/www.visit-ulcinj.com\/blog\/2014\/02\/08\/fuqizohet-mbeshtetja-e-fatmir-gjekes-per-kryetar-te-ulqinit\/#primaryimage\",\"url\":\"https:\/\/www.visit-ulcinj.com\/blog\/wp-content\/uploads\/2014\/02\/Fatmir-Gjeka-Kryetar.jpg\",\"contentUrl\":\"https:\/\/www.visit-ulcinj.com\/blog\/wp-content\/uploads\/2014\/02\/Fatmir-Gjeka-Kryetar.jpg\",\"width\":892,\"height\":514},{\"@type\":\"WebPage\",\"@id\":\"https:\/\/www.visit-ulcinj.com\/blog\/2014\/02\/08\/fuqizohet-mbeshtetja-e-fatmir-gjekes-per-kryetar-te-ulqinit\/#webpage\",\"url\":\"https:\/\/www.visit-ulcinj.com\/blog\/2014\/02\/08\/fuqizohet-mbeshtetja-e-fatmir-gjekes-per-kryetar-te-ulqinit\/\",\"name\":\"Fuqizohet mb\u00ebshtetja e Fatmir Gjekes p\u00ebr kryetar te Ulqinit nga Cungu dhe Zenka - Lajme nga Ulqini\",\"isPartOf\":{\"@id\":\"https:\/\/www.visit-ulcinj.com\/blog\/#website\"},\"primaryImageOfPage\":{\"@id\":\"https:\/\/www.visit-ulcinj.com\/blog\/2014\/02\/08\/fuqizohet-mbeshtetja-e-fatmir-gjekes-per-kryetar-te-ulqinit\/#primaryimage\"},\"datePublished\":\"2014-02-08T13:22:53+00:00\",\"dateModified\":\"2014-02-11T20:23:58+00:00\",\"author\":{\"@id\":\"https:\/\/www.visit-ulcinj.com\/blog\/#\/schema\/person\/dcab619c614d3038751c63bc2aadc06d\"},\"description\":\"Duke u bazuar ne rrethana te gazetes \\\"DAN\\\" kryetari i Forc\u00ebs Nazif Cungu zyrtarisht i ka ofruar koalicionit \\\"S\u00eb bashku p\u00ebr t\u00eb ardhmen e Ulqinit\\\" Fatmir\",\"breadcrumb\":{\"@id\":\"https:\/\/www.visit-ulcinj.com\/blog\/2014\/02\/08\/fuqizohet-mbeshtetja-e-fatmir-gjekes-per-kryetar-te-ulqinit\/#breadcrumb\"},\"inLanguage\":\"en-US\",\"potentialAction\":[{\"@type\":\"ReadAction\",\"target\":[\"https:\/\/www.visit-ulcinj.com\/blog\/2014\/02\/08\/fuqizohet-mbeshtetja-e-fatmir-gjekes-per-kryetar-te-ulqinit\/\"]}]},{\"@type\":\"BreadcrumbList\",\"@id\":\"https:\/\/www.visit-ulcinj.com\/blog\/2014\/02\/08\/fuqizohet-mbeshtetja-e-fatmir-gjekes-per-kryetar-te-ulqinit\/#breadcrumb\",\"itemListElement\":[{\"@type\":\"ListItem\",\"position\":1,\"name\":\"Fuqizohet mb\u00ebshtetja e Fatmir Gjekes p\u00ebr kryetar te Ulqinit nga Cungu dhe Zenka\"}]},{\"@type\":\"Person\",\"@id\":\"https:\/\/www.visit-ulcinj.com\/blog\/#\/schema\/person\/dcab619c614d3038751c63bc2aadc06d\",\"name\":\"ulqini\",\"sameAs\":[\"http:\/\/www.visit-ulcinj.com\"],\"url\":\"https:\/\/www.visit-ulcinj.com\/blog\/author\/admin\/\"}]}<\/script>\n<!-- \/ Yoast SEO plugin. -->","yoast_head_json":{"title":"Fuqizohet mb\u00ebshtetja e Fatmir Gjekes p\u00ebr kryetar te Ulqinit nga Cungu dhe Zenka - Lajme nga Ulqini","description":"Duke u bazuar ne rrethana te gazetes \"DAN\" kryetari i Forc\u00ebs Nazif Cungu zyrtarisht i ka ofruar koalicionit \"S\u00eb bashku p\u00ebr t\u00eb ardhmen e Ulqinit\" Fatmir","robots":{"index":"index","follow":"follow","max-snippet":"max-snippet:-1","max-image-preview":"max-image-preview:large","max-video-preview":"max-video-preview:-1"},"canonical":"https:\/\/www.visit-ulcinj.com\/blog\/2014\/02\/08\/fuqizohet-mbeshtetja-e-fatmir-gjekes-per-kryetar-te-ulqinit\/","og_locale":"en_US","og_type":"article","og_title":"Fuqizohet mb\u00ebshtetja e Fatmir Gjekes p\u00ebr kryetar te Ulqinit nga Cungu dhe Zenka - Lajme nga Ulqini","og_description":"Duke u bazuar ne rrethana te gazetes \"DAN\" kryetari i Forc\u00ebs Nazif Cungu zyrtarisht i ka ofruar koalicionit \"S\u00eb bashku p\u00ebr t\u00eb ardhmen e Ulqinit\" Fatmir","og_url":"https:\/\/www.visit-ulcinj.com\/blog\/2014\/02\/08\/fuqizohet-mbeshtetja-e-fatmir-gjekes-per-kryetar-te-ulqinit\/","og_site_name":"Lajme nga Ulqini","article_published_time":"2014-02-08T13:22:53+00:00","article_modified_time":"2014-02-11T20:23:58+00:00","og_image":[{"url":"http:\/\/www.visit-ulcinj.com\/blog\/wp-content\/uploads\/2014\/02\/Fatmir-Gjeka-Kryetar.jpg"}],"twitter_misc":{"Written by":"ulqini","Est. reading time":"1 minute"},"schema":{"@context":"https:\/\/schema.org","@graph":[{"@type":"WebSite","@id":"https:\/\/www.visit-ulcinj.com\/blog\/#website","url":"https:\/\/www.visit-ulcinj.com\/blog\/","name":"Lajme nga Ulqini","description":"Lajme,Vijesti,Ulqini,Ulqin,Crna Gora,Mali i Zi","potentialAction":[{"@type":"SearchAction","target":{"@type":"EntryPoint","urlTemplate":"https:\/\/www.visit-ulcinj.com\/blog\/?s={search_term_string}"},"query-input":"required name=search_term_string"}],"inLanguage":"en-US"},{"@type":"ImageObject","inLanguage":"en-US","@id":"https:\/\/www.visit-ulcinj.com\/blog\/2014\/02\/08\/fuqizohet-mbeshtetja-e-fatmir-gjekes-per-kryetar-te-ulqinit\/#primaryimage","url":"https:\/\/www.visit-ulcinj.com\/blog\/wp-content\/uploads\/2014\/02\/Fatmir-Gjeka-Kryetar.jpg","contentUrl":"https:\/\/www.visit-ulcinj.com\/blog\/wp-content\/uploads\/2014\/02\/Fatmir-Gjeka-Kryetar.jpg","width":892,"height":514},{"@type":"WebPage","@id":"https:\/\/www.visit-ulcinj.com\/blog\/2014\/02\/08\/fuqizohet-mbeshtetja-e-fatmir-gjekes-per-kryetar-te-ulqinit\/#webpage","url":"https:\/\/www.visit-ulcinj.com\/blog\/2014\/02\/08\/fuqizohet-mbeshtetja-e-fatmir-gjekes-per-kryetar-te-ulqinit\/","name":"Fuqizohet mb\u00ebshtetja e Fatmir Gjekes p\u00ebr kryetar te Ulqinit nga Cungu dhe Zenka - Lajme nga Ulqini","isPartOf":{"@id":"https:\/\/www.visit-ulcinj.com\/blog\/#website"},"primaryImageOfPage":{"@id":"https:\/\/www.visit-ulcinj.com\/blog\/2014\/02\/08\/fuqizohet-mbeshtetja-e-fatmir-gjekes-per-kryetar-te-ulqinit\/#primaryimage"},"datePublished":"2014-02-08T13:22:53+00:00","dateModified":"2014-02-11T20:23:58+00:00","author":{"@id":"https:\/\/www.visit-ulcinj.com\/blog\/#\/schema\/person\/dcab619c614d3038751c63bc2aadc06d"},"description":"Duke u bazuar ne rrethana te gazetes \"DAN\" kryetari i Forc\u00ebs Nazif Cungu zyrtarisht i ka ofruar koalicionit \"S\u00eb bashku p\u00ebr t\u00eb ardhmen e Ulqinit\" Fatmir","breadcrumb":{"@id":"https:\/\/www.visit-ulcinj.com\/blog\/2014\/02\/08\/fuqizohet-mbeshtetja-e-fatmir-gjekes-per-kryetar-te-ulqinit\/#breadcrumb"},"inLanguage":"en-US","potentialAction":[{"@type":"ReadAction","target":["https:\/\/www.visit-ulcinj.com\/blog\/2014\/02\/08\/fuqizohet-mbeshtetja-e-fatmir-gjekes-per-kryetar-te-ulqinit\/"]}]},{"@type":"BreadcrumbList","@id":"https:\/\/www.visit-ulcinj.com\/blog\/2014\/02\/08\/fuqizohet-mbeshtetja-e-fatmir-gjekes-per-kryetar-te-ulqinit\/#breadcrumb","itemListElement":[{"@type":"ListItem","position":1,"name":"Fuqizohet mb\u00ebshtetja e Fatmir Gjekes p\u00ebr kryetar te Ulqinit nga Cungu dhe Zenka"}]},{"@type":"Person","@id":"https:\/\/www.visit-ulcinj.com\/blog\/#\/schema\/person\/dcab619c614d3038751c63bc2aadc06d","name":"ulqini","sameAs":["http:\/\/www.visit-ulcinj.com"],"url":"https:\/\/www.visit-ulcinj.com\/blog\/author\/admin\/"}]}},"jetpack_featured_media_url":"","jetpack_sharing_enabled":true,"jetpack_shortlink":"https:\/\/wp.me\/pe6lTn-kFd","_links":{"self":[{"href":"https:\/\/www.visit-ulcinj.com\/blog\/wp-json\/wp\/v2\/posts\/79435"}],"collection":[{"href":"https:\/\/www.visit-ulcinj.com\/blog\/wp-json\/wp\/v2\/posts"}],"about":[{"href":"https:\/\/www.visit-ulcinj.com\/blog\/wp-json\/wp\/v2\/types\/post"}],"author":[{"embeddable":true,"href":"https:\/\/www.visit-ulcinj.com\/blog\/wp-json\/wp\/v2\/users\/1"}],"replies":[{"embeddable":true,"href":"https:\/\/www.visit-ulcinj.com\/blog\/wp-json\/wp\/v2\/comments?post=79435"}],"version-history":[{"count":2,"href":"https:\/\/www.visit-ulcinj.com\/blog\/wp-json\/wp\/v2\/posts\/79435\/revisions"}],"predecessor-version":[{"id":79438,"href":"https:\/\/www.visit-ulcinj.com\/blog\/wp-json\/wp\/v2\/posts\/79435\/revisions\/79438"}],"wp:attachment":[{"href":"https:\/\/www.visit-ulcinj.com\/blog\/wp-json\/wp\/v2\/media?parent=79435"}],"wp:term":[{"taxonomy":"category","embeddable":true,"href":"https:\/\/www.visit-ulcinj.com\/blog\/wp-json\/wp\/v2\/categories?post=79435"},{"taxonomy":"post_tag","embeddable":true,"href":"https:\/\/www.visit-ulcinj.com\/blog\/wp-json\/wp\/v2\/tags?post=79435"}],"curies":[{"name":"wp","href":"https:\/\/api.w.org\/{rel}","templated":true}]}}