{"id":79441,"date":"2014-02-08T19:09:48","date_gmt":"2014-02-08T18:09:48","guid":{"rendered":"http:\/\/www.visit-ulcinj.com\/blog\/?p=79441"},"modified":"2014-02-08T19:09:48","modified_gmt":"2014-02-08T18:09:48","slug":"abazovic-kasnjenja-u-implementaciji-los-signal","status":"publish","type":"post","link":"https:\/\/www.visit-ulcinj.com\/blog\/2014\/02\/08\/abazovic-kasnjenja-u-implementaciji-los-signal\/","title":{"rendered":"Abazovi\u0107: Ka\u0161njenja u implementaciji lo\u0161 signal"},"content":{"rendered":"<p><a href=\"http:\/\/www.visit-ulcinj.com\/blog\/wp-content\/uploads\/2013\/06\/Dritan-Abazovic-poslanik-Pozitivna-Crna-Gora.jpg\"><img loading=\"lazy\" class=\"alignleft  wp-image-72275\" alt=\"Dritan-Abazovic-poslanik-Pozitivna-Crna-Gora\" src=\"http:\/\/www.visit-ulcinj.com\/blog\/wp-content\/uploads\/2013\/06\/Dritan-Abazovic-poslanik-Pozitivna-Crna-Gora.jpg\" width=\"508\" height=\"360\" \/><\/a>Ka\u0161njenja u implementaciji akcionih planova za poglavlja 23 i 24, koja su krucijalna za pristupanje Crne Gore Evropskoj uniji, lo\u0161 su signal dr\u017eave i nepovoljna vijest za gra\u0111ane, ocijenio je Poslanik Pozitivne, Dritan Abazovi\u0107.<\/p>\n<p>On smatra da se \u0161to prije moraju ispuniti obaveze.\u00a0Dr\u017eavne institucije od jula do decembra pro\u0161le godine nijesu usvojile skoro dvije tre\u0107ine zakona koji su bili predvi\u0111eni Akcionim planom za poglavlje 23.<\/p>\n<p>Kako je rekao Abazovi\u0107 agenciji Mina, bilo kakva ka\u0161njenja u implementaciji akcionih planova za poglavlja 23 i 24, koja su krucijalna za Crnu Goru, lo\u0161 su signal i lo\u0161a vijest za gra\u0111ane.<\/p>\n<p>&#8220;Ko je kriv nije te\u0161ko otkriti, niti pretpostaviti. Krivi su oni kojima najmanje odgovara da se ti planovi primjenjuju i oni koji ne \u017eele da borba protiv korupcije dobije obrise kvalitetne i pouzdane akcije&#8221;, ocijenio je Abazovi\u0107.<\/p>\n<p>U narednom periodu se, apelovao je, moraju ispuniti obaveze.<\/p>\n<p>&#8220;Parlament treba da preuzme dio odgovornosti koji se ti\u010de dono\u0161njena zakona, Vlada \u0161to se ti\u010de predloga i da samim tim iza\u0111emo iz za\u010daranog kruga i da poku\u0161amo da u \u0161to skorijoj mjeri ostvarimo neophodne pretpostavke da bi se krenulo u kvalitetnu borbu protiv korupcije&#8221;, kazao je Abazovi\u0107.<\/p>\n<p>Sve je, smatra on, stvar politi\u010dke volje i nije problem u tehni\u010dkim propustima.<\/p>\n<p>Abazovi\u0107 smatra da u Crnoj Gori nema politi\u010dke volje da se uhvati u ko\u0161tac sa korupcijom i organizovanim kriminalom i onda se, kako je naveo, tra\u017ee opravdanja u nekoordinaciji i tehni\u010dkim kapacitetima.<\/p>\n<p>&#8220;Mislim da je do\u0161lo vrijeme da se dozovemo pameti i da prestanemo da tra\u017eimo poja\u0161njenja od kojih najmanje koristi imaju gra\u0111ani kao i da ono \u0161to su na\u0161e obaveze sprovodimo u djelo&#8221;, poru\u010dio je on.<\/p>\n<p>Abazovi\u0107 smatra da \u0107e EU sve vi\u0161e nadgledati Crnu Goru.<\/p>\n<p>&#8220;Monitoring Brisela bi\u0107e sve ve\u0107i, a Crna Gora ve\u0107 gubi onu prepoznatljivost u liderstvu vezanu za evropske integracije koju je imala dok nije morala da ispunjava krucijalne zahtjeve, ve\u0107 dok je mogla da sve pravda regionalnim kretanjima i demago\u0161kim zalaganjem&#8221;, zaklju\u010dio je on.<\/p>\n<p><strong>Izvor: RTCG<\/strong><\/p>\n","protected":false},"excerpt":{"rendered":"<p>Ka\u0161njenja u implementaciji akcionih planova za poglavlja 23 i 24, koja su krucijalna za pristupanje Crne Gore Evropskoj uniji, lo\u0161 su signal dr\u017eave i nepovoljna vijest za gra\u0111ane, ocijenio je Poslanik Pozitivne, Dritan Abazovi\u0107. On smatra da se \u0161to prije moraju ispuniti obaveze.\u00a0Dr\u017eavne institucije od jula do decembra pro\u0161le godine nijesu usvojile skoro dvije tre\u0107ine [&hellip;]<\/p>\n","protected":false},"author":1,"featured_media":0,"comment_status":"closed","ping_status":"closed","sticky":false,"template":"","format":"standard","meta":{"spay_email":"","jetpack_publicize_message":"","jetpack_is_tweetstorm":false,"jetpack_publicize_feature_enabled":true},"categories":[6950],"tags":[],"jetpack_publicize_connections":[],"yoast_head":"<!-- This site is optimized with the Yoast SEO plugin v19.1 - https:\/\/yoast.com\/wordpress\/plugins\/seo\/ -->\n<title>Abazovi\u0107: Ka\u0161njenja u implementaciji lo\u0161 signal - Lajme nga Ulqini<\/title>\n<meta name=\"description\" content=\"Ka\u0161njenja u implementaciji akcionih planova za poglavlja 23 i 24, koja su krucijalna za pristupanje Crne Gore Evropskoj uniji, lo\u0161 su signal dr\u017eave i\" \/>\n<meta name=\"robots\" content=\"index, follow, max-snippet:-1, max-image-preview:large, max-video-preview:-1\" \/>\n<link rel=\"canonical\" href=\"https:\/\/www.visit-ulcinj.com\/blog\/2014\/02\/08\/abazovic-kasnjenja-u-implementaciji-los-signal\/\" \/>\n<meta property=\"og:locale\" content=\"en_US\" \/>\n<meta property=\"og:type\" content=\"article\" \/>\n<meta property=\"og:title\" content=\"Abazovi\u0107: Ka\u0161njenja u implementaciji lo\u0161 signal - Lajme nga Ulqini\" \/>\n<meta property=\"og:description\" content=\"Ka\u0161njenja u implementaciji akcionih planova za poglavlja 23 i 24, koja su krucijalna za pristupanje Crne Gore Evropskoj uniji, lo\u0161 su signal dr\u017eave i\" \/>\n<meta property=\"og:url\" content=\"https:\/\/www.visit-ulcinj.com\/blog\/2014\/02\/08\/abazovic-kasnjenja-u-implementaciji-los-signal\/\" \/>\n<meta property=\"og:site_name\" content=\"Lajme nga Ulqini\" \/>\n<meta property=\"article:published_time\" content=\"2014-02-08T18:09:48+00:00\" \/>\n<meta property=\"og:image\" content=\"http:\/\/www.visit-ulcinj.com\/blog\/wp-content\/uploads\/2013\/06\/Dritan-Abazovic-poslanik-Pozitivna-Crna-Gora.jpg\" \/>\n<meta name=\"twitter:label1\" content=\"Written by\" \/>\n\t<meta name=\"twitter:data1\" content=\"ulqini\" \/>\n\t<meta name=\"twitter:label2\" content=\"Est. reading time\" \/>\n\t<meta name=\"twitter:data2\" content=\"2 minutes\" \/>\n<script type=\"application\/ld+json\" class=\"yoast-schema-graph\">{\"@context\":\"https:\/\/schema.org\",\"@graph\":[{\"@type\":\"WebSite\",\"@id\":\"https:\/\/www.visit-ulcinj.com\/blog\/#website\",\"url\":\"https:\/\/www.visit-ulcinj.com\/blog\/\",\"name\":\"Lajme nga Ulqini\",\"description\":\"Lajme,Vijesti,Ulqini,Ulqin,Crna Gora,Mali i Zi\",\"potentialAction\":[{\"@type\":\"SearchAction\",\"target\":{\"@type\":\"EntryPoint\",\"urlTemplate\":\"https:\/\/www.visit-ulcinj.com\/blog\/?s={search_term_string}\"},\"query-input\":\"required name=search_term_string\"}],\"inLanguage\":\"en-US\"},{\"@type\":\"ImageObject\",\"inLanguage\":\"en-US\",\"@id\":\"https:\/\/www.visit-ulcinj.com\/blog\/2014\/02\/08\/abazovic-kasnjenja-u-implementaciji-los-signal\/#primaryimage\",\"url\":\"https:\/\/www.visit-ulcinj.com\/blog\/wp-content\/uploads\/2013\/06\/Dritan-Abazovic-poslanik-Pozitivna-Crna-Gora.jpg\",\"contentUrl\":\"https:\/\/www.visit-ulcinj.com\/blog\/wp-content\/uploads\/2013\/06\/Dritan-Abazovic-poslanik-Pozitivna-Crna-Gora.jpg\",\"width\":1024,\"height\":648},{\"@type\":\"WebPage\",\"@id\":\"https:\/\/www.visit-ulcinj.com\/blog\/2014\/02\/08\/abazovic-kasnjenja-u-implementaciji-los-signal\/#webpage\",\"url\":\"https:\/\/www.visit-ulcinj.com\/blog\/2014\/02\/08\/abazovic-kasnjenja-u-implementaciji-los-signal\/\",\"name\":\"Abazovi\u0107: Ka\u0161njenja u implementaciji lo\u0161 signal - Lajme nga Ulqini\",\"isPartOf\":{\"@id\":\"https:\/\/www.visit-ulcinj.com\/blog\/#website\"},\"primaryImageOfPage\":{\"@id\":\"https:\/\/www.visit-ulcinj.com\/blog\/2014\/02\/08\/abazovic-kasnjenja-u-implementaciji-los-signal\/#primaryimage\"},\"datePublished\":\"2014-02-08T18:09:48+00:00\",\"dateModified\":\"2014-02-08T18:09:48+00:00\",\"author\":{\"@id\":\"https:\/\/www.visit-ulcinj.com\/blog\/#\/schema\/person\/dcab619c614d3038751c63bc2aadc06d\"},\"description\":\"Ka\u0161njenja u implementaciji akcionih planova za poglavlja 23 i 24, koja su krucijalna za pristupanje Crne Gore Evropskoj uniji, lo\u0161 su signal dr\u017eave i\",\"breadcrumb\":{\"@id\":\"https:\/\/www.visit-ulcinj.com\/blog\/2014\/02\/08\/abazovic-kasnjenja-u-implementaciji-los-signal\/#breadcrumb\"},\"inLanguage\":\"en-US\",\"potentialAction\":[{\"@type\":\"ReadAction\",\"target\":[\"https:\/\/www.visit-ulcinj.com\/blog\/2014\/02\/08\/abazovic-kasnjenja-u-implementaciji-los-signal\/\"]}]},{\"@type\":\"BreadcrumbList\",\"@id\":\"https:\/\/www.visit-ulcinj.com\/blog\/2014\/02\/08\/abazovic-kasnjenja-u-implementaciji-los-signal\/#breadcrumb\",\"itemListElement\":[{\"@type\":\"ListItem\",\"position\":1,\"name\":\"Abazovi\u0107: Ka\u0161njenja u implementaciji lo\u0161 signal\"}]},{\"@type\":\"Person\",\"@id\":\"https:\/\/www.visit-ulcinj.com\/blog\/#\/schema\/person\/dcab619c614d3038751c63bc2aadc06d\",\"name\":\"ulqini\",\"sameAs\":[\"http:\/\/www.visit-ulcinj.com\"],\"url\":\"https:\/\/www.visit-ulcinj.com\/blog\/author\/admin\/\"}]}<\/script>\n<!-- \/ Yoast SEO plugin. -->","yoast_head_json":{"title":"Abazovi\u0107: Ka\u0161njenja u implementaciji lo\u0161 signal - Lajme nga Ulqini","description":"Ka\u0161njenja u implementaciji akcionih planova za poglavlja 23 i 24, koja su krucijalna za pristupanje Crne Gore Evropskoj uniji, lo\u0161 su signal dr\u017eave i","robots":{"index":"index","follow":"follow","max-snippet":"max-snippet:-1","max-image-preview":"max-image-preview:large","max-video-preview":"max-video-preview:-1"},"canonical":"https:\/\/www.visit-ulcinj.com\/blog\/2014\/02\/08\/abazovic-kasnjenja-u-implementaciji-los-signal\/","og_locale":"en_US","og_type":"article","og_title":"Abazovi\u0107: Ka\u0161njenja u implementaciji lo\u0161 signal - Lajme nga Ulqini","og_description":"Ka\u0161njenja u implementaciji akcionih planova za poglavlja 23 i 24, koja su krucijalna za pristupanje Crne Gore Evropskoj uniji, lo\u0161 su signal dr\u017eave i","og_url":"https:\/\/www.visit-ulcinj.com\/blog\/2014\/02\/08\/abazovic-kasnjenja-u-implementaciji-los-signal\/","og_site_name":"Lajme nga Ulqini","article_published_time":"2014-02-08T18:09:48+00:00","og_image":[{"url":"http:\/\/www.visit-ulcinj.com\/blog\/wp-content\/uploads\/2013\/06\/Dritan-Abazovic-poslanik-Pozitivna-Crna-Gora.jpg"}],"twitter_misc":{"Written by":"ulqini","Est. reading time":"2 minutes"},"schema":{"@context":"https:\/\/schema.org","@graph":[{"@type":"WebSite","@id":"https:\/\/www.visit-ulcinj.com\/blog\/#website","url":"https:\/\/www.visit-ulcinj.com\/blog\/","name":"Lajme nga Ulqini","description":"Lajme,Vijesti,Ulqini,Ulqin,Crna Gora,Mali i Zi","potentialAction":[{"@type":"SearchAction","target":{"@type":"EntryPoint","urlTemplate":"https:\/\/www.visit-ulcinj.com\/blog\/?s={search_term_string}"},"query-input":"required name=search_term_string"}],"inLanguage":"en-US"},{"@type":"ImageObject","inLanguage":"en-US","@id":"https:\/\/www.visit-ulcinj.com\/blog\/2014\/02\/08\/abazovic-kasnjenja-u-implementaciji-los-signal\/#primaryimage","url":"https:\/\/www.visit-ulcinj.com\/blog\/wp-content\/uploads\/2013\/06\/Dritan-Abazovic-poslanik-Pozitivna-Crna-Gora.jpg","contentUrl":"https:\/\/www.visit-ulcinj.com\/blog\/wp-content\/uploads\/2013\/06\/Dritan-Abazovic-poslanik-Pozitivna-Crna-Gora.jpg","width":1024,"height":648},{"@type":"WebPage","@id":"https:\/\/www.visit-ulcinj.com\/blog\/2014\/02\/08\/abazovic-kasnjenja-u-implementaciji-los-signal\/#webpage","url":"https:\/\/www.visit-ulcinj.com\/blog\/2014\/02\/08\/abazovic-kasnjenja-u-implementaciji-los-signal\/","name":"Abazovi\u0107: Ka\u0161njenja u implementaciji lo\u0161 signal - Lajme nga Ulqini","isPartOf":{"@id":"https:\/\/www.visit-ulcinj.com\/blog\/#website"},"primaryImageOfPage":{"@id":"https:\/\/www.visit-ulcinj.com\/blog\/2014\/02\/08\/abazovic-kasnjenja-u-implementaciji-los-signal\/#primaryimage"},"datePublished":"2014-02-08T18:09:48+00:00","dateModified":"2014-02-08T18:09:48+00:00","author":{"@id":"https:\/\/www.visit-ulcinj.com\/blog\/#\/schema\/person\/dcab619c614d3038751c63bc2aadc06d"},"description":"Ka\u0161njenja u implementaciji akcionih planova za poglavlja 23 i 24, koja su krucijalna za pristupanje Crne Gore Evropskoj uniji, lo\u0161 su signal dr\u017eave i","breadcrumb":{"@id":"https:\/\/www.visit-ulcinj.com\/blog\/2014\/02\/08\/abazovic-kasnjenja-u-implementaciji-los-signal\/#breadcrumb"},"inLanguage":"en-US","potentialAction":[{"@type":"ReadAction","target":["https:\/\/www.visit-ulcinj.com\/blog\/2014\/02\/08\/abazovic-kasnjenja-u-implementaciji-los-signal\/"]}]},{"@type":"BreadcrumbList","@id":"https:\/\/www.visit-ulcinj.com\/blog\/2014\/02\/08\/abazovic-kasnjenja-u-implementaciji-los-signal\/#breadcrumb","itemListElement":[{"@type":"ListItem","position":1,"name":"Abazovi\u0107: Ka\u0161njenja u implementaciji lo\u0161 signal"}]},{"@type":"Person","@id":"https:\/\/www.visit-ulcinj.com\/blog\/#\/schema\/person\/dcab619c614d3038751c63bc2aadc06d","name":"ulqini","sameAs":["http:\/\/www.visit-ulcinj.com"],"url":"https:\/\/www.visit-ulcinj.com\/blog\/author\/admin\/"}]}},"jetpack_featured_media_url":"","jetpack_sharing_enabled":true,"jetpack_shortlink":"https:\/\/wp.me\/pe6lTn-kFj","_links":{"self":[{"href":"https:\/\/www.visit-ulcinj.com\/blog\/wp-json\/wp\/v2\/posts\/79441"}],"collection":[{"href":"https:\/\/www.visit-ulcinj.com\/blog\/wp-json\/wp\/v2\/posts"}],"about":[{"href":"https:\/\/www.visit-ulcinj.com\/blog\/wp-json\/wp\/v2\/types\/post"}],"author":[{"embeddable":true,"href":"https:\/\/www.visit-ulcinj.com\/blog\/wp-json\/wp\/v2\/users\/1"}],"replies":[{"embeddable":true,"href":"https:\/\/www.visit-ulcinj.com\/blog\/wp-json\/wp\/v2\/comments?post=79441"}],"version-history":[{"count":1,"href":"https:\/\/www.visit-ulcinj.com\/blog\/wp-json\/wp\/v2\/posts\/79441\/revisions"}],"predecessor-version":[{"id":79442,"href":"https:\/\/www.visit-ulcinj.com\/blog\/wp-json\/wp\/v2\/posts\/79441\/revisions\/79442"}],"wp:attachment":[{"href":"https:\/\/www.visit-ulcinj.com\/blog\/wp-json\/wp\/v2\/media?parent=79441"}],"wp:term":[{"taxonomy":"category","embeddable":true,"href":"https:\/\/www.visit-ulcinj.com\/blog\/wp-json\/wp\/v2\/categories?post=79441"},{"taxonomy":"post_tag","embeddable":true,"href":"https:\/\/www.visit-ulcinj.com\/blog\/wp-json\/wp\/v2\/tags?post=79441"}],"curies":[{"name":"wp","href":"https:\/\/api.w.org\/{rel}","templated":true}]}}