{"id":79453,"date":"2014-02-09T15:27:51","date_gmt":"2014-02-09T14:27:51","guid":{"rendered":"http:\/\/www.visit-ulcinj.com\/blog\/?p=79453"},"modified":"2014-02-09T17:02:25","modified_gmt":"2014-02-09T16:02:25","slug":"dua-u-pregovore-samo-sa-dps-om","status":"publish","type":"post","link":"https:\/\/www.visit-ulcinj.com\/blog\/2014\/02\/09\/dua-u-pregovore-samo-sa-dps-om\/","title":{"rendered":"DUA u pregovore samo sa DPS-om &#8211; Video 2"},"content":{"rendered":"<p><strong><strong><a href=\"http:\/\/www.visit-ulcinj.com\/blog\/wp-content\/uploads\/2014\/02\/Lider-Demokratske-unije-Albanaca-Mehmed-Zenka.jpg\"><img loading=\"lazy\" class=\"alignleft  wp-image-79462\" alt=\"Lider- Demokratske-unije-Albanaca-Mehmed-Zenka\" src=\"http:\/\/www.visit-ulcinj.com\/blog\/wp-content\/uploads\/2014\/02\/Lider-Demokratske-unije-Albanaca-Mehmed-Zenka.jpg\" width=\"508\" height=\"360\" \/><\/a>P<\/strong>redsjedni\u0161tvo Demokratske unije Albanaca (DUA) jednoglasno je odlu\u010dilo da se povu\u010de iz pregovora sa albanskim partijama radi formiranja vlasti u Ulcinju, rekao je lider te partije <strong>Mehmet Zenka,<\/strong> naglasiv\u0161i da \u0107e ubudu\u0107e pregovarati samo sa Demokratskom partijom socijalsita.<\/strong><\/p>\n<p>&#8220;DUA smatra da u je ovom trenutku Ulcinju potrebna najozbiljnija vlast koja \u0107e se posvetiti rje\u0161avanju nagomilanih problema sugra\u0111ana, a to u ovom trenutku mo\u017ee da u\u010dini stabilna kolalicija sa\u010dinjena od kvalitetnih kadrova. Ulcinju treba odgovorna i sposobna vlast koja \u0107e biti spremna da rje\u0161ava probleme gra\u0111ana, a ne koalicija trulih kompromisa, \u010diji je jedini cilj \u010duvanje sopstvenih pozicija i li\u010dnih interesa&#8221;, kazao je Zenka.<\/p>\n<p>\u201cAko drugi mogu ispod stola da uporedo sa pregovorima sa albanskim partijama vr\u0161e i druge pregovore, danas je bio jedan takav sastanak, a sino\u0107 drugi, a danas u jedan sat su trebalo da se dogovore albanske partije, to smatramo krajnje nekorektnim\u201d, kazao je predsjednik DUA.<\/p>\n<p>On je naglasio da \u201cako neko ispod stola tra\u017ei puteve da se dogovori sa DPS-om, DUA ima tu mo\u0107, hrabrost i smjelost da javno saop\u0161ti, od danas idemo na pregovore samo sa DPS-om&#8221;.<\/p>\n<p>Zenka je Kazao da je DPS dobio najve\u0107i broj mandata u Ulcinju.<\/p>\n<p>&#8220;Ne\u0107emo biti predmet nikakve trgovine, mi nismo trgovci, ve\u0107 ozbiljna partija koja djeluje 20 godina&#8221;, kazao je Zenka, naglasiv\u0161i da su odluku donijeli shodno interesima gra\u0111ana.<\/p>\n<p>&#8220;Ako neko \u017eeli da bude ve\u0107i Albanac od DUA, na\u0161ao je pogre\u0161nog partnera da se uporedi sa nama&#8221;, poru\u010dio je Zenka.<\/p>\n<p><strong>Analitika &#8211; Informativni Portal<\/strong><\/p>\n<p>[flv]http:\/\/www.infobiro.info\/files\/webvideo02cg\/Ulcinj%20Lider%20DUA%20Mehmed%20Zenka%20o%20formiranju%20koalicije%20u%20Ulcinju.flv[\/flv]<\/p>\n<p><strong>\u00a0<\/strong><\/p>\n","protected":false},"excerpt":{"rendered":"<p>Predsjedni\u0161tvo Demokratske unije Albanaca (DUA) jednoglasno je odlu\u010dilo da se povu\u010de iz pregovora sa albanskim partijama radi formiranja vlasti u Ulcinju, rekao je lider te partije Mehmet Zenka, naglasiv\u0161i da \u0107e ubudu\u0107e pregovarati samo sa Demokratskom partijom socijalsita. &#8220;DUA smatra da u je ovom trenutku Ulcinju potrebna najozbiljnija vlast koja \u0107e se posvetiti rje\u0161avanju nagomilanih [&hellip;]<\/p>\n","protected":false},"author":1,"featured_media":0,"comment_status":"closed","ping_status":"closed","sticky":false,"template":"","format":"standard","meta":{"spay_email":"","jetpack_publicize_message":"","jetpack_is_tweetstorm":false,"jetpack_publicize_feature_enabled":true},"categories":[8337],"tags":[],"jetpack_publicize_connections":[],"yoast_head":"<!-- This site is optimized with the Yoast SEO plugin v19.1 - https:\/\/yoast.com\/wordpress\/plugins\/seo\/ -->\n<title>DUA u pregovore samo sa DPS-om - Video 2 - Lajme nga Ulqini<\/title>\n<meta name=\"description\" content=\"Predsjedni\u0161tvo Demokratske unije Albanaca (DUA) jednoglasno je odlu\u010dilo da se povu\u010de iz pregovora sa albanskim partijama radi formiranja vlasti u Ulcinju,\" \/>\n<meta name=\"robots\" content=\"index, follow, max-snippet:-1, max-image-preview:large, max-video-preview:-1\" \/>\n<link rel=\"canonical\" href=\"https:\/\/www.visit-ulcinj.com\/blog\/2014\/02\/09\/dua-u-pregovore-samo-sa-dps-om\/\" \/>\n<meta property=\"og:locale\" content=\"en_US\" \/>\n<meta property=\"og:type\" content=\"article\" \/>\n<meta property=\"og:title\" content=\"DUA u pregovore samo sa DPS-om - Video 2 - Lajme nga Ulqini\" \/>\n<meta property=\"og:description\" content=\"Predsjedni\u0161tvo Demokratske unije Albanaca (DUA) jednoglasno je odlu\u010dilo da se povu\u010de iz pregovora sa albanskim partijama radi formiranja vlasti u Ulcinju,\" \/>\n<meta property=\"og:url\" content=\"https:\/\/www.visit-ulcinj.com\/blog\/2014\/02\/09\/dua-u-pregovore-samo-sa-dps-om\/\" \/>\n<meta property=\"og:site_name\" content=\"Lajme nga Ulqini\" \/>\n<meta property=\"article:published_time\" content=\"2014-02-09T14:27:51+00:00\" \/>\n<meta property=\"article:modified_time\" content=\"2014-02-09T16:02:25+00:00\" \/>\n<meta property=\"og:image\" content=\"http:\/\/www.visit-ulcinj.com\/blog\/wp-content\/uploads\/2014\/02\/Lider-Demokratske-unije-Albanaca-Mehmed-Zenka.jpg\" \/>\n<meta name=\"twitter:label1\" content=\"Written by\" \/>\n\t<meta name=\"twitter:data1\" content=\"ulqini\" \/>\n\t<meta name=\"twitter:label2\" content=\"Est. reading time\" \/>\n\t<meta name=\"twitter:data2\" content=\"1 minute\" \/>\n<script type=\"application\/ld+json\" class=\"yoast-schema-graph\">{\"@context\":\"https:\/\/schema.org\",\"@graph\":[{\"@type\":\"WebSite\",\"@id\":\"https:\/\/www.visit-ulcinj.com\/blog\/#website\",\"url\":\"https:\/\/www.visit-ulcinj.com\/blog\/\",\"name\":\"Lajme nga Ulqini\",\"description\":\"Lajme,Vijesti,Ulqini,Ulqin,Crna Gora,Mali i Zi\",\"potentialAction\":[{\"@type\":\"SearchAction\",\"target\":{\"@type\":\"EntryPoint\",\"urlTemplate\":\"https:\/\/www.visit-ulcinj.com\/blog\/?s={search_term_string}\"},\"query-input\":\"required name=search_term_string\"}],\"inLanguage\":\"en-US\"},{\"@type\":\"ImageObject\",\"inLanguage\":\"en-US\",\"@id\":\"https:\/\/www.visit-ulcinj.com\/blog\/2014\/02\/09\/dua-u-pregovore-samo-sa-dps-om\/#primaryimage\",\"url\":\"https:\/\/www.visit-ulcinj.com\/blog\/wp-content\/uploads\/2014\/02\/Lider-Demokratske-unije-Albanaca-Mehmed-Zenka.jpg\",\"contentUrl\":\"https:\/\/www.visit-ulcinj.com\/blog\/wp-content\/uploads\/2014\/02\/Lider-Demokratske-unije-Albanaca-Mehmed-Zenka.jpg\",\"width\":1024,\"height\":576},{\"@type\":\"WebPage\",\"@id\":\"https:\/\/www.visit-ulcinj.com\/blog\/2014\/02\/09\/dua-u-pregovore-samo-sa-dps-om\/#webpage\",\"url\":\"https:\/\/www.visit-ulcinj.com\/blog\/2014\/02\/09\/dua-u-pregovore-samo-sa-dps-om\/\",\"name\":\"DUA u pregovore samo sa DPS-om - Video 2 - Lajme nga Ulqini\",\"isPartOf\":{\"@id\":\"https:\/\/www.visit-ulcinj.com\/blog\/#website\"},\"primaryImageOfPage\":{\"@id\":\"https:\/\/www.visit-ulcinj.com\/blog\/2014\/02\/09\/dua-u-pregovore-samo-sa-dps-om\/#primaryimage\"},\"datePublished\":\"2014-02-09T14:27:51+00:00\",\"dateModified\":\"2014-02-09T16:02:25+00:00\",\"author\":{\"@id\":\"https:\/\/www.visit-ulcinj.com\/blog\/#\/schema\/person\/dcab619c614d3038751c63bc2aadc06d\"},\"description\":\"Predsjedni\u0161tvo Demokratske unije Albanaca (DUA) jednoglasno je odlu\u010dilo da se povu\u010de iz pregovora sa albanskim partijama radi formiranja vlasti u Ulcinju,\",\"breadcrumb\":{\"@id\":\"https:\/\/www.visit-ulcinj.com\/blog\/2014\/02\/09\/dua-u-pregovore-samo-sa-dps-om\/#breadcrumb\"},\"inLanguage\":\"en-US\",\"potentialAction\":[{\"@type\":\"ReadAction\",\"target\":[\"https:\/\/www.visit-ulcinj.com\/blog\/2014\/02\/09\/dua-u-pregovore-samo-sa-dps-om\/\"]}]},{\"@type\":\"BreadcrumbList\",\"@id\":\"https:\/\/www.visit-ulcinj.com\/blog\/2014\/02\/09\/dua-u-pregovore-samo-sa-dps-om\/#breadcrumb\",\"itemListElement\":[{\"@type\":\"ListItem\",\"position\":1,\"name\":\"DUA u pregovore samo sa DPS-om &#8211; Video 2\"}]},{\"@type\":\"Person\",\"@id\":\"https:\/\/www.visit-ulcinj.com\/blog\/#\/schema\/person\/dcab619c614d3038751c63bc2aadc06d\",\"name\":\"ulqini\",\"sameAs\":[\"http:\/\/www.visit-ulcinj.com\"],\"url\":\"https:\/\/www.visit-ulcinj.com\/blog\/author\/admin\/\"}]}<\/script>\n<!-- \/ Yoast SEO plugin. -->","yoast_head_json":{"title":"DUA u pregovore samo sa DPS-om - Video 2 - Lajme nga Ulqini","description":"Predsjedni\u0161tvo Demokratske unije Albanaca (DUA) jednoglasno je odlu\u010dilo da se povu\u010de iz pregovora sa albanskim partijama radi formiranja vlasti u Ulcinju,","robots":{"index":"index","follow":"follow","max-snippet":"max-snippet:-1","max-image-preview":"max-image-preview:large","max-video-preview":"max-video-preview:-1"},"canonical":"https:\/\/www.visit-ulcinj.com\/blog\/2014\/02\/09\/dua-u-pregovore-samo-sa-dps-om\/","og_locale":"en_US","og_type":"article","og_title":"DUA u pregovore samo sa DPS-om - Video 2 - Lajme nga Ulqini","og_description":"Predsjedni\u0161tvo Demokratske unije Albanaca (DUA) jednoglasno je odlu\u010dilo da se povu\u010de iz pregovora sa albanskim partijama radi formiranja vlasti u Ulcinju,","og_url":"https:\/\/www.visit-ulcinj.com\/blog\/2014\/02\/09\/dua-u-pregovore-samo-sa-dps-om\/","og_site_name":"Lajme nga Ulqini","article_published_time":"2014-02-09T14:27:51+00:00","article_modified_time":"2014-02-09T16:02:25+00:00","og_image":[{"url":"http:\/\/www.visit-ulcinj.com\/blog\/wp-content\/uploads\/2014\/02\/Lider-Demokratske-unije-Albanaca-Mehmed-Zenka.jpg"}],"twitter_misc":{"Written by":"ulqini","Est. reading time":"1 minute"},"schema":{"@context":"https:\/\/schema.org","@graph":[{"@type":"WebSite","@id":"https:\/\/www.visit-ulcinj.com\/blog\/#website","url":"https:\/\/www.visit-ulcinj.com\/blog\/","name":"Lajme nga Ulqini","description":"Lajme,Vijesti,Ulqini,Ulqin,Crna Gora,Mali i Zi","potentialAction":[{"@type":"SearchAction","target":{"@type":"EntryPoint","urlTemplate":"https:\/\/www.visit-ulcinj.com\/blog\/?s={search_term_string}"},"query-input":"required name=search_term_string"}],"inLanguage":"en-US"},{"@type":"ImageObject","inLanguage":"en-US","@id":"https:\/\/www.visit-ulcinj.com\/blog\/2014\/02\/09\/dua-u-pregovore-samo-sa-dps-om\/#primaryimage","url":"https:\/\/www.visit-ulcinj.com\/blog\/wp-content\/uploads\/2014\/02\/Lider-Demokratske-unije-Albanaca-Mehmed-Zenka.jpg","contentUrl":"https:\/\/www.visit-ulcinj.com\/blog\/wp-content\/uploads\/2014\/02\/Lider-Demokratske-unije-Albanaca-Mehmed-Zenka.jpg","width":1024,"height":576},{"@type":"WebPage","@id":"https:\/\/www.visit-ulcinj.com\/blog\/2014\/02\/09\/dua-u-pregovore-samo-sa-dps-om\/#webpage","url":"https:\/\/www.visit-ulcinj.com\/blog\/2014\/02\/09\/dua-u-pregovore-samo-sa-dps-om\/","name":"DUA u pregovore samo sa DPS-om - Video 2 - Lajme nga Ulqini","isPartOf":{"@id":"https:\/\/www.visit-ulcinj.com\/blog\/#website"},"primaryImageOfPage":{"@id":"https:\/\/www.visit-ulcinj.com\/blog\/2014\/02\/09\/dua-u-pregovore-samo-sa-dps-om\/#primaryimage"},"datePublished":"2014-02-09T14:27:51+00:00","dateModified":"2014-02-09T16:02:25+00:00","author":{"@id":"https:\/\/www.visit-ulcinj.com\/blog\/#\/schema\/person\/dcab619c614d3038751c63bc2aadc06d"},"description":"Predsjedni\u0161tvo Demokratske unije Albanaca (DUA) jednoglasno je odlu\u010dilo da se povu\u010de iz pregovora sa albanskim partijama radi formiranja vlasti u Ulcinju,","breadcrumb":{"@id":"https:\/\/www.visit-ulcinj.com\/blog\/2014\/02\/09\/dua-u-pregovore-samo-sa-dps-om\/#breadcrumb"},"inLanguage":"en-US","potentialAction":[{"@type":"ReadAction","target":["https:\/\/www.visit-ulcinj.com\/blog\/2014\/02\/09\/dua-u-pregovore-samo-sa-dps-om\/"]}]},{"@type":"BreadcrumbList","@id":"https:\/\/www.visit-ulcinj.com\/blog\/2014\/02\/09\/dua-u-pregovore-samo-sa-dps-om\/#breadcrumb","itemListElement":[{"@type":"ListItem","position":1,"name":"DUA u pregovore samo sa DPS-om &#8211; Video 2"}]},{"@type":"Person","@id":"https:\/\/www.visit-ulcinj.com\/blog\/#\/schema\/person\/dcab619c614d3038751c63bc2aadc06d","name":"ulqini","sameAs":["http:\/\/www.visit-ulcinj.com"],"url":"https:\/\/www.visit-ulcinj.com\/blog\/author\/admin\/"}]}},"jetpack_featured_media_url":"","jetpack_sharing_enabled":true,"jetpack_shortlink":"https:\/\/wp.me\/pe6lTn-kFv","_links":{"self":[{"href":"https:\/\/www.visit-ulcinj.com\/blog\/wp-json\/wp\/v2\/posts\/79453"}],"collection":[{"href":"https:\/\/www.visit-ulcinj.com\/blog\/wp-json\/wp\/v2\/posts"}],"about":[{"href":"https:\/\/www.visit-ulcinj.com\/blog\/wp-json\/wp\/v2\/types\/post"}],"author":[{"embeddable":true,"href":"https:\/\/www.visit-ulcinj.com\/blog\/wp-json\/wp\/v2\/users\/1"}],"replies":[{"embeddable":true,"href":"https:\/\/www.visit-ulcinj.com\/blog\/wp-json\/wp\/v2\/comments?post=79453"}],"version-history":[{"count":6,"href":"https:\/\/www.visit-ulcinj.com\/blog\/wp-json\/wp\/v2\/posts\/79453\/revisions"}],"predecessor-version":[{"id":79466,"href":"https:\/\/www.visit-ulcinj.com\/blog\/wp-json\/wp\/v2\/posts\/79453\/revisions\/79466"}],"wp:attachment":[{"href":"https:\/\/www.visit-ulcinj.com\/blog\/wp-json\/wp\/v2\/media?parent=79453"}],"wp:term":[{"taxonomy":"category","embeddable":true,"href":"https:\/\/www.visit-ulcinj.com\/blog\/wp-json\/wp\/v2\/categories?post=79453"},{"taxonomy":"post_tag","embeddable":true,"href":"https:\/\/www.visit-ulcinj.com\/blog\/wp-json\/wp\/v2\/tags?post=79453"}],"curies":[{"name":"wp","href":"https:\/\/api.w.org\/{rel}","templated":true}]}}