{"id":79477,"date":"2014-02-10T07:55:40","date_gmt":"2014-02-10T06:55:40","guid":{"rendered":"http:\/\/www.visit-ulcinj.com\/blog\/?p=79477"},"modified":"2014-02-11T08:43:56","modified_gmt":"2014-02-11T07:43:56","slug":"konference-per-shtyp-e-udsh-se-ne-ulqin-09-2-2014-video","status":"publish","type":"post","link":"https:\/\/www.visit-ulcinj.com\/blog\/2014\/02\/10\/konference-per-shtyp-e-udsh-se-ne-ulqin-09-2-2014-video\/","title":{"rendered":"Konferenc\u00eb p\u00ebr shtyp e UDSH &#8211; s\u00eb  , n\u00eb Ulqin m\u00eb 09.2.2014 &#8211; Video"},"content":{"rendered":"<p><strong><a href=\"http:\/\/www.visit-ulcinj.com\/blog\/wp-content\/uploads\/2014\/02\/Lider-Demokratske-unije-Albanaca-Mehmed-Zenka.jpg\"><img loading=\"lazy\" class=\"alignleft  wp-image-79462\" alt=\"Lider- Demokratske-unije-Albanaca-Mehmed-Zenka\" src=\"http:\/\/www.visit-ulcinj.com\/blog\/wp-content\/uploads\/2014\/02\/Lider-Demokratske-unije-Albanaca-Mehmed-Zenka.jpg\" width=\"508\" height=\"360\" \/><\/a>UDSH konferenc\u00eb p\u00ebr shtyp , n\u00eb Ulqin m\u00eb 09.2.2014<\/strong><strong> <\/strong><\/p>\n<p><strong>Ulqin , m\u00eb 09.2.2014<br \/>\n<\/strong><\/p>\n<p>Unioni Demokratik i Shqiptar\u00ebve mbajti mbr\u00ebm\u00eb mbledhjen e Kryesis\u00eb p\u00ebrgjegj\u00ebse p\u00ebr Ulqin dhe ka marr vendimin me \u00e7rast \u00ebsht\u00eb organizuar dhe kjo konferenc\u00eb p\u00ebr shtyp. B\u00ebhet fjal\u00eb p\u00ebr vendim nj\u00ebz\u00ebri q\u00eb UDSH t\u00ebrhiqet nga negociatat e m\u00ebtejme me partit\u00eb shqiptare. Besoni, nuk e kishim t\u00eb leht\u00eb t\u00eb sjellim nj\u00eb vendim t\u00eb till\u00eb duke marr\u00eb parasysh ndjeshm\u00ebrin\u00eb e marrjes s\u00eb nj\u00eb vendimi p\u00ebr ne kaq shum\u00eb t\u00eb r\u00ebnd\u00ebsish\u00ebm. N\u00eb k\u00ebto negociata kemi hyr\u00eb si gjithmon\u00eb sinqerisht duke dashur ti p\u00ebrgjigjemi sa m\u00eb pozitivisht d\u00ebshirave t\u00eb shum\u00eb qytetar\u00ebve t\u00eb Ulqinit.<br \/>\nP\u00ebrkund\u00ebr q\u00ebllimeve tona t\u00eb mira, dyshimet tona n\u00eb synimet e sinqerta t\u00eb bashk\u00ebbiseduesve tan\u00eb jan\u00eb treguara t\u00eb arsyeshme. Menj\u00ebher\u00eb mbas takimit t\u00eb dyt\u00eb, p\u00ebrkund\u00ebr marr\u00ebveshjes q\u00eb mos t\u00eb jepen deklarata p\u00ebr shtyp kjo nuk \u00ebsht\u00eb respektuar, \u00ebsht\u00eb dal n\u00eb publik me informata gjysm\u00eb t\u00eb v\u00ebrteta, duke th\u00ebn\u00eb q\u00eb UDSH pajtohet me nj\u00eb propozim i cili erdhi nga ana e p\u00ebrfaq\u00ebsuesit t\u00eb Forc\u00ebs q\u00eb ja lejn\u00eb vendin e kryetarit t\u00eb Komun\u00ebs s\u00eb Ulqinit Koalicionit \u201eBashk\u00eb p\u00ebr t\u00eb ardhmen e Ulqinit\u201c, gj\u00eb q\u00eb absolutisht nuk \u00ebsht\u00eb e v\u00ebrtet, sepse UDSH nuk \u00ebsht\u00eb deklaruar fare p\u00ebr k\u00ebt\u00eb propozim. P\u00ebr hir\u00eb t\u00eb s\u00eb v\u00ebrtet\u00ebs, nuk jan\u00eb deklaruar as p\u00ebrfaq\u00ebsuesit e koalicionit t\u00eb p\u00ebrmendur, por kan\u00eb deklaruar q\u00eb m\u00eb von\u00eb do t\u00eb p\u00ebrgjigjen p\u00ebr k\u00ebt\u00eb ofert\u00eb. T\u00eb jemi t\u00eb sinqert\u00eb deri n\u00eb fund, edhe vet propozimi \u00ebsht\u00eb dh\u00ebn\u00eb, e th\u00ebn\u00eb but\u00ebsisht, n\u00eb m\u00ebnyr\u00eb krejt\u00ebsisht jokorrekte ndaj Unionit Demokratik t\u00eb Shqiptar\u00ebve.<br \/>\nDo ta citojm\u00eb propozimin: \u201eForca ju l\u00eb vendin e kryetarit t\u00eb Komun\u00ebs, si kund\u00ebrsh\u00ebrbim q\u00eb ju para dy viteve na jap\u00ebt kryetarin neve\u201c, dhe at\u00eb n\u00eb prezenc\u00ebn ton\u00eb, t\u00eb cil\u00ebt ishim viktim\u00eb e k\u00ebsaj treg\u00ebtie politike. Ne p\u00ebr hir\u00eb t\u00eb atmosfer\u00ebs s\u00eb mir\u00eb kemi kaluar n\u00eb heshtje k\u00ebt\u00eb ofendim, edhe pse kjo treg\u00ebti e pist\u00eb politike i ka shkaktuar d\u00ebm\u00eb t\u00eb madh politik Unionit Demokratik t\u00eb Shqiptar\u00ebve.<br \/>\nLogjika, ti neve m\u00eb heret kryetarin, ne ty tani\u201c \u00ebsht\u00eb n\u00eb konflikt t\u00eb thell\u00eb me kuptimin ton\u00eb t\u00eb shqiptaris\u00eb. P\u00ebr ne kjo \u00ebsht\u00eb shum\u00eb m\u00eb e thell\u00eb, mbi t\u00eb gjitha shum\u00eb m\u00eb e sinqert\u00eb.<br \/>\nNuk jan\u00eb ndalur me kaq, por \u00ebsht\u00eb vazhduar me negociata n\u00eb dy an\u00eb.<br \/>\nN\u00ebse jemi fokusuar n\u00eb negociatat me partit\u00eb shqiptare at\u00ebher\u00eb t\u00eb pakt\u00ebn kemi pritur q\u00eb kjo t\u00eb respektohet, e jo menj\u00ebher\u00eb t\u00eb nes\u00ebrmen t\u00eb vrapojn\u00eb individualisht n\u00eb negociata tjera, vet\u00ebm me q\u00ebllim t\u00eb ruajtjes s\u00eb pozicioneve dhe karriqave. N\u00ebse zot\u00ebrinjt\u00eb mendojn\u00eb q\u00eb n\u00eb k\u00ebt\u00eb m\u00ebnyr\u00eb sillen n\u00eb pajtim me shqiptarizmin e proklamuar, at\u00ebher\u00eb kemi kuptim diametralisht t\u00eb kund\u00ebrt t\u00eb shqiptarizmit. Sepse, p\u00ebr ne fjala jon\u00eb \u00ebsht\u00eb obligimi jon\u00eb.<br \/>\nAkt t\u00eb ngjash\u00ebm ndaj UDSH-s\u00eb \u00ebsht\u00eb b\u00ebr\u00eb edhe p\u00ebr zgjedhje parlamentare kur soll\u00ebn ndihm\u00eb nga Prishtina n\u00eb m\u00ebnyr\u00eb q\u00eb t\u00eb bindet UDSH-ja t\u00eb dilet nga Qeveria. Kur ne e refuzuam k\u00ebt\u00eb, ato mezi prit\u00ebn t\u00eb dalin me deklarat\u00eb q\u00eb UDSH po prish \u00e7\u00ebshtjen shqiptare, e dhjet\u00eb dit\u00eb m\u00eb von\u00eb vrapuan n\u00eb p\u00ebrqafim t\u00eb pushtetit qendror\u00eb pa asnj\u00ebfar\u00eb parakushtesh!?<br \/>\nPrandaj, n\u00eb m\u00ebnyr\u00eb q\u00eb UDSH mos t\u00eb dalin prap\u00eb viktim\u00eb e kompromiseve t\u00eb kalbura q\u00eb kan\u00eb q\u00ebllim t\u00eb vet\u00ebm zhdukjen e tij nga skena politike e Ulqinit, UDSH morri k\u00ebt\u00eb vendim t\u00eb v\u00ebshtir\u00eb p\u00ebr daljen nga negociatat. UDSH kurr\u00eb nuk ka pranuar t\u00eb b\u00ebj tregti politike, e aq m\u00eb pak ka tregtuar me interesat e popullit shqiptar\u00eb dhe interesat e Ulqinit. P\u00ebr k\u00ebt\u00eb arsye, deklarojm\u00eb publikisht q\u00eb UDSH \u00ebsht\u00eb e p\u00ebrcaktuar n\u00eb mbrojtjen e interesave t\u00eb qytetar\u00ebve t\u00eb Ulqinit, e mbi t\u00eb gjitha t\u00eb p\u00ebrfaq\u00ebsuesve t\u00eb popullit shqiptar\u00eb. UDSH mendon q\u00eb n\u00eb k\u00ebt\u00eb moment nevojitet pushteti m\u00eb i p\u00ebrgjegjshmi i mundsh\u00ebm e cila seriozisht do ti p\u00ebrkushtohet zgjedhjes s\u00eb probleme t\u00eb m\u00ebdha t\u00eb grumbulluar t\u00eb qytetar\u00ebve ton\u00eb. E k\u00ebt\u00eb p\u00ebr momentin mund ta zgjedh n\u00eb pushtet stabil dhe i q\u00ebndruesh\u00ebm i p\u00ebrb\u00ebr\u00eb nga kuadrot cil\u00ebsor\u00eb. Ulqinit i nevojitet pushtet i p\u00ebrgjegjsh\u00ebm dhe i aft\u00eb q\u00eb do t\u00eb jet\u00eb e gatshme t\u00eb zgjidh problemet e qytetit, e jo nj\u00eb koalicion i kompromiseve t\u00eb kalbura q\u00eb ka q\u00ebllim t\u00eb vet\u00ebm ruajtjen e pozicioneve dhe interesave t\u00eb veta personale. N\u00ebse dikush mundet t\u00eb tregtoj n\u00ebn tok\u00eb, e kemi fjal\u00ebn p\u00ebr p\u00ebruljen ndaj PDS-s\u00eb(DPS) posht\u00eb tavolin\u00ebs, ne si gjithmon\u00eb kemi guxim dhe kuraj\u00eb q\u00eb q\u00ebndrimet tona ti shprehim qart\u00eb dhe haptas, e ky \u00ebsht\u00eb q\u00ebndrimi jon\u00eb q\u00eb do shkojm\u00eb n\u00eb negociata me PDS. N\u00eb fund t\u00eb fundit, kjo \u00ebsht\u00eb partia e cila ka fituar m\u00eb s\u00eb shumti k\u00ebshilltar.<\/p>\n<p><strong><br \/>\nSh\u00ebrbimi p\u00ebr informim t\u00eb UDSH-s\u00eb<\/strong><\/p>\n<!--YouTube Error: bad URL entered-->\n<p>&nbsp;<\/p>\n","protected":false},"excerpt":{"rendered":"<p>UDSH konferenc\u00eb p\u00ebr shtyp , n\u00eb Ulqin m\u00eb 09.2.2014 Ulqin , m\u00eb 09.2.2014 Unioni Demokratik i Shqiptar\u00ebve mbajti mbr\u00ebm\u00eb mbledhjen e Kryesis\u00eb p\u00ebrgjegj\u00ebse p\u00ebr Ulqin dhe ka marr vendimin me \u00e7rast \u00ebsht\u00eb organizuar dhe kjo konferenc\u00eb p\u00ebr shtyp. B\u00ebhet fjal\u00eb p\u00ebr vendim nj\u00ebz\u00ebri q\u00eb UDSH t\u00ebrhiqet nga negociatat e m\u00ebtejme me partit\u00eb shqiptare. Besoni, nuk [&hellip;]<\/p>\n","protected":false},"author":1,"featured_media":0,"comment_status":"closed","ping_status":"closed","sticky":false,"template":"","format":"standard","meta":{"spay_email":"","jetpack_publicize_message":"","jetpack_is_tweetstorm":false,"jetpack_publicize_feature_enabled":true},"categories":[11],"tags":[],"jetpack_publicize_connections":[],"yoast_head":"<!-- This site is optimized with the Yoast SEO plugin v19.1 - https:\/\/yoast.com\/wordpress\/plugins\/seo\/ -->\n<title>Konferenc\u00eb p\u00ebr shtyp e UDSH - s\u00eb , n\u00eb Ulqin m\u00eb 09.2.2014 - Video - Lajme nga Ulqini<\/title>\n<meta name=\"description\" content=\"UDSH konferenc\u00eb p\u00ebr shtyp , n\u00eb Ulqin m\u00eb 09.2.2014 Ulqin , m\u00eb 09.2.2014 Unioni Demokratik i Shqiptar\u00ebve mbajti mbr\u00ebm\u00eb mbledhjen e Kryesis\u00eb p\u00ebrgjegj\u00ebse p\u00ebr\" \/>\n<meta name=\"robots\" content=\"index, follow, max-snippet:-1, max-image-preview:large, max-video-preview:-1\" \/>\n<link rel=\"canonical\" href=\"https:\/\/www.visit-ulcinj.com\/blog\/2014\/02\/10\/konference-per-shtyp-e-udsh-se-ne-ulqin-09-2-2014-video\/\" \/>\n<meta property=\"og:locale\" content=\"en_US\" \/>\n<meta property=\"og:type\" content=\"article\" \/>\n<meta property=\"og:title\" content=\"Konferenc\u00eb p\u00ebr shtyp e UDSH - s\u00eb , n\u00eb Ulqin m\u00eb 09.2.2014 - Video - Lajme nga Ulqini\" \/>\n<meta property=\"og:description\" content=\"UDSH konferenc\u00eb p\u00ebr shtyp , n\u00eb Ulqin m\u00eb 09.2.2014 Ulqin , m\u00eb 09.2.2014 Unioni Demokratik i Shqiptar\u00ebve mbajti mbr\u00ebm\u00eb mbledhjen e Kryesis\u00eb p\u00ebrgjegj\u00ebse p\u00ebr\" \/>\n<meta property=\"og:url\" content=\"https:\/\/www.visit-ulcinj.com\/blog\/2014\/02\/10\/konference-per-shtyp-e-udsh-se-ne-ulqin-09-2-2014-video\/\" \/>\n<meta property=\"og:site_name\" content=\"Lajme nga Ulqini\" \/>\n<meta property=\"article:published_time\" content=\"2014-02-10T06:55:40+00:00\" \/>\n<meta property=\"article:modified_time\" content=\"2014-02-11T07:43:56+00:00\" \/>\n<meta property=\"og:image\" content=\"http:\/\/www.visit-ulcinj.com\/blog\/wp-content\/uploads\/2014\/02\/Lider-Demokratske-unije-Albanaca-Mehmed-Zenka.jpg\" \/>\n<meta name=\"twitter:label1\" content=\"Written by\" \/>\n\t<meta name=\"twitter:data1\" content=\"ulqini\" \/>\n\t<meta name=\"twitter:label2\" content=\"Est. reading time\" \/>\n\t<meta name=\"twitter:data2\" content=\"4 minutes\" \/>\n<script type=\"application\/ld+json\" class=\"yoast-schema-graph\">{\"@context\":\"https:\/\/schema.org\",\"@graph\":[{\"@type\":\"WebSite\",\"@id\":\"https:\/\/www.visit-ulcinj.com\/blog\/#website\",\"url\":\"https:\/\/www.visit-ulcinj.com\/blog\/\",\"name\":\"Lajme nga Ulqini\",\"description\":\"Lajme,Vijesti,Ulqini,Ulqin,Crna Gora,Mali i Zi\",\"potentialAction\":[{\"@type\":\"SearchAction\",\"target\":{\"@type\":\"EntryPoint\",\"urlTemplate\":\"https:\/\/www.visit-ulcinj.com\/blog\/?s={search_term_string}\"},\"query-input\":\"required name=search_term_string\"}],\"inLanguage\":\"en-US\"},{\"@type\":\"ImageObject\",\"inLanguage\":\"en-US\",\"@id\":\"https:\/\/www.visit-ulcinj.com\/blog\/2014\/02\/10\/konference-per-shtyp-e-udsh-se-ne-ulqin-09-2-2014-video\/#primaryimage\",\"url\":\"https:\/\/www.visit-ulcinj.com\/blog\/wp-content\/uploads\/2014\/02\/Lider-Demokratske-unije-Albanaca-Mehmed-Zenka.jpg\",\"contentUrl\":\"https:\/\/www.visit-ulcinj.com\/blog\/wp-content\/uploads\/2014\/02\/Lider-Demokratske-unije-Albanaca-Mehmed-Zenka.jpg\",\"width\":1024,\"height\":576},{\"@type\":\"WebPage\",\"@id\":\"https:\/\/www.visit-ulcinj.com\/blog\/2014\/02\/10\/konference-per-shtyp-e-udsh-se-ne-ulqin-09-2-2014-video\/#webpage\",\"url\":\"https:\/\/www.visit-ulcinj.com\/blog\/2014\/02\/10\/konference-per-shtyp-e-udsh-se-ne-ulqin-09-2-2014-video\/\",\"name\":\"Konferenc\u00eb p\u00ebr shtyp e UDSH - s\u00eb , n\u00eb Ulqin m\u00eb 09.2.2014 - Video - Lajme nga Ulqini\",\"isPartOf\":{\"@id\":\"https:\/\/www.visit-ulcinj.com\/blog\/#website\"},\"primaryImageOfPage\":{\"@id\":\"https:\/\/www.visit-ulcinj.com\/blog\/2014\/02\/10\/konference-per-shtyp-e-udsh-se-ne-ulqin-09-2-2014-video\/#primaryimage\"},\"datePublished\":\"2014-02-10T06:55:40+00:00\",\"dateModified\":\"2014-02-11T07:43:56+00:00\",\"author\":{\"@id\":\"https:\/\/www.visit-ulcinj.com\/blog\/#\/schema\/person\/dcab619c614d3038751c63bc2aadc06d\"},\"description\":\"UDSH konferenc\u00eb p\u00ebr shtyp , n\u00eb Ulqin m\u00eb 09.2.2014 Ulqin , m\u00eb 09.2.2014 Unioni Demokratik i Shqiptar\u00ebve mbajti mbr\u00ebm\u00eb mbledhjen e Kryesis\u00eb p\u00ebrgjegj\u00ebse p\u00ebr\",\"breadcrumb\":{\"@id\":\"https:\/\/www.visit-ulcinj.com\/blog\/2014\/02\/10\/konference-per-shtyp-e-udsh-se-ne-ulqin-09-2-2014-video\/#breadcrumb\"},\"inLanguage\":\"en-US\",\"potentialAction\":[{\"@type\":\"ReadAction\",\"target\":[\"https:\/\/www.visit-ulcinj.com\/blog\/2014\/02\/10\/konference-per-shtyp-e-udsh-se-ne-ulqin-09-2-2014-video\/\"]}]},{\"@type\":\"BreadcrumbList\",\"@id\":\"https:\/\/www.visit-ulcinj.com\/blog\/2014\/02\/10\/konference-per-shtyp-e-udsh-se-ne-ulqin-09-2-2014-video\/#breadcrumb\",\"itemListElement\":[{\"@type\":\"ListItem\",\"position\":1,\"name\":\"Konferenc\u00eb p\u00ebr shtyp e UDSH &#8211; s\u00eb , n\u00eb Ulqin m\u00eb 09.2.2014 &#8211; Video\"}]},{\"@type\":\"Person\",\"@id\":\"https:\/\/www.visit-ulcinj.com\/blog\/#\/schema\/person\/dcab619c614d3038751c63bc2aadc06d\",\"name\":\"ulqini\",\"sameAs\":[\"http:\/\/www.visit-ulcinj.com\"],\"url\":\"https:\/\/www.visit-ulcinj.com\/blog\/author\/admin\/\"}]}<\/script>\n<!-- \/ Yoast SEO plugin. -->","yoast_head_json":{"title":"Konferenc\u00eb p\u00ebr shtyp e UDSH - s\u00eb , n\u00eb Ulqin m\u00eb 09.2.2014 - Video - Lajme nga Ulqini","description":"UDSH konferenc\u00eb p\u00ebr shtyp , n\u00eb Ulqin m\u00eb 09.2.2014 Ulqin , m\u00eb 09.2.2014 Unioni Demokratik i Shqiptar\u00ebve mbajti mbr\u00ebm\u00eb mbledhjen e Kryesis\u00eb p\u00ebrgjegj\u00ebse p\u00ebr","robots":{"index":"index","follow":"follow","max-snippet":"max-snippet:-1","max-image-preview":"max-image-preview:large","max-video-preview":"max-video-preview:-1"},"canonical":"https:\/\/www.visit-ulcinj.com\/blog\/2014\/02\/10\/konference-per-shtyp-e-udsh-se-ne-ulqin-09-2-2014-video\/","og_locale":"en_US","og_type":"article","og_title":"Konferenc\u00eb p\u00ebr shtyp e UDSH - s\u00eb , n\u00eb Ulqin m\u00eb 09.2.2014 - Video - Lajme nga Ulqini","og_description":"UDSH konferenc\u00eb p\u00ebr shtyp , n\u00eb Ulqin m\u00eb 09.2.2014 Ulqin , m\u00eb 09.2.2014 Unioni Demokratik i Shqiptar\u00ebve mbajti mbr\u00ebm\u00eb mbledhjen e Kryesis\u00eb p\u00ebrgjegj\u00ebse p\u00ebr","og_url":"https:\/\/www.visit-ulcinj.com\/blog\/2014\/02\/10\/konference-per-shtyp-e-udsh-se-ne-ulqin-09-2-2014-video\/","og_site_name":"Lajme nga Ulqini","article_published_time":"2014-02-10T06:55:40+00:00","article_modified_time":"2014-02-11T07:43:56+00:00","og_image":[{"url":"http:\/\/www.visit-ulcinj.com\/blog\/wp-content\/uploads\/2014\/02\/Lider-Demokratske-unije-Albanaca-Mehmed-Zenka.jpg"}],"twitter_misc":{"Written by":"ulqini","Est. reading time":"4 minutes"},"schema":{"@context":"https:\/\/schema.org","@graph":[{"@type":"WebSite","@id":"https:\/\/www.visit-ulcinj.com\/blog\/#website","url":"https:\/\/www.visit-ulcinj.com\/blog\/","name":"Lajme nga Ulqini","description":"Lajme,Vijesti,Ulqini,Ulqin,Crna Gora,Mali i Zi","potentialAction":[{"@type":"SearchAction","target":{"@type":"EntryPoint","urlTemplate":"https:\/\/www.visit-ulcinj.com\/blog\/?s={search_term_string}"},"query-input":"required name=search_term_string"}],"inLanguage":"en-US"},{"@type":"ImageObject","inLanguage":"en-US","@id":"https:\/\/www.visit-ulcinj.com\/blog\/2014\/02\/10\/konference-per-shtyp-e-udsh-se-ne-ulqin-09-2-2014-video\/#primaryimage","url":"https:\/\/www.visit-ulcinj.com\/blog\/wp-content\/uploads\/2014\/02\/Lider-Demokratske-unije-Albanaca-Mehmed-Zenka.jpg","contentUrl":"https:\/\/www.visit-ulcinj.com\/blog\/wp-content\/uploads\/2014\/02\/Lider-Demokratske-unije-Albanaca-Mehmed-Zenka.jpg","width":1024,"height":576},{"@type":"WebPage","@id":"https:\/\/www.visit-ulcinj.com\/blog\/2014\/02\/10\/konference-per-shtyp-e-udsh-se-ne-ulqin-09-2-2014-video\/#webpage","url":"https:\/\/www.visit-ulcinj.com\/blog\/2014\/02\/10\/konference-per-shtyp-e-udsh-se-ne-ulqin-09-2-2014-video\/","name":"Konferenc\u00eb p\u00ebr shtyp e UDSH - s\u00eb , n\u00eb Ulqin m\u00eb 09.2.2014 - Video - Lajme nga Ulqini","isPartOf":{"@id":"https:\/\/www.visit-ulcinj.com\/blog\/#website"},"primaryImageOfPage":{"@id":"https:\/\/www.visit-ulcinj.com\/blog\/2014\/02\/10\/konference-per-shtyp-e-udsh-se-ne-ulqin-09-2-2014-video\/#primaryimage"},"datePublished":"2014-02-10T06:55:40+00:00","dateModified":"2014-02-11T07:43:56+00:00","author":{"@id":"https:\/\/www.visit-ulcinj.com\/blog\/#\/schema\/person\/dcab619c614d3038751c63bc2aadc06d"},"description":"UDSH konferenc\u00eb p\u00ebr shtyp , n\u00eb Ulqin m\u00eb 09.2.2014 Ulqin , m\u00eb 09.2.2014 Unioni Demokratik i Shqiptar\u00ebve mbajti mbr\u00ebm\u00eb mbledhjen e Kryesis\u00eb p\u00ebrgjegj\u00ebse p\u00ebr","breadcrumb":{"@id":"https:\/\/www.visit-ulcinj.com\/blog\/2014\/02\/10\/konference-per-shtyp-e-udsh-se-ne-ulqin-09-2-2014-video\/#breadcrumb"},"inLanguage":"en-US","potentialAction":[{"@type":"ReadAction","target":["https:\/\/www.visit-ulcinj.com\/blog\/2014\/02\/10\/konference-per-shtyp-e-udsh-se-ne-ulqin-09-2-2014-video\/"]}]},{"@type":"BreadcrumbList","@id":"https:\/\/www.visit-ulcinj.com\/blog\/2014\/02\/10\/konference-per-shtyp-e-udsh-se-ne-ulqin-09-2-2014-video\/#breadcrumb","itemListElement":[{"@type":"ListItem","position":1,"name":"Konferenc\u00eb p\u00ebr shtyp e UDSH &#8211; s\u00eb , n\u00eb Ulqin m\u00eb 09.2.2014 &#8211; Video"}]},{"@type":"Person","@id":"https:\/\/www.visit-ulcinj.com\/blog\/#\/schema\/person\/dcab619c614d3038751c63bc2aadc06d","name":"ulqini","sameAs":["http:\/\/www.visit-ulcinj.com"],"url":"https:\/\/www.visit-ulcinj.com\/blog\/author\/admin\/"}]}},"jetpack_featured_media_url":"","jetpack_sharing_enabled":true,"jetpack_shortlink":"https:\/\/wp.me\/pe6lTn-kFT","_links":{"self":[{"href":"https:\/\/www.visit-ulcinj.com\/blog\/wp-json\/wp\/v2\/posts\/79477"}],"collection":[{"href":"https:\/\/www.visit-ulcinj.com\/blog\/wp-json\/wp\/v2\/posts"}],"about":[{"href":"https:\/\/www.visit-ulcinj.com\/blog\/wp-json\/wp\/v2\/types\/post"}],"author":[{"embeddable":true,"href":"https:\/\/www.visit-ulcinj.com\/blog\/wp-json\/wp\/v2\/users\/1"}],"replies":[{"embeddable":true,"href":"https:\/\/www.visit-ulcinj.com\/blog\/wp-json\/wp\/v2\/comments?post=79477"}],"version-history":[{"count":2,"href":"https:\/\/www.visit-ulcinj.com\/blog\/wp-json\/wp\/v2\/posts\/79477\/revisions"}],"predecessor-version":[{"id":79522,"href":"https:\/\/www.visit-ulcinj.com\/blog\/wp-json\/wp\/v2\/posts\/79477\/revisions\/79522"}],"wp:attachment":[{"href":"https:\/\/www.visit-ulcinj.com\/blog\/wp-json\/wp\/v2\/media?parent=79477"}],"wp:term":[{"taxonomy":"category","embeddable":true,"href":"https:\/\/www.visit-ulcinj.com\/blog\/wp-json\/wp\/v2\/categories?post=79477"},{"taxonomy":"post_tag","embeddable":true,"href":"https:\/\/www.visit-ulcinj.com\/blog\/wp-json\/wp\/v2\/tags?post=79477"}],"curies":[{"name":"wp","href":"https:\/\/api.w.org\/{rel}","templated":true}]}}