{"id":79480,"date":"2014-02-10T16:08:55","date_gmt":"2014-02-10T15:08:55","guid":{"rendered":"http:\/\/www.visit-ulcinj.com\/blog\/?p=79480"},"modified":"2014-02-11T17:29:48","modified_gmt":"2014-02-11T16:29:48","slug":"negociatat-vazhdojne-cungu-gjeka-ende-pa-marreveshje-video","status":"publish","type":"post","link":"https:\/\/www.visit-ulcinj.com\/blog\/2014\/02\/10\/negociatat-vazhdojne-cungu-gjeka-ende-pa-marreveshje-video\/","title":{"rendered":"Negociatat vazhdojn\u00eb, Cungu- Gjeka ende pa marr\u00ebveshje &#8211; Video"},"content":{"rendered":"<p><a href=\"http:\/\/www.visit-ulcinj.com\/blog\/wp-content\/uploads\/2014\/02\/Negociatat-vazhdojn\u00eb-Cungu-Gjeka-.jpg\"><img loading=\"lazy\" class=\"alignleft  wp-image-79481\" alt=\"Negociatat vazhdojn\u00eb, Cungu- Gjeka\" src=\"http:\/\/www.visit-ulcinj.com\/blog\/wp-content\/uploads\/2014\/02\/Negociatat-vazhdojn\u00eb-Cungu-Gjeka-.jpg\" width=\"508\" height=\"360\" \/><\/a>Lideri i Forc\u00ebs s\u00eb re demokratike Nazif Cungu ka deklaruar se \u00ebsht\u00eb befasuar me vendimin e Unionit demokratik t\u00eb Shqiptar\u00ebve t\u00eb l\u00ebshoj negociatat me partit\u00eb shqiptare p\u00ebr formimin e pushtetit n\u00eb Ulqin. Cungu dje u takua me p\u00ebrfaq\u00ebsuesit e koalicionit \u201cBashk\u00eb p\u00ebr t\u00eb ardhmen e Ulqinit\u201d ka th\u00ebn\u00eb grupi i p\u00ebrbashk\u00ebt i Forces, koalicionit t\u00eb Gjekes dhe pa UDSH-en dje kan\u00eb p\u00ebrgatitur marr\u00ebveshjen politike p\u00ebr koalicion.<\/p>\n<p>Cungu ka konfirmuar q\u00eb gjat\u00eb dit\u00ebs s\u00eb djesh\u00ebme tha se \u00ebsht\u00eb takuar me p\u00ebrfaq\u00ebsuesit e PDS-s\u00eb s\u00eb Ulqinit, si dhe shtoi q\u00eb prap\u00eb do t\u00eb ftoj drejtuesit e UDSH-s\u00eb n\u00eb negociat, p\u00ebr t\u00eb p\u00ebrgatitur marr\u00ebveshjen politike p\u00ebr nj\u00eb koalicion afat\u00ebgjate.<\/p>\n<!--YouTube Error: bad URL entered-->\n","protected":false},"excerpt":{"rendered":"<p>Lideri i Forc\u00ebs s\u00eb re demokratike Nazif Cungu ka deklaruar se \u00ebsht\u00eb befasuar me vendimin e Unionit demokratik t\u00eb Shqiptar\u00ebve t\u00eb l\u00ebshoj negociatat me partit\u00eb shqiptare p\u00ebr formimin e pushtetit n\u00eb Ulqin. Cungu dje u takua me p\u00ebrfaq\u00ebsuesit e koalicionit \u201cBashk\u00eb p\u00ebr t\u00eb ardhmen e Ulqinit\u201d ka th\u00ebn\u00eb grupi i p\u00ebrbashk\u00ebt i Forces, koalicionit t\u00eb [&hellip;]<\/p>\n","protected":false},"author":1,"featured_media":0,"comment_status":"closed","ping_status":"closed","sticky":false,"template":"","format":"standard","meta":{"spay_email":"","jetpack_publicize_message":"","jetpack_is_tweetstorm":false,"jetpack_publicize_feature_enabled":true},"categories":[1,2451],"tags":[],"jetpack_publicize_connections":[],"yoast_head":"<!-- This site is optimized with the Yoast SEO plugin v19.1 - https:\/\/yoast.com\/wordpress\/plugins\/seo\/ -->\n<title>Negociatat vazhdojn\u00eb, Cungu- Gjeka ende pa marr\u00ebveshje - Video - Lajme nga Ulqini<\/title>\n<meta name=\"description\" content=\"Lideri i Forc\u00ebs s\u00eb re demokratike Nazif Cungu ka deklaruar se \u00ebsht\u00eb befasuar me vendimin e Unionit demokratik t\u00eb Shqiptar\u00ebve t\u00eb l\u00ebshoj negociatat me\" \/>\n<meta name=\"robots\" content=\"index, follow, max-snippet:-1, max-image-preview:large, max-video-preview:-1\" \/>\n<link rel=\"canonical\" href=\"https:\/\/www.visit-ulcinj.com\/blog\/2014\/02\/10\/negociatat-vazhdojne-cungu-gjeka-ende-pa-marreveshje-video\/\" \/>\n<meta property=\"og:locale\" content=\"en_US\" \/>\n<meta property=\"og:type\" content=\"article\" \/>\n<meta property=\"og:title\" content=\"Negociatat vazhdojn\u00eb, Cungu- Gjeka ende pa marr\u00ebveshje - Video - Lajme nga Ulqini\" \/>\n<meta property=\"og:description\" content=\"Lideri i Forc\u00ebs s\u00eb re demokratike Nazif Cungu ka deklaruar se \u00ebsht\u00eb befasuar me vendimin e Unionit demokratik t\u00eb Shqiptar\u00ebve t\u00eb l\u00ebshoj negociatat me\" \/>\n<meta property=\"og:url\" content=\"https:\/\/www.visit-ulcinj.com\/blog\/2014\/02\/10\/negociatat-vazhdojne-cungu-gjeka-ende-pa-marreveshje-video\/\" \/>\n<meta property=\"og:site_name\" content=\"Lajme nga Ulqini\" \/>\n<meta property=\"article:published_time\" content=\"2014-02-10T15:08:55+00:00\" \/>\n<meta property=\"article:modified_time\" content=\"2014-02-11T16:29:48+00:00\" \/>\n<meta name=\"twitter:label1\" content=\"Written by\" \/>\n\t<meta name=\"twitter:data1\" content=\"ulqini\" \/>\n\t<meta name=\"twitter:label2\" content=\"Est. reading time\" \/>\n\t<meta name=\"twitter:data2\" content=\"1 minute\" \/>\n<script type=\"application\/ld+json\" class=\"yoast-schema-graph\">{\"@context\":\"https:\/\/schema.org\",\"@graph\":[{\"@type\":\"WebSite\",\"@id\":\"https:\/\/www.visit-ulcinj.com\/blog\/#website\",\"url\":\"https:\/\/www.visit-ulcinj.com\/blog\/\",\"name\":\"Lajme nga Ulqini\",\"description\":\"Lajme,Vijesti,Ulqini,Ulqin,Crna Gora,Mali i Zi\",\"potentialAction\":[{\"@type\":\"SearchAction\",\"target\":{\"@type\":\"EntryPoint\",\"urlTemplate\":\"https:\/\/www.visit-ulcinj.com\/blog\/?s={search_term_string}\"},\"query-input\":\"required name=search_term_string\"}],\"inLanguage\":\"en-US\"},{\"@type\":\"WebPage\",\"@id\":\"https:\/\/www.visit-ulcinj.com\/blog\/2014\/02\/10\/negociatat-vazhdojne-cungu-gjeka-ende-pa-marreveshje-video\/#webpage\",\"url\":\"https:\/\/www.visit-ulcinj.com\/blog\/2014\/02\/10\/negociatat-vazhdojne-cungu-gjeka-ende-pa-marreveshje-video\/\",\"name\":\"Negociatat vazhdojn\u00eb, Cungu- Gjeka ende pa marr\u00ebveshje - Video - Lajme nga Ulqini\",\"isPartOf\":{\"@id\":\"https:\/\/www.visit-ulcinj.com\/blog\/#website\"},\"datePublished\":\"2014-02-10T15:08:55+00:00\",\"dateModified\":\"2014-02-11T16:29:48+00:00\",\"author\":{\"@id\":\"https:\/\/www.visit-ulcinj.com\/blog\/#\/schema\/person\/dcab619c614d3038751c63bc2aadc06d\"},\"description\":\"Lideri i Forc\u00ebs s\u00eb re demokratike Nazif Cungu ka deklaruar se \u00ebsht\u00eb befasuar me vendimin e Unionit demokratik t\u00eb Shqiptar\u00ebve t\u00eb l\u00ebshoj negociatat me\",\"breadcrumb\":{\"@id\":\"https:\/\/www.visit-ulcinj.com\/blog\/2014\/02\/10\/negociatat-vazhdojne-cungu-gjeka-ende-pa-marreveshje-video\/#breadcrumb\"},\"inLanguage\":\"en-US\",\"potentialAction\":[{\"@type\":\"ReadAction\",\"target\":[\"https:\/\/www.visit-ulcinj.com\/blog\/2014\/02\/10\/negociatat-vazhdojne-cungu-gjeka-ende-pa-marreveshje-video\/\"]}]},{\"@type\":\"BreadcrumbList\",\"@id\":\"https:\/\/www.visit-ulcinj.com\/blog\/2014\/02\/10\/negociatat-vazhdojne-cungu-gjeka-ende-pa-marreveshje-video\/#breadcrumb\",\"itemListElement\":[{\"@type\":\"ListItem\",\"position\":1,\"name\":\"Negociatat vazhdojn\u00eb, Cungu- Gjeka ende pa marr\u00ebveshje &#8211; Video\"}]},{\"@type\":\"Person\",\"@id\":\"https:\/\/www.visit-ulcinj.com\/blog\/#\/schema\/person\/dcab619c614d3038751c63bc2aadc06d\",\"name\":\"ulqini\",\"sameAs\":[\"http:\/\/www.visit-ulcinj.com\"],\"url\":\"https:\/\/www.visit-ulcinj.com\/blog\/author\/admin\/\"}]}<\/script>\n<!-- \/ Yoast SEO plugin. -->","yoast_head_json":{"title":"Negociatat vazhdojn\u00eb, Cungu- Gjeka ende pa marr\u00ebveshje - Video - Lajme nga Ulqini","description":"Lideri i Forc\u00ebs s\u00eb re demokratike Nazif Cungu ka deklaruar se \u00ebsht\u00eb befasuar me vendimin e Unionit demokratik t\u00eb Shqiptar\u00ebve t\u00eb l\u00ebshoj negociatat me","robots":{"index":"index","follow":"follow","max-snippet":"max-snippet:-1","max-image-preview":"max-image-preview:large","max-video-preview":"max-video-preview:-1"},"canonical":"https:\/\/www.visit-ulcinj.com\/blog\/2014\/02\/10\/negociatat-vazhdojne-cungu-gjeka-ende-pa-marreveshje-video\/","og_locale":"en_US","og_type":"article","og_title":"Negociatat vazhdojn\u00eb, Cungu- Gjeka ende pa marr\u00ebveshje - Video - Lajme nga Ulqini","og_description":"Lideri i Forc\u00ebs s\u00eb re demokratike Nazif Cungu ka deklaruar se \u00ebsht\u00eb befasuar me vendimin e Unionit demokratik t\u00eb Shqiptar\u00ebve t\u00eb l\u00ebshoj negociatat me","og_url":"https:\/\/www.visit-ulcinj.com\/blog\/2014\/02\/10\/negociatat-vazhdojne-cungu-gjeka-ende-pa-marreveshje-video\/","og_site_name":"Lajme nga Ulqini","article_published_time":"2014-02-10T15:08:55+00:00","article_modified_time":"2014-02-11T16:29:48+00:00","twitter_misc":{"Written by":"ulqini","Est. reading time":"1 minute"},"schema":{"@context":"https:\/\/schema.org","@graph":[{"@type":"WebSite","@id":"https:\/\/www.visit-ulcinj.com\/blog\/#website","url":"https:\/\/www.visit-ulcinj.com\/blog\/","name":"Lajme nga Ulqini","description":"Lajme,Vijesti,Ulqini,Ulqin,Crna Gora,Mali i Zi","potentialAction":[{"@type":"SearchAction","target":{"@type":"EntryPoint","urlTemplate":"https:\/\/www.visit-ulcinj.com\/blog\/?s={search_term_string}"},"query-input":"required name=search_term_string"}],"inLanguage":"en-US"},{"@type":"WebPage","@id":"https:\/\/www.visit-ulcinj.com\/blog\/2014\/02\/10\/negociatat-vazhdojne-cungu-gjeka-ende-pa-marreveshje-video\/#webpage","url":"https:\/\/www.visit-ulcinj.com\/blog\/2014\/02\/10\/negociatat-vazhdojne-cungu-gjeka-ende-pa-marreveshje-video\/","name":"Negociatat vazhdojn\u00eb, Cungu- Gjeka ende pa marr\u00ebveshje - Video - Lajme nga Ulqini","isPartOf":{"@id":"https:\/\/www.visit-ulcinj.com\/blog\/#website"},"datePublished":"2014-02-10T15:08:55+00:00","dateModified":"2014-02-11T16:29:48+00:00","author":{"@id":"https:\/\/www.visit-ulcinj.com\/blog\/#\/schema\/person\/dcab619c614d3038751c63bc2aadc06d"},"description":"Lideri i Forc\u00ebs s\u00eb re demokratike Nazif Cungu ka deklaruar se \u00ebsht\u00eb befasuar me vendimin e Unionit demokratik t\u00eb Shqiptar\u00ebve t\u00eb l\u00ebshoj negociatat me","breadcrumb":{"@id":"https:\/\/www.visit-ulcinj.com\/blog\/2014\/02\/10\/negociatat-vazhdojne-cungu-gjeka-ende-pa-marreveshje-video\/#breadcrumb"},"inLanguage":"en-US","potentialAction":[{"@type":"ReadAction","target":["https:\/\/www.visit-ulcinj.com\/blog\/2014\/02\/10\/negociatat-vazhdojne-cungu-gjeka-ende-pa-marreveshje-video\/"]}]},{"@type":"BreadcrumbList","@id":"https:\/\/www.visit-ulcinj.com\/blog\/2014\/02\/10\/negociatat-vazhdojne-cungu-gjeka-ende-pa-marreveshje-video\/#breadcrumb","itemListElement":[{"@type":"ListItem","position":1,"name":"Negociatat vazhdojn\u00eb, Cungu- Gjeka ende pa marr\u00ebveshje &#8211; Video"}]},{"@type":"Person","@id":"https:\/\/www.visit-ulcinj.com\/blog\/#\/schema\/person\/dcab619c614d3038751c63bc2aadc06d","name":"ulqini","sameAs":["http:\/\/www.visit-ulcinj.com"],"url":"https:\/\/www.visit-ulcinj.com\/blog\/author\/admin\/"}]}},"jetpack_featured_media_url":"","jetpack_sharing_enabled":true,"jetpack_shortlink":"https:\/\/wp.me\/pe6lTn-kFW","_links":{"self":[{"href":"https:\/\/www.visit-ulcinj.com\/blog\/wp-json\/wp\/v2\/posts\/79480"}],"collection":[{"href":"https:\/\/www.visit-ulcinj.com\/blog\/wp-json\/wp\/v2\/posts"}],"about":[{"href":"https:\/\/www.visit-ulcinj.com\/blog\/wp-json\/wp\/v2\/types\/post"}],"author":[{"embeddable":true,"href":"https:\/\/www.visit-ulcinj.com\/blog\/wp-json\/wp\/v2\/users\/1"}],"replies":[{"embeddable":true,"href":"https:\/\/www.visit-ulcinj.com\/blog\/wp-json\/wp\/v2\/comments?post=79480"}],"version-history":[{"count":1,"href":"https:\/\/www.visit-ulcinj.com\/blog\/wp-json\/wp\/v2\/posts\/79480\/revisions"}],"predecessor-version":[{"id":79482,"href":"https:\/\/www.visit-ulcinj.com\/blog\/wp-json\/wp\/v2\/posts\/79480\/revisions\/79482"}],"wp:attachment":[{"href":"https:\/\/www.visit-ulcinj.com\/blog\/wp-json\/wp\/v2\/media?parent=79480"}],"wp:term":[{"taxonomy":"category","embeddable":true,"href":"https:\/\/www.visit-ulcinj.com\/blog\/wp-json\/wp\/v2\/categories?post=79480"},{"taxonomy":"post_tag","embeddable":true,"href":"https:\/\/www.visit-ulcinj.com\/blog\/wp-json\/wp\/v2\/tags?post=79480"}],"curies":[{"name":"wp","href":"https:\/\/api.w.org\/{rel}","templated":true}]}}