{"id":79487,"date":"2014-02-10T16:34:48","date_gmt":"2014-02-10T15:34:48","guid":{"rendered":"http:\/\/www.visit-ulcinj.com\/blog\/?p=79487"},"modified":"2014-02-10T16:34:48","modified_gmt":"2014-02-10T15:34:48","slug":"nrekic-mi-u-dps-u-cekamo-deku-forcu","status":"publish","type":"post","link":"https:\/\/www.visit-ulcinj.com\/blog\/2014\/02\/10\/nrekic-mi-u-dps-u-cekamo-deku-forcu\/","title":{"rendered":"Nrekic: Mi u DPS-u \u010dekamo \u0110eku i Forcu"},"content":{"rendered":"<p><strong><a href=\"http:\/\/www.visit-ulcinj.com\/blog\/wp-content\/uploads\/2014\/02\/ljoro-nrekic-loro-nrekiq.jpg\"><img loading=\"lazy\" class=\"alignleft  wp-image-79400\" alt=\"ljoro-nrekic-loro-nrekiq\" src=\"http:\/\/www.visit-ulcinj.com\/blog\/wp-content\/uploads\/2014\/02\/ljoro-nrekic-loro-nrekiq.jpg\" width=\"508\" height=\"360\" \/><\/a>NREKI\u0106: Nije bilo uplitanja Tirane i Pri\u0161tine u pregovore o Ulcinju<\/strong><\/p>\n<p>Nosilac liste Demokratske partije socijalsta Ljoro Nreki\u0107 kazao je u izjavi za<em> Portal Analitika <\/em>da prema njegovim informacijama nije bilo uplitanja Tirane i Pri\u0161tine u pregovore o formiranju lokalne vlasti u Ulcinju. Nreki\u0107 je dodao da do kraja nedelje o\u010dekuje dogovor o formiranju lokalne vlasti u tom primorskom gradu, navode\u0107i da DPS-u pripada mjesto gradona\u010delnika.<\/p>\n<p>&#8211; Navodno uplitanje Pri\u0161tine i Tirane su spekulacije koje su lansirane preko dru\u0161tvenih mre\u017ea u prvom redu Fejsbuka. Nemam informacije o bilo kakvom uplitanju sa te dvije adrese, kazao je Nreki\u0107 u izjavi za <em>Portal Analitika.<\/em><\/p>\n<p>Upitan da prokomentari\u0161e neuspjeh pregovora albanskih partija da formiraju ve\u0107inu u Ulcinju, Nreki\u0107 je rekao da nije dobro \u0161to se nakon 24 godine probudio nacionalni romantizam kod Albanaca.<\/p>\n<p>&#8211; To nije dobro. Ipak mi u DPS-u \u010dekamo \u0110eku i Forcu da vidimo \u0161ta \u0107e oni napraviti. Iako postoje kontakti, sjutra bih trebao da nakon zasijedanja Izvr\u0161nog odbora formiram tim koji \u0107e zvani\u010dno voditi pregovore o formiranju lokalne vlasti u Ulcinju. Naravno, ponavljam svi partneri na dr\u017eavnom nivou su na\u0161i potencijalni partneri, rekao je Nreki\u0107.<\/p>\n<p>Nreki\u0107 je dodao da je DPS multinacionalna partija i otkrio da su od devet odbornika DPS-a koji \u0107e participirati u lokalnoj parlamentu Ulcinja, \u010dak osmorica Albanci.<\/p>\n<p>Predsjedni\u0161tvo DUA ju\u010de je saop\u0161tilo da \u0107e ta partija u budu\u0107im razgovorima o formiranju loklane vlasti u Ulcinju pregovarati samo sa DPS-om \u010dime je isklju\u010dena mogu\u0107nost formiranja lokalne vlasti isklju\u010divo od albanskih stranaka.<\/p>\n<p>Na lokalnim izborima u Ulcnju DPS je osvojila 9 mandata, Forca 8, \u0110eka 7, DUA tri mandata i SDP i Pozitivna po dva mandata. U parlament su u\u0161li i SNP i DF sa po jednim mandatom.<\/p>\n<p><strong>Izvor: Analitika &#8211; Informativni Portal<\/strong><\/p>\n","protected":false},"excerpt":{"rendered":"<p>NREKI\u0106: Nije bilo uplitanja Tirane i Pri\u0161tine u pregovore o Ulcinju Nosilac liste Demokratske partije socijalsta Ljoro Nreki\u0107 kazao je u izjavi za Portal Analitika da prema njegovim informacijama nije bilo uplitanja Tirane i Pri\u0161tine u pregovore o formiranju lokalne vlasti u Ulcinju. Nreki\u0107 je dodao da do kraja nedelje o\u010dekuje dogovor o formiranju lokalne [&hellip;]<\/p>\n","protected":false},"author":1,"featured_media":0,"comment_status":"closed","ping_status":"closed","sticky":false,"template":"","format":"standard","meta":{"spay_email":"","jetpack_publicize_message":"","jetpack_is_tweetstorm":false,"jetpack_publicize_feature_enabled":true},"categories":[6950],"tags":[],"jetpack_publicize_connections":[],"yoast_head":"<!-- This site is optimized with the Yoast SEO plugin v19.1 - https:\/\/yoast.com\/wordpress\/plugins\/seo\/ -->\n<title>Nrekic: Mi u DPS-u \u010dekamo \u0110eku i Forcu - Lajme nga Ulqini<\/title>\n<meta name=\"description\" content=\"NREKI\u0106: Nije bilo uplitanja Tirane i Pri\u0161tine u pregovore o Ulcinju Nosilac liste Demokratske partije socijalsta Ljoro Nreki\u0107 kazao je u izjavi za Portal\" \/>\n<meta name=\"robots\" content=\"index, follow, max-snippet:-1, max-image-preview:large, max-video-preview:-1\" \/>\n<link rel=\"canonical\" href=\"https:\/\/www.visit-ulcinj.com\/blog\/2014\/02\/10\/nrekic-mi-u-dps-u-cekamo-deku-forcu\/\" \/>\n<meta property=\"og:locale\" content=\"en_US\" \/>\n<meta property=\"og:type\" content=\"article\" \/>\n<meta property=\"og:title\" content=\"Nrekic: Mi u DPS-u \u010dekamo \u0110eku i Forcu - Lajme nga Ulqini\" \/>\n<meta property=\"og:description\" content=\"NREKI\u0106: Nije bilo uplitanja Tirane i Pri\u0161tine u pregovore o Ulcinju Nosilac liste Demokratske partije socijalsta Ljoro Nreki\u0107 kazao je u izjavi za Portal\" \/>\n<meta property=\"og:url\" content=\"https:\/\/www.visit-ulcinj.com\/blog\/2014\/02\/10\/nrekic-mi-u-dps-u-cekamo-deku-forcu\/\" \/>\n<meta property=\"og:site_name\" content=\"Lajme nga Ulqini\" \/>\n<meta property=\"article:published_time\" content=\"2014-02-10T15:34:48+00:00\" \/>\n<meta property=\"og:image\" content=\"http:\/\/www.visit-ulcinj.com\/blog\/wp-content\/uploads\/2014\/02\/ljoro-nrekic-loro-nrekiq.jpg\" \/>\n<meta name=\"twitter:label1\" content=\"Written by\" \/>\n\t<meta name=\"twitter:data1\" content=\"ulqini\" \/>\n\t<meta name=\"twitter:label2\" content=\"Est. reading time\" \/>\n\t<meta name=\"twitter:data2\" content=\"2 minutes\" \/>\n<script type=\"application\/ld+json\" class=\"yoast-schema-graph\">{\"@context\":\"https:\/\/schema.org\",\"@graph\":[{\"@type\":\"WebSite\",\"@id\":\"https:\/\/www.visit-ulcinj.com\/blog\/#website\",\"url\":\"https:\/\/www.visit-ulcinj.com\/blog\/\",\"name\":\"Lajme nga Ulqini\",\"description\":\"Lajme,Vijesti,Ulqini,Ulqin,Crna Gora,Mali i Zi\",\"potentialAction\":[{\"@type\":\"SearchAction\",\"target\":{\"@type\":\"EntryPoint\",\"urlTemplate\":\"https:\/\/www.visit-ulcinj.com\/blog\/?s={search_term_string}\"},\"query-input\":\"required name=search_term_string\"}],\"inLanguage\":\"en-US\"},{\"@type\":\"ImageObject\",\"inLanguage\":\"en-US\",\"@id\":\"https:\/\/www.visit-ulcinj.com\/blog\/2014\/02\/10\/nrekic-mi-u-dps-u-cekamo-deku-forcu\/#primaryimage\",\"url\":\"http:\/\/www.visit-ulcinj.com\/blog\/wp-content\/uploads\/2014\/02\/ljoro-nrekic-loro-nrekiq.jpg\",\"contentUrl\":\"http:\/\/www.visit-ulcinj.com\/blog\/wp-content\/uploads\/2014\/02\/ljoro-nrekic-loro-nrekiq.jpg\"},{\"@type\":\"WebPage\",\"@id\":\"https:\/\/www.visit-ulcinj.com\/blog\/2014\/02\/10\/nrekic-mi-u-dps-u-cekamo-deku-forcu\/#webpage\",\"url\":\"https:\/\/www.visit-ulcinj.com\/blog\/2014\/02\/10\/nrekic-mi-u-dps-u-cekamo-deku-forcu\/\",\"name\":\"Nrekic: Mi u DPS-u \u010dekamo \u0110eku i Forcu - Lajme nga Ulqini\",\"isPartOf\":{\"@id\":\"https:\/\/www.visit-ulcinj.com\/blog\/#website\"},\"primaryImageOfPage\":{\"@id\":\"https:\/\/www.visit-ulcinj.com\/blog\/2014\/02\/10\/nrekic-mi-u-dps-u-cekamo-deku-forcu\/#primaryimage\"},\"datePublished\":\"2014-02-10T15:34:48+00:00\",\"dateModified\":\"2014-02-10T15:34:48+00:00\",\"author\":{\"@id\":\"https:\/\/www.visit-ulcinj.com\/blog\/#\/schema\/person\/dcab619c614d3038751c63bc2aadc06d\"},\"description\":\"NREKI\u0106: Nije bilo uplitanja Tirane i Pri\u0161tine u pregovore o Ulcinju Nosilac liste Demokratske partije socijalsta Ljoro Nreki\u0107 kazao je u izjavi za Portal\",\"breadcrumb\":{\"@id\":\"https:\/\/www.visit-ulcinj.com\/blog\/2014\/02\/10\/nrekic-mi-u-dps-u-cekamo-deku-forcu\/#breadcrumb\"},\"inLanguage\":\"en-US\",\"potentialAction\":[{\"@type\":\"ReadAction\",\"target\":[\"https:\/\/www.visit-ulcinj.com\/blog\/2014\/02\/10\/nrekic-mi-u-dps-u-cekamo-deku-forcu\/\"]}]},{\"@type\":\"BreadcrumbList\",\"@id\":\"https:\/\/www.visit-ulcinj.com\/blog\/2014\/02\/10\/nrekic-mi-u-dps-u-cekamo-deku-forcu\/#breadcrumb\",\"itemListElement\":[{\"@type\":\"ListItem\",\"position\":1,\"name\":\"Nrekic: Mi u DPS-u \u010dekamo \u0110eku i Forcu\"}]},{\"@type\":\"Person\",\"@id\":\"https:\/\/www.visit-ulcinj.com\/blog\/#\/schema\/person\/dcab619c614d3038751c63bc2aadc06d\",\"name\":\"ulqini\",\"sameAs\":[\"http:\/\/www.visit-ulcinj.com\"],\"url\":\"https:\/\/www.visit-ulcinj.com\/blog\/author\/admin\/\"}]}<\/script>\n<!-- \/ Yoast SEO plugin. -->","yoast_head_json":{"title":"Nrekic: Mi u DPS-u \u010dekamo \u0110eku i Forcu - Lajme nga Ulqini","description":"NREKI\u0106: Nije bilo uplitanja Tirane i Pri\u0161tine u pregovore o Ulcinju Nosilac liste Demokratske partije socijalsta Ljoro Nreki\u0107 kazao je u izjavi za Portal","robots":{"index":"index","follow":"follow","max-snippet":"max-snippet:-1","max-image-preview":"max-image-preview:large","max-video-preview":"max-video-preview:-1"},"canonical":"https:\/\/www.visit-ulcinj.com\/blog\/2014\/02\/10\/nrekic-mi-u-dps-u-cekamo-deku-forcu\/","og_locale":"en_US","og_type":"article","og_title":"Nrekic: Mi u DPS-u \u010dekamo \u0110eku i Forcu - Lajme nga Ulqini","og_description":"NREKI\u0106: Nije bilo uplitanja Tirane i Pri\u0161tine u pregovore o Ulcinju Nosilac liste Demokratske partije socijalsta Ljoro Nreki\u0107 kazao je u izjavi za Portal","og_url":"https:\/\/www.visit-ulcinj.com\/blog\/2014\/02\/10\/nrekic-mi-u-dps-u-cekamo-deku-forcu\/","og_site_name":"Lajme nga Ulqini","article_published_time":"2014-02-10T15:34:48+00:00","og_image":[{"url":"http:\/\/www.visit-ulcinj.com\/blog\/wp-content\/uploads\/2014\/02\/ljoro-nrekic-loro-nrekiq.jpg"}],"twitter_misc":{"Written by":"ulqini","Est. reading time":"2 minutes"},"schema":{"@context":"https:\/\/schema.org","@graph":[{"@type":"WebSite","@id":"https:\/\/www.visit-ulcinj.com\/blog\/#website","url":"https:\/\/www.visit-ulcinj.com\/blog\/","name":"Lajme nga Ulqini","description":"Lajme,Vijesti,Ulqini,Ulqin,Crna Gora,Mali i Zi","potentialAction":[{"@type":"SearchAction","target":{"@type":"EntryPoint","urlTemplate":"https:\/\/www.visit-ulcinj.com\/blog\/?s={search_term_string}"},"query-input":"required name=search_term_string"}],"inLanguage":"en-US"},{"@type":"ImageObject","inLanguage":"en-US","@id":"https:\/\/www.visit-ulcinj.com\/blog\/2014\/02\/10\/nrekic-mi-u-dps-u-cekamo-deku-forcu\/#primaryimage","url":"http:\/\/www.visit-ulcinj.com\/blog\/wp-content\/uploads\/2014\/02\/ljoro-nrekic-loro-nrekiq.jpg","contentUrl":"http:\/\/www.visit-ulcinj.com\/blog\/wp-content\/uploads\/2014\/02\/ljoro-nrekic-loro-nrekiq.jpg"},{"@type":"WebPage","@id":"https:\/\/www.visit-ulcinj.com\/blog\/2014\/02\/10\/nrekic-mi-u-dps-u-cekamo-deku-forcu\/#webpage","url":"https:\/\/www.visit-ulcinj.com\/blog\/2014\/02\/10\/nrekic-mi-u-dps-u-cekamo-deku-forcu\/","name":"Nrekic: Mi u DPS-u \u010dekamo \u0110eku i Forcu - Lajme nga Ulqini","isPartOf":{"@id":"https:\/\/www.visit-ulcinj.com\/blog\/#website"},"primaryImageOfPage":{"@id":"https:\/\/www.visit-ulcinj.com\/blog\/2014\/02\/10\/nrekic-mi-u-dps-u-cekamo-deku-forcu\/#primaryimage"},"datePublished":"2014-02-10T15:34:48+00:00","dateModified":"2014-02-10T15:34:48+00:00","author":{"@id":"https:\/\/www.visit-ulcinj.com\/blog\/#\/schema\/person\/dcab619c614d3038751c63bc2aadc06d"},"description":"NREKI\u0106: Nije bilo uplitanja Tirane i Pri\u0161tine u pregovore o Ulcinju Nosilac liste Demokratske partije socijalsta Ljoro Nreki\u0107 kazao je u izjavi za Portal","breadcrumb":{"@id":"https:\/\/www.visit-ulcinj.com\/blog\/2014\/02\/10\/nrekic-mi-u-dps-u-cekamo-deku-forcu\/#breadcrumb"},"inLanguage":"en-US","potentialAction":[{"@type":"ReadAction","target":["https:\/\/www.visit-ulcinj.com\/blog\/2014\/02\/10\/nrekic-mi-u-dps-u-cekamo-deku-forcu\/"]}]},{"@type":"BreadcrumbList","@id":"https:\/\/www.visit-ulcinj.com\/blog\/2014\/02\/10\/nrekic-mi-u-dps-u-cekamo-deku-forcu\/#breadcrumb","itemListElement":[{"@type":"ListItem","position":1,"name":"Nrekic: Mi u DPS-u \u010dekamo \u0110eku i Forcu"}]},{"@type":"Person","@id":"https:\/\/www.visit-ulcinj.com\/blog\/#\/schema\/person\/dcab619c614d3038751c63bc2aadc06d","name":"ulqini","sameAs":["http:\/\/www.visit-ulcinj.com"],"url":"https:\/\/www.visit-ulcinj.com\/blog\/author\/admin\/"}]}},"jetpack_featured_media_url":"","jetpack_sharing_enabled":true,"jetpack_shortlink":"https:\/\/wp.me\/pe6lTn-kG3","_links":{"self":[{"href":"https:\/\/www.visit-ulcinj.com\/blog\/wp-json\/wp\/v2\/posts\/79487"}],"collection":[{"href":"https:\/\/www.visit-ulcinj.com\/blog\/wp-json\/wp\/v2\/posts"}],"about":[{"href":"https:\/\/www.visit-ulcinj.com\/blog\/wp-json\/wp\/v2\/types\/post"}],"author":[{"embeddable":true,"href":"https:\/\/www.visit-ulcinj.com\/blog\/wp-json\/wp\/v2\/users\/1"}],"replies":[{"embeddable":true,"href":"https:\/\/www.visit-ulcinj.com\/blog\/wp-json\/wp\/v2\/comments?post=79487"}],"version-history":[{"count":1,"href":"https:\/\/www.visit-ulcinj.com\/blog\/wp-json\/wp\/v2\/posts\/79487\/revisions"}],"predecessor-version":[{"id":79488,"href":"https:\/\/www.visit-ulcinj.com\/blog\/wp-json\/wp\/v2\/posts\/79487\/revisions\/79488"}],"wp:attachment":[{"href":"https:\/\/www.visit-ulcinj.com\/blog\/wp-json\/wp\/v2\/media?parent=79487"}],"wp:term":[{"taxonomy":"category","embeddable":true,"href":"https:\/\/www.visit-ulcinj.com\/blog\/wp-json\/wp\/v2\/categories?post=79487"},{"taxonomy":"post_tag","embeddable":true,"href":"https:\/\/www.visit-ulcinj.com\/blog\/wp-json\/wp\/v2\/tags?post=79487"}],"curies":[{"name":"wp","href":"https:\/\/api.w.org\/{rel}","templated":true}]}}