{"id":79489,"date":"2014-02-10T16:39:57","date_gmt":"2014-02-10T15:39:57","guid":{"rendered":"http:\/\/www.visit-ulcinj.com\/blog\/?p=79489"},"modified":"2014-02-10T16:40:35","modified_gmt":"2014-02-10T15:40:35","slug":"skrelja-dps-nije-zedna-vlasti-u-ulcinju","status":"publish","type":"post","link":"https:\/\/www.visit-ulcinj.com\/blog\/2014\/02\/10\/skrelja-dps-nije-zedna-vlasti-u-ulcinju\/","title":{"rendered":"\u0160krelja: DPS nije \u017eedna vlasti u Ulcinju"},"content":{"rendered":"<p><strong><a href=\"http:\/\/www.visit-ulcinj.com\/blog\/wp-content\/uploads\/2014\/02\/Luigj-Lui-Shkrela.jpg\"><img loading=\"lazy\" class=\"alignleft  wp-image-79490\" alt=\"Luigj Lui Shkrela\" src=\"http:\/\/www.visit-ulcinj.com\/blog\/wp-content\/uploads\/2014\/02\/Luigj-Lui-Shkrela.jpg\" width=\"508\" height=\"360\" \/><\/a>Po\u010dinje drugi krug pregovora u Ulcinju<\/strong><\/p>\n<p>DPS je za danas najavio drugi krug pregovora za formiranje vlasti u Ulcinju. U me\u0111uvremenu Demokratska unija Albanaca prekinula je pregovore sa albanskim partijama i najavila da \u0107e razgovarati samo sa DPS-om. Funkcioner DPS-a Lui\u0111 \u0160krelja precizirao je da \u0107e na razgovore pozvati DUA-u, Forcu, Koaliciju \u201eZajedno za budu\u0107nost Ulcinja\u201c i SDP.<\/p>\n<p>&#8211; DPS nije \u017eedna vlasti u Ulcinju , ali nakon izbora smatramo da je to u interesu svih gra\u0111ana i u tom kontekstu ocjenjujemo i potez Mehmeta Zenke da \u0107e DUA da pregovara sa DPS-om i kona\u010dno sve stvari idu u pravcu onoga \u0161to je izborni rezultat, kazao je \u0160krelja.<\/p>\n<p>Predsjednik Op\u0161tinskog odbora SDP-a Selim Resulbegovi\u0107 nije iznena\u0111en \u0161to se albanske partije nijesu dogovorile o formiranju vlasti i vjeruje da je na te pregovore stavljena ta\u010dka.<\/p>\n<p>&#8211; Ja sam bio jedan od onih koji je stalno govorio da albanske partije ne\u0107e mo\u0107i da se dogovore. Vjerujem u pregovore sa DPS-om, DUA-om i Demokratskom partijom, jer mi smo te razgovore po\u010deli prvi. Smatram da je ta simbioza dvije gra\u0111anske i dvije albanske partije najbolja opcija za Ulcinj, istakao je Resulbegovi\u0107.<\/p>\n<p>DPS je ranije najavio da \u0107e poslati poziv za razgovore SNP-u. Predsjednik Op\u0161tinskog odbora te partije Andrija \u0106etkovi\u0107 me\u0111utim ka\u017ee:<\/p>\n<p>&#8211; Nijesmo dobili nikakav poziv ni od jedne politi\u010dke partije iako je to bilo najavljeno. A u vezi sa de\u0161avanjima u Ulcinju ovih dana, mi smo i prije izbora govorili da je to klasi\u010dno politi\u010dko pazari\u0161te koje \u0107e potrajati i u narednom periodu, kazao je \u0106etkovi\u0107.<\/p>\n<p><strong>Izvor: Antena M<\/strong><\/p>\n","protected":false},"excerpt":{"rendered":"<p>Po\u010dinje drugi krug pregovora u Ulcinju DPS je za danas najavio drugi krug pregovora za formiranje vlasti u Ulcinju. U me\u0111uvremenu Demokratska unija Albanaca prekinula je pregovore sa albanskim partijama i najavila da \u0107e razgovarati samo sa DPS-om. Funkcioner DPS-a Lui\u0111 \u0160krelja precizirao je da \u0107e na razgovore pozvati DUA-u, Forcu, Koaliciju \u201eZajedno za budu\u0107nost [&hellip;]<\/p>\n","protected":false},"author":1,"featured_media":0,"comment_status":"closed","ping_status":"closed","sticky":false,"template":"","format":"standard","meta":{"spay_email":"","jetpack_publicize_message":"","jetpack_is_tweetstorm":false,"jetpack_publicize_feature_enabled":true},"categories":[8337],"tags":[],"jetpack_publicize_connections":[],"yoast_head":"<!-- This site is optimized with the Yoast SEO plugin v19.1 - https:\/\/yoast.com\/wordpress\/plugins\/seo\/ -->\n<title>\u0160krelja: DPS nije \u017eedna vlasti u Ulcinju - Lajme nga Ulqini<\/title>\n<meta name=\"description\" content=\"Po\u010dinje drugi krug pregovora u Ulcinju DPS je za danas najavio drugi krug pregovora za formiranje vlasti u Ulcinju. U me\u0111uvremenu Demokratska unija\" \/>\n<meta name=\"robots\" content=\"index, follow, max-snippet:-1, max-image-preview:large, max-video-preview:-1\" \/>\n<link rel=\"canonical\" href=\"https:\/\/www.visit-ulcinj.com\/blog\/2014\/02\/10\/skrelja-dps-nije-zedna-vlasti-u-ulcinju\/\" \/>\n<meta property=\"og:locale\" content=\"en_US\" \/>\n<meta property=\"og:type\" content=\"article\" \/>\n<meta property=\"og:title\" content=\"\u0160krelja: DPS nije \u017eedna vlasti u Ulcinju - Lajme nga Ulqini\" \/>\n<meta property=\"og:description\" content=\"Po\u010dinje drugi krug pregovora u Ulcinju DPS je za danas najavio drugi krug pregovora za formiranje vlasti u Ulcinju. U me\u0111uvremenu Demokratska unija\" \/>\n<meta property=\"og:url\" content=\"https:\/\/www.visit-ulcinj.com\/blog\/2014\/02\/10\/skrelja-dps-nije-zedna-vlasti-u-ulcinju\/\" \/>\n<meta property=\"og:site_name\" content=\"Lajme nga Ulqini\" \/>\n<meta property=\"article:published_time\" content=\"2014-02-10T15:39:57+00:00\" \/>\n<meta property=\"article:modified_time\" content=\"2014-02-10T15:40:35+00:00\" \/>\n<meta property=\"og:image\" content=\"http:\/\/www.visit-ulcinj.com\/blog\/wp-content\/uploads\/2014\/02\/Luigj-Lui-Shkrela.jpg\" \/>\n<meta name=\"twitter:label1\" content=\"Written by\" \/>\n\t<meta name=\"twitter:data1\" content=\"ulqini\" \/>\n\t<meta name=\"twitter:label2\" content=\"Est. reading time\" \/>\n\t<meta name=\"twitter:data2\" content=\"1 minute\" \/>\n<script type=\"application\/ld+json\" class=\"yoast-schema-graph\">{\"@context\":\"https:\/\/schema.org\",\"@graph\":[{\"@type\":\"WebSite\",\"@id\":\"https:\/\/www.visit-ulcinj.com\/blog\/#website\",\"url\":\"https:\/\/www.visit-ulcinj.com\/blog\/\",\"name\":\"Lajme nga Ulqini\",\"description\":\"Lajme,Vijesti,Ulqini,Ulqin,Crna Gora,Mali i Zi\",\"potentialAction\":[{\"@type\":\"SearchAction\",\"target\":{\"@type\":\"EntryPoint\",\"urlTemplate\":\"https:\/\/www.visit-ulcinj.com\/blog\/?s={search_term_string}\"},\"query-input\":\"required name=search_term_string\"}],\"inLanguage\":\"en-US\"},{\"@type\":\"ImageObject\",\"inLanguage\":\"en-US\",\"@id\":\"https:\/\/www.visit-ulcinj.com\/blog\/2014\/02\/10\/skrelja-dps-nije-zedna-vlasti-u-ulcinju\/#primaryimage\",\"url\":\"https:\/\/www.visit-ulcinj.com\/blog\/wp-content\/uploads\/2014\/02\/Luigj-Lui-Shkrela.jpg\",\"contentUrl\":\"https:\/\/www.visit-ulcinj.com\/blog\/wp-content\/uploads\/2014\/02\/Luigj-Lui-Shkrela.jpg\",\"width\":960,\"height\":638},{\"@type\":\"WebPage\",\"@id\":\"https:\/\/www.visit-ulcinj.com\/blog\/2014\/02\/10\/skrelja-dps-nije-zedna-vlasti-u-ulcinju\/#webpage\",\"url\":\"https:\/\/www.visit-ulcinj.com\/blog\/2014\/02\/10\/skrelja-dps-nije-zedna-vlasti-u-ulcinju\/\",\"name\":\"\u0160krelja: DPS nije \u017eedna vlasti u Ulcinju - Lajme nga Ulqini\",\"isPartOf\":{\"@id\":\"https:\/\/www.visit-ulcinj.com\/blog\/#website\"},\"primaryImageOfPage\":{\"@id\":\"https:\/\/www.visit-ulcinj.com\/blog\/2014\/02\/10\/skrelja-dps-nije-zedna-vlasti-u-ulcinju\/#primaryimage\"},\"datePublished\":\"2014-02-10T15:39:57+00:00\",\"dateModified\":\"2014-02-10T15:40:35+00:00\",\"author\":{\"@id\":\"https:\/\/www.visit-ulcinj.com\/blog\/#\/schema\/person\/dcab619c614d3038751c63bc2aadc06d\"},\"description\":\"Po\u010dinje drugi krug pregovora u Ulcinju DPS je za danas najavio drugi krug pregovora za formiranje vlasti u Ulcinju. U me\u0111uvremenu Demokratska unija\",\"breadcrumb\":{\"@id\":\"https:\/\/www.visit-ulcinj.com\/blog\/2014\/02\/10\/skrelja-dps-nije-zedna-vlasti-u-ulcinju\/#breadcrumb\"},\"inLanguage\":\"en-US\",\"potentialAction\":[{\"@type\":\"ReadAction\",\"target\":[\"https:\/\/www.visit-ulcinj.com\/blog\/2014\/02\/10\/skrelja-dps-nije-zedna-vlasti-u-ulcinju\/\"]}]},{\"@type\":\"BreadcrumbList\",\"@id\":\"https:\/\/www.visit-ulcinj.com\/blog\/2014\/02\/10\/skrelja-dps-nije-zedna-vlasti-u-ulcinju\/#breadcrumb\",\"itemListElement\":[{\"@type\":\"ListItem\",\"position\":1,\"name\":\"\u0160krelja: DPS nije \u017eedna vlasti u Ulcinju\"}]},{\"@type\":\"Person\",\"@id\":\"https:\/\/www.visit-ulcinj.com\/blog\/#\/schema\/person\/dcab619c614d3038751c63bc2aadc06d\",\"name\":\"ulqini\",\"sameAs\":[\"http:\/\/www.visit-ulcinj.com\"],\"url\":\"https:\/\/www.visit-ulcinj.com\/blog\/author\/admin\/\"}]}<\/script>\n<!-- \/ Yoast SEO plugin. -->","yoast_head_json":{"title":"\u0160krelja: DPS nije \u017eedna vlasti u Ulcinju - Lajme nga Ulqini","description":"Po\u010dinje drugi krug pregovora u Ulcinju DPS je za danas najavio drugi krug pregovora za formiranje vlasti u Ulcinju. U me\u0111uvremenu Demokratska unija","robots":{"index":"index","follow":"follow","max-snippet":"max-snippet:-1","max-image-preview":"max-image-preview:large","max-video-preview":"max-video-preview:-1"},"canonical":"https:\/\/www.visit-ulcinj.com\/blog\/2014\/02\/10\/skrelja-dps-nije-zedna-vlasti-u-ulcinju\/","og_locale":"en_US","og_type":"article","og_title":"\u0160krelja: DPS nije \u017eedna vlasti u Ulcinju - Lajme nga Ulqini","og_description":"Po\u010dinje drugi krug pregovora u Ulcinju DPS je za danas najavio drugi krug pregovora za formiranje vlasti u Ulcinju. U me\u0111uvremenu Demokratska unija","og_url":"https:\/\/www.visit-ulcinj.com\/blog\/2014\/02\/10\/skrelja-dps-nije-zedna-vlasti-u-ulcinju\/","og_site_name":"Lajme nga Ulqini","article_published_time":"2014-02-10T15:39:57+00:00","article_modified_time":"2014-02-10T15:40:35+00:00","og_image":[{"url":"http:\/\/www.visit-ulcinj.com\/blog\/wp-content\/uploads\/2014\/02\/Luigj-Lui-Shkrela.jpg"}],"twitter_misc":{"Written by":"ulqini","Est. reading time":"1 minute"},"schema":{"@context":"https:\/\/schema.org","@graph":[{"@type":"WebSite","@id":"https:\/\/www.visit-ulcinj.com\/blog\/#website","url":"https:\/\/www.visit-ulcinj.com\/blog\/","name":"Lajme nga Ulqini","description":"Lajme,Vijesti,Ulqini,Ulqin,Crna Gora,Mali i Zi","potentialAction":[{"@type":"SearchAction","target":{"@type":"EntryPoint","urlTemplate":"https:\/\/www.visit-ulcinj.com\/blog\/?s={search_term_string}"},"query-input":"required name=search_term_string"}],"inLanguage":"en-US"},{"@type":"ImageObject","inLanguage":"en-US","@id":"https:\/\/www.visit-ulcinj.com\/blog\/2014\/02\/10\/skrelja-dps-nije-zedna-vlasti-u-ulcinju\/#primaryimage","url":"https:\/\/www.visit-ulcinj.com\/blog\/wp-content\/uploads\/2014\/02\/Luigj-Lui-Shkrela.jpg","contentUrl":"https:\/\/www.visit-ulcinj.com\/blog\/wp-content\/uploads\/2014\/02\/Luigj-Lui-Shkrela.jpg","width":960,"height":638},{"@type":"WebPage","@id":"https:\/\/www.visit-ulcinj.com\/blog\/2014\/02\/10\/skrelja-dps-nije-zedna-vlasti-u-ulcinju\/#webpage","url":"https:\/\/www.visit-ulcinj.com\/blog\/2014\/02\/10\/skrelja-dps-nije-zedna-vlasti-u-ulcinju\/","name":"\u0160krelja: DPS nije \u017eedna vlasti u Ulcinju - Lajme nga Ulqini","isPartOf":{"@id":"https:\/\/www.visit-ulcinj.com\/blog\/#website"},"primaryImageOfPage":{"@id":"https:\/\/www.visit-ulcinj.com\/blog\/2014\/02\/10\/skrelja-dps-nije-zedna-vlasti-u-ulcinju\/#primaryimage"},"datePublished":"2014-02-10T15:39:57+00:00","dateModified":"2014-02-10T15:40:35+00:00","author":{"@id":"https:\/\/www.visit-ulcinj.com\/blog\/#\/schema\/person\/dcab619c614d3038751c63bc2aadc06d"},"description":"Po\u010dinje drugi krug pregovora u Ulcinju DPS je za danas najavio drugi krug pregovora za formiranje vlasti u Ulcinju. U me\u0111uvremenu Demokratska unija","breadcrumb":{"@id":"https:\/\/www.visit-ulcinj.com\/blog\/2014\/02\/10\/skrelja-dps-nije-zedna-vlasti-u-ulcinju\/#breadcrumb"},"inLanguage":"en-US","potentialAction":[{"@type":"ReadAction","target":["https:\/\/www.visit-ulcinj.com\/blog\/2014\/02\/10\/skrelja-dps-nije-zedna-vlasti-u-ulcinju\/"]}]},{"@type":"BreadcrumbList","@id":"https:\/\/www.visit-ulcinj.com\/blog\/2014\/02\/10\/skrelja-dps-nije-zedna-vlasti-u-ulcinju\/#breadcrumb","itemListElement":[{"@type":"ListItem","position":1,"name":"\u0160krelja: DPS nije \u017eedna vlasti u Ulcinju"}]},{"@type":"Person","@id":"https:\/\/www.visit-ulcinj.com\/blog\/#\/schema\/person\/dcab619c614d3038751c63bc2aadc06d","name":"ulqini","sameAs":["http:\/\/www.visit-ulcinj.com"],"url":"https:\/\/www.visit-ulcinj.com\/blog\/author\/admin\/"}]}},"jetpack_featured_media_url":"","jetpack_sharing_enabled":true,"jetpack_shortlink":"https:\/\/wp.me\/pe6lTn-kG5","_links":{"self":[{"href":"https:\/\/www.visit-ulcinj.com\/blog\/wp-json\/wp\/v2\/posts\/79489"}],"collection":[{"href":"https:\/\/www.visit-ulcinj.com\/blog\/wp-json\/wp\/v2\/posts"}],"about":[{"href":"https:\/\/www.visit-ulcinj.com\/blog\/wp-json\/wp\/v2\/types\/post"}],"author":[{"embeddable":true,"href":"https:\/\/www.visit-ulcinj.com\/blog\/wp-json\/wp\/v2\/users\/1"}],"replies":[{"embeddable":true,"href":"https:\/\/www.visit-ulcinj.com\/blog\/wp-json\/wp\/v2\/comments?post=79489"}],"version-history":[{"count":1,"href":"https:\/\/www.visit-ulcinj.com\/blog\/wp-json\/wp\/v2\/posts\/79489\/revisions"}],"predecessor-version":[{"id":79491,"href":"https:\/\/www.visit-ulcinj.com\/blog\/wp-json\/wp\/v2\/posts\/79489\/revisions\/79491"}],"wp:attachment":[{"href":"https:\/\/www.visit-ulcinj.com\/blog\/wp-json\/wp\/v2\/media?parent=79489"}],"wp:term":[{"taxonomy":"category","embeddable":true,"href":"https:\/\/www.visit-ulcinj.com\/blog\/wp-json\/wp\/v2\/categories?post=79489"},{"taxonomy":"post_tag","embeddable":true,"href":"https:\/\/www.visit-ulcinj.com\/blog\/wp-json\/wp\/v2\/tags?post=79489"}],"curies":[{"name":"wp","href":"https:\/\/api.w.org\/{rel}","templated":true}]}}