{"id":79492,"date":"2014-02-10T17:49:55","date_gmt":"2014-02-10T16:49:55","guid":{"rendered":"http:\/\/www.visit-ulcinj.com\/blog\/?p=79492"},"modified":"2014-02-10T17:53:20","modified_gmt":"2014-02-10T16:53:20","slug":"izvjesna-koalicija-dps-dua-u-ulcinju","status":"publish","type":"post","link":"https:\/\/www.visit-ulcinj.com\/blog\/2014\/02\/10\/izvjesna-koalicija-dps-dua-u-ulcinju\/","title":{"rendered":"Izvjesna koalicija DPS-a i DUA u Ulcinju &#8211; Video"},"content":{"rendered":"<p><strong><a href=\"http:\/\/www.visit-ulcinj.com\/blog\/wp-content\/uploads\/2014\/02\/loro-ndrekic-mehmed-zenka.jpg\"><img loading=\"lazy\" class=\"alignleft  wp-image-79493\" alt=\"loro-ndrekic-mehmed-zenka\" src=\"http:\/\/www.visit-ulcinj.com\/blog\/wp-content\/uploads\/2014\/02\/loro-ndrekic-mehmed-zenka.jpg\" width=\"508\" height=\"360\" \/><\/a>Pi\u0161e Ana \u017divanovi\u0107<\/strong><\/p>\n<p><strong>ULCINJ \u2013 Pregovori o formiranju vlastu u Ulcinju izme\u0111u albanskih nacionalnih stranaka su zavr\u0161eni kada je u subotu ve\u010de Predsjedni\u0161tvo Demokratske unije Albanaca donijelo jednoglasnu odluku o povla\u010denju\u00a0 iz daljih pregovora sa albanskim partijama.<\/strong><\/p>\n<p>Mehmet Zenka, \u010delnik DUA, je na konferenciji za novinare rekao da \u0107e DUA ubudu\u0107e pregovarati samo sa DPS- om o mogu\u0107em formiranju vlasti u Ulcinju i\u00a0 optu\u017eio Forcu i Koaliciju \u201eZajedno za budu\u0107nost Ulcinja\u201c da su bili neiskreni tokom pregovora sa ciljem da uni\u0161te DUA.<\/p>\n<p align=\"left\">&#8211; Nije nam bilo lako da donesemo tu odluku, jer smo u pregovore u\u0161li iskreno sa \u017eeljom da pozitivno odgovorimo na \u017eelje Ulcinjana. Uprkos tome \u0161to smo imali dobre namjere, to \u0161to smo sumnjali u iskrenost na\u0161ih potencijalnih partnera pokazalo se kao opravdano. Danas je trebalo da nastavimo pregovore, ali oni su vodili pregovore sa DPS-om. Te informacije smo provjerili i mi ne \u017eelimo da budemo vi\u0161e dio te pri\u010de. Da opet ne bi bili \u017ertve trulih pregovora, donijeli smo tu te\u0161ku odluku \u2013 objasnio je Zenka.<\/p>\n<p align=\"left\">Pregovori sa DPS-om \u201eiza njegovih le\u0111a\u201c su i rezultirali odlukom Predsjedni\u0161tva o napu\u0161tanju pregovora. Tako\u0111e, kako je rekao, medijima su plasirane poluistine koje su gore od la\u017ei.<\/p>\n<p align=\"left\">&#8211; DUA smatra da u je ovom trenutku Ulcinju potrebna najozbiljnija vlast koja \u0107e se posvetiti rje\u0161avanju nagomilanih problema sugra\u0111ana, a to u ovom trenutku mo\u017ee da u\u010dini stabilna koalicija sa\u010dinjena od kvalitetnih kadrova. Ulcinju treba odgovorna i sposobna vlast koja \u0107e biti spremna da rje\u0161ava probleme gra\u0111ana, a ne koalicija trulih kompromisa, \u010diji je jedini cilj \u010duvanje sopstvenih pozicija i li\u010dnih interesa \u2013 kazao je<strong> <\/strong>Zenka.<\/p>\n<p align=\"left\">Podsje\u0107amo, u sedmici koja je za nama, na inicijativu Force zapo\u010deti su pregovori o formiranju vlasti izme\u0111u albanskih nacionalnih partija. Prvi sastanak izme\u0111u lidera Force Nazifa Cungua, lidera Koalicije Fatmira \u0110eke i predsjednika DUA Mehmeta Zenke dogodio se u utorak ve\u010de. Na drugom sastanku, u srijedu ve\u010de, pored njih, u\u010destvovalo je i rukovodstvo Perspektive i Demokratskog saveza. Niko od u\u010desnika pregovora nije dao zvani\u010dnu izjavu za medije. Ipak, neki mediji su objavili da je Fatmiru \u0110eki Forca ponudila mjesto predsjednika op\u0161tine. Sljede\u0107i razgovori bili su zakazani za nedjelju, ali do ovog sastanka nije ni do\u0161lo.<\/p>\n<p align=\"left\">Ideja o formiranju vlasti u Ulcinju izme\u0111u albanskih nacionalnih partija bez DPS-a je plasirana odmah nakon izbora. Ubrzo su se pojavili i navodni \u201epritisci sa strane\u201c,\u00a0 koji su dolazili iz Pri\u0161tine, Tirane i albanske dijaspore. Tako je i do\u0161lo do poku\u0161aja da se tri nepomirljive struje u Ulcinju \u2013 Forca, DUA i Demokratska partija, kojima je zajedni\u010dko samo to \u0161to su albanske, dogovore o formiranju vlasti u ovom gradu.<\/p>\n<p align=\"left\">Podsje\u0107amo, Demokratska partija Fatmira \u0110eke je nastala izdvajanjem iz Demokratske unije Albanaca, nakon \u010dega je formirala vlast sa Forcom, a Uniju poslala u opoziciju. Koalicija izme\u0111u Demokratske partije i Force je od avgusta 2011. vr\u0161ila vlast u Ulcinju sa SDP-om, ali je i \u0161est mjeseci prije posljednjih izbora prestala da funkcioni\u0161e, zbog \u010dega je i do\u0161lo do prijevremenih izbora. DUA i Forca su oduvijek bile opozicija jedna drugoj.<strong><\/strong><\/p>\n<p align=\"left\">U ponedjeljak, dan prije nego \u0161to su zapo\u010deti pregovori izme\u0111u albanskih nacionalnih partija, DPS je obavio prvu rundu pregovora sa potencijalnim koalicionim partnerima: Forcom, DUA, SDP i Koalicijom ,,Zajedno za budu\u0107nost Ulcinja\u201c. Nova runda pregovora DPS-a najavljena je za danas.<\/p>\n<p align=\"left\">Na lokalnim izborima za odbornike odr\u017eanom u Ulcinju 26. januara<strong> <\/strong>DPS je osvojio devet mandata, Forca\u00a0osam, Koalicija ,,Zajedno za bolji Ulcinj\u201c sedam, DUA tri, SDP i Pozitivna po dva mandata, SNP i DF po jedan.<\/p>\n<h4 align=\"left\">\u201e<strong>Prizivanje<\/strong>\u201c<strong> pritisaka sa strane<\/strong><\/h4>\n<p>Na konferenciji za novinare, odr\u017eanoj u nedjelju, Zenka je objasnio kako je do\u0161lo do \u201epritisaka sa strane\u201c: \u201ePartije koje su prije izbora imale dogovore sa DPS-om, a koje su poslije izbora izgubile svoje pozicije, po\u010dele su tajnim kanalima da alarmiraju albansku javnost da \u201ealbanska stvar\u201c u Ulcinju gubi. Tako su i krenuli pritisci.\u201c<\/p>\n<p><strong>Izvor: POBJEDA<\/strong><\/p>\n<p><strong>Video RTCG nga Mila Vukovic<\/strong><\/p>\n<p>[flv]http:\/\/www.rtcg.me\/upload\/boxFileData\/2014\/02\/9\/56260\/abs0902201409%2002%20POST%20MILA%20VUKOVIC_001.flv[\/flv]<\/p>\n","protected":false},"excerpt":{"rendered":"<p>Pi\u0161e Ana \u017divanovi\u0107 ULCINJ \u2013 Pregovori o formiranju vlastu u Ulcinju izme\u0111u albanskih nacionalnih stranaka su zavr\u0161eni kada je u subotu ve\u010de Predsjedni\u0161tvo Demokratske unije Albanaca donijelo jednoglasnu odluku o povla\u010denju\u00a0 iz daljih pregovora sa albanskim partijama. Mehmet Zenka, \u010delnik DUA, je na konferenciji za novinare rekao da \u0107e DUA ubudu\u0107e pregovarati samo sa DPS- [&hellip;]<\/p>\n","protected":false},"author":1,"featured_media":0,"comment_status":"closed","ping_status":"closed","sticky":false,"template":"","format":"standard","meta":{"spay_email":"","jetpack_publicize_message":"","jetpack_is_tweetstorm":false,"jetpack_publicize_feature_enabled":true},"categories":[8337],"tags":[],"jetpack_publicize_connections":[],"yoast_head":"<!-- This site is optimized with the Yoast SEO plugin v19.1 - https:\/\/yoast.com\/wordpress\/plugins\/seo\/ -->\n<title>Izvjesna koalicija DPS-a i DUA u Ulcinju - Video - Lajme nga Ulqini<\/title>\n<meta name=\"description\" content=\"Pi\u0161e Ana \u017divanovi\u0107 ULCINJ \u2013 Pregovori o formiranju vlastu u Ulcinju izme\u0111u albanskih nacionalnih stranaka su zavr\u0161eni kada je u subotu ve\u010de Predsjedni\u0161tvo\" \/>\n<meta name=\"robots\" content=\"index, follow, max-snippet:-1, max-image-preview:large, max-video-preview:-1\" \/>\n<link rel=\"canonical\" href=\"https:\/\/www.visit-ulcinj.com\/blog\/2014\/02\/10\/izvjesna-koalicija-dps-dua-u-ulcinju\/\" \/>\n<meta property=\"og:locale\" content=\"en_US\" \/>\n<meta property=\"og:type\" content=\"article\" \/>\n<meta property=\"og:title\" content=\"Izvjesna koalicija DPS-a i DUA u Ulcinju - Video - Lajme nga Ulqini\" \/>\n<meta property=\"og:description\" content=\"Pi\u0161e Ana \u017divanovi\u0107 ULCINJ \u2013 Pregovori o formiranju vlastu u Ulcinju izme\u0111u albanskih nacionalnih stranaka su zavr\u0161eni kada je u subotu ve\u010de Predsjedni\u0161tvo\" \/>\n<meta property=\"og:url\" content=\"https:\/\/www.visit-ulcinj.com\/blog\/2014\/02\/10\/izvjesna-koalicija-dps-dua-u-ulcinju\/\" \/>\n<meta property=\"og:site_name\" content=\"Lajme nga Ulqini\" \/>\n<meta property=\"article:published_time\" content=\"2014-02-10T16:49:55+00:00\" \/>\n<meta property=\"article:modified_time\" content=\"2014-02-10T16:53:20+00:00\" \/>\n<meta property=\"og:image\" content=\"http:\/\/www.visit-ulcinj.com\/blog\/wp-content\/uploads\/2014\/02\/loro-ndrekic-mehmed-zenka.jpg\" \/>\n<meta name=\"twitter:label1\" content=\"Written by\" \/>\n\t<meta name=\"twitter:data1\" content=\"ulqini\" \/>\n\t<meta name=\"twitter:label2\" content=\"Est. reading time\" \/>\n\t<meta name=\"twitter:data2\" content=\"4 minutes\" \/>\n<script type=\"application\/ld+json\" class=\"yoast-schema-graph\">{\"@context\":\"https:\/\/schema.org\",\"@graph\":[{\"@type\":\"WebSite\",\"@id\":\"https:\/\/www.visit-ulcinj.com\/blog\/#website\",\"url\":\"https:\/\/www.visit-ulcinj.com\/blog\/\",\"name\":\"Lajme nga Ulqini\",\"description\":\"Lajme,Vijesti,Ulqini,Ulqin,Crna Gora,Mali i Zi\",\"potentialAction\":[{\"@type\":\"SearchAction\",\"target\":{\"@type\":\"EntryPoint\",\"urlTemplate\":\"https:\/\/www.visit-ulcinj.com\/blog\/?s={search_term_string}\"},\"query-input\":\"required name=search_term_string\"}],\"inLanguage\":\"en-US\"},{\"@type\":\"ImageObject\",\"inLanguage\":\"en-US\",\"@id\":\"https:\/\/www.visit-ulcinj.com\/blog\/2014\/02\/10\/izvjesna-koalicija-dps-dua-u-ulcinju\/#primaryimage\",\"url\":\"https:\/\/www.visit-ulcinj.com\/blog\/wp-content\/uploads\/2014\/02\/loro-ndrekic-mehmed-zenka.jpg\",\"contentUrl\":\"https:\/\/www.visit-ulcinj.com\/blog\/wp-content\/uploads\/2014\/02\/loro-ndrekic-mehmed-zenka.jpg\",\"width\":462,\"height\":374},{\"@type\":\"WebPage\",\"@id\":\"https:\/\/www.visit-ulcinj.com\/blog\/2014\/02\/10\/izvjesna-koalicija-dps-dua-u-ulcinju\/#webpage\",\"url\":\"https:\/\/www.visit-ulcinj.com\/blog\/2014\/02\/10\/izvjesna-koalicija-dps-dua-u-ulcinju\/\",\"name\":\"Izvjesna koalicija DPS-a i DUA u Ulcinju - Video - Lajme nga Ulqini\",\"isPartOf\":{\"@id\":\"https:\/\/www.visit-ulcinj.com\/blog\/#website\"},\"primaryImageOfPage\":{\"@id\":\"https:\/\/www.visit-ulcinj.com\/blog\/2014\/02\/10\/izvjesna-koalicija-dps-dua-u-ulcinju\/#primaryimage\"},\"datePublished\":\"2014-02-10T16:49:55+00:00\",\"dateModified\":\"2014-02-10T16:53:20+00:00\",\"author\":{\"@id\":\"https:\/\/www.visit-ulcinj.com\/blog\/#\/schema\/person\/dcab619c614d3038751c63bc2aadc06d\"},\"description\":\"Pi\u0161e Ana \u017divanovi\u0107 ULCINJ \u2013 Pregovori o formiranju vlastu u Ulcinju izme\u0111u albanskih nacionalnih stranaka su zavr\u0161eni kada je u subotu ve\u010de Predsjedni\u0161tvo\",\"breadcrumb\":{\"@id\":\"https:\/\/www.visit-ulcinj.com\/blog\/2014\/02\/10\/izvjesna-koalicija-dps-dua-u-ulcinju\/#breadcrumb\"},\"inLanguage\":\"en-US\",\"potentialAction\":[{\"@type\":\"ReadAction\",\"target\":[\"https:\/\/www.visit-ulcinj.com\/blog\/2014\/02\/10\/izvjesna-koalicija-dps-dua-u-ulcinju\/\"]}]},{\"@type\":\"BreadcrumbList\",\"@id\":\"https:\/\/www.visit-ulcinj.com\/blog\/2014\/02\/10\/izvjesna-koalicija-dps-dua-u-ulcinju\/#breadcrumb\",\"itemListElement\":[{\"@type\":\"ListItem\",\"position\":1,\"name\":\"Izvjesna koalicija DPS-a i DUA u Ulcinju &#8211; Video\"}]},{\"@type\":\"Person\",\"@id\":\"https:\/\/www.visit-ulcinj.com\/blog\/#\/schema\/person\/dcab619c614d3038751c63bc2aadc06d\",\"name\":\"ulqini\",\"sameAs\":[\"http:\/\/www.visit-ulcinj.com\"],\"url\":\"https:\/\/www.visit-ulcinj.com\/blog\/author\/admin\/\"}]}<\/script>\n<!-- \/ Yoast SEO plugin. -->","yoast_head_json":{"title":"Izvjesna koalicija DPS-a i DUA u Ulcinju - Video - Lajme nga Ulqini","description":"Pi\u0161e Ana \u017divanovi\u0107 ULCINJ \u2013 Pregovori o formiranju vlastu u Ulcinju izme\u0111u albanskih nacionalnih stranaka su zavr\u0161eni kada je u subotu ve\u010de Predsjedni\u0161tvo","robots":{"index":"index","follow":"follow","max-snippet":"max-snippet:-1","max-image-preview":"max-image-preview:large","max-video-preview":"max-video-preview:-1"},"canonical":"https:\/\/www.visit-ulcinj.com\/blog\/2014\/02\/10\/izvjesna-koalicija-dps-dua-u-ulcinju\/","og_locale":"en_US","og_type":"article","og_title":"Izvjesna koalicija DPS-a i DUA u Ulcinju - Video - Lajme nga Ulqini","og_description":"Pi\u0161e Ana \u017divanovi\u0107 ULCINJ \u2013 Pregovori o formiranju vlastu u Ulcinju izme\u0111u albanskih nacionalnih stranaka su zavr\u0161eni kada je u subotu ve\u010de Predsjedni\u0161tvo","og_url":"https:\/\/www.visit-ulcinj.com\/blog\/2014\/02\/10\/izvjesna-koalicija-dps-dua-u-ulcinju\/","og_site_name":"Lajme nga Ulqini","article_published_time":"2014-02-10T16:49:55+00:00","article_modified_time":"2014-02-10T16:53:20+00:00","og_image":[{"url":"http:\/\/www.visit-ulcinj.com\/blog\/wp-content\/uploads\/2014\/02\/loro-ndrekic-mehmed-zenka.jpg"}],"twitter_misc":{"Written by":"ulqini","Est. reading time":"4 minutes"},"schema":{"@context":"https:\/\/schema.org","@graph":[{"@type":"WebSite","@id":"https:\/\/www.visit-ulcinj.com\/blog\/#website","url":"https:\/\/www.visit-ulcinj.com\/blog\/","name":"Lajme nga Ulqini","description":"Lajme,Vijesti,Ulqini,Ulqin,Crna Gora,Mali i Zi","potentialAction":[{"@type":"SearchAction","target":{"@type":"EntryPoint","urlTemplate":"https:\/\/www.visit-ulcinj.com\/blog\/?s={search_term_string}"},"query-input":"required name=search_term_string"}],"inLanguage":"en-US"},{"@type":"ImageObject","inLanguage":"en-US","@id":"https:\/\/www.visit-ulcinj.com\/blog\/2014\/02\/10\/izvjesna-koalicija-dps-dua-u-ulcinju\/#primaryimage","url":"https:\/\/www.visit-ulcinj.com\/blog\/wp-content\/uploads\/2014\/02\/loro-ndrekic-mehmed-zenka.jpg","contentUrl":"https:\/\/www.visit-ulcinj.com\/blog\/wp-content\/uploads\/2014\/02\/loro-ndrekic-mehmed-zenka.jpg","width":462,"height":374},{"@type":"WebPage","@id":"https:\/\/www.visit-ulcinj.com\/blog\/2014\/02\/10\/izvjesna-koalicija-dps-dua-u-ulcinju\/#webpage","url":"https:\/\/www.visit-ulcinj.com\/blog\/2014\/02\/10\/izvjesna-koalicija-dps-dua-u-ulcinju\/","name":"Izvjesna koalicija DPS-a i DUA u Ulcinju - Video - Lajme nga Ulqini","isPartOf":{"@id":"https:\/\/www.visit-ulcinj.com\/blog\/#website"},"primaryImageOfPage":{"@id":"https:\/\/www.visit-ulcinj.com\/blog\/2014\/02\/10\/izvjesna-koalicija-dps-dua-u-ulcinju\/#primaryimage"},"datePublished":"2014-02-10T16:49:55+00:00","dateModified":"2014-02-10T16:53:20+00:00","author":{"@id":"https:\/\/www.visit-ulcinj.com\/blog\/#\/schema\/person\/dcab619c614d3038751c63bc2aadc06d"},"description":"Pi\u0161e Ana \u017divanovi\u0107 ULCINJ \u2013 Pregovori o formiranju vlastu u Ulcinju izme\u0111u albanskih nacionalnih stranaka su zavr\u0161eni kada je u subotu ve\u010de Predsjedni\u0161tvo","breadcrumb":{"@id":"https:\/\/www.visit-ulcinj.com\/blog\/2014\/02\/10\/izvjesna-koalicija-dps-dua-u-ulcinju\/#breadcrumb"},"inLanguage":"en-US","potentialAction":[{"@type":"ReadAction","target":["https:\/\/www.visit-ulcinj.com\/blog\/2014\/02\/10\/izvjesna-koalicija-dps-dua-u-ulcinju\/"]}]},{"@type":"BreadcrumbList","@id":"https:\/\/www.visit-ulcinj.com\/blog\/2014\/02\/10\/izvjesna-koalicija-dps-dua-u-ulcinju\/#breadcrumb","itemListElement":[{"@type":"ListItem","position":1,"name":"Izvjesna koalicija DPS-a i DUA u Ulcinju &#8211; Video"}]},{"@type":"Person","@id":"https:\/\/www.visit-ulcinj.com\/blog\/#\/schema\/person\/dcab619c614d3038751c63bc2aadc06d","name":"ulqini","sameAs":["http:\/\/www.visit-ulcinj.com"],"url":"https:\/\/www.visit-ulcinj.com\/blog\/author\/admin\/"}]}},"jetpack_featured_media_url":"","jetpack_sharing_enabled":true,"jetpack_shortlink":"https:\/\/wp.me\/pe6lTn-kG8","_links":{"self":[{"href":"https:\/\/www.visit-ulcinj.com\/blog\/wp-json\/wp\/v2\/posts\/79492"}],"collection":[{"href":"https:\/\/www.visit-ulcinj.com\/blog\/wp-json\/wp\/v2\/posts"}],"about":[{"href":"https:\/\/www.visit-ulcinj.com\/blog\/wp-json\/wp\/v2\/types\/post"}],"author":[{"embeddable":true,"href":"https:\/\/www.visit-ulcinj.com\/blog\/wp-json\/wp\/v2\/users\/1"}],"replies":[{"embeddable":true,"href":"https:\/\/www.visit-ulcinj.com\/blog\/wp-json\/wp\/v2\/comments?post=79492"}],"version-history":[{"count":2,"href":"https:\/\/www.visit-ulcinj.com\/blog\/wp-json\/wp\/v2\/posts\/79492\/revisions"}],"predecessor-version":[{"id":79495,"href":"https:\/\/www.visit-ulcinj.com\/blog\/wp-json\/wp\/v2\/posts\/79492\/revisions\/79495"}],"wp:attachment":[{"href":"https:\/\/www.visit-ulcinj.com\/blog\/wp-json\/wp\/v2\/media?parent=79492"}],"wp:term":[{"taxonomy":"category","embeddable":true,"href":"https:\/\/www.visit-ulcinj.com\/blog\/wp-json\/wp\/v2\/categories?post=79492"},{"taxonomy":"post_tag","embeddable":true,"href":"https:\/\/www.visit-ulcinj.com\/blog\/wp-json\/wp\/v2\/tags?post=79492"}],"curies":[{"name":"wp","href":"https:\/\/api.w.org\/{rel}","templated":true}]}}