{"id":79496,"date":"2014-02-10T18:06:21","date_gmt":"2014-02-10T17:06:21","guid":{"rendered":"http:\/\/www.visit-ulcinj.com\/blog\/?p=79496"},"modified":"2014-02-10T18:06:21","modified_gmt":"2014-02-10T17:06:21","slug":"pds-ja-ne-ulqin-kerkon-vendin-e-kryetarit-te-komunes","status":"publish","type":"post","link":"https:\/\/www.visit-ulcinj.com\/blog\/2014\/02\/10\/pds-ja-ne-ulqin-kerkon-vendin-e-kryetarit-te-komunes\/","title":{"rendered":"PDS-ja ne Ulqin k\u00ebrkon vendin e kryetarit t\u00eb komun\u00ebs"},"content":{"rendered":"<p><strong><a href=\"http:\/\/www.visit-ulcinj.com\/blog\/wp-content\/uploads\/2011\/11\/Loro-Nrekiq_ulqin.14.jpg\"><img loading=\"lazy\" class=\"alignleft  wp-image-53353\" alt=\"Loro Nrekiq_ulqin.14\" src=\"http:\/\/www.visit-ulcinj.com\/blog\/wp-content\/uploads\/2011\/11\/Loro-Nrekiq_ulqin.14.jpg\" width=\"508\" height=\"360\" \/><\/a>PDS-s\u00eb i takon vendi i kryetarit t\u00eb Komun\u00ebs<\/strong><\/p>\n<p>PDS-ja do t\u00eb duhej q\u00eb deri n\u00eb fund t\u00eb k\u00ebsaj jave t\u00eb arrij\u00eb marr\u00ebveshjen me partnerin e ardhsh\u00ebm t\u00eb koalilconit p\u00ebr formimin e pushtetit n\u00eb Ulqin, ka paralajm\u00ebruar\u00a0 kryetari k\u00ebsaj partie p\u00ebr Ulqin, Loro Nrekiq ,duke shtuar se \u00ebsht\u00eb logjike q\u00eb PDS-s\u00a0 ti takoj\u00eb vendi i kryetarit t\u00eb Komun\u00ebs. Nrekiq ,ka theksuar p\u00ebr agjencin\u00eb MINA se nes\u00ebr, n\u00eb mbledhjen e K\u00ebshillit ekzekutiv t\u00eb Partis\u00eb do t\u00eb formohet grupi punues p\u00ebr bisedime. Sipas fjal\u00ebve t\u00eb tij dyert e PDS jan\u00eb t\u00eb hapura p\u00ebr t\u00eb gjith\u00eb me t\u00eb cil\u00ebt \u00ebsht\u00eb n\u00eb koalicion n\u00eb nivelin shtet\u00ebror. Ai ka shtuar se PDS-s , duke pas para sysh forc\u00ebn e saj , i takon vendi i kryetarit t\u00eb Komun\u00ebs.<\/p>\n<p><strong>RTCG<\/strong><\/p>\n","protected":false},"excerpt":{"rendered":"<p>PDS-s\u00eb i takon vendi i kryetarit t\u00eb Komun\u00ebs PDS-ja do t\u00eb duhej q\u00eb deri n\u00eb fund t\u00eb k\u00ebsaj jave t\u00eb arrij\u00eb marr\u00ebveshjen me partnerin e ardhsh\u00ebm t\u00eb koalilconit p\u00ebr formimin e pushtetit n\u00eb Ulqin, ka paralajm\u00ebruar\u00a0 kryetari k\u00ebsaj partie p\u00ebr Ulqin, Loro Nrekiq ,duke shtuar se \u00ebsht\u00eb logjike q\u00eb PDS-s\u00a0 ti takoj\u00eb vendi i kryetarit [&hellip;]<\/p>\n","protected":false},"author":1,"featured_media":0,"comment_status":"closed","ping_status":"closed","sticky":false,"template":"","format":"standard","meta":{"spay_email":"","jetpack_publicize_message":"","jetpack_is_tweetstorm":false,"jetpack_publicize_feature_enabled":true},"categories":[12],"tags":[],"jetpack_publicize_connections":[],"yoast_head":"<!-- This site is optimized with the Yoast SEO plugin v19.1 - https:\/\/yoast.com\/wordpress\/plugins\/seo\/ -->\n<title>PDS-ja ne Ulqin k\u00ebrkon vendin e kryetarit t\u00eb komun\u00ebs - Lajme nga Ulqini<\/title>\n<meta name=\"description\" content=\"PDS-s\u00eb i takon vendi i kryetarit t\u00eb Komun\u00ebs PDS-ja do t\u00eb duhej q\u00eb deri n\u00eb fund t\u00eb k\u00ebsaj jave t\u00eb arrij\u00eb marr\u00ebveshjen me partnerin e ardhsh\u00ebm t\u00eb koalilconit\" \/>\n<meta name=\"robots\" content=\"index, follow, max-snippet:-1, max-image-preview:large, max-video-preview:-1\" \/>\n<link rel=\"canonical\" href=\"https:\/\/www.visit-ulcinj.com\/blog\/2014\/02\/10\/pds-ja-ne-ulqin-kerkon-vendin-e-kryetarit-te-komunes\/\" \/>\n<meta property=\"og:locale\" content=\"en_US\" \/>\n<meta property=\"og:type\" content=\"article\" \/>\n<meta property=\"og:title\" content=\"PDS-ja ne Ulqin k\u00ebrkon vendin e kryetarit t\u00eb komun\u00ebs - Lajme nga Ulqini\" \/>\n<meta property=\"og:description\" content=\"PDS-s\u00eb i takon vendi i kryetarit t\u00eb Komun\u00ebs PDS-ja do t\u00eb duhej q\u00eb deri n\u00eb fund t\u00eb k\u00ebsaj jave t\u00eb arrij\u00eb marr\u00ebveshjen me partnerin e ardhsh\u00ebm t\u00eb koalilconit\" \/>\n<meta property=\"og:url\" content=\"https:\/\/www.visit-ulcinj.com\/blog\/2014\/02\/10\/pds-ja-ne-ulqin-kerkon-vendin-e-kryetarit-te-komunes\/\" \/>\n<meta property=\"og:site_name\" content=\"Lajme nga Ulqini\" \/>\n<meta property=\"article:published_time\" content=\"2014-02-10T17:06:21+00:00\" \/>\n<meta property=\"og:image\" content=\"http:\/\/www.visit-ulcinj.com\/blog\/wp-content\/uploads\/2011\/11\/Loro-Nrekiq_ulqin.14.jpg\" \/>\n<meta name=\"twitter:label1\" content=\"Written by\" \/>\n\t<meta name=\"twitter:data1\" content=\"ulqini\" \/>\n\t<meta name=\"twitter:label2\" content=\"Est. reading time\" \/>\n\t<meta name=\"twitter:data2\" content=\"1 minute\" \/>\n<script type=\"application\/ld+json\" class=\"yoast-schema-graph\">{\"@context\":\"https:\/\/schema.org\",\"@graph\":[{\"@type\":\"WebSite\",\"@id\":\"https:\/\/www.visit-ulcinj.com\/blog\/#website\",\"url\":\"https:\/\/www.visit-ulcinj.com\/blog\/\",\"name\":\"Lajme nga Ulqini\",\"description\":\"Lajme,Vijesti,Ulqini,Ulqin,Crna Gora,Mali i Zi\",\"potentialAction\":[{\"@type\":\"SearchAction\",\"target\":{\"@type\":\"EntryPoint\",\"urlTemplate\":\"https:\/\/www.visit-ulcinj.com\/blog\/?s={search_term_string}\"},\"query-input\":\"required name=search_term_string\"}],\"inLanguage\":\"en-US\"},{\"@type\":\"ImageObject\",\"inLanguage\":\"en-US\",\"@id\":\"https:\/\/www.visit-ulcinj.com\/blog\/2014\/02\/10\/pds-ja-ne-ulqin-kerkon-vendin-e-kryetarit-te-komunes\/#primaryimage\",\"url\":\"https:\/\/www.visit-ulcinj.com\/blog\/wp-content\/uploads\/2011\/11\/Loro-Nrekiq_ulqin.14.jpg\",\"contentUrl\":\"https:\/\/www.visit-ulcinj.com\/blog\/wp-content\/uploads\/2011\/11\/Loro-Nrekiq_ulqin.14.jpg\",\"width\":\"720\",\"height\":\"480\"},{\"@type\":\"WebPage\",\"@id\":\"https:\/\/www.visit-ulcinj.com\/blog\/2014\/02\/10\/pds-ja-ne-ulqin-kerkon-vendin-e-kryetarit-te-komunes\/#webpage\",\"url\":\"https:\/\/www.visit-ulcinj.com\/blog\/2014\/02\/10\/pds-ja-ne-ulqin-kerkon-vendin-e-kryetarit-te-komunes\/\",\"name\":\"PDS-ja ne Ulqin k\u00ebrkon vendin e kryetarit t\u00eb komun\u00ebs - Lajme nga Ulqini\",\"isPartOf\":{\"@id\":\"https:\/\/www.visit-ulcinj.com\/blog\/#website\"},\"primaryImageOfPage\":{\"@id\":\"https:\/\/www.visit-ulcinj.com\/blog\/2014\/02\/10\/pds-ja-ne-ulqin-kerkon-vendin-e-kryetarit-te-komunes\/#primaryimage\"},\"datePublished\":\"2014-02-10T17:06:21+00:00\",\"dateModified\":\"2014-02-10T17:06:21+00:00\",\"author\":{\"@id\":\"https:\/\/www.visit-ulcinj.com\/blog\/#\/schema\/person\/dcab619c614d3038751c63bc2aadc06d\"},\"description\":\"PDS-s\u00eb i takon vendi i kryetarit t\u00eb Komun\u00ebs PDS-ja do t\u00eb duhej q\u00eb deri n\u00eb fund t\u00eb k\u00ebsaj jave t\u00eb arrij\u00eb marr\u00ebveshjen me partnerin e ardhsh\u00ebm t\u00eb koalilconit\",\"breadcrumb\":{\"@id\":\"https:\/\/www.visit-ulcinj.com\/blog\/2014\/02\/10\/pds-ja-ne-ulqin-kerkon-vendin-e-kryetarit-te-komunes\/#breadcrumb\"},\"inLanguage\":\"en-US\",\"potentialAction\":[{\"@type\":\"ReadAction\",\"target\":[\"https:\/\/www.visit-ulcinj.com\/blog\/2014\/02\/10\/pds-ja-ne-ulqin-kerkon-vendin-e-kryetarit-te-komunes\/\"]}]},{\"@type\":\"BreadcrumbList\",\"@id\":\"https:\/\/www.visit-ulcinj.com\/blog\/2014\/02\/10\/pds-ja-ne-ulqin-kerkon-vendin-e-kryetarit-te-komunes\/#breadcrumb\",\"itemListElement\":[{\"@type\":\"ListItem\",\"position\":1,\"name\":\"PDS-ja ne Ulqin k\u00ebrkon vendin e kryetarit t\u00eb komun\u00ebs\"}]},{\"@type\":\"Person\",\"@id\":\"https:\/\/www.visit-ulcinj.com\/blog\/#\/schema\/person\/dcab619c614d3038751c63bc2aadc06d\",\"name\":\"ulqini\",\"sameAs\":[\"http:\/\/www.visit-ulcinj.com\"],\"url\":\"https:\/\/www.visit-ulcinj.com\/blog\/author\/admin\/\"}]}<\/script>\n<!-- \/ Yoast SEO plugin. -->","yoast_head_json":{"title":"PDS-ja ne Ulqin k\u00ebrkon vendin e kryetarit t\u00eb komun\u00ebs - Lajme nga Ulqini","description":"PDS-s\u00eb i takon vendi i kryetarit t\u00eb Komun\u00ebs PDS-ja do t\u00eb duhej q\u00eb deri n\u00eb fund t\u00eb k\u00ebsaj jave t\u00eb arrij\u00eb marr\u00ebveshjen me partnerin e ardhsh\u00ebm t\u00eb koalilconit","robots":{"index":"index","follow":"follow","max-snippet":"max-snippet:-1","max-image-preview":"max-image-preview:large","max-video-preview":"max-video-preview:-1"},"canonical":"https:\/\/www.visit-ulcinj.com\/blog\/2014\/02\/10\/pds-ja-ne-ulqin-kerkon-vendin-e-kryetarit-te-komunes\/","og_locale":"en_US","og_type":"article","og_title":"PDS-ja ne Ulqin k\u00ebrkon vendin e kryetarit t\u00eb komun\u00ebs - Lajme nga Ulqini","og_description":"PDS-s\u00eb i takon vendi i kryetarit t\u00eb Komun\u00ebs PDS-ja do t\u00eb duhej q\u00eb deri n\u00eb fund t\u00eb k\u00ebsaj jave t\u00eb arrij\u00eb marr\u00ebveshjen me partnerin e ardhsh\u00ebm t\u00eb koalilconit","og_url":"https:\/\/www.visit-ulcinj.com\/blog\/2014\/02\/10\/pds-ja-ne-ulqin-kerkon-vendin-e-kryetarit-te-komunes\/","og_site_name":"Lajme nga Ulqini","article_published_time":"2014-02-10T17:06:21+00:00","og_image":[{"url":"http:\/\/www.visit-ulcinj.com\/blog\/wp-content\/uploads\/2011\/11\/Loro-Nrekiq_ulqin.14.jpg"}],"twitter_misc":{"Written by":"ulqini","Est. reading time":"1 minute"},"schema":{"@context":"https:\/\/schema.org","@graph":[{"@type":"WebSite","@id":"https:\/\/www.visit-ulcinj.com\/blog\/#website","url":"https:\/\/www.visit-ulcinj.com\/blog\/","name":"Lajme nga Ulqini","description":"Lajme,Vijesti,Ulqini,Ulqin,Crna Gora,Mali i Zi","potentialAction":[{"@type":"SearchAction","target":{"@type":"EntryPoint","urlTemplate":"https:\/\/www.visit-ulcinj.com\/blog\/?s={search_term_string}"},"query-input":"required name=search_term_string"}],"inLanguage":"en-US"},{"@type":"ImageObject","inLanguage":"en-US","@id":"https:\/\/www.visit-ulcinj.com\/blog\/2014\/02\/10\/pds-ja-ne-ulqin-kerkon-vendin-e-kryetarit-te-komunes\/#primaryimage","url":"https:\/\/www.visit-ulcinj.com\/blog\/wp-content\/uploads\/2011\/11\/Loro-Nrekiq_ulqin.14.jpg","contentUrl":"https:\/\/www.visit-ulcinj.com\/blog\/wp-content\/uploads\/2011\/11\/Loro-Nrekiq_ulqin.14.jpg","width":"720","height":"480"},{"@type":"WebPage","@id":"https:\/\/www.visit-ulcinj.com\/blog\/2014\/02\/10\/pds-ja-ne-ulqin-kerkon-vendin-e-kryetarit-te-komunes\/#webpage","url":"https:\/\/www.visit-ulcinj.com\/blog\/2014\/02\/10\/pds-ja-ne-ulqin-kerkon-vendin-e-kryetarit-te-komunes\/","name":"PDS-ja ne Ulqin k\u00ebrkon vendin e kryetarit t\u00eb komun\u00ebs - Lajme nga Ulqini","isPartOf":{"@id":"https:\/\/www.visit-ulcinj.com\/blog\/#website"},"primaryImageOfPage":{"@id":"https:\/\/www.visit-ulcinj.com\/blog\/2014\/02\/10\/pds-ja-ne-ulqin-kerkon-vendin-e-kryetarit-te-komunes\/#primaryimage"},"datePublished":"2014-02-10T17:06:21+00:00","dateModified":"2014-02-10T17:06:21+00:00","author":{"@id":"https:\/\/www.visit-ulcinj.com\/blog\/#\/schema\/person\/dcab619c614d3038751c63bc2aadc06d"},"description":"PDS-s\u00eb i takon vendi i kryetarit t\u00eb Komun\u00ebs PDS-ja do t\u00eb duhej q\u00eb deri n\u00eb fund t\u00eb k\u00ebsaj jave t\u00eb arrij\u00eb marr\u00ebveshjen me partnerin e ardhsh\u00ebm t\u00eb koalilconit","breadcrumb":{"@id":"https:\/\/www.visit-ulcinj.com\/blog\/2014\/02\/10\/pds-ja-ne-ulqin-kerkon-vendin-e-kryetarit-te-komunes\/#breadcrumb"},"inLanguage":"en-US","potentialAction":[{"@type":"ReadAction","target":["https:\/\/www.visit-ulcinj.com\/blog\/2014\/02\/10\/pds-ja-ne-ulqin-kerkon-vendin-e-kryetarit-te-komunes\/"]}]},{"@type":"BreadcrumbList","@id":"https:\/\/www.visit-ulcinj.com\/blog\/2014\/02\/10\/pds-ja-ne-ulqin-kerkon-vendin-e-kryetarit-te-komunes\/#breadcrumb","itemListElement":[{"@type":"ListItem","position":1,"name":"PDS-ja ne Ulqin k\u00ebrkon vendin e kryetarit t\u00eb komun\u00ebs"}]},{"@type":"Person","@id":"https:\/\/www.visit-ulcinj.com\/blog\/#\/schema\/person\/dcab619c614d3038751c63bc2aadc06d","name":"ulqini","sameAs":["http:\/\/www.visit-ulcinj.com"],"url":"https:\/\/www.visit-ulcinj.com\/blog\/author\/admin\/"}]}},"jetpack_featured_media_url":"","jetpack_sharing_enabled":true,"jetpack_shortlink":"https:\/\/wp.me\/pe6lTn-kGc","_links":{"self":[{"href":"https:\/\/www.visit-ulcinj.com\/blog\/wp-json\/wp\/v2\/posts\/79496"}],"collection":[{"href":"https:\/\/www.visit-ulcinj.com\/blog\/wp-json\/wp\/v2\/posts"}],"about":[{"href":"https:\/\/www.visit-ulcinj.com\/blog\/wp-json\/wp\/v2\/types\/post"}],"author":[{"embeddable":true,"href":"https:\/\/www.visit-ulcinj.com\/blog\/wp-json\/wp\/v2\/users\/1"}],"replies":[{"embeddable":true,"href":"https:\/\/www.visit-ulcinj.com\/blog\/wp-json\/wp\/v2\/comments?post=79496"}],"version-history":[{"count":1,"href":"https:\/\/www.visit-ulcinj.com\/blog\/wp-json\/wp\/v2\/posts\/79496\/revisions"}],"predecessor-version":[{"id":79497,"href":"https:\/\/www.visit-ulcinj.com\/blog\/wp-json\/wp\/v2\/posts\/79496\/revisions\/79497"}],"wp:attachment":[{"href":"https:\/\/www.visit-ulcinj.com\/blog\/wp-json\/wp\/v2\/media?parent=79496"}],"wp:term":[{"taxonomy":"category","embeddable":true,"href":"https:\/\/www.visit-ulcinj.com\/blog\/wp-json\/wp\/v2\/categories?post=79496"},{"taxonomy":"post_tag","embeddable":true,"href":"https:\/\/www.visit-ulcinj.com\/blog\/wp-json\/wp\/v2\/tags?post=79496"}],"curies":[{"name":"wp","href":"https:\/\/api.w.org\/{rel}","templated":true}]}}