{"id":79498,"date":"2014-02-10T18:23:44","date_gmt":"2014-02-10T17:23:44","guid":{"rendered":"http:\/\/www.visit-ulcinj.com\/blog\/?p=79498"},"modified":"2014-02-10T18:23:44","modified_gmt":"2014-02-10T17:23:44","slug":"problem-divljih-deponija-ulcinja-foto","status":"publish","type":"post","link":"https:\/\/www.visit-ulcinj.com\/blog\/2014\/02\/10\/problem-divljih-deponija-ulcinja-foto\/","title":{"rendered":"Problem divljih deponija Ulcinja + Foto"},"content":{"rendered":"<div><strong><a href=\"http:\/\/www.visit-ulcinj.com\/blog\/wp-content\/uploads\/2014\/02\/Problem-divljih-deponija-Ulcinja.jpg\"><img loading=\"lazy\" class=\"alignleft  wp-image-79499\" alt=\"Problem divljih deponija Ulcinja\" src=\"http:\/\/www.visit-ulcinj.com\/blog\/wp-content\/uploads\/2014\/02\/Problem-divljih-deponija-Ulcinja.jpg\" width=\"508\" height=\"360\" \/><\/a>Pi\u0161e Ismet Karamanaga<br \/>\n<\/strong><\/div>\n<div id=\"id_52f908f8d38855264291544\">Ljudi koji ovo rade, sigurno ne\u0107e \u0161trajkovati zbog sme\u0107a i ove deponije kao oni u Beranama. Svakodnevno tuda prolaze i vjerovatno neko od njih, i da doprinos da ovo smetli\u0161te jo\u0161 vi\u0161e naraste. Zaista, te\u0161ko je vjerovati da se ovo de\u0161ava na jednoj od najprometnijih ulica kod nas. Sve se ovo de\u0161ava na Pinje\u0161u, pored glavnog puta, gdje \u017eive profesori, ljekari, in\u017einjeri dr. nauka i jo\u0161 poneko od onih koji se bave turizmom.<br \/>\nDa ironija bude jo\u0161 ve\u0107a, to sme\u0107e se lageruje u jednoj rupi, koja je iskopana, neznam iz kojih razloga, gdje se vide neke cijevi, pored jednog neogra\u0111enog puta. Za \u017ealjenje je \u010dinjenica, da sve te &#8220;vile&#8221; imaju kante pored ku\u0107a, a da ne govorimo da su na svakih \u0107o\u0161ak postavljeni veliki kontejneri.<\/div>\n<div>\nZa one koji ne poznaju ovaj kraj i ovaj put, i ako slu\u010dajno idu u posjetu biv\u0161em gradona\u010delniku, sje\u0107ate se onog sa &#8220;\u0161e\u0161irom&#8221;, ili jo\u0161 &#8220;\u010duvenijoj&#8221; folk pjeva\u010dici, mogu lako da nastradaju, jer za skretanje od glavnog prema tom putu, morate biti izuzetan voza\u010d i umjetnik. Naravno, tu je je i muslimansko groblje i mnogo luksuznih apartmana visoke kategorije.<br \/>\nNijesam siguran da se nadle\u017eni bave ovakvim stvarima, sad im je najva\u017enije ko \u0107e s kim, me\u0111utim, bilo bi dobro da ne zapostave i nas obi\u010dne smrtnike&#8230;.<\/div>\n<div><\/div>\n<div>\n<p data-ft=\"{&quot;tn&quot;:&quot;C&quot;}\"><strong><a id=\"js_67\" href=\"https:\/\/www.facebook.com\/ismet.karamanaga?hc_location=timeline\" data-hovercard=\"\/ajax\/hovercard\/user.php?id=1359492972&amp;extragetparams=%7B%22hc_location%22%3A%22timeline%22%7D\">Ismet Karamanaga Facebook<\/a><\/strong><\/p>\n\n\t\t<style type=\"text\/css\">\n\t\t\t#gallery-1 {\n\t\t\t\tmargin: auto;\n\t\t\t}\n\t\t\t#gallery-1 .gallery-item {\n\t\t\t\tfloat: left;\n\t\t\t\tmargin-top: 10px;\n\t\t\t\ttext-align: center;\n\t\t\t\twidth: 33%;\n\t\t\t}\n\t\t\t#gallery-1 img {\n\t\t\t\tborder: 2px solid #cfcfcf;\n\t\t\t}\n\t\t\t#gallery-1 .gallery-caption {\n\t\t\t\tmargin-left: 0;\n\t\t\t}\n\t\t\t\/* see gallery_shortcode() in wp-includes\/media.php *\/\n\t\t<\/style>\n\t\t<div id='gallery-1' class='gallery galleryid-79498 gallery-columns-3 gallery-size-thumbnail'><dl class='gallery-item'>\n\t\t\t<dt class='gallery-icon landscape'>\n\t\t\t\t<a href='https:\/\/www.visit-ulcinj.com\/blog\/2014\/02\/10\/problem-divljih-deponija-ulcinja-foto\/problem-divljih-deponija-ulcinja-1\/'><img width=\"150\" height=\"150\" src=\"https:\/\/www.visit-ulcinj.com\/blog\/wp-content\/uploads\/2014\/02\/Problem-divljih-deponija-Ulcinja-1-150x150.jpg\" class=\"attachment-thumbnail size-thumbnail\" alt=\"\" loading=\"lazy\" \/><\/a>\n\t\t\t<\/dt><\/dl><dl class='gallery-item'>\n\t\t\t<dt class='gallery-icon landscape'>\n\t\t\t\t<a href='https:\/\/www.visit-ulcinj.com\/blog\/2014\/02\/10\/problem-divljih-deponija-ulcinja-foto\/problem-divljih-deponija-ulcinja-2\/'><img width=\"150\" height=\"150\" src=\"https:\/\/www.visit-ulcinj.com\/blog\/wp-content\/uploads\/2014\/02\/Problem-divljih-deponija-Ulcinja-2-150x150.jpg\" class=\"attachment-thumbnail size-thumbnail\" alt=\"\" loading=\"lazy\" \/><\/a>\n\t\t\t<\/dt><\/dl><dl class='gallery-item'>\n\t\t\t<dt class='gallery-icon landscape'>\n\t\t\t\t<a href='https:\/\/www.visit-ulcinj.com\/blog\/2014\/02\/10\/problem-divljih-deponija-ulcinja-foto\/problem-divljih-deponija-ulcinja-3\/'><img width=\"150\" height=\"150\" src=\"https:\/\/www.visit-ulcinj.com\/blog\/wp-content\/uploads\/2014\/02\/Problem-divljih-deponija-Ulcinja-3-150x150.jpg\" class=\"attachment-thumbnail size-thumbnail\" alt=\"\" loading=\"lazy\" \/><\/a>\n\t\t\t<\/dt><\/dl><br style=\"clear: both\" \/>\n\t\t<\/div>\n\n<\/div>\n","protected":false},"excerpt":{"rendered":"<p>Pi\u0161e Ismet Karamanaga Ljudi koji ovo rade, sigurno ne\u0107e \u0161trajkovati zbog sme\u0107a i ove deponije kao oni u Beranama. Svakodnevno tuda prolaze i vjerovatno neko od njih, i da doprinos da ovo smetli\u0161te jo\u0161 vi\u0161e naraste. Zaista, te\u0161ko je vjerovati da se ovo de\u0161ava na jednoj od najprometnijih ulica kod nas. Sve se ovo de\u0161ava [&hellip;]<\/p>\n","protected":false},"author":1,"featured_media":0,"comment_status":"closed","ping_status":"closed","sticky":false,"template":"","format":"standard","meta":{"spay_email":"","jetpack_publicize_message":"","jetpack_is_tweetstorm":false,"jetpack_publicize_feature_enabled":true},"categories":[6950],"tags":[],"jetpack_publicize_connections":[],"yoast_head":"<!-- This site is optimized with the Yoast SEO plugin v19.1 - https:\/\/yoast.com\/wordpress\/plugins\/seo\/ -->\n<title>Problem divljih deponija Ulcinja + Foto - Lajme nga Ulqini<\/title>\n<meta name=\"description\" content=\"Pi\u0161e Ismet Karamanaga Ljudi koji ovo rade, sigurno ne\u0107e \u0161trajkovati zbog sme\u0107a i ove deponije kao oni u Beranama. Svakodnevno tuda prolaze i vjerovatno\" \/>\n<meta name=\"robots\" content=\"index, follow, max-snippet:-1, max-image-preview:large, max-video-preview:-1\" \/>\n<link rel=\"canonical\" href=\"https:\/\/www.visit-ulcinj.com\/blog\/2014\/02\/10\/problem-divljih-deponija-ulcinja-foto\/\" \/>\n<meta property=\"og:locale\" content=\"en_US\" \/>\n<meta property=\"og:type\" content=\"article\" \/>\n<meta property=\"og:title\" content=\"Problem divljih deponija Ulcinja + Foto - Lajme nga Ulqini\" \/>\n<meta property=\"og:description\" content=\"Pi\u0161e Ismet Karamanaga Ljudi koji ovo rade, sigurno ne\u0107e \u0161trajkovati zbog sme\u0107a i ove deponije kao oni u Beranama. Svakodnevno tuda prolaze i vjerovatno\" \/>\n<meta property=\"og:url\" content=\"https:\/\/www.visit-ulcinj.com\/blog\/2014\/02\/10\/problem-divljih-deponija-ulcinja-foto\/\" \/>\n<meta property=\"og:site_name\" content=\"Lajme nga Ulqini\" \/>\n<meta property=\"article:published_time\" content=\"2014-02-10T17:23:44+00:00\" \/>\n<meta property=\"og:image\" content=\"https:\/\/www.visit-ulcinj.com\/blog\/wp-content\/uploads\/2014\/02\/Problem-divljih-deponija-Ulcinja-1-150x150.jpg\" \/>\n<meta name=\"twitter:label1\" content=\"Written by\" \/>\n\t<meta name=\"twitter:data1\" content=\"ulqini\" \/>\n\t<meta name=\"twitter:label2\" content=\"Est. reading time\" \/>\n\t<meta name=\"twitter:data2\" content=\"1 minute\" \/>\n<script type=\"application\/ld+json\" class=\"yoast-schema-graph\">{\"@context\":\"https:\/\/schema.org\",\"@graph\":[{\"@type\":\"WebSite\",\"@id\":\"https:\/\/www.visit-ulcinj.com\/blog\/#website\",\"url\":\"https:\/\/www.visit-ulcinj.com\/blog\/\",\"name\":\"Lajme nga Ulqini\",\"description\":\"Lajme,Vijesti,Ulqini,Ulqin,Crna Gora,Mali i Zi\",\"potentialAction\":[{\"@type\":\"SearchAction\",\"target\":{\"@type\":\"EntryPoint\",\"urlTemplate\":\"https:\/\/www.visit-ulcinj.com\/blog\/?s={search_term_string}\"},\"query-input\":\"required name=search_term_string\"}],\"inLanguage\":\"en-US\"},{\"@type\":\"ImageObject\",\"inLanguage\":\"en-US\",\"@id\":\"https:\/\/www.visit-ulcinj.com\/blog\/2014\/02\/10\/problem-divljih-deponija-ulcinja-foto\/#primaryimage\",\"url\":\"https:\/\/www.visit-ulcinj.com\/blog\/wp-content\/uploads\/2014\/02\/Problem-divljih-deponija-Ulcinja.jpg\",\"contentUrl\":\"https:\/\/www.visit-ulcinj.com\/blog\/wp-content\/uploads\/2014\/02\/Problem-divljih-deponija-Ulcinja.jpg\",\"width\":960,\"height\":720},{\"@type\":\"WebPage\",\"@id\":\"https:\/\/www.visit-ulcinj.com\/blog\/2014\/02\/10\/problem-divljih-deponija-ulcinja-foto\/#webpage\",\"url\":\"https:\/\/www.visit-ulcinj.com\/blog\/2014\/02\/10\/problem-divljih-deponija-ulcinja-foto\/\",\"name\":\"Problem divljih deponija Ulcinja + Foto - Lajme nga Ulqini\",\"isPartOf\":{\"@id\":\"https:\/\/www.visit-ulcinj.com\/blog\/#website\"},\"primaryImageOfPage\":{\"@id\":\"https:\/\/www.visit-ulcinj.com\/blog\/2014\/02\/10\/problem-divljih-deponija-ulcinja-foto\/#primaryimage\"},\"datePublished\":\"2014-02-10T17:23:44+00:00\",\"dateModified\":\"2014-02-10T17:23:44+00:00\",\"author\":{\"@id\":\"https:\/\/www.visit-ulcinj.com\/blog\/#\/schema\/person\/dcab619c614d3038751c63bc2aadc06d\"},\"description\":\"Pi\u0161e Ismet Karamanaga Ljudi koji ovo rade, sigurno ne\u0107e \u0161trajkovati zbog sme\u0107a i ove deponije kao oni u Beranama. Svakodnevno tuda prolaze i vjerovatno\",\"breadcrumb\":{\"@id\":\"https:\/\/www.visit-ulcinj.com\/blog\/2014\/02\/10\/problem-divljih-deponija-ulcinja-foto\/#breadcrumb\"},\"inLanguage\":\"en-US\",\"potentialAction\":[{\"@type\":\"ReadAction\",\"target\":[\"https:\/\/www.visit-ulcinj.com\/blog\/2014\/02\/10\/problem-divljih-deponija-ulcinja-foto\/\"]}]},{\"@type\":\"BreadcrumbList\",\"@id\":\"https:\/\/www.visit-ulcinj.com\/blog\/2014\/02\/10\/problem-divljih-deponija-ulcinja-foto\/#breadcrumb\",\"itemListElement\":[{\"@type\":\"ListItem\",\"position\":1,\"name\":\"Problem divljih deponija Ulcinja + Foto\"}]},{\"@type\":\"Person\",\"@id\":\"https:\/\/www.visit-ulcinj.com\/blog\/#\/schema\/person\/dcab619c614d3038751c63bc2aadc06d\",\"name\":\"ulqini\",\"sameAs\":[\"http:\/\/www.visit-ulcinj.com\"],\"url\":\"https:\/\/www.visit-ulcinj.com\/blog\/author\/admin\/\"}]}<\/script>\n<!-- \/ Yoast SEO plugin. -->","yoast_head_json":{"title":"Problem divljih deponija Ulcinja + Foto - Lajme nga Ulqini","description":"Pi\u0161e Ismet Karamanaga Ljudi koji ovo rade, sigurno ne\u0107e \u0161trajkovati zbog sme\u0107a i ove deponije kao oni u Beranama. Svakodnevno tuda prolaze i vjerovatno","robots":{"index":"index","follow":"follow","max-snippet":"max-snippet:-1","max-image-preview":"max-image-preview:large","max-video-preview":"max-video-preview:-1"},"canonical":"https:\/\/www.visit-ulcinj.com\/blog\/2014\/02\/10\/problem-divljih-deponija-ulcinja-foto\/","og_locale":"en_US","og_type":"article","og_title":"Problem divljih deponija Ulcinja + Foto - Lajme nga Ulqini","og_description":"Pi\u0161e Ismet Karamanaga Ljudi koji ovo rade, sigurno ne\u0107e \u0161trajkovati zbog sme\u0107a i ove deponije kao oni u Beranama. Svakodnevno tuda prolaze i vjerovatno","og_url":"https:\/\/www.visit-ulcinj.com\/blog\/2014\/02\/10\/problem-divljih-deponija-ulcinja-foto\/","og_site_name":"Lajme nga Ulqini","article_published_time":"2014-02-10T17:23:44+00:00","og_image":[{"url":"https:\/\/www.visit-ulcinj.com\/blog\/wp-content\/uploads\/2014\/02\/Problem-divljih-deponija-Ulcinja-1-150x150.jpg"}],"twitter_misc":{"Written by":"ulqini","Est. reading time":"1 minute"},"schema":{"@context":"https:\/\/schema.org","@graph":[{"@type":"WebSite","@id":"https:\/\/www.visit-ulcinj.com\/blog\/#website","url":"https:\/\/www.visit-ulcinj.com\/blog\/","name":"Lajme nga Ulqini","description":"Lajme,Vijesti,Ulqini,Ulqin,Crna Gora,Mali i Zi","potentialAction":[{"@type":"SearchAction","target":{"@type":"EntryPoint","urlTemplate":"https:\/\/www.visit-ulcinj.com\/blog\/?s={search_term_string}"},"query-input":"required name=search_term_string"}],"inLanguage":"en-US"},{"@type":"ImageObject","inLanguage":"en-US","@id":"https:\/\/www.visit-ulcinj.com\/blog\/2014\/02\/10\/problem-divljih-deponija-ulcinja-foto\/#primaryimage","url":"https:\/\/www.visit-ulcinj.com\/blog\/wp-content\/uploads\/2014\/02\/Problem-divljih-deponija-Ulcinja.jpg","contentUrl":"https:\/\/www.visit-ulcinj.com\/blog\/wp-content\/uploads\/2014\/02\/Problem-divljih-deponija-Ulcinja.jpg","width":960,"height":720},{"@type":"WebPage","@id":"https:\/\/www.visit-ulcinj.com\/blog\/2014\/02\/10\/problem-divljih-deponija-ulcinja-foto\/#webpage","url":"https:\/\/www.visit-ulcinj.com\/blog\/2014\/02\/10\/problem-divljih-deponija-ulcinja-foto\/","name":"Problem divljih deponija Ulcinja + Foto - Lajme nga Ulqini","isPartOf":{"@id":"https:\/\/www.visit-ulcinj.com\/blog\/#website"},"primaryImageOfPage":{"@id":"https:\/\/www.visit-ulcinj.com\/blog\/2014\/02\/10\/problem-divljih-deponija-ulcinja-foto\/#primaryimage"},"datePublished":"2014-02-10T17:23:44+00:00","dateModified":"2014-02-10T17:23:44+00:00","author":{"@id":"https:\/\/www.visit-ulcinj.com\/blog\/#\/schema\/person\/dcab619c614d3038751c63bc2aadc06d"},"description":"Pi\u0161e Ismet Karamanaga Ljudi koji ovo rade, sigurno ne\u0107e \u0161trajkovati zbog sme\u0107a i ove deponije kao oni u Beranama. Svakodnevno tuda prolaze i vjerovatno","breadcrumb":{"@id":"https:\/\/www.visit-ulcinj.com\/blog\/2014\/02\/10\/problem-divljih-deponija-ulcinja-foto\/#breadcrumb"},"inLanguage":"en-US","potentialAction":[{"@type":"ReadAction","target":["https:\/\/www.visit-ulcinj.com\/blog\/2014\/02\/10\/problem-divljih-deponija-ulcinja-foto\/"]}]},{"@type":"BreadcrumbList","@id":"https:\/\/www.visit-ulcinj.com\/blog\/2014\/02\/10\/problem-divljih-deponija-ulcinja-foto\/#breadcrumb","itemListElement":[{"@type":"ListItem","position":1,"name":"Problem divljih deponija Ulcinja + Foto"}]},{"@type":"Person","@id":"https:\/\/www.visit-ulcinj.com\/blog\/#\/schema\/person\/dcab619c614d3038751c63bc2aadc06d","name":"ulqini","sameAs":["http:\/\/www.visit-ulcinj.com"],"url":"https:\/\/www.visit-ulcinj.com\/blog\/author\/admin\/"}]}},"jetpack_featured_media_url":"","jetpack_sharing_enabled":true,"jetpack_shortlink":"https:\/\/wp.me\/pe6lTn-kGe","_links":{"self":[{"href":"https:\/\/www.visit-ulcinj.com\/blog\/wp-json\/wp\/v2\/posts\/79498"}],"collection":[{"href":"https:\/\/www.visit-ulcinj.com\/blog\/wp-json\/wp\/v2\/posts"}],"about":[{"href":"https:\/\/www.visit-ulcinj.com\/blog\/wp-json\/wp\/v2\/types\/post"}],"author":[{"embeddable":true,"href":"https:\/\/www.visit-ulcinj.com\/blog\/wp-json\/wp\/v2\/users\/1"}],"replies":[{"embeddable":true,"href":"https:\/\/www.visit-ulcinj.com\/blog\/wp-json\/wp\/v2\/comments?post=79498"}],"version-history":[{"count":1,"href":"https:\/\/www.visit-ulcinj.com\/blog\/wp-json\/wp\/v2\/posts\/79498\/revisions"}],"predecessor-version":[{"id":79503,"href":"https:\/\/www.visit-ulcinj.com\/blog\/wp-json\/wp\/v2\/posts\/79498\/revisions\/79503"}],"wp:attachment":[{"href":"https:\/\/www.visit-ulcinj.com\/blog\/wp-json\/wp\/v2\/media?parent=79498"}],"wp:term":[{"taxonomy":"category","embeddable":true,"href":"https:\/\/www.visit-ulcinj.com\/blog\/wp-json\/wp\/v2\/categories?post=79498"},{"taxonomy":"post_tag","embeddable":true,"href":"https:\/\/www.visit-ulcinj.com\/blog\/wp-json\/wp\/v2\/tags?post=79498"}],"curies":[{"name":"wp","href":"https:\/\/api.w.org\/{rel}","templated":true}]}}