{"id":795,"date":"2008-03-07T13:17:02","date_gmt":"2008-03-07T18:17:02","guid":{"rendered":"http:\/\/www.visit-ulcinj.com\/blog\/2008\/03\/07\/kk-albulena-fitoi-nje-medalje-te-arte-dhe-disa-te-bronzta-ne-kupen-e-karatese-mimoza-2008\/"},"modified":"2008-03-07T13:18:11","modified_gmt":"2008-03-07T18:18:11","slug":"kk-albulena-fitoi-nje-medalje-te-arte-dhe-disa-te-bronzta-ne-kupen-e-karatese-mimoza-2008","status":"publish","type":"post","link":"https:\/\/www.visit-ulcinj.com\/blog\/2008\/03\/07\/kk-albulena-fitoi-nje-medalje-te-arte-dhe-disa-te-bronzta-ne-kupen-e-karatese-mimoza-2008\/","title":{"rendered":"KK &#8220;Albulena&#8221; fitoi nj\u00eb medalje t\u00eb art\u00eb dhe disa t\u00eb bronzta n\u00eb kup\u00ebn e karates\u00eb &#8220;Mimoza 2008&#8221;"},"content":{"rendered":"<p><a href=\"http:\/\/www.visit-ulcinj.com\/blog\/wp-content\/uploads\/2008\/03\/albulena.jpg\" rel=\"lightbox[pics-1204913332]\" title=\"kk\u201dAlbulena\"><img loading=\"lazy\" src=\"http:\/\/www.visit-ulcinj.com\/blog\/wp-content\/uploads\/2008\/03\/albulena.thumbnail.jpg\" alt=\"kk\u201dAlbulena\" align=\"left\" height=\"151\" width=\"200\" \/><\/a><strong>Besnik Adoviq p\u00ebrs\u00ebri i pari<\/strong><br \/>\nSe kemi t\u00eb b\u00ebjm\u00eb me nj\u00eb garues perspektiv nga i cili n\u00eb t\u00eb ardhmen pritet shum\u00eb tregon edhe fakti se n\u00eb t\u00eb gjitha garat ku ka marr\u00eb pjes\u00eb k\u00ebt\u00eb vit, p\u00ebrfshir\u00eb edhe turnet\u00eb me karakter nd\u00ebrkomb\u00ebtar, ai ka fituar medalje t\u00eb arta.<br \/>\nGaruesi i Klubit t\u00eb Karates\u00eb &#8220;Albulena&#8221;, Besnik Adoviq, u kuror\u00ebzua me medalje t\u00eb art\u00eb n\u00eb kategorin\u00eb e r\u00ebnd\u00eb p\u00ebr shpresa, grupmosha `93, n\u00eb Kup\u00ebn e Karates\u00eb &#8220;Mimoza 2008&#8221;, e cila u mbajt t\u00eb shtun\u00ebn n\u00eb Igallo.<br \/>\nP\u00ebr t\u00eb fituar medaljen e art\u00eb, Adoviqi u p\u00ebrball me nj\u00eb konkurrenc\u00eb tep\u00ebr t\u00eb fort\u00eb dhe u desh t\u00eb mposhtte tre kund\u00ebrshtar\u00eb t\u00eb tij.<br \/>\nSe kemi t\u00eb b\u00ebjm\u00eb me nj\u00eb garues perspektiv nga i cili n\u00eb t\u00eb ardhmen pritet shum\u00eb tregon edhe fakti se n\u00eb t\u00eb gjitha garat ku ka marr\u00eb pjes\u00eb k\u00ebt\u00eb vit, p\u00ebrfshir\u00eb edhe turnet\u00eb me karakter nd\u00ebrkomb\u00ebtar, ai ka fituar medalje t\u00eb arta.<br \/>\nP\u00ebrve\u00e7 medaljes s\u00eb art\u00eb t\u00eb Adoviqit, garuesit e tjer\u00eb t\u00eb KK &#8220;Albulena&#8221; q\u00eb mor\u00ebn pjes\u00eb n\u00eb k\u00ebt\u00eb gar\u00eb fituan edhe disa medalje t\u00eb bronzta<\/p>\n<p>i.k.<br \/>\nwww.kohajavore.cg.yu\/<\/p>\n<p><strong><br \/>\nSukses i klubit t\u00eb karates\u00eb &#8220;Champion&#8221; n\u00eb kup\u00ebn<\/strong><\/p>\n<p><a href=\"http:\/\/www.visit-ulcinj.com\/blog\/wp-content\/uploads\/2008\/03\/kata.JPG\" rel=\"lightbox[pics795]\" title=\"Champion\"><img loading=\"lazy\" src=\"http:\/\/www.visit-ulcinj.com\/blog\/wp-content\/uploads\/2008\/03\/kata.thumbnail.JPG\" alt=\"Champion\" align=\"left\" height=\"104\" width=\"200\" \/><\/a><strong>Kat\u00ebr medalje t\u00eb arta<\/strong><br \/>\n&#8220;Champion&#8221; mori pjes\u00eb n\u00eb k\u00ebt\u00eb gar\u00eb me 21 garues dhe arriti t\u00eb fitoj\u00eb kat\u00ebr medalje t\u00eb arta, pes\u00eb t\u00eb argjendta dhe pes\u00eb t\u00eb bronzta.<br \/>\nT\u00eb shtun\u00ebn n\u00eb Igallo u mbajt Kupa e Karates\u00eb &#8220;Mimoza 2008&#8221;, e cila u organizua nga KK &#8220;Sport-Riva&#8221; nga Herceg Novi. Kjo gar\u00eb tuboi 27 klube nga Mali i Zi, Serbia dhe Bosnja dhe Hercegovina, n\u00eb mesin e t\u00eb cil\u00ebve edhe KK &#8220;Champion&#8221; nga Ulqini.<br \/>\n&#8220;Champion&#8221; mori pjes\u00eb n\u00eb k\u00ebt\u00eb gar\u00eb me 21 garues dhe arriti t\u00eb fitoj\u00eb kat\u00ebr medalje t\u00eb arta, pes\u00eb t\u00eb argjendta dhe pes\u00eb t\u00eb bronzta.<br \/>\nAdonis Markashi edhe k\u00ebt\u00eb her\u00eb u kuror\u00ebzua me dy medalje t\u00eb arta dhe nj\u00eb t\u00eb bronzt\u00eb, duke qen\u00eb nd\u00ebr garuesit m\u00eb t\u00eb mir\u00eb t\u00eb k\u00ebtij turneu. Ai fitoi medalje t\u00eb art\u00eb n\u00eb kata ekipore dhe individuale, kurse medalje t\u00eb bronzt\u00eb n\u00eb luftra individuale, p\u00ebr grupmosh\u00ebn `96, n\u00eb kategorin\u00eb -40kg.<br \/>\nGaruesi tjet\u00ebr i KK &#8220;Champion&#8221;, Edmond Mehmedi u kuror\u00ebzua me medalje t\u00eb art\u00eb n\u00eb kata ekipore, nd\u00ebrsa me medalje t\u00eb argjendt\u00eb n\u00eb luftra individuale, grupmosha `96, kategoria -35kg.<br \/>\nPjes\u00ebtari tjet\u00ebr i ekipit t\u00eb katave, Genc Murati, p\u00ebrve\u00e7 medaljes s\u00eb art\u00eb n\u00eb k\u00ebt\u00eb kategori, fitoi medalje t\u00eb bronzt\u00eb n\u00eb kata individuale.<br \/>\nVlen t\u00eb theksohet se ekipi i katave deri tek medalja e art\u00eb arriti pas kat\u00ebr fitoreve radhazi, nd\u00ebr t\u00eb cilat edhe ndaj ekipit t\u00eb katave t\u00eb KK &#8220;Buduqnost&#8221;.<br \/>\nMe medalje t\u00eb argjendt\u00eb u kuror\u00ebzua ekipi i femrave n\u00eb luftra, grupmosha `92-`93, n\u00eb p\u00ebrb\u00ebrje Selma Gurzakoviq, Radica Dashiq dhe Arta Llazoriq, kurse n\u00eb luftra individuale, Armin Nuti, grupmosha `95, kategoria +52kg.<br \/>\nNd\u00ebrkaq, medalje t\u00eb bronzta n\u00eb luftra individuale fituan Radica Dashiq, Sllobodan Batri\u00e7eviq dhe Sandro Pekiq.<\/p>\n<p>(Kohapress)<\/p>\n","protected":false},"excerpt":{"rendered":"<p><img loading=\"lazy\" src=\"http:\/\/www.visit-ulcinj.com\/blog\/wp-content\/uploads\/2008\/03\/albulena.thumbnail.jpg\" alt=\"kk\u201dAlbulena\" align=\"left\" height=\"140\" width=\"140\" \/><\/p>\n","protected":false},"author":1,"featured_media":0,"comment_status":"open","ping_status":"closed","sticky":false,"template":"","format":"standard","meta":{"spay_email":"","jetpack_publicize_message":"","jetpack_is_tweetstorm":false,"jetpack_publicize_feature_enabled":true},"categories":[3],"tags":[],"jetpack_publicize_connections":[],"yoast_head":"<!-- This site is optimized with the Yoast SEO plugin v19.1 - https:\/\/yoast.com\/wordpress\/plugins\/seo\/ -->\n<title>KK &quot;Albulena&quot; fitoi nj\u00eb medalje t\u00eb art\u00eb dhe disa t\u00eb bronzta n\u00eb kup\u00ebn e karates\u00eb &quot;Mimoza 2008&quot; - Lajme nga Ulqini<\/title>\n<meta name=\"robots\" content=\"index, follow, max-snippet:-1, max-image-preview:large, max-video-preview:-1\" \/>\n<link rel=\"canonical\" href=\"https:\/\/www.visit-ulcinj.com\/blog\/2008\/03\/07\/kk-albulena-fitoi-nje-medalje-te-arte-dhe-disa-te-bronzta-ne-kupen-e-karatese-mimoza-2008\/\" \/>\n<meta property=\"og:locale\" content=\"en_US\" \/>\n<meta property=\"og:type\" content=\"article\" \/>\n<meta property=\"og:title\" content=\"KK &quot;Albulena&quot; fitoi nj\u00eb medalje t\u00eb art\u00eb dhe disa t\u00eb bronzta n\u00eb kup\u00ebn e karates\u00eb &quot;Mimoza 2008&quot; - Lajme nga Ulqini\" \/>\n<meta property=\"og:url\" content=\"https:\/\/www.visit-ulcinj.com\/blog\/2008\/03\/07\/kk-albulena-fitoi-nje-medalje-te-arte-dhe-disa-te-bronzta-ne-kupen-e-karatese-mimoza-2008\/\" \/>\n<meta property=\"og:site_name\" content=\"Lajme nga Ulqini\" \/>\n<meta property=\"article:published_time\" content=\"2008-03-07T18:17:02+00:00\" \/>\n<meta property=\"article:modified_time\" content=\"2008-03-07T18:18:11+00:00\" \/>\n<meta property=\"og:image\" content=\"http:\/\/www.visit-ulcinj.com\/blog\/wp-content\/uploads\/2008\/03\/albulena.thumbnail.jpg\" \/>\n<meta name=\"twitter:label1\" content=\"Written by\" \/>\n\t<meta name=\"twitter:data1\" content=\"ulqini\" \/>\n\t<meta name=\"twitter:label2\" content=\"Est. reading time\" \/>\n\t<meta name=\"twitter:data2\" content=\"3 minutes\" \/>\n<script type=\"application\/ld+json\" class=\"yoast-schema-graph\">{\"@context\":\"https:\/\/schema.org\",\"@graph\":[{\"@type\":\"WebSite\",\"@id\":\"https:\/\/www.visit-ulcinj.com\/blog\/#website\",\"url\":\"https:\/\/www.visit-ulcinj.com\/blog\/\",\"name\":\"Lajme nga Ulqini\",\"description\":\"Lajme,Vijesti,Ulqini,Ulqin,Crna Gora,Mali i Zi\",\"potentialAction\":[{\"@type\":\"SearchAction\",\"target\":{\"@type\":\"EntryPoint\",\"urlTemplate\":\"https:\/\/www.visit-ulcinj.com\/blog\/?s={search_term_string}\"},\"query-input\":\"required name=search_term_string\"}],\"inLanguage\":\"en-US\"},{\"@type\":\"ImageObject\",\"inLanguage\":\"en-US\",\"@id\":\"https:\/\/www.visit-ulcinj.com\/blog\/2008\/03\/07\/kk-albulena-fitoi-nje-medalje-te-arte-dhe-disa-te-bronzta-ne-kupen-e-karatese-mimoza-2008\/#primaryimage\",\"url\":\"http:\/\/www.visit-ulcinj.com\/blog\/wp-content\/uploads\/2008\/03\/albulena.thumbnail.jpg\",\"contentUrl\":\"http:\/\/www.visit-ulcinj.com\/blog\/wp-content\/uploads\/2008\/03\/albulena.thumbnail.jpg\"},{\"@type\":\"WebPage\",\"@id\":\"https:\/\/www.visit-ulcinj.com\/blog\/2008\/03\/07\/kk-albulena-fitoi-nje-medalje-te-arte-dhe-disa-te-bronzta-ne-kupen-e-karatese-mimoza-2008\/#webpage\",\"url\":\"https:\/\/www.visit-ulcinj.com\/blog\/2008\/03\/07\/kk-albulena-fitoi-nje-medalje-te-arte-dhe-disa-te-bronzta-ne-kupen-e-karatese-mimoza-2008\/\",\"name\":\"KK \\\"Albulena\\\" fitoi nj\u00eb medalje t\u00eb art\u00eb dhe disa t\u00eb bronzta n\u00eb kup\u00ebn e karates\u00eb \\\"Mimoza 2008\\\" - Lajme nga Ulqini\",\"isPartOf\":{\"@id\":\"https:\/\/www.visit-ulcinj.com\/blog\/#website\"},\"primaryImageOfPage\":{\"@id\":\"https:\/\/www.visit-ulcinj.com\/blog\/2008\/03\/07\/kk-albulena-fitoi-nje-medalje-te-arte-dhe-disa-te-bronzta-ne-kupen-e-karatese-mimoza-2008\/#primaryimage\"},\"datePublished\":\"2008-03-07T18:17:02+00:00\",\"dateModified\":\"2008-03-07T18:18:11+00:00\",\"author\":{\"@id\":\"https:\/\/www.visit-ulcinj.com\/blog\/#\/schema\/person\/dcab619c614d3038751c63bc2aadc06d\"},\"breadcrumb\":{\"@id\":\"https:\/\/www.visit-ulcinj.com\/blog\/2008\/03\/07\/kk-albulena-fitoi-nje-medalje-te-arte-dhe-disa-te-bronzta-ne-kupen-e-karatese-mimoza-2008\/#breadcrumb\"},\"inLanguage\":\"en-US\",\"potentialAction\":[{\"@type\":\"ReadAction\",\"target\":[\"https:\/\/www.visit-ulcinj.com\/blog\/2008\/03\/07\/kk-albulena-fitoi-nje-medalje-te-arte-dhe-disa-te-bronzta-ne-kupen-e-karatese-mimoza-2008\/\"]}]},{\"@type\":\"BreadcrumbList\",\"@id\":\"https:\/\/www.visit-ulcinj.com\/blog\/2008\/03\/07\/kk-albulena-fitoi-nje-medalje-te-arte-dhe-disa-te-bronzta-ne-kupen-e-karatese-mimoza-2008\/#breadcrumb\",\"itemListElement\":[{\"@type\":\"ListItem\",\"position\":1,\"name\":\"KK &#8220;Albulena&#8221; fitoi nj\u00eb medalje t\u00eb art\u00eb dhe disa t\u00eb bronzta n\u00eb kup\u00ebn e karates\u00eb &#8220;Mimoza 2008&#8221;\"}]},{\"@type\":\"Person\",\"@id\":\"https:\/\/www.visit-ulcinj.com\/blog\/#\/schema\/person\/dcab619c614d3038751c63bc2aadc06d\",\"name\":\"ulqini\",\"sameAs\":[\"http:\/\/www.visit-ulcinj.com\"],\"url\":\"https:\/\/www.visit-ulcinj.com\/blog\/author\/admin\/\"}]}<\/script>\n<!-- \/ Yoast SEO plugin. -->","yoast_head_json":{"title":"KK \"Albulena\" fitoi nj\u00eb medalje t\u00eb art\u00eb dhe disa t\u00eb bronzta n\u00eb kup\u00ebn e karates\u00eb \"Mimoza 2008\" - Lajme nga Ulqini","robots":{"index":"index","follow":"follow","max-snippet":"max-snippet:-1","max-image-preview":"max-image-preview:large","max-video-preview":"max-video-preview:-1"},"canonical":"https:\/\/www.visit-ulcinj.com\/blog\/2008\/03\/07\/kk-albulena-fitoi-nje-medalje-te-arte-dhe-disa-te-bronzta-ne-kupen-e-karatese-mimoza-2008\/","og_locale":"en_US","og_type":"article","og_title":"KK \"Albulena\" fitoi nj\u00eb medalje t\u00eb art\u00eb dhe disa t\u00eb bronzta n\u00eb kup\u00ebn e karates\u00eb \"Mimoza 2008\" - Lajme nga Ulqini","og_url":"https:\/\/www.visit-ulcinj.com\/blog\/2008\/03\/07\/kk-albulena-fitoi-nje-medalje-te-arte-dhe-disa-te-bronzta-ne-kupen-e-karatese-mimoza-2008\/","og_site_name":"Lajme nga Ulqini","article_published_time":"2008-03-07T18:17:02+00:00","article_modified_time":"2008-03-07T18:18:11+00:00","og_image":[{"url":"http:\/\/www.visit-ulcinj.com\/blog\/wp-content\/uploads\/2008\/03\/albulena.thumbnail.jpg"}],"twitter_misc":{"Written by":"ulqini","Est. reading time":"3 minutes"},"schema":{"@context":"https:\/\/schema.org","@graph":[{"@type":"WebSite","@id":"https:\/\/www.visit-ulcinj.com\/blog\/#website","url":"https:\/\/www.visit-ulcinj.com\/blog\/","name":"Lajme nga Ulqini","description":"Lajme,Vijesti,Ulqini,Ulqin,Crna Gora,Mali i Zi","potentialAction":[{"@type":"SearchAction","target":{"@type":"EntryPoint","urlTemplate":"https:\/\/www.visit-ulcinj.com\/blog\/?s={search_term_string}"},"query-input":"required name=search_term_string"}],"inLanguage":"en-US"},{"@type":"ImageObject","inLanguage":"en-US","@id":"https:\/\/www.visit-ulcinj.com\/blog\/2008\/03\/07\/kk-albulena-fitoi-nje-medalje-te-arte-dhe-disa-te-bronzta-ne-kupen-e-karatese-mimoza-2008\/#primaryimage","url":"http:\/\/www.visit-ulcinj.com\/blog\/wp-content\/uploads\/2008\/03\/albulena.thumbnail.jpg","contentUrl":"http:\/\/www.visit-ulcinj.com\/blog\/wp-content\/uploads\/2008\/03\/albulena.thumbnail.jpg"},{"@type":"WebPage","@id":"https:\/\/www.visit-ulcinj.com\/blog\/2008\/03\/07\/kk-albulena-fitoi-nje-medalje-te-arte-dhe-disa-te-bronzta-ne-kupen-e-karatese-mimoza-2008\/#webpage","url":"https:\/\/www.visit-ulcinj.com\/blog\/2008\/03\/07\/kk-albulena-fitoi-nje-medalje-te-arte-dhe-disa-te-bronzta-ne-kupen-e-karatese-mimoza-2008\/","name":"KK \"Albulena\" fitoi nj\u00eb medalje t\u00eb art\u00eb dhe disa t\u00eb bronzta n\u00eb kup\u00ebn e karates\u00eb \"Mimoza 2008\" - Lajme nga Ulqini","isPartOf":{"@id":"https:\/\/www.visit-ulcinj.com\/blog\/#website"},"primaryImageOfPage":{"@id":"https:\/\/www.visit-ulcinj.com\/blog\/2008\/03\/07\/kk-albulena-fitoi-nje-medalje-te-arte-dhe-disa-te-bronzta-ne-kupen-e-karatese-mimoza-2008\/#primaryimage"},"datePublished":"2008-03-07T18:17:02+00:00","dateModified":"2008-03-07T18:18:11+00:00","author":{"@id":"https:\/\/www.visit-ulcinj.com\/blog\/#\/schema\/person\/dcab619c614d3038751c63bc2aadc06d"},"breadcrumb":{"@id":"https:\/\/www.visit-ulcinj.com\/blog\/2008\/03\/07\/kk-albulena-fitoi-nje-medalje-te-arte-dhe-disa-te-bronzta-ne-kupen-e-karatese-mimoza-2008\/#breadcrumb"},"inLanguage":"en-US","potentialAction":[{"@type":"ReadAction","target":["https:\/\/www.visit-ulcinj.com\/blog\/2008\/03\/07\/kk-albulena-fitoi-nje-medalje-te-arte-dhe-disa-te-bronzta-ne-kupen-e-karatese-mimoza-2008\/"]}]},{"@type":"BreadcrumbList","@id":"https:\/\/www.visit-ulcinj.com\/blog\/2008\/03\/07\/kk-albulena-fitoi-nje-medalje-te-arte-dhe-disa-te-bronzta-ne-kupen-e-karatese-mimoza-2008\/#breadcrumb","itemListElement":[{"@type":"ListItem","position":1,"name":"KK &#8220;Albulena&#8221; fitoi nj\u00eb medalje t\u00eb art\u00eb dhe disa t\u00eb bronzta n\u00eb kup\u00ebn e karates\u00eb &#8220;Mimoza 2008&#8221;"}]},{"@type":"Person","@id":"https:\/\/www.visit-ulcinj.com\/blog\/#\/schema\/person\/dcab619c614d3038751c63bc2aadc06d","name":"ulqini","sameAs":["http:\/\/www.visit-ulcinj.com"],"url":"https:\/\/www.visit-ulcinj.com\/blog\/author\/admin\/"}]}},"jetpack_featured_media_url":"","jetpack_sharing_enabled":true,"jetpack_shortlink":"https:\/\/wp.me\/pe6lTn-cP","_links":{"self":[{"href":"https:\/\/www.visit-ulcinj.com\/blog\/wp-json\/wp\/v2\/posts\/795"}],"collection":[{"href":"https:\/\/www.visit-ulcinj.com\/blog\/wp-json\/wp\/v2\/posts"}],"about":[{"href":"https:\/\/www.visit-ulcinj.com\/blog\/wp-json\/wp\/v2\/types\/post"}],"author":[{"embeddable":true,"href":"https:\/\/www.visit-ulcinj.com\/blog\/wp-json\/wp\/v2\/users\/1"}],"replies":[{"embeddable":true,"href":"https:\/\/www.visit-ulcinj.com\/blog\/wp-json\/wp\/v2\/comments?post=795"}],"version-history":[{"count":0,"href":"https:\/\/www.visit-ulcinj.com\/blog\/wp-json\/wp\/v2\/posts\/795\/revisions"}],"wp:attachment":[{"href":"https:\/\/www.visit-ulcinj.com\/blog\/wp-json\/wp\/v2\/media?parent=795"}],"wp:term":[{"taxonomy":"category","embeddable":true,"href":"https:\/\/www.visit-ulcinj.com\/blog\/wp-json\/wp\/v2\/categories?post=795"},{"taxonomy":"post_tag","embeddable":true,"href":"https:\/\/www.visit-ulcinj.com\/blog\/wp-json\/wp\/v2\/tags?post=795"}],"curies":[{"name":"wp","href":"https:\/\/api.w.org\/{rel}","templated":true}]}}