{"id":79535,"date":"2014-02-11T18:12:11","date_gmt":"2014-02-11T17:12:11","guid":{"rendered":"http:\/\/www.visit-ulcinj.com\/blog\/?p=79535"},"modified":"2014-02-11T18:12:11","modified_gmt":"2014-02-11T17:12:11","slug":"abazovic-da-dps-u-ulcinj-bude-u-opoziciju","status":"publish","type":"post","link":"https:\/\/www.visit-ulcinj.com\/blog\/2014\/02\/11\/abazovic-da-dps-u-ulcinj-bude-u-opoziciju\/","title":{"rendered":"Abazovi\u0107: Da DPS u Ulcinj bude u opoziciju"},"content":{"rendered":"<p><a href=\"http:\/\/www.visit-ulcinj.com\/blog\/wp-content\/uploads\/2014\/02\/dritan-abazovic-pozitivna.jpg\"><img loading=\"lazy\" class=\"alignleft  wp-image-79538\" alt=\"dritan-abazovic-pozitivna\" src=\"http:\/\/www.visit-ulcinj.com\/blog\/wp-content\/uploads\/2014\/02\/dritan-abazovic-pozitivna.jpg\" width=\"508\" height=\"360\" \/><\/a>Pozitivna Crna Gora podr\u017eava dogovor politi\u010dkih subjekata Force i koalicije Zajedno koji bi Demokratsku partiju socijalista poslao u opoziciju u Ulcinju, kazao je poslanik te stranke, Dritan Abazovi\u0107.<\/p>\n<p>On je rekao da Pozitivna ne\u0107e uslovljavati bilo \u010dime taj dogovor, niti ih u toj partiji, kako je naveo, interesuju funkcije.<\/p>\n<p>&#8220;Ni funkcije ni beneficije ni privilegije nisu ne\u0161to \u0161to nas zanima. Ono \u0161to ba\u0161tini Pozitivnu Crnu Goru jesu realni principi i osnove koju su kompatibilni sa evropskim standardima u lokalnim samoupravama&#8221;, rekao je Abazovi\u0107 agenciji MINA.<\/p>\n<p>Kako je objasnio, to zna\u010di da jedino \u0161to interesuje Pozitivnu u cijeloj pri\u010di je da budu\u0107a vlast transparentno tro\u0161i novac svih gra\u0111ana Ulcinja i javno prikazivanje privatnih i dr\u017eavnih ugovora na veb sajtu op\u0161tine, depolitizaciju javne administracije i efikasne oblike organizovanja javnih preduze\u0107a.<\/p>\n<p>&#8220;Sve navedeno sasvim sigurno ne mo\u017ee obezbijediti DPS zbog zloupotreba i mahinacija. I zato je va\u017eno da odu u opoziciju&#8221;, kazao je Abazovi\u0107.<\/p>\n<p>Sa druge strane, kako je dodao, ako im to kao realni standard koji koji nije motivisan bilo kakvim personalnim rje\u0161enjima i funkcijama nije prihvatljiv, &#8220;onda je sasvim logi\u010dno da partnera na\u0111u u DPS-u&#8221;.<\/p>\n<p><strong>Izvor: Mina \/ RTCG<\/strong><\/p>\n","protected":false},"excerpt":{"rendered":"<p>Pozitivna Crna Gora podr\u017eava dogovor politi\u010dkih subjekata Force i koalicije Zajedno koji bi Demokratsku partiju socijalista poslao u opoziciju u Ulcinju, kazao je poslanik te stranke, Dritan Abazovi\u0107. On je rekao da Pozitivna ne\u0107e uslovljavati bilo \u010dime taj dogovor, niti ih u toj partiji, kako je naveo, interesuju funkcije. &#8220;Ni funkcije ni beneficije ni privilegije [&hellip;]<\/p>\n","protected":false},"author":1,"featured_media":0,"comment_status":"closed","ping_status":"closed","sticky":false,"template":"","format":"standard","meta":{"spay_email":"","jetpack_publicize_message":"","jetpack_is_tweetstorm":false,"jetpack_publicize_feature_enabled":true},"categories":[8337],"tags":[],"jetpack_publicize_connections":[],"yoast_head":"<!-- This site is optimized with the Yoast SEO plugin v19.1 - https:\/\/yoast.com\/wordpress\/plugins\/seo\/ -->\n<title>Abazovi\u0107: Da DPS u Ulcinj bude u opoziciju - Lajme nga Ulqini<\/title>\n<meta name=\"description\" content=\"Pozitivna Crna Gora podr\u017eava dogovor politi\u010dkih subjekata Force i koalicije Zajedno koji bi Demokratsku partiju socijalista poslao u opoziciju u Ulcinju,\" \/>\n<meta name=\"robots\" content=\"index, follow, max-snippet:-1, max-image-preview:large, max-video-preview:-1\" \/>\n<link rel=\"canonical\" href=\"https:\/\/www.visit-ulcinj.com\/blog\/2014\/02\/11\/abazovic-da-dps-u-ulcinj-bude-u-opoziciju\/\" \/>\n<meta property=\"og:locale\" content=\"en_US\" \/>\n<meta property=\"og:type\" content=\"article\" \/>\n<meta property=\"og:title\" content=\"Abazovi\u0107: Da DPS u Ulcinj bude u opoziciju - Lajme nga Ulqini\" \/>\n<meta property=\"og:description\" content=\"Pozitivna Crna Gora podr\u017eava dogovor politi\u010dkih subjekata Force i koalicije Zajedno koji bi Demokratsku partiju socijalista poslao u opoziciju u Ulcinju,\" \/>\n<meta property=\"og:url\" content=\"https:\/\/www.visit-ulcinj.com\/blog\/2014\/02\/11\/abazovic-da-dps-u-ulcinj-bude-u-opoziciju\/\" \/>\n<meta property=\"og:site_name\" content=\"Lajme nga Ulqini\" \/>\n<meta property=\"article:published_time\" content=\"2014-02-11T17:12:11+00:00\" \/>\n<meta property=\"og:image\" content=\"http:\/\/www.visit-ulcinj.com\/blog\/wp-content\/uploads\/2014\/02\/dritan-abazovic-pozitivna.jpg\" \/>\n<meta name=\"twitter:label1\" content=\"Written by\" \/>\n\t<meta name=\"twitter:data1\" content=\"ulqini\" \/>\n\t<meta name=\"twitter:label2\" content=\"Est. reading time\" \/>\n\t<meta name=\"twitter:data2\" content=\"1 minute\" \/>\n<script type=\"application\/ld+json\" class=\"yoast-schema-graph\">{\"@context\":\"https:\/\/schema.org\",\"@graph\":[{\"@type\":\"WebSite\",\"@id\":\"https:\/\/www.visit-ulcinj.com\/blog\/#website\",\"url\":\"https:\/\/www.visit-ulcinj.com\/blog\/\",\"name\":\"Lajme nga Ulqini\",\"description\":\"Lajme,Vijesti,Ulqini,Ulqin,Crna Gora,Mali i Zi\",\"potentialAction\":[{\"@type\":\"SearchAction\",\"target\":{\"@type\":\"EntryPoint\",\"urlTemplate\":\"https:\/\/www.visit-ulcinj.com\/blog\/?s={search_term_string}\"},\"query-input\":\"required name=search_term_string\"}],\"inLanguage\":\"en-US\"},{\"@type\":\"ImageObject\",\"inLanguage\":\"en-US\",\"@id\":\"https:\/\/www.visit-ulcinj.com\/blog\/2014\/02\/11\/abazovic-da-dps-u-ulcinj-bude-u-opoziciju\/#primaryimage\",\"url\":\"https:\/\/www.visit-ulcinj.com\/blog\/wp-content\/uploads\/2014\/02\/dritan-abazovic-pozitivna.jpg\",\"contentUrl\":\"https:\/\/www.visit-ulcinj.com\/blog\/wp-content\/uploads\/2014\/02\/dritan-abazovic-pozitivna.jpg\",\"width\":779,\"height\":403},{\"@type\":\"WebPage\",\"@id\":\"https:\/\/www.visit-ulcinj.com\/blog\/2014\/02\/11\/abazovic-da-dps-u-ulcinj-bude-u-opoziciju\/#webpage\",\"url\":\"https:\/\/www.visit-ulcinj.com\/blog\/2014\/02\/11\/abazovic-da-dps-u-ulcinj-bude-u-opoziciju\/\",\"name\":\"Abazovi\u0107: Da DPS u Ulcinj bude u opoziciju - Lajme nga Ulqini\",\"isPartOf\":{\"@id\":\"https:\/\/www.visit-ulcinj.com\/blog\/#website\"},\"primaryImageOfPage\":{\"@id\":\"https:\/\/www.visit-ulcinj.com\/blog\/2014\/02\/11\/abazovic-da-dps-u-ulcinj-bude-u-opoziciju\/#primaryimage\"},\"datePublished\":\"2014-02-11T17:12:11+00:00\",\"dateModified\":\"2014-02-11T17:12:11+00:00\",\"author\":{\"@id\":\"https:\/\/www.visit-ulcinj.com\/blog\/#\/schema\/person\/dcab619c614d3038751c63bc2aadc06d\"},\"description\":\"Pozitivna Crna Gora podr\u017eava dogovor politi\u010dkih subjekata Force i koalicije Zajedno koji bi Demokratsku partiju socijalista poslao u opoziciju u Ulcinju,\",\"breadcrumb\":{\"@id\":\"https:\/\/www.visit-ulcinj.com\/blog\/2014\/02\/11\/abazovic-da-dps-u-ulcinj-bude-u-opoziciju\/#breadcrumb\"},\"inLanguage\":\"en-US\",\"potentialAction\":[{\"@type\":\"ReadAction\",\"target\":[\"https:\/\/www.visit-ulcinj.com\/blog\/2014\/02\/11\/abazovic-da-dps-u-ulcinj-bude-u-opoziciju\/\"]}]},{\"@type\":\"BreadcrumbList\",\"@id\":\"https:\/\/www.visit-ulcinj.com\/blog\/2014\/02\/11\/abazovic-da-dps-u-ulcinj-bude-u-opoziciju\/#breadcrumb\",\"itemListElement\":[{\"@type\":\"ListItem\",\"position\":1,\"name\":\"Abazovi\u0107: Da DPS u Ulcinj bude u opoziciju\"}]},{\"@type\":\"Person\",\"@id\":\"https:\/\/www.visit-ulcinj.com\/blog\/#\/schema\/person\/dcab619c614d3038751c63bc2aadc06d\",\"name\":\"ulqini\",\"sameAs\":[\"http:\/\/www.visit-ulcinj.com\"],\"url\":\"https:\/\/www.visit-ulcinj.com\/blog\/author\/admin\/\"}]}<\/script>\n<!-- \/ Yoast SEO plugin. -->","yoast_head_json":{"title":"Abazovi\u0107: Da DPS u Ulcinj bude u opoziciju - Lajme nga Ulqini","description":"Pozitivna Crna Gora podr\u017eava dogovor politi\u010dkih subjekata Force i koalicije Zajedno koji bi Demokratsku partiju socijalista poslao u opoziciju u Ulcinju,","robots":{"index":"index","follow":"follow","max-snippet":"max-snippet:-1","max-image-preview":"max-image-preview:large","max-video-preview":"max-video-preview:-1"},"canonical":"https:\/\/www.visit-ulcinj.com\/blog\/2014\/02\/11\/abazovic-da-dps-u-ulcinj-bude-u-opoziciju\/","og_locale":"en_US","og_type":"article","og_title":"Abazovi\u0107: Da DPS u Ulcinj bude u opoziciju - Lajme nga Ulqini","og_description":"Pozitivna Crna Gora podr\u017eava dogovor politi\u010dkih subjekata Force i koalicije Zajedno koji bi Demokratsku partiju socijalista poslao u opoziciju u Ulcinju,","og_url":"https:\/\/www.visit-ulcinj.com\/blog\/2014\/02\/11\/abazovic-da-dps-u-ulcinj-bude-u-opoziciju\/","og_site_name":"Lajme nga Ulqini","article_published_time":"2014-02-11T17:12:11+00:00","og_image":[{"url":"http:\/\/www.visit-ulcinj.com\/blog\/wp-content\/uploads\/2014\/02\/dritan-abazovic-pozitivna.jpg"}],"twitter_misc":{"Written by":"ulqini","Est. reading time":"1 minute"},"schema":{"@context":"https:\/\/schema.org","@graph":[{"@type":"WebSite","@id":"https:\/\/www.visit-ulcinj.com\/blog\/#website","url":"https:\/\/www.visit-ulcinj.com\/blog\/","name":"Lajme nga Ulqini","description":"Lajme,Vijesti,Ulqini,Ulqin,Crna Gora,Mali i Zi","potentialAction":[{"@type":"SearchAction","target":{"@type":"EntryPoint","urlTemplate":"https:\/\/www.visit-ulcinj.com\/blog\/?s={search_term_string}"},"query-input":"required name=search_term_string"}],"inLanguage":"en-US"},{"@type":"ImageObject","inLanguage":"en-US","@id":"https:\/\/www.visit-ulcinj.com\/blog\/2014\/02\/11\/abazovic-da-dps-u-ulcinj-bude-u-opoziciju\/#primaryimage","url":"https:\/\/www.visit-ulcinj.com\/blog\/wp-content\/uploads\/2014\/02\/dritan-abazovic-pozitivna.jpg","contentUrl":"https:\/\/www.visit-ulcinj.com\/blog\/wp-content\/uploads\/2014\/02\/dritan-abazovic-pozitivna.jpg","width":779,"height":403},{"@type":"WebPage","@id":"https:\/\/www.visit-ulcinj.com\/blog\/2014\/02\/11\/abazovic-da-dps-u-ulcinj-bude-u-opoziciju\/#webpage","url":"https:\/\/www.visit-ulcinj.com\/blog\/2014\/02\/11\/abazovic-da-dps-u-ulcinj-bude-u-opoziciju\/","name":"Abazovi\u0107: Da DPS u Ulcinj bude u opoziciju - Lajme nga Ulqini","isPartOf":{"@id":"https:\/\/www.visit-ulcinj.com\/blog\/#website"},"primaryImageOfPage":{"@id":"https:\/\/www.visit-ulcinj.com\/blog\/2014\/02\/11\/abazovic-da-dps-u-ulcinj-bude-u-opoziciju\/#primaryimage"},"datePublished":"2014-02-11T17:12:11+00:00","dateModified":"2014-02-11T17:12:11+00:00","author":{"@id":"https:\/\/www.visit-ulcinj.com\/blog\/#\/schema\/person\/dcab619c614d3038751c63bc2aadc06d"},"description":"Pozitivna Crna Gora podr\u017eava dogovor politi\u010dkih subjekata Force i koalicije Zajedno koji bi Demokratsku partiju socijalista poslao u opoziciju u Ulcinju,","breadcrumb":{"@id":"https:\/\/www.visit-ulcinj.com\/blog\/2014\/02\/11\/abazovic-da-dps-u-ulcinj-bude-u-opoziciju\/#breadcrumb"},"inLanguage":"en-US","potentialAction":[{"@type":"ReadAction","target":["https:\/\/www.visit-ulcinj.com\/blog\/2014\/02\/11\/abazovic-da-dps-u-ulcinj-bude-u-opoziciju\/"]}]},{"@type":"BreadcrumbList","@id":"https:\/\/www.visit-ulcinj.com\/blog\/2014\/02\/11\/abazovic-da-dps-u-ulcinj-bude-u-opoziciju\/#breadcrumb","itemListElement":[{"@type":"ListItem","position":1,"name":"Abazovi\u0107: Da DPS u Ulcinj bude u opoziciju"}]},{"@type":"Person","@id":"https:\/\/www.visit-ulcinj.com\/blog\/#\/schema\/person\/dcab619c614d3038751c63bc2aadc06d","name":"ulqini","sameAs":["http:\/\/www.visit-ulcinj.com"],"url":"https:\/\/www.visit-ulcinj.com\/blog\/author\/admin\/"}]}},"jetpack_featured_media_url":"","jetpack_sharing_enabled":true,"jetpack_shortlink":"https:\/\/wp.me\/pe6lTn-kGP","_links":{"self":[{"href":"https:\/\/www.visit-ulcinj.com\/blog\/wp-json\/wp\/v2\/posts\/79535"}],"collection":[{"href":"https:\/\/www.visit-ulcinj.com\/blog\/wp-json\/wp\/v2\/posts"}],"about":[{"href":"https:\/\/www.visit-ulcinj.com\/blog\/wp-json\/wp\/v2\/types\/post"}],"author":[{"embeddable":true,"href":"https:\/\/www.visit-ulcinj.com\/blog\/wp-json\/wp\/v2\/users\/1"}],"replies":[{"embeddable":true,"href":"https:\/\/www.visit-ulcinj.com\/blog\/wp-json\/wp\/v2\/comments?post=79535"}],"version-history":[{"count":1,"href":"https:\/\/www.visit-ulcinj.com\/blog\/wp-json\/wp\/v2\/posts\/79535\/revisions"}],"predecessor-version":[{"id":79539,"href":"https:\/\/www.visit-ulcinj.com\/blog\/wp-json\/wp\/v2\/posts\/79535\/revisions\/79539"}],"wp:attachment":[{"href":"https:\/\/www.visit-ulcinj.com\/blog\/wp-json\/wp\/v2\/media?parent=79535"}],"wp:term":[{"taxonomy":"category","embeddable":true,"href":"https:\/\/www.visit-ulcinj.com\/blog\/wp-json\/wp\/v2\/categories?post=79535"},{"taxonomy":"post_tag","embeddable":true,"href":"https:\/\/www.visit-ulcinj.com\/blog\/wp-json\/wp\/v2\/tags?post=79535"}],"curies":[{"name":"wp","href":"https:\/\/api.w.org\/{rel}","templated":true}]}}