{"id":79547,"date":"2014-02-12T08:19:07","date_gmt":"2014-02-12T07:19:07","guid":{"rendered":"http:\/\/www.visit-ulcinj.com\/blog\/?p=79547"},"modified":"2014-02-12T08:19:07","modified_gmt":"2014-02-12T07:19:07","slug":"ne-ulqin-thellohet-percarja-mes-partive-shqiptare","status":"publish","type":"post","link":"https:\/\/www.visit-ulcinj.com\/blog\/2014\/02\/12\/ne-ulqin-thellohet-percarja-mes-partive-shqiptare\/","title":{"rendered":"N\u00eb Ulqin thellohet p\u00ebr\u00e7arja mes partive shqiptare"},"content":{"rendered":"<p><strong><a href=\"http:\/\/www.visit-ulcinj.com\/blog\/wp-content\/uploads\/2012\/08\/Albanske-partije-ujedinjeno-na-izbore-u-Crnu-Goru.jpg\"><img loading=\"lazy\" class=\"alignleft  wp-image-62602\" alt=\"Albanske partije ujedinjeno na izbore u Crnu Goru\" src=\"http:\/\/www.visit-ulcinj.com\/blog\/wp-content\/uploads\/2012\/08\/Albanske-partije-ujedinjeno-na-izbore-u-Crnu-Goru.jpg\" width=\"350\" height=\"400\" \/><\/a>Pas humbjes s\u00eb zgjedhjeve t\u00eb 26 janarit, faktori politik shqiptar n\u00eb Ulqin po d\u00ebshton edhe n\u00eb gjetjen e konsensusit p\u00ebr zgjedhjen e nj\u00eb kryetari komune t\u00eb p\u00ebrbashk\u00ebt nga radh\u00ebt e tyre.<\/strong><\/p>\n<p>Sistemi zgjedhor n\u00eb Mal t\u00eb Zi parashikon votimin p\u00ebr k\u00ebshilltar\u00ebt dhe ata m\u00eb pas mund t\u00eb zgjedhin me shumic\u00eb kreun e nj\u00ebsis\u00eb vendore.<\/p>\n<p>Edhe pse zgjedhjet u fituan nga partia e Gjukanovicit, partit\u00eb shqiptare, t\u00eb ndara n\u00eb tre fronte, n\u00ebse bashkohen mund t\u00eb p\u00ebrb\u00ebjn\u00eb mazhoranc\u00ebn me 18 k\u00ebshilltar\u00eb nga 33 q\u00eb ka gjithsej komuna, raporton Top Channel.<\/p>\n<p>Negociatat e krer\u00ebve t\u00eb partive politike shqiptare filluan pak dit\u00eb m\u00eb par\u00eb, por mbledhja e fundit e zhvilluar t\u00eb diel\u00ebn ka futur n\u00eb rrug\u00eb pa krye procesin, pasi nj\u00ebra prej partive \u00ebsht\u00eb larguar nga tryeza e negociatave.<\/p>\n<p>Tashm\u00eb kryeqendra e shqiptar\u00ebve t\u00eb Malit t\u00eb Zi rrezikon t\u00eb drejtohet p\u00ebr kat\u00ebr vitet e ardhshme nga partia malazeze e Gjukanovic.\/TCH\/<\/p>\n<!--YouTube Error: bad URL entered-->\n","protected":false},"excerpt":{"rendered":"<p>Pas humbjes s\u00eb zgjedhjeve t\u00eb 26 janarit, faktori politik shqiptar n\u00eb Ulqin po d\u00ebshton edhe n\u00eb gjetjen e konsensusit p\u00ebr zgjedhjen e nj\u00eb kryetari komune t\u00eb p\u00ebrbashk\u00ebt nga radh\u00ebt e tyre. Sistemi zgjedhor n\u00eb Mal t\u00eb Zi parashikon votimin p\u00ebr k\u00ebshilltar\u00ebt dhe ata m\u00eb pas mund t\u00eb zgjedhin me shumic\u00eb kreun e nj\u00ebsis\u00eb vendore. Edhe [&hellip;]<\/p>\n","protected":false},"author":1,"featured_media":0,"comment_status":"closed","ping_status":"closed","sticky":false,"template":"","format":"standard","meta":{"spay_email":"","jetpack_publicize_message":"","jetpack_is_tweetstorm":false,"jetpack_publicize_feature_enabled":true},"categories":[1],"tags":[],"jetpack_publicize_connections":[],"yoast_head":"<!-- This site is optimized with the Yoast SEO plugin v19.1 - https:\/\/yoast.com\/wordpress\/plugins\/seo\/ -->\n<title>N\u00eb Ulqin thellohet p\u00ebr\u00e7arja mes partive shqiptare - Lajme nga Ulqini<\/title>\n<meta name=\"description\" content=\"Pas humbjes s\u00eb zgjedhjeve t\u00eb 26 janarit, faktori politik shqiptar n\u00eb Ulqin po d\u00ebshton edhe n\u00eb gjetjen e konsensusit p\u00ebr zgjedhjen e nj\u00eb kryetari komune t\u00eb\" \/>\n<meta name=\"robots\" content=\"index, follow, max-snippet:-1, max-image-preview:large, max-video-preview:-1\" \/>\n<link rel=\"canonical\" href=\"https:\/\/www.visit-ulcinj.com\/blog\/2014\/02\/12\/ne-ulqin-thellohet-percarja-mes-partive-shqiptare\/\" \/>\n<meta property=\"og:locale\" content=\"en_US\" \/>\n<meta property=\"og:type\" content=\"article\" \/>\n<meta property=\"og:title\" content=\"N\u00eb Ulqin thellohet p\u00ebr\u00e7arja mes partive shqiptare - Lajme nga Ulqini\" \/>\n<meta property=\"og:description\" content=\"Pas humbjes s\u00eb zgjedhjeve t\u00eb 26 janarit, faktori politik shqiptar n\u00eb Ulqin po d\u00ebshton edhe n\u00eb gjetjen e konsensusit p\u00ebr zgjedhjen e nj\u00eb kryetari komune t\u00eb\" \/>\n<meta property=\"og:url\" content=\"https:\/\/www.visit-ulcinj.com\/blog\/2014\/02\/12\/ne-ulqin-thellohet-percarja-mes-partive-shqiptare\/\" \/>\n<meta property=\"og:site_name\" content=\"Lajme nga Ulqini\" \/>\n<meta property=\"article:published_time\" content=\"2014-02-12T07:19:07+00:00\" \/>\n<meta property=\"og:image\" content=\"http:\/\/www.visit-ulcinj.com\/blog\/wp-content\/uploads\/2012\/08\/Albanske-partije-ujedinjeno-na-izbore-u-Crnu-Goru.jpg\" \/>\n<meta name=\"twitter:label1\" content=\"Written by\" \/>\n\t<meta name=\"twitter:data1\" content=\"ulqini\" \/>\n\t<meta name=\"twitter:label2\" content=\"Est. reading time\" \/>\n\t<meta name=\"twitter:data2\" content=\"1 minute\" \/>\n<script type=\"application\/ld+json\" class=\"yoast-schema-graph\">{\"@context\":\"https:\/\/schema.org\",\"@graph\":[{\"@type\":\"WebSite\",\"@id\":\"https:\/\/www.visit-ulcinj.com\/blog\/#website\",\"url\":\"https:\/\/www.visit-ulcinj.com\/blog\/\",\"name\":\"Lajme nga Ulqini\",\"description\":\"Lajme,Vijesti,Ulqini,Ulqin,Crna Gora,Mali i Zi\",\"potentialAction\":[{\"@type\":\"SearchAction\",\"target\":{\"@type\":\"EntryPoint\",\"urlTemplate\":\"https:\/\/www.visit-ulcinj.com\/blog\/?s={search_term_string}\"},\"query-input\":\"required name=search_term_string\"}],\"inLanguage\":\"en-US\"},{\"@type\":\"ImageObject\",\"inLanguage\":\"en-US\",\"@id\":\"https:\/\/www.visit-ulcinj.com\/blog\/2014\/02\/12\/ne-ulqin-thellohet-percarja-mes-partive-shqiptare\/#primaryimage\",\"url\":\"https:\/\/www.visit-ulcinj.com\/blog\/wp-content\/uploads\/2012\/08\/Albanske-partije-ujedinjeno-na-izbore-u-Crnu-Goru.jpg\",\"contentUrl\":\"https:\/\/www.visit-ulcinj.com\/blog\/wp-content\/uploads\/2012\/08\/Albanske-partije-ujedinjeno-na-izbore-u-Crnu-Goru.jpg\",\"width\":\"415\",\"height\":\"484\"},{\"@type\":\"WebPage\",\"@id\":\"https:\/\/www.visit-ulcinj.com\/blog\/2014\/02\/12\/ne-ulqin-thellohet-percarja-mes-partive-shqiptare\/#webpage\",\"url\":\"https:\/\/www.visit-ulcinj.com\/blog\/2014\/02\/12\/ne-ulqin-thellohet-percarja-mes-partive-shqiptare\/\",\"name\":\"N\u00eb Ulqin thellohet p\u00ebr\u00e7arja mes partive shqiptare - Lajme nga Ulqini\",\"isPartOf\":{\"@id\":\"https:\/\/www.visit-ulcinj.com\/blog\/#website\"},\"primaryImageOfPage\":{\"@id\":\"https:\/\/www.visit-ulcinj.com\/blog\/2014\/02\/12\/ne-ulqin-thellohet-percarja-mes-partive-shqiptare\/#primaryimage\"},\"datePublished\":\"2014-02-12T07:19:07+00:00\",\"dateModified\":\"2014-02-12T07:19:07+00:00\",\"author\":{\"@id\":\"https:\/\/www.visit-ulcinj.com\/blog\/#\/schema\/person\/dcab619c614d3038751c63bc2aadc06d\"},\"description\":\"Pas humbjes s\u00eb zgjedhjeve t\u00eb 26 janarit, faktori politik shqiptar n\u00eb Ulqin po d\u00ebshton edhe n\u00eb gjetjen e konsensusit p\u00ebr zgjedhjen e nj\u00eb kryetari komune t\u00eb\",\"breadcrumb\":{\"@id\":\"https:\/\/www.visit-ulcinj.com\/blog\/2014\/02\/12\/ne-ulqin-thellohet-percarja-mes-partive-shqiptare\/#breadcrumb\"},\"inLanguage\":\"en-US\",\"potentialAction\":[{\"@type\":\"ReadAction\",\"target\":[\"https:\/\/www.visit-ulcinj.com\/blog\/2014\/02\/12\/ne-ulqin-thellohet-percarja-mes-partive-shqiptare\/\"]}]},{\"@type\":\"BreadcrumbList\",\"@id\":\"https:\/\/www.visit-ulcinj.com\/blog\/2014\/02\/12\/ne-ulqin-thellohet-percarja-mes-partive-shqiptare\/#breadcrumb\",\"itemListElement\":[{\"@type\":\"ListItem\",\"position\":1,\"name\":\"N\u00eb Ulqin thellohet p\u00ebr\u00e7arja mes partive shqiptare\"}]},{\"@type\":\"Person\",\"@id\":\"https:\/\/www.visit-ulcinj.com\/blog\/#\/schema\/person\/dcab619c614d3038751c63bc2aadc06d\",\"name\":\"ulqini\",\"sameAs\":[\"http:\/\/www.visit-ulcinj.com\"],\"url\":\"https:\/\/www.visit-ulcinj.com\/blog\/author\/admin\/\"}]}<\/script>\n<!-- \/ Yoast SEO plugin. -->","yoast_head_json":{"title":"N\u00eb Ulqin thellohet p\u00ebr\u00e7arja mes partive shqiptare - Lajme nga Ulqini","description":"Pas humbjes s\u00eb zgjedhjeve t\u00eb 26 janarit, faktori politik shqiptar n\u00eb Ulqin po d\u00ebshton edhe n\u00eb gjetjen e konsensusit p\u00ebr zgjedhjen e nj\u00eb kryetari komune t\u00eb","robots":{"index":"index","follow":"follow","max-snippet":"max-snippet:-1","max-image-preview":"max-image-preview:large","max-video-preview":"max-video-preview:-1"},"canonical":"https:\/\/www.visit-ulcinj.com\/blog\/2014\/02\/12\/ne-ulqin-thellohet-percarja-mes-partive-shqiptare\/","og_locale":"en_US","og_type":"article","og_title":"N\u00eb Ulqin thellohet p\u00ebr\u00e7arja mes partive shqiptare - Lajme nga Ulqini","og_description":"Pas humbjes s\u00eb zgjedhjeve t\u00eb 26 janarit, faktori politik shqiptar n\u00eb Ulqin po d\u00ebshton edhe n\u00eb gjetjen e konsensusit p\u00ebr zgjedhjen e nj\u00eb kryetari komune t\u00eb","og_url":"https:\/\/www.visit-ulcinj.com\/blog\/2014\/02\/12\/ne-ulqin-thellohet-percarja-mes-partive-shqiptare\/","og_site_name":"Lajme nga Ulqini","article_published_time":"2014-02-12T07:19:07+00:00","og_image":[{"url":"http:\/\/www.visit-ulcinj.com\/blog\/wp-content\/uploads\/2012\/08\/Albanske-partije-ujedinjeno-na-izbore-u-Crnu-Goru.jpg"}],"twitter_misc":{"Written by":"ulqini","Est. reading time":"1 minute"},"schema":{"@context":"https:\/\/schema.org","@graph":[{"@type":"WebSite","@id":"https:\/\/www.visit-ulcinj.com\/blog\/#website","url":"https:\/\/www.visit-ulcinj.com\/blog\/","name":"Lajme nga Ulqini","description":"Lajme,Vijesti,Ulqini,Ulqin,Crna Gora,Mali i Zi","potentialAction":[{"@type":"SearchAction","target":{"@type":"EntryPoint","urlTemplate":"https:\/\/www.visit-ulcinj.com\/blog\/?s={search_term_string}"},"query-input":"required name=search_term_string"}],"inLanguage":"en-US"},{"@type":"ImageObject","inLanguage":"en-US","@id":"https:\/\/www.visit-ulcinj.com\/blog\/2014\/02\/12\/ne-ulqin-thellohet-percarja-mes-partive-shqiptare\/#primaryimage","url":"https:\/\/www.visit-ulcinj.com\/blog\/wp-content\/uploads\/2012\/08\/Albanske-partije-ujedinjeno-na-izbore-u-Crnu-Goru.jpg","contentUrl":"https:\/\/www.visit-ulcinj.com\/blog\/wp-content\/uploads\/2012\/08\/Albanske-partije-ujedinjeno-na-izbore-u-Crnu-Goru.jpg","width":"415","height":"484"},{"@type":"WebPage","@id":"https:\/\/www.visit-ulcinj.com\/blog\/2014\/02\/12\/ne-ulqin-thellohet-percarja-mes-partive-shqiptare\/#webpage","url":"https:\/\/www.visit-ulcinj.com\/blog\/2014\/02\/12\/ne-ulqin-thellohet-percarja-mes-partive-shqiptare\/","name":"N\u00eb Ulqin thellohet p\u00ebr\u00e7arja mes partive shqiptare - Lajme nga Ulqini","isPartOf":{"@id":"https:\/\/www.visit-ulcinj.com\/blog\/#website"},"primaryImageOfPage":{"@id":"https:\/\/www.visit-ulcinj.com\/blog\/2014\/02\/12\/ne-ulqin-thellohet-percarja-mes-partive-shqiptare\/#primaryimage"},"datePublished":"2014-02-12T07:19:07+00:00","dateModified":"2014-02-12T07:19:07+00:00","author":{"@id":"https:\/\/www.visit-ulcinj.com\/blog\/#\/schema\/person\/dcab619c614d3038751c63bc2aadc06d"},"description":"Pas humbjes s\u00eb zgjedhjeve t\u00eb 26 janarit, faktori politik shqiptar n\u00eb Ulqin po d\u00ebshton edhe n\u00eb gjetjen e konsensusit p\u00ebr zgjedhjen e nj\u00eb kryetari komune t\u00eb","breadcrumb":{"@id":"https:\/\/www.visit-ulcinj.com\/blog\/2014\/02\/12\/ne-ulqin-thellohet-percarja-mes-partive-shqiptare\/#breadcrumb"},"inLanguage":"en-US","potentialAction":[{"@type":"ReadAction","target":["https:\/\/www.visit-ulcinj.com\/blog\/2014\/02\/12\/ne-ulqin-thellohet-percarja-mes-partive-shqiptare\/"]}]},{"@type":"BreadcrumbList","@id":"https:\/\/www.visit-ulcinj.com\/blog\/2014\/02\/12\/ne-ulqin-thellohet-percarja-mes-partive-shqiptare\/#breadcrumb","itemListElement":[{"@type":"ListItem","position":1,"name":"N\u00eb Ulqin thellohet p\u00ebr\u00e7arja mes partive shqiptare"}]},{"@type":"Person","@id":"https:\/\/www.visit-ulcinj.com\/blog\/#\/schema\/person\/dcab619c614d3038751c63bc2aadc06d","name":"ulqini","sameAs":["http:\/\/www.visit-ulcinj.com"],"url":"https:\/\/www.visit-ulcinj.com\/blog\/author\/admin\/"}]}},"jetpack_featured_media_url":"","jetpack_sharing_enabled":true,"jetpack_shortlink":"https:\/\/wp.me\/pe6lTn-kH1","_links":{"self":[{"href":"https:\/\/www.visit-ulcinj.com\/blog\/wp-json\/wp\/v2\/posts\/79547"}],"collection":[{"href":"https:\/\/www.visit-ulcinj.com\/blog\/wp-json\/wp\/v2\/posts"}],"about":[{"href":"https:\/\/www.visit-ulcinj.com\/blog\/wp-json\/wp\/v2\/types\/post"}],"author":[{"embeddable":true,"href":"https:\/\/www.visit-ulcinj.com\/blog\/wp-json\/wp\/v2\/users\/1"}],"replies":[{"embeddable":true,"href":"https:\/\/www.visit-ulcinj.com\/blog\/wp-json\/wp\/v2\/comments?post=79547"}],"version-history":[{"count":1,"href":"https:\/\/www.visit-ulcinj.com\/blog\/wp-json\/wp\/v2\/posts\/79547\/revisions"}],"predecessor-version":[{"id":79549,"href":"https:\/\/www.visit-ulcinj.com\/blog\/wp-json\/wp\/v2\/posts\/79547\/revisions\/79549"}],"wp:attachment":[{"href":"https:\/\/www.visit-ulcinj.com\/blog\/wp-json\/wp\/v2\/media?parent=79547"}],"wp:term":[{"taxonomy":"category","embeddable":true,"href":"https:\/\/www.visit-ulcinj.com\/blog\/wp-json\/wp\/v2\/categories?post=79547"},{"taxonomy":"post_tag","embeddable":true,"href":"https:\/\/www.visit-ulcinj.com\/blog\/wp-json\/wp\/v2\/tags?post=79547"}],"curies":[{"name":"wp","href":"https:\/\/api.w.org\/{rel}","templated":true}]}}