{"id":79560,"date":"2014-02-12T08:51:43","date_gmt":"2014-02-12T07:51:43","guid":{"rendered":"http:\/\/www.visit-ulcinj.com\/blog\/?p=79560"},"modified":"2014-02-12T08:52:50","modified_gmt":"2014-02-12T07:52:50","slug":"kf-prishtina-12-dite-ne-ulqin-tv-teuta-video","status":"publish","type":"post","link":"https:\/\/www.visit-ulcinj.com\/blog\/2014\/02\/12\/kf-prishtina-12-dite-ne-ulqin-tv-teuta-video\/","title":{"rendered":"KF Prishtina 12 dit\u00eb n\u00eb Ulqin &#8211; TV TEUTA Video"},"content":{"rendered":"<p><a href=\"http:\/\/www.visit-ulcinj.com\/blog\/wp-content\/uploads\/2014\/02\/KF-Prishtina.jpg\"><img loading=\"lazy\" class=\"alignleft  wp-image-79561\" alt=\"KF Prishtina\" src=\"http:\/\/www.visit-ulcinj.com\/blog\/wp-content\/uploads\/2014\/02\/KF-Prishtina.jpg\" width=\"508\" height=\"360\" \/><\/a>Prishtin\u00eb, 11 shkurt \u2013 Pas m\u00eb shum\u00eb se nj\u00eb muaji t\u00eb faz\u00ebs p\u00ebrgatitore n\u00eb Prishtin\u00ebs, skuadra nes\u00ebr merr rrug\u00ebn p\u00ebr n\u00eb Ulqin ku do t\u00eb q\u00ebndroj p\u00ebr dymb\u00ebdhjet\u00eb dit\u00eb n\u00eb kuad\u00ebr t\u00eb faz\u00ebs s\u00eb dyt\u00eb p\u00ebrgatit\u00ebse. Gjat\u00eb k\u00ebsaj kohe skuadra pritet t\u2019i zhvilloj disa ndeshje miq\u00ebsore-p\u00ebrgatitore.<\/p>\n<p>Skuadra udh\u00ebton nes\u00ebr, e m\u00ebrkur\u00eb 12 shkurt, n\u00eb m\u00ebngjes nga ora 08:30. Lista p\u00ebrb\u00ebhet nga 24 futbollist dhe shtabi teknik, nd\u00ebrsa do t\u00eb mungoj vet\u00ebm mesfushori Q\u00ebndrim Jahaj i l\u00ebnduar.<\/p>\n<p>Portier\u00ebt Kushtrim Mushica, Alban Mu\u00e7iqi, Bledar Hajdini, mbrojt\u00ebsit Armend Thaqi, Viktor Kuka, Liridon Kukaj, Adnan Haxhaj, Akil Makolli, Liridon Leci, Drilon Berisha, mesfushor\u00ebt Isuf Llumnica, Berat Ahmeti, Azem Ahmeti, Driton Krasniqi, Argjend Malaj, Gentrit Begolli, Granit Begolli, Agron Gashi, Lorik Aliu,. Si dhe sulmuesit Liridon Latifi, Shk\u00ebmbim Salihu, Labinot Shabani, Shend Kelmendi e Kastriot Rexha, jan\u00eb pjes\u00eb e ekspedit\u00ebs s\u00eb Prishtin\u00ebs.<\/p>\n<p>Nd\u00ebrkoh\u00eb, Prishtina ka njoftuar se ka liruar Berat Hysenin. Sulmuesin e deritash\u00ebm, klubi e ka liruar me k\u00ebrkes\u00eb t\u00eb tij. Hyseni do t\u00eb jet\u00eb futbollist i ri i Ferizajt. Hyseni n\u00eb Prishtin\u00eb q\u00ebndroi n\u00eb stinorin vjeshtor dhe sh\u00ebnoi m\u00eb s\u00eb shumti gola n\u00eb ekipin e Prishtin\u00ebs (5), nd\u00ebrsa \u00ebsht\u00eb paraqitur n\u00eb 15 ndeshje kampionale.<\/p>\n<p>Koha Net<\/p>\n<!--YouTube Error: bad URL entered-->\n","protected":false},"excerpt":{"rendered":"<p>Prishtin\u00eb, 11 shkurt \u2013 Pas m\u00eb shum\u00eb se nj\u00eb muaji t\u00eb faz\u00ebs p\u00ebrgatitore n\u00eb Prishtin\u00ebs, skuadra nes\u00ebr merr rrug\u00ebn p\u00ebr n\u00eb Ulqin ku do t\u00eb q\u00ebndroj p\u00ebr dymb\u00ebdhjet\u00eb dit\u00eb n\u00eb kuad\u00ebr t\u00eb faz\u00ebs s\u00eb dyt\u00eb p\u00ebrgatit\u00ebse. Gjat\u00eb k\u00ebsaj kohe skuadra pritet t\u2019i zhvilloj disa ndeshje miq\u00ebsore-p\u00ebrgatitore. Skuadra udh\u00ebton nes\u00ebr, e m\u00ebrkur\u00eb 12 shkurt, n\u00eb m\u00ebngjes [&hellip;]<\/p>\n","protected":false},"author":1,"featured_media":0,"comment_status":"closed","ping_status":"closed","sticky":false,"template":"","format":"standard","meta":{"spay_email":"","jetpack_publicize_message":"","jetpack_is_tweetstorm":false,"jetpack_publicize_feature_enabled":true},"categories":[3],"tags":[],"jetpack_publicize_connections":[],"yoast_head":"<!-- This site is optimized with the Yoast SEO plugin v19.1 - https:\/\/yoast.com\/wordpress\/plugins\/seo\/ -->\n<title>KF Prishtina 12 dit\u00eb n\u00eb Ulqin - TV TEUTA Video - Lajme nga Ulqini<\/title>\n<meta name=\"description\" content=\"Prishtin\u00eb, 11 shkurt \u2013 Pas m\u00eb shum\u00eb se nj\u00eb muaji t\u00eb faz\u00ebs p\u00ebrgatitore n\u00eb Prishtin\u00ebs, skuadra nes\u00ebr merr rrug\u00ebn p\u00ebr n\u00eb Ulqin ku do t\u00eb q\u00ebndroj p\u00ebr\" \/>\n<meta name=\"robots\" content=\"index, follow, max-snippet:-1, max-image-preview:large, max-video-preview:-1\" \/>\n<link rel=\"canonical\" href=\"https:\/\/www.visit-ulcinj.com\/blog\/2014\/02\/12\/kf-prishtina-12-dite-ne-ulqin-tv-teuta-video\/\" \/>\n<meta property=\"og:locale\" content=\"en_US\" \/>\n<meta property=\"og:type\" content=\"article\" \/>\n<meta property=\"og:title\" content=\"KF Prishtina 12 dit\u00eb n\u00eb Ulqin - TV TEUTA Video - Lajme nga Ulqini\" \/>\n<meta property=\"og:description\" content=\"Prishtin\u00eb, 11 shkurt \u2013 Pas m\u00eb shum\u00eb se nj\u00eb muaji t\u00eb faz\u00ebs p\u00ebrgatitore n\u00eb Prishtin\u00ebs, skuadra nes\u00ebr merr rrug\u00ebn p\u00ebr n\u00eb Ulqin ku do t\u00eb q\u00ebndroj p\u00ebr\" \/>\n<meta property=\"og:url\" content=\"https:\/\/www.visit-ulcinj.com\/blog\/2014\/02\/12\/kf-prishtina-12-dite-ne-ulqin-tv-teuta-video\/\" \/>\n<meta property=\"og:site_name\" content=\"Lajme nga Ulqini\" \/>\n<meta property=\"article:published_time\" content=\"2014-02-12T07:51:43+00:00\" \/>\n<meta property=\"article:modified_time\" content=\"2014-02-12T07:52:50+00:00\" \/>\n<meta property=\"og:image\" content=\"http:\/\/www.visit-ulcinj.com\/blog\/wp-content\/uploads\/2014\/02\/KF-Prishtina.jpg\" \/>\n<meta name=\"twitter:label1\" content=\"Written by\" \/>\n\t<meta name=\"twitter:data1\" content=\"ulqini\" \/>\n\t<meta name=\"twitter:label2\" content=\"Est. reading time\" \/>\n\t<meta name=\"twitter:data2\" content=\"1 minute\" \/>\n<script type=\"application\/ld+json\" class=\"yoast-schema-graph\">{\"@context\":\"https:\/\/schema.org\",\"@graph\":[{\"@type\":\"WebSite\",\"@id\":\"https:\/\/www.visit-ulcinj.com\/blog\/#website\",\"url\":\"https:\/\/www.visit-ulcinj.com\/blog\/\",\"name\":\"Lajme nga Ulqini\",\"description\":\"Lajme,Vijesti,Ulqini,Ulqin,Crna Gora,Mali i Zi\",\"potentialAction\":[{\"@type\":\"SearchAction\",\"target\":{\"@type\":\"EntryPoint\",\"urlTemplate\":\"https:\/\/www.visit-ulcinj.com\/blog\/?s={search_term_string}\"},\"query-input\":\"required name=search_term_string\"}],\"inLanguage\":\"en-US\"},{\"@type\":\"ImageObject\",\"inLanguage\":\"en-US\",\"@id\":\"https:\/\/www.visit-ulcinj.com\/blog\/2014\/02\/12\/kf-prishtina-12-dite-ne-ulqin-tv-teuta-video\/#primaryimage\",\"url\":\"https:\/\/www.visit-ulcinj.com\/blog\/wp-content\/uploads\/2014\/02\/KF-Prishtina.jpg\",\"contentUrl\":\"https:\/\/www.visit-ulcinj.com\/blog\/wp-content\/uploads\/2014\/02\/KF-Prishtina.jpg\",\"width\":629,\"height\":367},{\"@type\":\"WebPage\",\"@id\":\"https:\/\/www.visit-ulcinj.com\/blog\/2014\/02\/12\/kf-prishtina-12-dite-ne-ulqin-tv-teuta-video\/#webpage\",\"url\":\"https:\/\/www.visit-ulcinj.com\/blog\/2014\/02\/12\/kf-prishtina-12-dite-ne-ulqin-tv-teuta-video\/\",\"name\":\"KF Prishtina 12 dit\u00eb n\u00eb Ulqin - TV TEUTA Video - Lajme nga Ulqini\",\"isPartOf\":{\"@id\":\"https:\/\/www.visit-ulcinj.com\/blog\/#website\"},\"primaryImageOfPage\":{\"@id\":\"https:\/\/www.visit-ulcinj.com\/blog\/2014\/02\/12\/kf-prishtina-12-dite-ne-ulqin-tv-teuta-video\/#primaryimage\"},\"datePublished\":\"2014-02-12T07:51:43+00:00\",\"dateModified\":\"2014-02-12T07:52:50+00:00\",\"author\":{\"@id\":\"https:\/\/www.visit-ulcinj.com\/blog\/#\/schema\/person\/dcab619c614d3038751c63bc2aadc06d\"},\"description\":\"Prishtin\u00eb, 11 shkurt \u2013 Pas m\u00eb shum\u00eb se nj\u00eb muaji t\u00eb faz\u00ebs p\u00ebrgatitore n\u00eb Prishtin\u00ebs, skuadra nes\u00ebr merr rrug\u00ebn p\u00ebr n\u00eb Ulqin ku do t\u00eb q\u00ebndroj p\u00ebr\",\"breadcrumb\":{\"@id\":\"https:\/\/www.visit-ulcinj.com\/blog\/2014\/02\/12\/kf-prishtina-12-dite-ne-ulqin-tv-teuta-video\/#breadcrumb\"},\"inLanguage\":\"en-US\",\"potentialAction\":[{\"@type\":\"ReadAction\",\"target\":[\"https:\/\/www.visit-ulcinj.com\/blog\/2014\/02\/12\/kf-prishtina-12-dite-ne-ulqin-tv-teuta-video\/\"]}]},{\"@type\":\"BreadcrumbList\",\"@id\":\"https:\/\/www.visit-ulcinj.com\/blog\/2014\/02\/12\/kf-prishtina-12-dite-ne-ulqin-tv-teuta-video\/#breadcrumb\",\"itemListElement\":[{\"@type\":\"ListItem\",\"position\":1,\"name\":\"KF Prishtina 12 dit\u00eb n\u00eb Ulqin &#8211; TV TEUTA Video\"}]},{\"@type\":\"Person\",\"@id\":\"https:\/\/www.visit-ulcinj.com\/blog\/#\/schema\/person\/dcab619c614d3038751c63bc2aadc06d\",\"name\":\"ulqini\",\"sameAs\":[\"http:\/\/www.visit-ulcinj.com\"],\"url\":\"https:\/\/www.visit-ulcinj.com\/blog\/author\/admin\/\"}]}<\/script>\n<!-- \/ Yoast SEO plugin. -->","yoast_head_json":{"title":"KF Prishtina 12 dit\u00eb n\u00eb Ulqin - TV TEUTA Video - Lajme nga Ulqini","description":"Prishtin\u00eb, 11 shkurt \u2013 Pas m\u00eb shum\u00eb se nj\u00eb muaji t\u00eb faz\u00ebs p\u00ebrgatitore n\u00eb Prishtin\u00ebs, skuadra nes\u00ebr merr rrug\u00ebn p\u00ebr n\u00eb Ulqin ku do t\u00eb q\u00ebndroj p\u00ebr","robots":{"index":"index","follow":"follow","max-snippet":"max-snippet:-1","max-image-preview":"max-image-preview:large","max-video-preview":"max-video-preview:-1"},"canonical":"https:\/\/www.visit-ulcinj.com\/blog\/2014\/02\/12\/kf-prishtina-12-dite-ne-ulqin-tv-teuta-video\/","og_locale":"en_US","og_type":"article","og_title":"KF Prishtina 12 dit\u00eb n\u00eb Ulqin - TV TEUTA Video - Lajme nga Ulqini","og_description":"Prishtin\u00eb, 11 shkurt \u2013 Pas m\u00eb shum\u00eb se nj\u00eb muaji t\u00eb faz\u00ebs p\u00ebrgatitore n\u00eb Prishtin\u00ebs, skuadra nes\u00ebr merr rrug\u00ebn p\u00ebr n\u00eb Ulqin ku do t\u00eb q\u00ebndroj p\u00ebr","og_url":"https:\/\/www.visit-ulcinj.com\/blog\/2014\/02\/12\/kf-prishtina-12-dite-ne-ulqin-tv-teuta-video\/","og_site_name":"Lajme nga Ulqini","article_published_time":"2014-02-12T07:51:43+00:00","article_modified_time":"2014-02-12T07:52:50+00:00","og_image":[{"url":"http:\/\/www.visit-ulcinj.com\/blog\/wp-content\/uploads\/2014\/02\/KF-Prishtina.jpg"}],"twitter_misc":{"Written by":"ulqini","Est. reading time":"1 minute"},"schema":{"@context":"https:\/\/schema.org","@graph":[{"@type":"WebSite","@id":"https:\/\/www.visit-ulcinj.com\/blog\/#website","url":"https:\/\/www.visit-ulcinj.com\/blog\/","name":"Lajme nga Ulqini","description":"Lajme,Vijesti,Ulqini,Ulqin,Crna Gora,Mali i Zi","potentialAction":[{"@type":"SearchAction","target":{"@type":"EntryPoint","urlTemplate":"https:\/\/www.visit-ulcinj.com\/blog\/?s={search_term_string}"},"query-input":"required name=search_term_string"}],"inLanguage":"en-US"},{"@type":"ImageObject","inLanguage":"en-US","@id":"https:\/\/www.visit-ulcinj.com\/blog\/2014\/02\/12\/kf-prishtina-12-dite-ne-ulqin-tv-teuta-video\/#primaryimage","url":"https:\/\/www.visit-ulcinj.com\/blog\/wp-content\/uploads\/2014\/02\/KF-Prishtina.jpg","contentUrl":"https:\/\/www.visit-ulcinj.com\/blog\/wp-content\/uploads\/2014\/02\/KF-Prishtina.jpg","width":629,"height":367},{"@type":"WebPage","@id":"https:\/\/www.visit-ulcinj.com\/blog\/2014\/02\/12\/kf-prishtina-12-dite-ne-ulqin-tv-teuta-video\/#webpage","url":"https:\/\/www.visit-ulcinj.com\/blog\/2014\/02\/12\/kf-prishtina-12-dite-ne-ulqin-tv-teuta-video\/","name":"KF Prishtina 12 dit\u00eb n\u00eb Ulqin - TV TEUTA Video - Lajme nga Ulqini","isPartOf":{"@id":"https:\/\/www.visit-ulcinj.com\/blog\/#website"},"primaryImageOfPage":{"@id":"https:\/\/www.visit-ulcinj.com\/blog\/2014\/02\/12\/kf-prishtina-12-dite-ne-ulqin-tv-teuta-video\/#primaryimage"},"datePublished":"2014-02-12T07:51:43+00:00","dateModified":"2014-02-12T07:52:50+00:00","author":{"@id":"https:\/\/www.visit-ulcinj.com\/blog\/#\/schema\/person\/dcab619c614d3038751c63bc2aadc06d"},"description":"Prishtin\u00eb, 11 shkurt \u2013 Pas m\u00eb shum\u00eb se nj\u00eb muaji t\u00eb faz\u00ebs p\u00ebrgatitore n\u00eb Prishtin\u00ebs, skuadra nes\u00ebr merr rrug\u00ebn p\u00ebr n\u00eb Ulqin ku do t\u00eb q\u00ebndroj p\u00ebr","breadcrumb":{"@id":"https:\/\/www.visit-ulcinj.com\/blog\/2014\/02\/12\/kf-prishtina-12-dite-ne-ulqin-tv-teuta-video\/#breadcrumb"},"inLanguage":"en-US","potentialAction":[{"@type":"ReadAction","target":["https:\/\/www.visit-ulcinj.com\/blog\/2014\/02\/12\/kf-prishtina-12-dite-ne-ulqin-tv-teuta-video\/"]}]},{"@type":"BreadcrumbList","@id":"https:\/\/www.visit-ulcinj.com\/blog\/2014\/02\/12\/kf-prishtina-12-dite-ne-ulqin-tv-teuta-video\/#breadcrumb","itemListElement":[{"@type":"ListItem","position":1,"name":"KF Prishtina 12 dit\u00eb n\u00eb Ulqin &#8211; TV TEUTA Video"}]},{"@type":"Person","@id":"https:\/\/www.visit-ulcinj.com\/blog\/#\/schema\/person\/dcab619c614d3038751c63bc2aadc06d","name":"ulqini","sameAs":["http:\/\/www.visit-ulcinj.com"],"url":"https:\/\/www.visit-ulcinj.com\/blog\/author\/admin\/"}]}},"jetpack_featured_media_url":"","jetpack_sharing_enabled":true,"jetpack_shortlink":"https:\/\/wp.me\/pe6lTn-kHe","_links":{"self":[{"href":"https:\/\/www.visit-ulcinj.com\/blog\/wp-json\/wp\/v2\/posts\/79560"}],"collection":[{"href":"https:\/\/www.visit-ulcinj.com\/blog\/wp-json\/wp\/v2\/posts"}],"about":[{"href":"https:\/\/www.visit-ulcinj.com\/blog\/wp-json\/wp\/v2\/types\/post"}],"author":[{"embeddable":true,"href":"https:\/\/www.visit-ulcinj.com\/blog\/wp-json\/wp\/v2\/users\/1"}],"replies":[{"embeddable":true,"href":"https:\/\/www.visit-ulcinj.com\/blog\/wp-json\/wp\/v2\/comments?post=79560"}],"version-history":[{"count":2,"href":"https:\/\/www.visit-ulcinj.com\/blog\/wp-json\/wp\/v2\/posts\/79560\/revisions"}],"predecessor-version":[{"id":79563,"href":"https:\/\/www.visit-ulcinj.com\/blog\/wp-json\/wp\/v2\/posts\/79560\/revisions\/79563"}],"wp:attachment":[{"href":"https:\/\/www.visit-ulcinj.com\/blog\/wp-json\/wp\/v2\/media?parent=79560"}],"wp:term":[{"taxonomy":"category","embeddable":true,"href":"https:\/\/www.visit-ulcinj.com\/blog\/wp-json\/wp\/v2\/categories?post=79560"},{"taxonomy":"post_tag","embeddable":true,"href":"https:\/\/www.visit-ulcinj.com\/blog\/wp-json\/wp\/v2\/tags?post=79560"}],"curies":[{"name":"wp","href":"https:\/\/api.w.org\/{rel}","templated":true}]}}