{"id":79564,"date":"2014-02-12T18:15:45","date_gmt":"2014-02-12T17:15:45","guid":{"rendered":"http:\/\/www.visit-ulcinj.com\/blog\/?p=79564"},"modified":"2014-02-12T18:16:39","modified_gmt":"2014-02-12T17:16:39","slug":"bager-u-solani-nema-ko-da-vrati","status":"publish","type":"post","link":"https:\/\/www.visit-ulcinj.com\/blog\/2014\/02\/12\/bager-u-solani-nema-ko-da-vrati\/","title":{"rendered":"Bager u Solani nema ko da vrati"},"content":{"rendered":"<p><strong>Prijava Solane u policiji od 2012, bager nema ko da vrati<\/strong><\/p>\n<p><strong>Zavr\u0161io u Budvu<\/strong><\/p>\n<p><a href=\"http:\/\/www.visit-ulcinj.com\/blog\/wp-content\/uploads\/2014\/02\/bager.jpg\"><img loading=\"lazy\" class=\"alignleft  wp-image-79566\" alt=\"bager\" src=\"http:\/\/www.visit-ulcinj.com\/blog\/wp-content\/uploads\/2014\/02\/bager.jpg\" width=\"508\" height=\"360\" \/><\/a><\/p>\n<p>Direktor Eurofonda Boj\u0161a \u0160otra podnio krivi\u010dnu prijavu protiv biv\u0161e izvr\u0161ne direktorke Solane Jelene Aleksi\u0107 zbog sumnje da je u\u010destvovala u nezakonitom transportu<\/p>\n<p>Direktor Eurofonda Boj\u0161a \u0160otra potvrdio je \u201cVijestima\u201d da je podnio krivi\u010dnu prijavu protiv biv\u0161e izvr\u0161ne direktorke Solane Jelene Aleksi\u0107 zbog sumnje da je, potpisuju\u0107i nalog 13. decembra 2010, u\u010destvovala u nezakonitom transportu i otu\u0111enju mini bagera koji vi\u0161e nije vra\u0107en u krug fabrike.<\/p>\n<p>Aleksi\u0107eva se sumnji\u010di za nesavjestan rad u privrednom poslovanju i slu\u017ebi, kao i za zloupotrebu ovla\u0161\u0107enja u privredi.<\/p>\n<p>U prijavi koju je policiji podnio advokat Milan Vujo\u0161evi\u0107, pi\u0161e da je vlasnik u saznanju da se bager, \u201enavodno radi remonta\u201c, nalazi u budvanskoj firmi Tehnomont u Ulici Mediteranskoj br 4.<\/p>\n<p>\u201cTra\u017eili smo da nam vrate bager, ali bezuspje\u0161no. Sumnjamo da je bager neovla\u0161\u0107eno otu\u0111en i zbog toga tra\u017eimo da preuzmete neophodne istra\u017ene radnje protiv odgovornih lica\u201d, pi\u0161e u prijavi podnijetoj budvanskoj policiji 08.08.2012, nakon detaljne interne istrage o tome kako je bager me\u0111unarodne organizacije Euronatur, koja ga je Solani ustupila na kori\u0161\u0107enje, nestao iz kruga fabrike.<\/p>\n<p>Policiji je pored ostalog prilo\u017een dokument Veselina Mitrovi\u0107a, koji je po nalogu v.d. izvr\u0161nog direktora Dragi\u0161e Rosandi\u0107a, napravio internu istragu povodom nestanka bagera.<\/p>\n<div id=\"attachment_79565\" style=\"width: 518px\" class=\"wp-caption alignleft\"><a href=\"http:\/\/www.visit-ulcinj.com\/blog\/wp-content\/uploads\/2014\/02\/prijava-solane-policiji-2012-bager-nema-ko-da-vrati-slika.jpg\"><img aria-describedby=\"caption-attachment-79565\" loading=\"lazy\" class=\" wp-image-79565 \" alt=\"Foto: Vijesti\" src=\"http:\/\/www.visit-ulcinj.com\/blog\/wp-content\/uploads\/2014\/02\/prijava-solane-policiji-2012-bager-nema-ko-da-vrati-slika.jpg\" width=\"508\" height=\"600\" \/><\/a><p id=\"caption-attachment-79565\" class=\"wp-caption-text\">Foto: Vijesti<\/p><\/div>\n<p>Tako\u0111e, policiji je prilo\u017eeno obavje\u0161tenje Aleksi\u0107eve o saglasnosti Euronatura da bager radi remonta bude iznijet iz frabrike, ali i dopis te me\u0111unarodne organizacije u kome izri\u010dito pi\u0161e da saglasnost nije data. Da li je rije\u010d o falsifikovanom dokumentu, za sada nije poznato, ali \u0107e eventualna istraga vjerovatno utvrditi ko je ili ko nije dao saglasnost.<\/p>\n<p>Nakon dvije urgencije, vlasnicima je stigao dopis iz budvanske policije da su predmet proslijedili kolegama iz Ulcinja. Vlasnik je 04. jula podnio urgenciju i ulcinjskoj policiji.<\/p>\n<p>Bager vrijedan vi\u0161e desetina hiljada eura slu\u017eio je za podizanje nasipa i o\u010duvanje stani\u0161ta ptica na bazenima solane.<\/p>\n<p>Vi\u0161e radnika \u201cVijestima\u201d je ranije potvrdilo da je bager utovaren na kamion nik\u0161i\u0107kih oznaka po nalogu Aleksi\u0107eve i njenog saradnika Miodraga Radulovi\u0107a.<\/p>\n<p>\u201cVijesti\u201d nijesu dobile odgovore iz policije u Podgorici na pitanja o sudbini krivi\u010dne prijave protiv Aleksi\u0107eve, i cijelom slu\u010daju nestanka ma\u0161ina iz ulcinjske Solane.<\/p>\n<p>Neka nam predsjednik i premijer daju \u0161to smo zaradili<\/p>\n<p>Radnici ulcinjske Solane, njih 49, koji su u \u0161trajku od 21. decembra pro\u0161le godine, ju\u010de se odr\u017eali miran protest ispred ulazne kapije u fabriku u poku\u0161aju da skrenu pa\u017enju javnosti na njihove nagomilane probleme, neispla\u0107ene zarade i nepovezan radni sta\u017e. Na kapiji su ju\u010de bili i \u010dlanovi njihovih familija i povjerenik Unije sindikata za Ulcinj Aslan Zenelji.<\/p>\n<p>Isaja Gurzakovi\u0107 (54) kazao je da je stanje u fabrici i u porodicama postalo neizdr\u017eivo.<\/p>\n<p>&#8220;Tra\u017eimo od predsjednika dr\u017eave i premijera da nam pomognu kako bismo dobili plate koje smo zaradili i kako bi nam bio povezan radni sta\u017e. Ne tra\u017eimo tu\u0111e samo na\u0161e, a oni neka rade poslije \u0161to ho\u0107e\u201d, kazao je Gurzakovi\u0107 ispred kapije fabrike u kojoj je radio godinama.<\/p>\n<p>\u0160otra, ali i ste\u010dajni upravnik Solane Ognjen Jovovi\u0107 ranije su kazali \u201dVijestima\u201d da klasi\u010dan ste\u010daj ne poznaje niti sindikat ni \u0161trajk.<\/p>\n<p>U dopisu Euronature dostavljenom policiji pi\u0161e kako oni nijesu dali saglasnost da se bager izveze iz fabrike soli u Ulcinju.<\/p>\n<p><a href=\"http:\/\/www.vijesti.me\/vijesti\/prijava-solane-policiji-2012-bager-nema-ko-da-vrati-clanak-177938\" target=\"_blank\"><strong>Samir Adrovi\u0107<\/strong><\/a><\/p>\n<p><a href=\"http:\/\/www.vijesti.me\/vijesti\/prijava-solane-policiji-2012-bager-nema-ko-da-vrati-clanak-177938\" target=\"_blank\"><strong>Vijesti Online<\/strong><\/a><\/p>\n","protected":false},"excerpt":{"rendered":"<p>Prijava Solane u policiji od 2012, bager nema ko da vrati Zavr\u0161io u Budvu Direktor Eurofonda Boj\u0161a \u0160otra podnio krivi\u010dnu prijavu protiv biv\u0161e izvr\u0161ne direktorke Solane Jelene Aleksi\u0107 zbog sumnje da je u\u010destvovala u nezakonitom transportu Direktor Eurofonda Boj\u0161a \u0160otra potvrdio je \u201cVijestima\u201d da je podnio krivi\u010dnu prijavu protiv biv\u0161e izvr\u0161ne direktorke Solane Jelene Aleksi\u0107 [&hellip;]<\/p>\n","protected":false},"author":1,"featured_media":0,"comment_status":"closed","ping_status":"closed","sticky":false,"template":"","format":"standard","meta":{"spay_email":"","jetpack_publicize_message":"","jetpack_is_tweetstorm":false,"jetpack_publicize_feature_enabled":true},"categories":[6950],"tags":[],"jetpack_publicize_connections":[],"yoast_head":"<!-- This site is optimized with the Yoast SEO plugin v19.1 - https:\/\/yoast.com\/wordpress\/plugins\/seo\/ -->\n<title>Bager u Solani nema ko da vrati - Lajme nga Ulqini<\/title>\n<meta name=\"description\" content=\"Prijava Solane u policiji od 2012, bager nema ko da vrati Zavr\u0161io u Budvu Direktor Eurofonda Boj\u0161a \u0160otra podnio krivi\u010dnu prijavu protiv biv\u0161e izvr\u0161ne\" \/>\n<meta name=\"robots\" content=\"index, follow, max-snippet:-1, max-image-preview:large, max-video-preview:-1\" \/>\n<link rel=\"canonical\" href=\"https:\/\/www.visit-ulcinj.com\/blog\/2014\/02\/12\/bager-u-solani-nema-ko-da-vrati\/\" \/>\n<meta property=\"og:locale\" content=\"en_US\" \/>\n<meta property=\"og:type\" content=\"article\" \/>\n<meta property=\"og:title\" content=\"Bager u Solani nema ko da vrati - Lajme nga Ulqini\" \/>\n<meta property=\"og:description\" content=\"Prijava Solane u policiji od 2012, bager nema ko da vrati Zavr\u0161io u Budvu Direktor Eurofonda Boj\u0161a \u0160otra podnio krivi\u010dnu prijavu protiv biv\u0161e izvr\u0161ne\" \/>\n<meta property=\"og:url\" content=\"https:\/\/www.visit-ulcinj.com\/blog\/2014\/02\/12\/bager-u-solani-nema-ko-da-vrati\/\" \/>\n<meta property=\"og:site_name\" content=\"Lajme nga Ulqini\" \/>\n<meta property=\"article:published_time\" content=\"2014-02-12T17:15:45+00:00\" \/>\n<meta property=\"article:modified_time\" content=\"2014-02-12T17:16:39+00:00\" \/>\n<meta property=\"og:image\" content=\"http:\/\/www.visit-ulcinj.com\/blog\/wp-content\/uploads\/2014\/02\/bager.jpg\" \/>\n<meta name=\"twitter:label1\" content=\"Written by\" \/>\n\t<meta name=\"twitter:data1\" content=\"ulqini\" \/>\n\t<meta name=\"twitter:label2\" content=\"Est. reading time\" \/>\n\t<meta name=\"twitter:data2\" content=\"3 minutes\" \/>\n<script type=\"application\/ld+json\" class=\"yoast-schema-graph\">{\"@context\":\"https:\/\/schema.org\",\"@graph\":[{\"@type\":\"WebSite\",\"@id\":\"https:\/\/www.visit-ulcinj.com\/blog\/#website\",\"url\":\"https:\/\/www.visit-ulcinj.com\/blog\/\",\"name\":\"Lajme nga Ulqini\",\"description\":\"Lajme,Vijesti,Ulqini,Ulqin,Crna Gora,Mali i Zi\",\"potentialAction\":[{\"@type\":\"SearchAction\",\"target\":{\"@type\":\"EntryPoint\",\"urlTemplate\":\"https:\/\/www.visit-ulcinj.com\/blog\/?s={search_term_string}\"},\"query-input\":\"required name=search_term_string\"}],\"inLanguage\":\"en-US\"},{\"@type\":\"ImageObject\",\"inLanguage\":\"en-US\",\"@id\":\"https:\/\/www.visit-ulcinj.com\/blog\/2014\/02\/12\/bager-u-solani-nema-ko-da-vrati\/#primaryimage\",\"url\":\"https:\/\/www.visit-ulcinj.com\/blog\/wp-content\/uploads\/2014\/02\/bager.jpg\",\"contentUrl\":\"https:\/\/www.visit-ulcinj.com\/blog\/wp-content\/uploads\/2014\/02\/bager.jpg\",\"width\":1000,\"height\":519},{\"@type\":\"WebPage\",\"@id\":\"https:\/\/www.visit-ulcinj.com\/blog\/2014\/02\/12\/bager-u-solani-nema-ko-da-vrati\/#webpage\",\"url\":\"https:\/\/www.visit-ulcinj.com\/blog\/2014\/02\/12\/bager-u-solani-nema-ko-da-vrati\/\",\"name\":\"Bager u Solani nema ko da vrati - Lajme nga Ulqini\",\"isPartOf\":{\"@id\":\"https:\/\/www.visit-ulcinj.com\/blog\/#website\"},\"primaryImageOfPage\":{\"@id\":\"https:\/\/www.visit-ulcinj.com\/blog\/2014\/02\/12\/bager-u-solani-nema-ko-da-vrati\/#primaryimage\"},\"datePublished\":\"2014-02-12T17:15:45+00:00\",\"dateModified\":\"2014-02-12T17:16:39+00:00\",\"author\":{\"@id\":\"https:\/\/www.visit-ulcinj.com\/blog\/#\/schema\/person\/dcab619c614d3038751c63bc2aadc06d\"},\"description\":\"Prijava Solane u policiji od 2012, bager nema ko da vrati Zavr\u0161io u Budvu Direktor Eurofonda Boj\u0161a \u0160otra podnio krivi\u010dnu prijavu protiv biv\u0161e izvr\u0161ne\",\"breadcrumb\":{\"@id\":\"https:\/\/www.visit-ulcinj.com\/blog\/2014\/02\/12\/bager-u-solani-nema-ko-da-vrati\/#breadcrumb\"},\"inLanguage\":\"en-US\",\"potentialAction\":[{\"@type\":\"ReadAction\",\"target\":[\"https:\/\/www.visit-ulcinj.com\/blog\/2014\/02\/12\/bager-u-solani-nema-ko-da-vrati\/\"]}]},{\"@type\":\"BreadcrumbList\",\"@id\":\"https:\/\/www.visit-ulcinj.com\/blog\/2014\/02\/12\/bager-u-solani-nema-ko-da-vrati\/#breadcrumb\",\"itemListElement\":[{\"@type\":\"ListItem\",\"position\":1,\"name\":\"Bager u Solani nema ko da vrati\"}]},{\"@type\":\"Person\",\"@id\":\"https:\/\/www.visit-ulcinj.com\/blog\/#\/schema\/person\/dcab619c614d3038751c63bc2aadc06d\",\"name\":\"ulqini\",\"sameAs\":[\"http:\/\/www.visit-ulcinj.com\"],\"url\":\"https:\/\/www.visit-ulcinj.com\/blog\/author\/admin\/\"}]}<\/script>\n<!-- \/ Yoast SEO plugin. -->","yoast_head_json":{"title":"Bager u Solani nema ko da vrati - Lajme nga Ulqini","description":"Prijava Solane u policiji od 2012, bager nema ko da vrati Zavr\u0161io u Budvu Direktor Eurofonda Boj\u0161a \u0160otra podnio krivi\u010dnu prijavu protiv biv\u0161e izvr\u0161ne","robots":{"index":"index","follow":"follow","max-snippet":"max-snippet:-1","max-image-preview":"max-image-preview:large","max-video-preview":"max-video-preview:-1"},"canonical":"https:\/\/www.visit-ulcinj.com\/blog\/2014\/02\/12\/bager-u-solani-nema-ko-da-vrati\/","og_locale":"en_US","og_type":"article","og_title":"Bager u Solani nema ko da vrati - Lajme nga Ulqini","og_description":"Prijava Solane u policiji od 2012, bager nema ko da vrati Zavr\u0161io u Budvu Direktor Eurofonda Boj\u0161a \u0160otra podnio krivi\u010dnu prijavu protiv biv\u0161e izvr\u0161ne","og_url":"https:\/\/www.visit-ulcinj.com\/blog\/2014\/02\/12\/bager-u-solani-nema-ko-da-vrati\/","og_site_name":"Lajme nga Ulqini","article_published_time":"2014-02-12T17:15:45+00:00","article_modified_time":"2014-02-12T17:16:39+00:00","og_image":[{"url":"http:\/\/www.visit-ulcinj.com\/blog\/wp-content\/uploads\/2014\/02\/bager.jpg"}],"twitter_misc":{"Written by":"ulqini","Est. reading time":"3 minutes"},"schema":{"@context":"https:\/\/schema.org","@graph":[{"@type":"WebSite","@id":"https:\/\/www.visit-ulcinj.com\/blog\/#website","url":"https:\/\/www.visit-ulcinj.com\/blog\/","name":"Lajme nga Ulqini","description":"Lajme,Vijesti,Ulqini,Ulqin,Crna Gora,Mali i Zi","potentialAction":[{"@type":"SearchAction","target":{"@type":"EntryPoint","urlTemplate":"https:\/\/www.visit-ulcinj.com\/blog\/?s={search_term_string}"},"query-input":"required name=search_term_string"}],"inLanguage":"en-US"},{"@type":"ImageObject","inLanguage":"en-US","@id":"https:\/\/www.visit-ulcinj.com\/blog\/2014\/02\/12\/bager-u-solani-nema-ko-da-vrati\/#primaryimage","url":"https:\/\/www.visit-ulcinj.com\/blog\/wp-content\/uploads\/2014\/02\/bager.jpg","contentUrl":"https:\/\/www.visit-ulcinj.com\/blog\/wp-content\/uploads\/2014\/02\/bager.jpg","width":1000,"height":519},{"@type":"WebPage","@id":"https:\/\/www.visit-ulcinj.com\/blog\/2014\/02\/12\/bager-u-solani-nema-ko-da-vrati\/#webpage","url":"https:\/\/www.visit-ulcinj.com\/blog\/2014\/02\/12\/bager-u-solani-nema-ko-da-vrati\/","name":"Bager u Solani nema ko da vrati - Lajme nga Ulqini","isPartOf":{"@id":"https:\/\/www.visit-ulcinj.com\/blog\/#website"},"primaryImageOfPage":{"@id":"https:\/\/www.visit-ulcinj.com\/blog\/2014\/02\/12\/bager-u-solani-nema-ko-da-vrati\/#primaryimage"},"datePublished":"2014-02-12T17:15:45+00:00","dateModified":"2014-02-12T17:16:39+00:00","author":{"@id":"https:\/\/www.visit-ulcinj.com\/blog\/#\/schema\/person\/dcab619c614d3038751c63bc2aadc06d"},"description":"Prijava Solane u policiji od 2012, bager nema ko da vrati Zavr\u0161io u Budvu Direktor Eurofonda Boj\u0161a \u0160otra podnio krivi\u010dnu prijavu protiv biv\u0161e izvr\u0161ne","breadcrumb":{"@id":"https:\/\/www.visit-ulcinj.com\/blog\/2014\/02\/12\/bager-u-solani-nema-ko-da-vrati\/#breadcrumb"},"inLanguage":"en-US","potentialAction":[{"@type":"ReadAction","target":["https:\/\/www.visit-ulcinj.com\/blog\/2014\/02\/12\/bager-u-solani-nema-ko-da-vrati\/"]}]},{"@type":"BreadcrumbList","@id":"https:\/\/www.visit-ulcinj.com\/blog\/2014\/02\/12\/bager-u-solani-nema-ko-da-vrati\/#breadcrumb","itemListElement":[{"@type":"ListItem","position":1,"name":"Bager u Solani nema ko da vrati"}]},{"@type":"Person","@id":"https:\/\/www.visit-ulcinj.com\/blog\/#\/schema\/person\/dcab619c614d3038751c63bc2aadc06d","name":"ulqini","sameAs":["http:\/\/www.visit-ulcinj.com"],"url":"https:\/\/www.visit-ulcinj.com\/blog\/author\/admin\/"}]}},"jetpack_featured_media_url":"","jetpack_sharing_enabled":true,"jetpack_shortlink":"https:\/\/wp.me\/pe6lTn-kHi","_links":{"self":[{"href":"https:\/\/www.visit-ulcinj.com\/blog\/wp-json\/wp\/v2\/posts\/79564"}],"collection":[{"href":"https:\/\/www.visit-ulcinj.com\/blog\/wp-json\/wp\/v2\/posts"}],"about":[{"href":"https:\/\/www.visit-ulcinj.com\/blog\/wp-json\/wp\/v2\/types\/post"}],"author":[{"embeddable":true,"href":"https:\/\/www.visit-ulcinj.com\/blog\/wp-json\/wp\/v2\/users\/1"}],"replies":[{"embeddable":true,"href":"https:\/\/www.visit-ulcinj.com\/blog\/wp-json\/wp\/v2\/comments?post=79564"}],"version-history":[{"count":2,"href":"https:\/\/www.visit-ulcinj.com\/blog\/wp-json\/wp\/v2\/posts\/79564\/revisions"}],"predecessor-version":[{"id":79568,"href":"https:\/\/www.visit-ulcinj.com\/blog\/wp-json\/wp\/v2\/posts\/79564\/revisions\/79568"}],"wp:attachment":[{"href":"https:\/\/www.visit-ulcinj.com\/blog\/wp-json\/wp\/v2\/media?parent=79564"}],"wp:term":[{"taxonomy":"category","embeddable":true,"href":"https:\/\/www.visit-ulcinj.com\/blog\/wp-json\/wp\/v2\/categories?post=79564"},{"taxonomy":"post_tag","embeddable":true,"href":"https:\/\/www.visit-ulcinj.com\/blog\/wp-json\/wp\/v2\/tags?post=79564"}],"curies":[{"name":"wp","href":"https:\/\/api.w.org\/{rel}","templated":true}]}}