{"id":79569,"date":"2014-02-12T18:48:59","date_gmt":"2014-02-12T17:48:59","guid":{"rendered":"http:\/\/www.visit-ulcinj.com\/blog\/?p=79569"},"modified":"2014-02-19T19:46:48","modified_gmt":"2014-02-19T18:46:48","slug":"adn-eshtrave-te-kthyera-nga-ulqini-perkasin-isa-boletinit","status":"publish","type":"post","link":"https:\/\/www.visit-ulcinj.com\/blog\/2014\/02\/12\/adn-eshtrave-te-kthyera-nga-ulqini-perkasin-isa-boletinit\/","title":{"rendered":"ADN-i eshtrave te kthyera nga Ulqini i p\u00ebrkasin Isa Boletinit"},"content":{"rendered":"<p><strong><a href=\"http:\/\/www.visit-ulcinj.com\/blog\/wp-content\/uploads\/2014\/02\/Isa-Boletini.jpg\"><img loading=\"lazy\" class=\"alignleft  wp-image-79571\" alt=\"Isa-Boletini\" src=\"http:\/\/www.visit-ulcinj.com\/blog\/wp-content\/uploads\/2014\/02\/Isa-Boletini.jpg\" width=\"508\" height=\"360\" \/><\/a>ADN\u2019ja ka konfirmuar se eshtrat e kthyera nga Ulqini i p\u00ebrkasin Isa Boletinit dhe bashk\u00ebluft\u00ebtar\u00ebve t\u00eb tij. Familja Boletini thot\u00eb se varrimi i eshtrave t\u00eb Isa Boletinit, do t\u00eb b\u00ebhet jav\u00ebn e ardhshme n\u00eb vendlindjen e patriotit, n\u00eb Boletin.<\/strong><\/p>\n<p>Eshtrat e atdhetarit Isa Boletini dhe bashk\u00ebluft\u00ebtar\u00ebve t\u00eb tij, t\u00eb cil\u00ebt u vran\u00eb n\u00eb prit\u00eb nga malazez\u00ebt n\u00eb Podgoric\u00eb, t\u00eb cilat p\u00ebr vite t\u00eb t\u00ebra jan\u00eb n\u00eb qytetin e Mitrovic\u00ebs, edhe zyrtarisht pas analizave t\u00eb ADN\u2019s\u00eb jan\u00eb konfirmuar se i p\u00ebrkasin atij.<\/p>\n<p>K\u00ebt\u00eb lajm e kan\u00eb konfirmuar nipi i Isa Boletinit, Xhaviti dhe st\u00ebrnipi Gazmendi. Ky i fundit tha se ata si famije asnj\u00ebher\u00eb nuk kishin dyshuar p\u00ebr v\u00ebrtet\u00ebsin\u00eb e eshtrave t\u00eb sjell\u00eb nga Ulqini, raporton mitrovicatoppress.<\/p>\n<p>\u201cPas shum\u00eb pritjeve edhe vonesave\u00a0 mund t\u00eb konfirmoj se mostrat e AND-s\u00eb t\u00eb d\u00ebrguar p\u00ebr analiz\u00eb dhe ekzaminimi jan\u00eb kthyer pozitive q\u00eb do thot\u00eb \u00ebsht\u00eb konfirmuar se esht\u00ebrt jan\u00eb t\u00eb Isa Boletinit dhe djalit t\u00eb tij Halilit. K\u00ebshtu konfirmohet se\u00a0 esht\u00ebrta jan\u00eb t\u00eb trupave t\u00eb trimave shqiptar\u00eb t\u00eb vrar\u00eb n\u00eb Podgoric\u00eb, ndon\u00ebse monstrat e 6 trupave t\u00eb tjer\u00eb pritet t\u00eb kthehen jav\u00ebn q\u00eb vjen dhe deomos pritet t\u00eb konformohen se jan\u00eb t\u00eb bashk\u00ebluft\u00ebtar\u00ebve t\u00eb Is\u00ebs\u201d.<\/p>\n<p><a href=\"http:\/\/www.visit-ulcinj.com\/blog\/wp-content\/uploads\/2014\/02\/kulla-Isa-Boletini.jpg\"><img loading=\"lazy\" class=\"alignleft  wp-image-79570\" alt=\"kulla-Isa-Boletini\" src=\"http:\/\/www.visit-ulcinj.com\/blog\/wp-content\/uploads\/2014\/02\/kulla-Isa-Boletini.jpg\" width=\"508\" height=\"360\" \/><\/a><\/p>\n<p>\u201cNe si familje asnj\u00ebher\u00eb nuk kemi dyshuar n\u00eb v\u00ebrtet\u00ebsin\u00eb e eshtrave q\u00eb jan\u00eb sjell nga Ulqini jo vet\u00ebm nga d\u00ebshmia dhe besueshm\u00ebria e atyre q\u00eb me vite i kan\u00eb ruajt dhe jan\u00eb p\u00ebrkujdesur por edhe nga ata q\u00eb i soll\u00ebn, i ruajt\u00ebn deri sot dhe na i d\u00ebrguan neve si pasardh\u00ebs\u201d.<\/p>\n<p>Pasi q\u00eb ADN\u2019ja ka v\u00ebrtetuar se eshtrat i p\u00ebrkasin Isa Boletinit, familja pret q\u00eb k\u00ebto eshtra t\u2019i varros\u00eb tek varret Kulla-Muze n\u00eb fshatin e lindjes s\u00eb Isa Boletinit, n\u00eb Boletin.<\/p>\n<p>Gazmend Boletini tha se ka marr\u00eb premtimin e Kryetarit t\u00eb Komun\u00ebs s\u00eb Mitrovic\u00ebs, Agim Bahtiri, se varrimi i Isa Boletinit do t\u00eb jet\u00eb dinjitoz, nj\u00ebsoj sikurse jan\u00eb vlerat e tij atdhetare.<\/p>\n<p>\u201cNe kemi biseduar me kryetarin e Mitrovic\u00ebs Agim Bahtiri nga I cili kemi marr premtimin se do mb\u00ebshtetemi n\u00eb varrimin dinjitoz t\u00eb gjeneralit Isa Boletini, nd\u00ebrsa po k\u00ebshtu p\u00ebrkrahje kemi gjetur edhe nga kreu I Tiran\u00ebs Lulzim Basha, takimet dhe kontaktet do t\u00eb vazhdohen me t\u00eb gjitha qytetet edhe krer\u00ebt institucional\u00eb, n\u00eb m\u00ebnyr\u00eb q\u00eb ceremonia\u00a0 e varrimit t\u00eb jet\u00eb konform vler\u00ebs dhe kontributit q\u00eb ka dh\u00ebn\u00eb Isa Boletinin \u00e7\u00ebshtjes shqiptare\u201d, ka th\u00ebn\u00eb Gazmend Boletini.<\/p>\n<p>Rivarrimi i eshtrave t\u00eb Isa Boletnit pritet q\u00eb t\u00eb b\u00ebhet n\u00eb jav\u00ebn e ardshme.<\/p>\n<p><strong>Lajmi net<\/strong><\/p>\n<!--YouTube Error: bad URL entered-->\n<p><strong>SHAQIR ISMAILI NE LIDHJE ME ISA BOLETININ<\/strong><\/p>\n<p>Prej vitit 1980 e deri n\u00eb vitin 2004 kam qen\u00eb i pun\u00ebsuar n\u00eb kuadrin e bashk\u00ebsis\u00eb islame duke ushtruer profeionin kryeimam n\u00eb Titograd- 1992 Podgoric\u00eb. Popullata muslimane e Titogradit ka qen\u00eb e detyruar t i braktisi varrezet muslimane, t\u00eb quajtur \u201eTursko Groblje\u201c ne Pobrezhje qysh\u00eb n\u00eb vitin 1973. Duke i u cakturn nj parcel tjet\u00ebr jasht\u00eb qytetit afro 8 km, te lumi Cem-Toka e Zez\u00eb. Komuna e Titogradit, n\u00eb mjedis t\u00eb asaj parceles 2 hektar\u00eb e rrethoj dhe ndertoi nj\u00eb varreze t\u00eb p\u00ebrbashket n\u00eb t\u00eb cilin do varroheshin eshtrat e pa identifikuara nga vorret Pobrezhje. N\u00eb lidhje me \u00e7ashtjen e g\u00ebrmimit t\u00eb eshnave t\u00eb Isa Buletinit me tet\u00eb shok\u00ebt e tij nga varrezet Pobrezhje t\u00eb Podgoric\u00ebs n\u00eb Mitrovic\u00eb me p\u00ebrgjegj\u00ebsi t\u00eb plot\u00eb deklaroi: -Vorret n\u00eb Pobrezhje prej 1973 deri n\u00eb vitin 1998 jan\u00eb n\u00eb disa faza i ka shkat\u00ebrruar komua e qytetit. P\u00ebr \u00e7do her\u00eb komuna lajmonte K\u00ebshillin e bashk\u00ebsis\u00eb islame duke apeluar q\u00eb BI t\u00eb lajm\u00ebroj t\u00eb interesuarit t i heqin eshtrat e familjeve t\u00eb tyre e ti shti n\u00eb dhe Te Cemi ose diku tjet\u00ebr. Gjathsaher\u00eb, Bashk\u00ebsia islame ber\u00eb shpallje n\u00eb gazeta &#8211; Pobjeden e Titogradit e n\u00eb Oslobogjenjen e Sarajev\u00ebs p\u00ebr ket\u00eb \u00e7ashtje. N\u00eb ato ftesa jan\u00eb p\u00ebrgjegjur numer i vog\u00ebl se pse me koh\u00eb shumica e varrezeve ka qen\u00eb e rafshueme me tok\u00eb pa epitafe e mbishkrime. P\u00ebr eshtrat e Isa Buletinit me bashkluftetar\u00ebt e tij \u00ebsht\u00eb interseuar arkivi historik i Kosov\u00ebs i drejtuar nga i ndjeri Muhamed Shukriu.<\/p>\n<p>Shukriu me ekipin e vet\u00eb para vitit 1980, para se un\u00eb kaloja n\u00eb Titograd, ka vizitu Ulqinin dhe Titogradin. Ai ka konfirmu n\u00eb Bashkin islame n\u00eb Titograd, me viziten e tij t\u00eb dyt\u00eb n\u00eb kryeqytetin e Malit t\u00eb Zi n\u00eb vitin 1994 n\u00eb prezenc\u00eb t\u00eb Kryetarit t\u00eb BI Idriz ef. Demirit dhe shok\u00ebve t\u00eb tij: Molla Asllan Muratin, kryeimam i Mitrovic\u00ebs si edhe me nipin e Isa Buletinit Remzi Miratin. Muhammed Shukriu konfirmoj se n\u00eb viziten e par\u00eb n\u00eb Ulqin ka arrijt\u00eb t\u00eb heqin nj\u00eb pjes\u00eb t\u00eb eshtrave t\u00eb Ymer Prizrenit e ti barti n\u00eb Kosov\u00eb, kurse n\u00eb Titograd, n\u00eb Pobrezhje duke u sherbyer me harta e skica ka gjet\u00eb vorrin dhe epitafin me emrin Isa Buletini, icili epitaf edhe sot gjindet n\u00eb grumbullin e gurvarreve e epitaf\u00ebve buz\u00eb vorrezeve n\u00eb Cem. N\u00eb zbulimin e vorrit t\u00eb Isa Buletinit kan\u00eb qen\u00eb t\u00eb ndihmueme nga ndjeri Ahmed Jakupoviq.<\/p>\n<p>N\u00eb at\u00eb koh\u00eb, fatkeq\u00ebsisht\u00eb organet shtet\u00ebrore nuk lejuen t\u00eb g\u00ebrmonin e t i marin eshtrat prej M. T\u00eb Zi p\u00ebr n\u00eb Kosov\u00eb. As n\u00eb vitin 1994, n\u00eb kohen luftes n\u00eb Bosne e Hercegovin\u00eb e Kroaci ekipi nga Kosova i drejtuar nga i ndjeri Muhammed Shukriu u k\u00ebthy n\u00eb Kosov\u00eb pa rezultat. Miropo, p\u00ebr \u00e7do eventualitet, p\u00ebr raste m\u00eb t\u00eb volit\u00ebshem, paten len\u00eb numrat e telefon\u00ebve M. Shukriu. 029 22457 \u2013Prizren, Rr Xhevdet Doda- Prizren. Dhe Mulla Asllani +381 28 22883. Mitrovic\u00eb. Komuna e Podgoric\u00ebs n\u00eb vitin 1998 definitivisht\u00eb pat vendos\u00eb q\u00eb parcelen e vorreve t\u00eb dikursh\u00ebm ta sh\u00ebndroj n\u00eb park t\u00eb qytetit me elementet e parkut kohor\u00eb. Jajm\u00ebroi K\u00ebshillin e Bashk\u00ebsis\u00eb islame q\u00eb edhe nj\u00eb her\u00eb t\u00eb lajm\u00ebroj t\u00eb interesuarit t i g\u00ebrmihin varrezet e famileve t\u00eb tyre se m\u00eb nuk kan\u00eb me pasur rast t i \u00e7vendosin nga kompleksi i vjet\u00ebr i vorreve n\u00eb Pobrezhje se do t\u00eb shtohet me beton e do t\u00eb vehen lule dhe bim\u00eb t\u00eb ndryshme. Harxhimet p\u00ebr \u00e7vendosje t\u00eb eshtrave i merr mbi veti komunja e Podgoric\u00ebs. Bashkija Islame me nj\u00ebher\u00eb lajm\u00ebroi Mulla Asllanin n\u00eb Mitrovic\u00eb se p\u00ebrfundimisht\u00eb, shansi i fundit q\u00eb duhet te shfryt\u00ebzohet, \u00ebsht\u00eb ky. Pas pak kohe n\u00eb Podgoric\u00eb arrijti Muhamed Shukriu, drejtori i institutit me Remzi Muratin, nipin e Isa Buletinit. Me veti kishin sjell edhe skicen e kompeksit t\u00eb vorreve Pobrezhje. P\u00ebr koordinues rreth zbulimit t\u00eb eshtrave t\u00eb Isa Buletinit me shok\u00eb, nga Bashkija islame u caktu Shaqir Smaikoviq (Shaqir Ismaili), nga komuna Brano Jovanoviq. K\u00ebrkimet kan\u00eb zgjat\u00eb m\u00eb se 20 dit\u00eb.<\/p>\n<p>Ekipi nga Kosova kje vendos\u00eb n\u00eb hotelin Podgorica. M. Shukriu na ka rr\u00ebfy se me skeletin Isa Buletinit, u zbuluene edhe t\u00eb tjer\u00ebt u zbuluen edhe bashk\u00ebluftaret e tij t\u00eb vrar\u00eb n\u00eb Podgoric\u00eb n\u00eb vitin 1916 e te varrosur nga muslaimanst e Podgoric\u00ebs fshehtas n\u00eb kompleksin Pobrezhje t\u00eb Podgoric\u00ebs. Gjat\u00eb akcionit t\u00eb g\u00ebrmimeve nuk jan\u00eb tregu emrat dhe viti i vrasjes s\u00eb k\u00ebtyre herojve. Pas luft\u00ebs kemi vizituar Mulla Asllanin i cili na ka premtu se dot\u00eb na ftoj\u00eb n\u00eb varrimin e tyre dinjitoz n\u00eb Mitrovic\u00eb. Kjo shkurtimisht \u00ebsht\u00eb e v\u00ebrteta p\u00ebr Isa Buletinin dhe barten e eshtrave t\u00eb tij prej varrezeve Pobrezhje t\u00eb Podgorices n\u00eb Mitrovic\u00eb.<\/p>\n<p>SHAQIR ISMAILI, imam n\u00eb pension, Sarajev\u00eb, Semira Fraste, 16.<\/p>\n<p><a href=\"http:\/\/www.visit-ulcinj.com\/blog\/wp-content\/uploads\/2012\/01\/MONOGRAFIA-BOJKU-N\u00cb-AN\u00cb-T\u00cb-MALIT.1.jpg\"><img loading=\"lazy\" class=\"alignleft  wp-image-56418\" alt=\"MONOGRAFIA - BOJKU N\u00cb AN\u00cb T\u00cb MALIT.1\" src=\"http:\/\/www.visit-ulcinj.com\/blog\/wp-content\/uploads\/2012\/01\/MONOGRAFIA-BOJKU-N\u00cb-AN\u00cb-T\u00cb-MALIT.1.jpg\" width=\"508\" height=\"600\" \/><\/a><\/p>\n<p>&nbsp;<\/p>\n<p>&nbsp;<\/p>\n","protected":false},"excerpt":{"rendered":"<p>ADN\u2019ja ka konfirmuar se eshtrat e kthyera nga Ulqini i p\u00ebrkasin Isa Boletinit dhe bashk\u00ebluft\u00ebtar\u00ebve t\u00eb tij. Familja Boletini thot\u00eb se varrimi i eshtrave t\u00eb Isa Boletinit, do t\u00eb b\u00ebhet jav\u00ebn e ardhshme n\u00eb vendlindjen e patriotit, n\u00eb Boletin. Eshtrat e atdhetarit Isa Boletini dhe bashk\u00ebluft\u00ebtar\u00ebve t\u00eb tij, t\u00eb cil\u00ebt u vran\u00eb n\u00eb prit\u00eb nga [&hellip;]<\/p>\n","protected":false},"author":1,"featured_media":0,"comment_status":"closed","ping_status":"closed","sticky":false,"template":"","format":"standard","meta":{"spay_email":"","jetpack_publicize_message":"","jetpack_is_tweetstorm":false,"jetpack_publicize_feature_enabled":true},"categories":[7],"tags":[],"jetpack_publicize_connections":[],"yoast_head":"<!-- This site is optimized with the Yoast SEO plugin v19.1 - https:\/\/yoast.com\/wordpress\/plugins\/seo\/ -->\n<title>ADN-i eshtrave te kthyera nga Ulqini i p\u00ebrkasin Isa Boletinit - Lajme nga Ulqini<\/title>\n<meta name=\"description\" content=\"ADN\u2019ja ka konfirmuar se eshtrat e kthyera nga Ulqini i p\u00ebrkasin Isa Boletinit dhe bashk\u00ebluft\u00ebtar\u00ebve t\u00eb tij. Familja Boletini thot\u00eb se varrimi i eshtrave\" \/>\n<meta name=\"robots\" content=\"index, follow, max-snippet:-1, max-image-preview:large, max-video-preview:-1\" \/>\n<link rel=\"canonical\" href=\"https:\/\/www.visit-ulcinj.com\/blog\/2014\/02\/12\/adn-eshtrave-te-kthyera-nga-ulqini-perkasin-isa-boletinit\/\" \/>\n<meta property=\"og:locale\" content=\"en_US\" \/>\n<meta property=\"og:type\" content=\"article\" \/>\n<meta property=\"og:title\" content=\"ADN-i eshtrave te kthyera nga Ulqini i p\u00ebrkasin Isa Boletinit - Lajme nga Ulqini\" \/>\n<meta property=\"og:description\" content=\"ADN\u2019ja ka konfirmuar se eshtrat e kthyera nga Ulqini i p\u00ebrkasin Isa Boletinit dhe bashk\u00ebluft\u00ebtar\u00ebve t\u00eb tij. Familja Boletini thot\u00eb se varrimi i eshtrave\" \/>\n<meta property=\"og:url\" content=\"https:\/\/www.visit-ulcinj.com\/blog\/2014\/02\/12\/adn-eshtrave-te-kthyera-nga-ulqini-perkasin-isa-boletinit\/\" \/>\n<meta property=\"og:site_name\" content=\"Lajme nga Ulqini\" \/>\n<meta property=\"article:published_time\" content=\"2014-02-12T17:48:59+00:00\" \/>\n<meta property=\"article:modified_time\" content=\"2014-02-19T18:46:48+00:00\" \/>\n<meta property=\"og:image\" content=\"http:\/\/www.visit-ulcinj.com\/blog\/wp-content\/uploads\/2014\/02\/Isa-Boletini.jpg\" \/>\n<meta name=\"twitter:label1\" content=\"Written by\" \/>\n\t<meta name=\"twitter:data1\" content=\"ulqini\" \/>\n\t<meta name=\"twitter:label2\" content=\"Est. reading time\" \/>\n\t<meta name=\"twitter:data2\" content=\"6 minutes\" \/>\n<script type=\"application\/ld+json\" class=\"yoast-schema-graph\">{\"@context\":\"https:\/\/schema.org\",\"@graph\":[{\"@type\":\"WebSite\",\"@id\":\"https:\/\/www.visit-ulcinj.com\/blog\/#website\",\"url\":\"https:\/\/www.visit-ulcinj.com\/blog\/\",\"name\":\"Lajme nga Ulqini\",\"description\":\"Lajme,Vijesti,Ulqini,Ulqin,Crna Gora,Mali i Zi\",\"potentialAction\":[{\"@type\":\"SearchAction\",\"target\":{\"@type\":\"EntryPoint\",\"urlTemplate\":\"https:\/\/www.visit-ulcinj.com\/blog\/?s={search_term_string}\"},\"query-input\":\"required name=search_term_string\"}],\"inLanguage\":\"en-US\"},{\"@type\":\"ImageObject\",\"inLanguage\":\"en-US\",\"@id\":\"https:\/\/www.visit-ulcinj.com\/blog\/2014\/02\/12\/adn-eshtrave-te-kthyera-nga-ulqini-perkasin-isa-boletinit\/#primaryimage\",\"url\":\"https:\/\/www.visit-ulcinj.com\/blog\/wp-content\/uploads\/2014\/02\/Isa-Boletini.jpg\",\"contentUrl\":\"https:\/\/www.visit-ulcinj.com\/blog\/wp-content\/uploads\/2014\/02\/Isa-Boletini.jpg\",\"width\":511,\"height\":400},{\"@type\":\"WebPage\",\"@id\":\"https:\/\/www.visit-ulcinj.com\/blog\/2014\/02\/12\/adn-eshtrave-te-kthyera-nga-ulqini-perkasin-isa-boletinit\/#webpage\",\"url\":\"https:\/\/www.visit-ulcinj.com\/blog\/2014\/02\/12\/adn-eshtrave-te-kthyera-nga-ulqini-perkasin-isa-boletinit\/\",\"name\":\"ADN-i eshtrave te kthyera nga Ulqini i p\u00ebrkasin Isa Boletinit - Lajme nga Ulqini\",\"isPartOf\":{\"@id\":\"https:\/\/www.visit-ulcinj.com\/blog\/#website\"},\"primaryImageOfPage\":{\"@id\":\"https:\/\/www.visit-ulcinj.com\/blog\/2014\/02\/12\/adn-eshtrave-te-kthyera-nga-ulqini-perkasin-isa-boletinit\/#primaryimage\"},\"datePublished\":\"2014-02-12T17:48:59+00:00\",\"dateModified\":\"2014-02-19T18:46:48+00:00\",\"author\":{\"@id\":\"https:\/\/www.visit-ulcinj.com\/blog\/#\/schema\/person\/dcab619c614d3038751c63bc2aadc06d\"},\"description\":\"ADN\u2019ja ka konfirmuar se eshtrat e kthyera nga Ulqini i p\u00ebrkasin Isa Boletinit dhe bashk\u00ebluft\u00ebtar\u00ebve t\u00eb tij. Familja Boletini thot\u00eb se varrimi i eshtrave\",\"breadcrumb\":{\"@id\":\"https:\/\/www.visit-ulcinj.com\/blog\/2014\/02\/12\/adn-eshtrave-te-kthyera-nga-ulqini-perkasin-isa-boletinit\/#breadcrumb\"},\"inLanguage\":\"en-US\",\"potentialAction\":[{\"@type\":\"ReadAction\",\"target\":[\"https:\/\/www.visit-ulcinj.com\/blog\/2014\/02\/12\/adn-eshtrave-te-kthyera-nga-ulqini-perkasin-isa-boletinit\/\"]}]},{\"@type\":\"BreadcrumbList\",\"@id\":\"https:\/\/www.visit-ulcinj.com\/blog\/2014\/02\/12\/adn-eshtrave-te-kthyera-nga-ulqini-perkasin-isa-boletinit\/#breadcrumb\",\"itemListElement\":[{\"@type\":\"ListItem\",\"position\":1,\"name\":\"ADN-i eshtrave te kthyera nga Ulqini i p\u00ebrkasin Isa Boletinit\"}]},{\"@type\":\"Person\",\"@id\":\"https:\/\/www.visit-ulcinj.com\/blog\/#\/schema\/person\/dcab619c614d3038751c63bc2aadc06d\",\"name\":\"ulqini\",\"sameAs\":[\"http:\/\/www.visit-ulcinj.com\"],\"url\":\"https:\/\/www.visit-ulcinj.com\/blog\/author\/admin\/\"}]}<\/script>\n<!-- \/ Yoast SEO plugin. -->","yoast_head_json":{"title":"ADN-i eshtrave te kthyera nga Ulqini i p\u00ebrkasin Isa Boletinit - Lajme nga Ulqini","description":"ADN\u2019ja ka konfirmuar se eshtrat e kthyera nga Ulqini i p\u00ebrkasin Isa Boletinit dhe bashk\u00ebluft\u00ebtar\u00ebve t\u00eb tij. Familja Boletini thot\u00eb se varrimi i eshtrave","robots":{"index":"index","follow":"follow","max-snippet":"max-snippet:-1","max-image-preview":"max-image-preview:large","max-video-preview":"max-video-preview:-1"},"canonical":"https:\/\/www.visit-ulcinj.com\/blog\/2014\/02\/12\/adn-eshtrave-te-kthyera-nga-ulqini-perkasin-isa-boletinit\/","og_locale":"en_US","og_type":"article","og_title":"ADN-i eshtrave te kthyera nga Ulqini i p\u00ebrkasin Isa Boletinit - Lajme nga Ulqini","og_description":"ADN\u2019ja ka konfirmuar se eshtrat e kthyera nga Ulqini i p\u00ebrkasin Isa Boletinit dhe bashk\u00ebluft\u00ebtar\u00ebve t\u00eb tij. Familja Boletini thot\u00eb se varrimi i eshtrave","og_url":"https:\/\/www.visit-ulcinj.com\/blog\/2014\/02\/12\/adn-eshtrave-te-kthyera-nga-ulqini-perkasin-isa-boletinit\/","og_site_name":"Lajme nga Ulqini","article_published_time":"2014-02-12T17:48:59+00:00","article_modified_time":"2014-02-19T18:46:48+00:00","og_image":[{"url":"http:\/\/www.visit-ulcinj.com\/blog\/wp-content\/uploads\/2014\/02\/Isa-Boletini.jpg"}],"twitter_misc":{"Written by":"ulqini","Est. reading time":"6 minutes"},"schema":{"@context":"https:\/\/schema.org","@graph":[{"@type":"WebSite","@id":"https:\/\/www.visit-ulcinj.com\/blog\/#website","url":"https:\/\/www.visit-ulcinj.com\/blog\/","name":"Lajme nga Ulqini","description":"Lajme,Vijesti,Ulqini,Ulqin,Crna Gora,Mali i Zi","potentialAction":[{"@type":"SearchAction","target":{"@type":"EntryPoint","urlTemplate":"https:\/\/www.visit-ulcinj.com\/blog\/?s={search_term_string}"},"query-input":"required name=search_term_string"}],"inLanguage":"en-US"},{"@type":"ImageObject","inLanguage":"en-US","@id":"https:\/\/www.visit-ulcinj.com\/blog\/2014\/02\/12\/adn-eshtrave-te-kthyera-nga-ulqini-perkasin-isa-boletinit\/#primaryimage","url":"https:\/\/www.visit-ulcinj.com\/blog\/wp-content\/uploads\/2014\/02\/Isa-Boletini.jpg","contentUrl":"https:\/\/www.visit-ulcinj.com\/blog\/wp-content\/uploads\/2014\/02\/Isa-Boletini.jpg","width":511,"height":400},{"@type":"WebPage","@id":"https:\/\/www.visit-ulcinj.com\/blog\/2014\/02\/12\/adn-eshtrave-te-kthyera-nga-ulqini-perkasin-isa-boletinit\/#webpage","url":"https:\/\/www.visit-ulcinj.com\/blog\/2014\/02\/12\/adn-eshtrave-te-kthyera-nga-ulqini-perkasin-isa-boletinit\/","name":"ADN-i eshtrave te kthyera nga Ulqini i p\u00ebrkasin Isa Boletinit - Lajme nga Ulqini","isPartOf":{"@id":"https:\/\/www.visit-ulcinj.com\/blog\/#website"},"primaryImageOfPage":{"@id":"https:\/\/www.visit-ulcinj.com\/blog\/2014\/02\/12\/adn-eshtrave-te-kthyera-nga-ulqini-perkasin-isa-boletinit\/#primaryimage"},"datePublished":"2014-02-12T17:48:59+00:00","dateModified":"2014-02-19T18:46:48+00:00","author":{"@id":"https:\/\/www.visit-ulcinj.com\/blog\/#\/schema\/person\/dcab619c614d3038751c63bc2aadc06d"},"description":"ADN\u2019ja ka konfirmuar se eshtrat e kthyera nga Ulqini i p\u00ebrkasin Isa Boletinit dhe bashk\u00ebluft\u00ebtar\u00ebve t\u00eb tij. Familja Boletini thot\u00eb se varrimi i eshtrave","breadcrumb":{"@id":"https:\/\/www.visit-ulcinj.com\/blog\/2014\/02\/12\/adn-eshtrave-te-kthyera-nga-ulqini-perkasin-isa-boletinit\/#breadcrumb"},"inLanguage":"en-US","potentialAction":[{"@type":"ReadAction","target":["https:\/\/www.visit-ulcinj.com\/blog\/2014\/02\/12\/adn-eshtrave-te-kthyera-nga-ulqini-perkasin-isa-boletinit\/"]}]},{"@type":"BreadcrumbList","@id":"https:\/\/www.visit-ulcinj.com\/blog\/2014\/02\/12\/adn-eshtrave-te-kthyera-nga-ulqini-perkasin-isa-boletinit\/#breadcrumb","itemListElement":[{"@type":"ListItem","position":1,"name":"ADN-i eshtrave te kthyera nga Ulqini i p\u00ebrkasin Isa Boletinit"}]},{"@type":"Person","@id":"https:\/\/www.visit-ulcinj.com\/blog\/#\/schema\/person\/dcab619c614d3038751c63bc2aadc06d","name":"ulqini","sameAs":["http:\/\/www.visit-ulcinj.com"],"url":"https:\/\/www.visit-ulcinj.com\/blog\/author\/admin\/"}]}},"jetpack_featured_media_url":"","jetpack_sharing_enabled":true,"jetpack_shortlink":"https:\/\/wp.me\/pe6lTn-kHn","_links":{"self":[{"href":"https:\/\/www.visit-ulcinj.com\/blog\/wp-json\/wp\/v2\/posts\/79569"}],"collection":[{"href":"https:\/\/www.visit-ulcinj.com\/blog\/wp-json\/wp\/v2\/posts"}],"about":[{"href":"https:\/\/www.visit-ulcinj.com\/blog\/wp-json\/wp\/v2\/types\/post"}],"author":[{"embeddable":true,"href":"https:\/\/www.visit-ulcinj.com\/blog\/wp-json\/wp\/v2\/users\/1"}],"replies":[{"embeddable":true,"href":"https:\/\/www.visit-ulcinj.com\/blog\/wp-json\/wp\/v2\/comments?post=79569"}],"version-history":[{"count":3,"href":"https:\/\/www.visit-ulcinj.com\/blog\/wp-json\/wp\/v2\/posts\/79569\/revisions"}],"predecessor-version":[{"id":79613,"href":"https:\/\/www.visit-ulcinj.com\/blog\/wp-json\/wp\/v2\/posts\/79569\/revisions\/79613"}],"wp:attachment":[{"href":"https:\/\/www.visit-ulcinj.com\/blog\/wp-json\/wp\/v2\/media?parent=79569"}],"wp:term":[{"taxonomy":"category","embeddable":true,"href":"https:\/\/www.visit-ulcinj.com\/blog\/wp-json\/wp\/v2\/categories?post=79569"},{"taxonomy":"post_tag","embeddable":true,"href":"https:\/\/www.visit-ulcinj.com\/blog\/wp-json\/wp\/v2\/tags?post=79569"}],"curies":[{"name":"wp","href":"https:\/\/api.w.org\/{rel}","templated":true}]}}