{"id":79584,"date":"2014-02-13T18:11:45","date_gmt":"2014-02-13T17:11:45","guid":{"rendered":"http:\/\/www.visit-ulcinj.com\/blog\/?p=79584"},"modified":"2014-02-13T18:11:45","modified_gmt":"2014-02-13T17:11:45","slug":"sot-kf-prishtina-ne-ulqin-video","status":"publish","type":"post","link":"https:\/\/www.visit-ulcinj.com\/blog\/2014\/02\/13\/sot-kf-prishtina-ne-ulqin-video\/","title":{"rendered":"Sot  KF Prishtina n\u00eb Ulqin &#8211; Video"},"content":{"rendered":"<p><a href=\"http:\/\/www.visit-ulcinj.com\/blog\/wp-content\/uploads\/2014\/02\/KF-PRISHTINA-NE-ULQIN.jpg\"><img loading=\"lazy\" class=\"alignleft  wp-image-79585\" alt=\"KF PRISHTINA NE ULQIN\" src=\"http:\/\/www.visit-ulcinj.com\/blog\/wp-content\/uploads\/2014\/02\/KF-PRISHTINA-NE-ULQIN.jpg\" width=\"508\" height=\"360\" \/><\/a>Sot n\u00eb m\u00ebngjes ekspedita e FC Prishtin\u00ebs, e p\u00ebrb\u00ebr\u00eb nga 30 persona, udh\u00ebton p\u00ebr n\u00eb Ulqin ku do ta kryej\u00eb faz\u00ebn e dyt\u00eb t\u00eb p\u00ebrgatitjeve p\u00ebr garat pranverore n\u00eb Superlig\u00ebn e Kosov\u00ebs. Faza e par\u00eb n\u00eb t\u00eb cil\u00ebn \u00ebsht\u00eb punuar n\u00eb q\u00ebndrueshm\u00ebrin\u00eb fizike tashm\u00eb ka p\u00ebrfunduar dhe skuadra nuk ka pasur telashe.<\/p>\n<p>\u201cN\u00eb Ulqin do t\u00eb punohet m\u00eb shum\u00eb n\u00eb aspektin tekniko-taktik si dhe do t\u2019i zhvillojm\u00eb disa ndeshje kontrolluese pas t\u00eb cilave do t\u00eb dihet edhe p\u00ebrb\u00ebrja e skuadr\u00ebs\u201d, tha kryetrajneri Afrim Tov\u00ebrlani. I vetmi futbollist, i cili nuk do t\u00eb udh\u00ebtoj\u00eb p\u00ebr n\u00eb Ulqin \u00ebsht\u00eb i riu Q\u00ebndrim Jahaj, i cili ka l\u00ebnduar ligamentet. Kjo e ka brengosur mjaft Tov\u00ebrlanin, i cili thot\u00eb se: \u201cka qen\u00eb shum\u00eb af\u00ebr p\u00ebrb\u00ebrjes s\u00eb par\u00eb dhe sinqerisht m\u00eb \u00ebsht\u00eb dhimbsur shum\u00eb\u201d.<\/p>\n<p>Prishtina n\u00eb Ulqin do t\u00eb q\u00ebndroj\u00eb 12 apo 14 dit\u00eb, var\u00ebsisht nga moti q\u00eb do t\u00eb marr\u00eb, kurse sa u p\u00ebrket rival\u00ebve n\u00eb ndeshjet kontrolluese ato do t\u00eb jen\u00eb skuadra t\u00eb ndryshme q\u00eb p\u00ebr momentin jan\u00eb n\u00eb p\u00ebrgatitje n\u00eb Ulqin, nd\u00ebrkoh\u00eb q\u00eb nga skuadrat kosovare \u00ebsht\u00eb e sigurt se edhe Ferronikeli do t\u00eb p\u00ebrgatitet n\u00eb k\u00ebt\u00eb vend, por ka gjasa q\u00eb k\u00ebt\u00eb ta b\u00ebj\u00eb edhe Hysi.<\/p>\n<p>Futbollist\u00ebt q\u00eb do t\u00eb udh\u00ebtojn\u00eb p\u00ebr n\u00eb Ulqin jan\u00eb: Kushtrim Mushica, Alban Mu\u00e7iqi, Bledar Hajdini, Armend Thaqi, Viktor Kuka, Liridon Kukaj, Adnan Haxhaj, Akil Makolli, Liridon Leci, Drilon Berisha, Isuf Llumnica, Berat Ahmeti, Azem Ahmeti, Driton Krasniqi, Argjend Malaj, Gentrit Begolli, Granit Begolli, Agron Gashi, Lorik Aliu, Shend Kelmendi, Liridon Latifi, Shk\u00ebmbim Salihu, Labinot Shabani dhe Kastriot Rexha.<\/p>\n<p><i>Baki Berisha<\/i><\/p>\n<p>Z\u00ebri<\/p>\n<!--YouTube Error: bad URL entered-->\n","protected":false},"excerpt":{"rendered":"<p>Sot n\u00eb m\u00ebngjes ekspedita e FC Prishtin\u00ebs, e p\u00ebrb\u00ebr\u00eb nga 30 persona, udh\u00ebton p\u00ebr n\u00eb Ulqin ku do ta kryej\u00eb faz\u00ebn e dyt\u00eb t\u00eb p\u00ebrgatitjeve p\u00ebr garat pranverore n\u00eb Superlig\u00ebn e Kosov\u00ebs. Faza e par\u00eb n\u00eb t\u00eb cil\u00ebn \u00ebsht\u00eb punuar n\u00eb q\u00ebndrueshm\u00ebrin\u00eb fizike tashm\u00eb ka p\u00ebrfunduar dhe skuadra nuk ka pasur telashe. \u201cN\u00eb Ulqin do [&hellip;]<\/p>\n","protected":false},"author":1,"featured_media":0,"comment_status":"closed","ping_status":"closed","sticky":false,"template":"","format":"standard","meta":{"spay_email":"","jetpack_publicize_message":"","jetpack_is_tweetstorm":false,"jetpack_publicize_feature_enabled":true},"categories":[3],"tags":[],"jetpack_publicize_connections":[],"yoast_head":"<!-- This site is optimized with the Yoast SEO plugin v19.1 - https:\/\/yoast.com\/wordpress\/plugins\/seo\/ -->\n<title>Sot KF Prishtina n\u00eb Ulqin - Video - Lajme nga Ulqini<\/title>\n<meta name=\"description\" content=\"Sot n\u00eb m\u00ebngjes ekspedita e FC Prishtin\u00ebs, e p\u00ebrb\u00ebr\u00eb nga 30 persona, udh\u00ebton p\u00ebr n\u00eb Ulqin ku do ta kryej\u00eb faz\u00ebn e dyt\u00eb t\u00eb p\u00ebrgatitjeve p\u00ebr garat pranverore\" \/>\n<meta name=\"robots\" content=\"index, follow, max-snippet:-1, max-image-preview:large, max-video-preview:-1\" \/>\n<link rel=\"canonical\" href=\"https:\/\/www.visit-ulcinj.com\/blog\/2014\/02\/13\/sot-kf-prishtina-ne-ulqin-video\/\" \/>\n<meta property=\"og:locale\" content=\"en_US\" \/>\n<meta property=\"og:type\" content=\"article\" \/>\n<meta property=\"og:title\" content=\"Sot KF Prishtina n\u00eb Ulqin - Video - Lajme nga Ulqini\" \/>\n<meta property=\"og:description\" content=\"Sot n\u00eb m\u00ebngjes ekspedita e FC Prishtin\u00ebs, e p\u00ebrb\u00ebr\u00eb nga 30 persona, udh\u00ebton p\u00ebr n\u00eb Ulqin ku do ta kryej\u00eb faz\u00ebn e dyt\u00eb t\u00eb p\u00ebrgatitjeve p\u00ebr garat pranverore\" \/>\n<meta property=\"og:url\" content=\"https:\/\/www.visit-ulcinj.com\/blog\/2014\/02\/13\/sot-kf-prishtina-ne-ulqin-video\/\" \/>\n<meta property=\"og:site_name\" content=\"Lajme nga Ulqini\" \/>\n<meta property=\"article:published_time\" content=\"2014-02-13T17:11:45+00:00\" \/>\n<meta property=\"og:image\" content=\"http:\/\/www.visit-ulcinj.com\/blog\/wp-content\/uploads\/2014\/02\/KF-PRISHTINA-NE-ULQIN.jpg\" \/>\n<meta name=\"twitter:label1\" content=\"Written by\" \/>\n\t<meta name=\"twitter:data1\" content=\"ulqini\" \/>\n\t<meta name=\"twitter:label2\" content=\"Est. reading time\" \/>\n\t<meta name=\"twitter:data2\" content=\"2 minutes\" \/>\n<script type=\"application\/ld+json\" class=\"yoast-schema-graph\">{\"@context\":\"https:\/\/schema.org\",\"@graph\":[{\"@type\":\"WebSite\",\"@id\":\"https:\/\/www.visit-ulcinj.com\/blog\/#website\",\"url\":\"https:\/\/www.visit-ulcinj.com\/blog\/\",\"name\":\"Lajme nga Ulqini\",\"description\":\"Lajme,Vijesti,Ulqini,Ulqin,Crna Gora,Mali i Zi\",\"potentialAction\":[{\"@type\":\"SearchAction\",\"target\":{\"@type\":\"EntryPoint\",\"urlTemplate\":\"https:\/\/www.visit-ulcinj.com\/blog\/?s={search_term_string}\"},\"query-input\":\"required name=search_term_string\"}],\"inLanguage\":\"en-US\"},{\"@type\":\"ImageObject\",\"inLanguage\":\"en-US\",\"@id\":\"https:\/\/www.visit-ulcinj.com\/blog\/2014\/02\/13\/sot-kf-prishtina-ne-ulqin-video\/#primaryimage\",\"url\":\"https:\/\/www.visit-ulcinj.com\/blog\/wp-content\/uploads\/2014\/02\/KF-PRISHTINA-NE-ULQIN.jpg\",\"contentUrl\":\"https:\/\/www.visit-ulcinj.com\/blog\/wp-content\/uploads\/2014\/02\/KF-PRISHTINA-NE-ULQIN.jpg\",\"width\":596,\"height\":395},{\"@type\":\"WebPage\",\"@id\":\"https:\/\/www.visit-ulcinj.com\/blog\/2014\/02\/13\/sot-kf-prishtina-ne-ulqin-video\/#webpage\",\"url\":\"https:\/\/www.visit-ulcinj.com\/blog\/2014\/02\/13\/sot-kf-prishtina-ne-ulqin-video\/\",\"name\":\"Sot KF Prishtina n\u00eb Ulqin - Video - Lajme nga Ulqini\",\"isPartOf\":{\"@id\":\"https:\/\/www.visit-ulcinj.com\/blog\/#website\"},\"primaryImageOfPage\":{\"@id\":\"https:\/\/www.visit-ulcinj.com\/blog\/2014\/02\/13\/sot-kf-prishtina-ne-ulqin-video\/#primaryimage\"},\"datePublished\":\"2014-02-13T17:11:45+00:00\",\"dateModified\":\"2014-02-13T17:11:45+00:00\",\"author\":{\"@id\":\"https:\/\/www.visit-ulcinj.com\/blog\/#\/schema\/person\/dcab619c614d3038751c63bc2aadc06d\"},\"description\":\"Sot n\u00eb m\u00ebngjes ekspedita e FC Prishtin\u00ebs, e p\u00ebrb\u00ebr\u00eb nga 30 persona, udh\u00ebton p\u00ebr n\u00eb Ulqin ku do ta kryej\u00eb faz\u00ebn e dyt\u00eb t\u00eb p\u00ebrgatitjeve p\u00ebr garat pranverore\",\"breadcrumb\":{\"@id\":\"https:\/\/www.visit-ulcinj.com\/blog\/2014\/02\/13\/sot-kf-prishtina-ne-ulqin-video\/#breadcrumb\"},\"inLanguage\":\"en-US\",\"potentialAction\":[{\"@type\":\"ReadAction\",\"target\":[\"https:\/\/www.visit-ulcinj.com\/blog\/2014\/02\/13\/sot-kf-prishtina-ne-ulqin-video\/\"]}]},{\"@type\":\"BreadcrumbList\",\"@id\":\"https:\/\/www.visit-ulcinj.com\/blog\/2014\/02\/13\/sot-kf-prishtina-ne-ulqin-video\/#breadcrumb\",\"itemListElement\":[{\"@type\":\"ListItem\",\"position\":1,\"name\":\"Sot KF Prishtina n\u00eb Ulqin &#8211; Video\"}]},{\"@type\":\"Person\",\"@id\":\"https:\/\/www.visit-ulcinj.com\/blog\/#\/schema\/person\/dcab619c614d3038751c63bc2aadc06d\",\"name\":\"ulqini\",\"sameAs\":[\"http:\/\/www.visit-ulcinj.com\"],\"url\":\"https:\/\/www.visit-ulcinj.com\/blog\/author\/admin\/\"}]}<\/script>\n<!-- \/ Yoast SEO plugin. -->","yoast_head_json":{"title":"Sot KF Prishtina n\u00eb Ulqin - Video - Lajme nga Ulqini","description":"Sot n\u00eb m\u00ebngjes ekspedita e FC Prishtin\u00ebs, e p\u00ebrb\u00ebr\u00eb nga 30 persona, udh\u00ebton p\u00ebr n\u00eb Ulqin ku do ta kryej\u00eb faz\u00ebn e dyt\u00eb t\u00eb p\u00ebrgatitjeve p\u00ebr garat pranverore","robots":{"index":"index","follow":"follow","max-snippet":"max-snippet:-1","max-image-preview":"max-image-preview:large","max-video-preview":"max-video-preview:-1"},"canonical":"https:\/\/www.visit-ulcinj.com\/blog\/2014\/02\/13\/sot-kf-prishtina-ne-ulqin-video\/","og_locale":"en_US","og_type":"article","og_title":"Sot KF Prishtina n\u00eb Ulqin - Video - Lajme nga Ulqini","og_description":"Sot n\u00eb m\u00ebngjes ekspedita e FC Prishtin\u00ebs, e p\u00ebrb\u00ebr\u00eb nga 30 persona, udh\u00ebton p\u00ebr n\u00eb Ulqin ku do ta kryej\u00eb faz\u00ebn e dyt\u00eb t\u00eb p\u00ebrgatitjeve p\u00ebr garat pranverore","og_url":"https:\/\/www.visit-ulcinj.com\/blog\/2014\/02\/13\/sot-kf-prishtina-ne-ulqin-video\/","og_site_name":"Lajme nga Ulqini","article_published_time":"2014-02-13T17:11:45+00:00","og_image":[{"url":"http:\/\/www.visit-ulcinj.com\/blog\/wp-content\/uploads\/2014\/02\/KF-PRISHTINA-NE-ULQIN.jpg"}],"twitter_misc":{"Written by":"ulqini","Est. reading time":"2 minutes"},"schema":{"@context":"https:\/\/schema.org","@graph":[{"@type":"WebSite","@id":"https:\/\/www.visit-ulcinj.com\/blog\/#website","url":"https:\/\/www.visit-ulcinj.com\/blog\/","name":"Lajme nga Ulqini","description":"Lajme,Vijesti,Ulqini,Ulqin,Crna Gora,Mali i Zi","potentialAction":[{"@type":"SearchAction","target":{"@type":"EntryPoint","urlTemplate":"https:\/\/www.visit-ulcinj.com\/blog\/?s={search_term_string}"},"query-input":"required name=search_term_string"}],"inLanguage":"en-US"},{"@type":"ImageObject","inLanguage":"en-US","@id":"https:\/\/www.visit-ulcinj.com\/blog\/2014\/02\/13\/sot-kf-prishtina-ne-ulqin-video\/#primaryimage","url":"https:\/\/www.visit-ulcinj.com\/blog\/wp-content\/uploads\/2014\/02\/KF-PRISHTINA-NE-ULQIN.jpg","contentUrl":"https:\/\/www.visit-ulcinj.com\/blog\/wp-content\/uploads\/2014\/02\/KF-PRISHTINA-NE-ULQIN.jpg","width":596,"height":395},{"@type":"WebPage","@id":"https:\/\/www.visit-ulcinj.com\/blog\/2014\/02\/13\/sot-kf-prishtina-ne-ulqin-video\/#webpage","url":"https:\/\/www.visit-ulcinj.com\/blog\/2014\/02\/13\/sot-kf-prishtina-ne-ulqin-video\/","name":"Sot KF Prishtina n\u00eb Ulqin - Video - Lajme nga Ulqini","isPartOf":{"@id":"https:\/\/www.visit-ulcinj.com\/blog\/#website"},"primaryImageOfPage":{"@id":"https:\/\/www.visit-ulcinj.com\/blog\/2014\/02\/13\/sot-kf-prishtina-ne-ulqin-video\/#primaryimage"},"datePublished":"2014-02-13T17:11:45+00:00","dateModified":"2014-02-13T17:11:45+00:00","author":{"@id":"https:\/\/www.visit-ulcinj.com\/blog\/#\/schema\/person\/dcab619c614d3038751c63bc2aadc06d"},"description":"Sot n\u00eb m\u00ebngjes ekspedita e FC Prishtin\u00ebs, e p\u00ebrb\u00ebr\u00eb nga 30 persona, udh\u00ebton p\u00ebr n\u00eb Ulqin ku do ta kryej\u00eb faz\u00ebn e dyt\u00eb t\u00eb p\u00ebrgatitjeve p\u00ebr garat pranverore","breadcrumb":{"@id":"https:\/\/www.visit-ulcinj.com\/blog\/2014\/02\/13\/sot-kf-prishtina-ne-ulqin-video\/#breadcrumb"},"inLanguage":"en-US","potentialAction":[{"@type":"ReadAction","target":["https:\/\/www.visit-ulcinj.com\/blog\/2014\/02\/13\/sot-kf-prishtina-ne-ulqin-video\/"]}]},{"@type":"BreadcrumbList","@id":"https:\/\/www.visit-ulcinj.com\/blog\/2014\/02\/13\/sot-kf-prishtina-ne-ulqin-video\/#breadcrumb","itemListElement":[{"@type":"ListItem","position":1,"name":"Sot KF Prishtina n\u00eb Ulqin &#8211; Video"}]},{"@type":"Person","@id":"https:\/\/www.visit-ulcinj.com\/blog\/#\/schema\/person\/dcab619c614d3038751c63bc2aadc06d","name":"ulqini","sameAs":["http:\/\/www.visit-ulcinj.com"],"url":"https:\/\/www.visit-ulcinj.com\/blog\/author\/admin\/"}]}},"jetpack_featured_media_url":"","jetpack_sharing_enabled":true,"jetpack_shortlink":"https:\/\/wp.me\/pe6lTn-kHC","_links":{"self":[{"href":"https:\/\/www.visit-ulcinj.com\/blog\/wp-json\/wp\/v2\/posts\/79584"}],"collection":[{"href":"https:\/\/www.visit-ulcinj.com\/blog\/wp-json\/wp\/v2\/posts"}],"about":[{"href":"https:\/\/www.visit-ulcinj.com\/blog\/wp-json\/wp\/v2\/types\/post"}],"author":[{"embeddable":true,"href":"https:\/\/www.visit-ulcinj.com\/blog\/wp-json\/wp\/v2\/users\/1"}],"replies":[{"embeddable":true,"href":"https:\/\/www.visit-ulcinj.com\/blog\/wp-json\/wp\/v2\/comments?post=79584"}],"version-history":[{"count":1,"href":"https:\/\/www.visit-ulcinj.com\/blog\/wp-json\/wp\/v2\/posts\/79584\/revisions"}],"predecessor-version":[{"id":79586,"href":"https:\/\/www.visit-ulcinj.com\/blog\/wp-json\/wp\/v2\/posts\/79584\/revisions\/79586"}],"wp:attachment":[{"href":"https:\/\/www.visit-ulcinj.com\/blog\/wp-json\/wp\/v2\/media?parent=79584"}],"wp:term":[{"taxonomy":"category","embeddable":true,"href":"https:\/\/www.visit-ulcinj.com\/blog\/wp-json\/wp\/v2\/categories?post=79584"},{"taxonomy":"post_tag","embeddable":true,"href":"https:\/\/www.visit-ulcinj.com\/blog\/wp-json\/wp\/v2\/tags?post=79584"}],"curies":[{"name":"wp","href":"https:\/\/api.w.org\/{rel}","templated":true}]}}