{"id":79592,"date":"2014-02-13T18:43:47","date_gmt":"2014-02-13T17:43:47","guid":{"rendered":"http:\/\/www.visit-ulcinj.com\/blog\/?p=79592"},"modified":"2014-02-13T18:44:19","modified_gmt":"2014-02-13T17:44:19","slug":"otvorena-izlozba-marubi-u-varsavi-foto","status":"publish","type":"post","link":"https:\/\/www.visit-ulcinj.com\/blog\/2014\/02\/13\/otvorena-izlozba-marubi-u-varsavi-foto\/","title":{"rendered":"Otvorena izlo\u017eba Marubi u Var\u0161avi + Foto"},"content":{"rendered":"<p><a href=\"http:\/\/www.visit-ulcinj.com\/blog\/wp-content\/uploads\/2014\/02\/izlozba-Marubi-u-Varsavi-Polska.jpg\"><img loading=\"lazy\" class=\"alignleft  wp-image-79593\" alt=\"izlozba Marubi u Varsavi - Polska\" src=\"http:\/\/www.visit-ulcinj.com\/blog\/wp-content\/uploads\/2014\/02\/izlozba-Marubi-u-Varsavi-Polska.jpg\" width=\"508\" height=\"360\" \/><\/a>U organizaciji Ambasade Crne Gore u Var\u0161avi, Op\u0161tine Ulcinj i Muzeja Var\u0161avskog Univerziteta otvorena je izlo\u017eba Marubi &#8221; Ogledalo na\u0161e tradicije, ogledalo nas&#8221;( \u201eReflecting Our Traditions, Reflecting Ourselves\u201d).<\/p>\n<p>Rije\u010d je o projektu koji predstavlja model prekograni\u010dne saradnje za promociju turizma izme\u0111u op\u0161tina Ulcinj i Skadar u Albaniji, a finansiran je u okviru Drugog poziva u programu prekograni\u010dne saradnje Albanija \u2013 Crna Gora.<br \/>\n<a href=\"http:\/\/www.visit-ulcinj.com\/blog\/wp-content\/uploads\/2014\/02\/izlozba-Marubi-u-Varsavi-Polska-4.jpg\"><img loading=\"lazy\" class=\"alignleft  wp-image-79594\" alt=\"izlozba Marubi u Varsavi - Polska-4\" src=\"http:\/\/www.visit-ulcinj.com\/blog\/wp-content\/uploads\/2014\/02\/izlozba-Marubi-u-Varsavi-Polska-4.jpg\" width=\"508\" height=\"360\" \/><\/a><br \/>\nNa otvaranju izlo\u017ebe su govorili ambasador Ramiz Ba\u0161i\u0107, biv\u0161i rektor Var\u0161avskog Univerziteta Pjotr Vengleski i ispred Op\u0161tine Ulcinj koordinator za me\u0111unarodnu saradnju Arslan Hajdinaga. Ambasador Ba\u0161i\u0107 je ukazao na vi\u0161estruki zna\u010daj i cilj ovog me\u0111ugrani\u010dnog programa saradnje i zadovoljstvo da auditorijum u Var\u0161avi ima jedinstvenu priliku da se, putem predstavljanja etnografskih motiva, upozna sa vrijednostima kulturnih dobara i prirodnih potencijala na\u0161eg Regiona, posebno prezentovanjem umjetni\u010dke riznice ove brojne kolekcije fotografija porodice Marubi. Vengleski je pozdravio dugogodi\u0161nju kvalitetnu saradnju poljskih i na\u0161ih institucija i podvukao da \u0107e predstavljanje ove kulturne ba\u0161tine dodatno obogatiti kontakte i saradnju na tom planu. Hajdinaga je posjetioce upoznao sa hronologijom osnivanja Fototeke i detaljima samog projekta i, u ime Op\u0161tine Ulcinj, pozvao sve prisutne da posjete na\u0161u zemlju i upoznaju se sa \u010darima i bogatom kulturom i istorijom Ulcinja i regiona.<\/p>\n<p>Me\u0111u zvanicama su bili predstavnici diplomatskog kora, zatim brojnih kulturnih i obrazovnih institucija u Poljskoj, Var\u0161avskog Univerziteta, poljski studenti sa katedre za slavistiku, na\u0161i studenti u Poljskoj, te predstavnici na\u0161e dijaspore i medija. Izlo\u017eba \u0107e biti otvorena u periodu 12-14. februara na Var\u0161avskom Univerzitetu i zainteresovani \u0107e imati priliku da se upoznaju sa njenim kulturnim i istorijskim karakterom i jedinstvenim prikazom no\u0161nji iz Crne Gore i Albanije iz perioda 19. i po\u010detka 20. vijeka.<\/p>\n<p><strong>Izvor: Vlada.me<\/strong><\/p>\n\n\t\t<style type=\"text\/css\">\n\t\t\t#gallery-1 {\n\t\t\t\tmargin: auto;\n\t\t\t}\n\t\t\t#gallery-1 .gallery-item {\n\t\t\t\tfloat: left;\n\t\t\t\tmargin-top: 10px;\n\t\t\t\ttext-align: center;\n\t\t\t\twidth: 33%;\n\t\t\t}\n\t\t\t#gallery-1 img {\n\t\t\t\tborder: 2px solid #cfcfcf;\n\t\t\t}\n\t\t\t#gallery-1 .gallery-caption {\n\t\t\t\tmargin-left: 0;\n\t\t\t}\n\t\t\t\/* see gallery_shortcode() in wp-includes\/media.php *\/\n\t\t<\/style>\n\t\t<div id='gallery-1' class='gallery galleryid-79592 gallery-columns-3 gallery-size-thumbnail'><dl class='gallery-item'>\n\t\t\t<dt class='gallery-icon landscape'>\n\t\t\t\t<a href='https:\/\/www.visit-ulcinj.com\/blog\/2014\/02\/13\/otvorena-izlozba-marubi-u-varsavi-foto\/izlozba-marubi-u-varsavi-polska-1\/'><img width=\"150\" height=\"150\" src=\"https:\/\/www.visit-ulcinj.com\/blog\/wp-content\/uploads\/2014\/02\/izlozba-Marubi-u-Varsavi-Polska-1-150x150.jpg\" class=\"attachment-thumbnail size-thumbnail\" alt=\"\" loading=\"lazy\" \/><\/a>\n\t\t\t<\/dt><\/dl><dl class='gallery-item'>\n\t\t\t<dt class='gallery-icon landscape'>\n\t\t\t\t<a href='https:\/\/www.visit-ulcinj.com\/blog\/2014\/02\/13\/otvorena-izlozba-marubi-u-varsavi-foto\/izlozba-marubi-u-varsavi-polska-2\/'><img width=\"150\" height=\"150\" src=\"https:\/\/www.visit-ulcinj.com\/blog\/wp-content\/uploads\/2014\/02\/izlozba-Marubi-u-Varsavi-Polska-2-150x150.jpg\" class=\"attachment-thumbnail size-thumbnail\" alt=\"\" loading=\"lazy\" \/><\/a>\n\t\t\t<\/dt><\/dl><dl class='gallery-item'>\n\t\t\t<dt class='gallery-icon landscape'>\n\t\t\t\t<a href='https:\/\/www.visit-ulcinj.com\/blog\/2014\/02\/13\/otvorena-izlozba-marubi-u-varsavi-foto\/izlozba-marubi-u-varsavi-polska-3\/'><img width=\"150\" height=\"150\" src=\"https:\/\/www.visit-ulcinj.com\/blog\/wp-content\/uploads\/2014\/02\/izlozba-Marubi-u-Varsavi-Polska-3-150x150.jpg\" class=\"attachment-thumbnail size-thumbnail\" alt=\"\" loading=\"lazy\" \/><\/a>\n\t\t\t<\/dt><\/dl><br style=\"clear: both\" \/><dl class='gallery-item'>\n\t\t\t<dt class='gallery-icon landscape'>\n\t\t\t\t<a href='https:\/\/www.visit-ulcinj.com\/blog\/2014\/02\/13\/otvorena-izlozba-marubi-u-varsavi-foto\/izlozba-marubi-u-varsavi-polska-5\/'><img width=\"150\" height=\"150\" src=\"https:\/\/www.visit-ulcinj.com\/blog\/wp-content\/uploads\/2014\/02\/izlozba-Marubi-u-Varsavi-Polska-5-150x150.jpg\" class=\"attachment-thumbnail size-thumbnail\" alt=\"\" loading=\"lazy\" \/><\/a>\n\t\t\t<\/dt><\/dl><dl class='gallery-item'>\n\t\t\t<dt class='gallery-icon portrait'>\n\t\t\t\t<a href='https:\/\/www.visit-ulcinj.com\/blog\/2014\/02\/13\/otvorena-izlozba-marubi-u-varsavi-foto\/izlozba-marubi-u-varsavi-polska-6\/'><img width=\"150\" height=\"150\" src=\"https:\/\/www.visit-ulcinj.com\/blog\/wp-content\/uploads\/2014\/02\/izlozba-Marubi-u-Varsavi-Polska-6-150x150.jpg\" class=\"attachment-thumbnail size-thumbnail\" alt=\"\" loading=\"lazy\" \/><\/a>\n\t\t\t<\/dt><\/dl><dl class='gallery-item'>\n\t\t\t<dt class='gallery-icon landscape'>\n\t\t\t\t<a href='https:\/\/www.visit-ulcinj.com\/blog\/2014\/02\/13\/otvorena-izlozba-marubi-u-varsavi-foto\/izlozba-marubi-u-varsavi-polska-7\/'><img width=\"150\" height=\"150\" src=\"https:\/\/www.visit-ulcinj.com\/blog\/wp-content\/uploads\/2014\/02\/izlozba-Marubi-u-Varsavi-Polska-7-150x150.jpg\" class=\"attachment-thumbnail size-thumbnail\" alt=\"\" loading=\"lazy\" \/><\/a>\n\t\t\t<\/dt><\/dl><br style=\"clear: both\" \/><dl class='gallery-item'>\n\t\t\t<dt class='gallery-icon landscape'>\n\t\t\t\t<a href='https:\/\/www.visit-ulcinj.com\/blog\/2014\/02\/13\/otvorena-izlozba-marubi-u-varsavi-foto\/izlozba-marubi-u-varsavi-polska-8\/'><img width=\"150\" height=\"150\" src=\"https:\/\/www.visit-ulcinj.com\/blog\/wp-content\/uploads\/2014\/02\/izlozba-Marubi-u-Varsavi-Polska-8-150x150.jpg\" class=\"attachment-thumbnail size-thumbnail\" alt=\"\" loading=\"lazy\" \/><\/a>\n\t\t\t<\/dt><\/dl><dl class='gallery-item'>\n\t\t\t<dt class='gallery-icon landscape'>\n\t\t\t\t<a href='https:\/\/www.visit-ulcinj.com\/blog\/2014\/02\/13\/otvorena-izlozba-marubi-u-varsavi-foto\/izlozba-marubi-u-varsavi-polska-9\/'><img width=\"150\" height=\"150\" src=\"https:\/\/www.visit-ulcinj.com\/blog\/wp-content\/uploads\/2014\/02\/izlozba-Marubi-u-Varsavi-Polska-9-150x150.jpg\" class=\"attachment-thumbnail size-thumbnail\" alt=\"\" loading=\"lazy\" \/><\/a>\n\t\t\t<\/dt><\/dl><dl class='gallery-item'>\n\t\t\t<dt class='gallery-icon landscape'>\n\t\t\t\t<a href='https:\/\/www.visit-ulcinj.com\/blog\/2014\/02\/13\/otvorena-izlozba-marubi-u-varsavi-foto\/izlozba-marubi-u-varsavi-polska-10\/'><img width=\"150\" height=\"150\" src=\"https:\/\/www.visit-ulcinj.com\/blog\/wp-content\/uploads\/2014\/02\/izlozba-Marubi-u-Varsavi-Polska-10-150x150.jpg\" class=\"attachment-thumbnail size-thumbnail\" alt=\"\" loading=\"lazy\" \/><\/a>\n\t\t\t<\/dt><\/dl><br style=\"clear: both\" \/>\n\t\t<\/div>\n\n","protected":false},"excerpt":{"rendered":"<p>U organizaciji Ambasade Crne Gore u Var\u0161avi, Op\u0161tine Ulcinj i Muzeja Var\u0161avskog Univerziteta otvorena je izlo\u017eba Marubi &#8221; Ogledalo na\u0161e tradicije, ogledalo nas&#8221;( \u201eReflecting Our Traditions, Reflecting Ourselves\u201d). Rije\u010d je o projektu koji predstavlja model prekograni\u010dne saradnje za promociju turizma izme\u0111u op\u0161tina Ulcinj i Skadar u Albaniji, a finansiran je u okviru Drugog poziva u [&hellip;]<\/p>\n","protected":false},"author":1,"featured_media":0,"comment_status":"closed","ping_status":"closed","sticky":false,"template":"","format":"standard","meta":{"spay_email":"","jetpack_publicize_message":"","jetpack_is_tweetstorm":false,"jetpack_publicize_feature_enabled":true},"categories":[6950],"tags":[],"jetpack_publicize_connections":[],"yoast_head":"<!-- This site is optimized with the Yoast SEO plugin v19.1 - https:\/\/yoast.com\/wordpress\/plugins\/seo\/ -->\n<title>Otvorena izlo\u017eba Marubi u Var\u0161avi + Foto - Lajme nga Ulqini<\/title>\n<meta name=\"description\" content=\"U organizaciji Ambasade Crne Gore u Var\u0161avi, Op\u0161tine Ulcinj i Muzeja Var\u0161avskog Univerziteta otvorena je izlo\u017eba Marubi &quot; Ogledalo na\u0161e tradicije,\" \/>\n<meta name=\"robots\" content=\"index, follow, max-snippet:-1, max-image-preview:large, max-video-preview:-1\" \/>\n<link rel=\"canonical\" href=\"https:\/\/www.visit-ulcinj.com\/blog\/2014\/02\/13\/otvorena-izlozba-marubi-u-varsavi-foto\/\" \/>\n<meta property=\"og:locale\" content=\"en_US\" \/>\n<meta property=\"og:type\" content=\"article\" \/>\n<meta property=\"og:title\" content=\"Otvorena izlo\u017eba Marubi u Var\u0161avi + Foto - Lajme nga Ulqini\" \/>\n<meta property=\"og:description\" content=\"U organizaciji Ambasade Crne Gore u Var\u0161avi, Op\u0161tine Ulcinj i Muzeja Var\u0161avskog Univerziteta otvorena je izlo\u017eba Marubi &quot; Ogledalo na\u0161e tradicije,\" \/>\n<meta property=\"og:url\" content=\"https:\/\/www.visit-ulcinj.com\/blog\/2014\/02\/13\/otvorena-izlozba-marubi-u-varsavi-foto\/\" \/>\n<meta property=\"og:site_name\" content=\"Lajme nga Ulqini\" \/>\n<meta property=\"article:published_time\" content=\"2014-02-13T17:43:47+00:00\" \/>\n<meta property=\"article:modified_time\" content=\"2014-02-13T17:44:19+00:00\" \/>\n<meta property=\"og:image\" content=\"https:\/\/www.visit-ulcinj.com\/blog\/wp-content\/uploads\/2014\/02\/izlozba-Marubi-u-Varsavi-Polska-1-150x150.jpg\" \/>\n<meta name=\"twitter:label1\" content=\"Written by\" \/>\n\t<meta name=\"twitter:data1\" content=\"ulqini\" \/>\n\t<meta name=\"twitter:label2\" content=\"Est. reading time\" \/>\n\t<meta name=\"twitter:data2\" content=\"2 minutes\" \/>\n<script type=\"application\/ld+json\" class=\"yoast-schema-graph\">{\"@context\":\"https:\/\/schema.org\",\"@graph\":[{\"@type\":\"WebSite\",\"@id\":\"https:\/\/www.visit-ulcinj.com\/blog\/#website\",\"url\":\"https:\/\/www.visit-ulcinj.com\/blog\/\",\"name\":\"Lajme nga Ulqini\",\"description\":\"Lajme,Vijesti,Ulqini,Ulqin,Crna Gora,Mali i Zi\",\"potentialAction\":[{\"@type\":\"SearchAction\",\"target\":{\"@type\":\"EntryPoint\",\"urlTemplate\":\"https:\/\/www.visit-ulcinj.com\/blog\/?s={search_term_string}\"},\"query-input\":\"required name=search_term_string\"}],\"inLanguage\":\"en-US\"},{\"@type\":\"ImageObject\",\"inLanguage\":\"en-US\",\"@id\":\"https:\/\/www.visit-ulcinj.com\/blog\/2014\/02\/13\/otvorena-izlozba-marubi-u-varsavi-foto\/#primaryimage\",\"url\":\"https:\/\/www.visit-ulcinj.com\/blog\/wp-content\/uploads\/2014\/02\/izlozba-Marubi-u-Varsavi-Polska.jpg\",\"contentUrl\":\"https:\/\/www.visit-ulcinj.com\/blog\/wp-content\/uploads\/2014\/02\/izlozba-Marubi-u-Varsavi-Polska.jpg\",\"width\":960,\"height\":828},{\"@type\":\"WebPage\",\"@id\":\"https:\/\/www.visit-ulcinj.com\/blog\/2014\/02\/13\/otvorena-izlozba-marubi-u-varsavi-foto\/#webpage\",\"url\":\"https:\/\/www.visit-ulcinj.com\/blog\/2014\/02\/13\/otvorena-izlozba-marubi-u-varsavi-foto\/\",\"name\":\"Otvorena izlo\u017eba Marubi u Var\u0161avi + Foto - Lajme nga Ulqini\",\"isPartOf\":{\"@id\":\"https:\/\/www.visit-ulcinj.com\/blog\/#website\"},\"primaryImageOfPage\":{\"@id\":\"https:\/\/www.visit-ulcinj.com\/blog\/2014\/02\/13\/otvorena-izlozba-marubi-u-varsavi-foto\/#primaryimage\"},\"datePublished\":\"2014-02-13T17:43:47+00:00\",\"dateModified\":\"2014-02-13T17:44:19+00:00\",\"author\":{\"@id\":\"https:\/\/www.visit-ulcinj.com\/blog\/#\/schema\/person\/dcab619c614d3038751c63bc2aadc06d\"},\"description\":\"U organizaciji Ambasade Crne Gore u Var\u0161avi, Op\u0161tine Ulcinj i Muzeja Var\u0161avskog Univerziteta otvorena je izlo\u017eba Marubi \\\" Ogledalo na\u0161e tradicije,\",\"breadcrumb\":{\"@id\":\"https:\/\/www.visit-ulcinj.com\/blog\/2014\/02\/13\/otvorena-izlozba-marubi-u-varsavi-foto\/#breadcrumb\"},\"inLanguage\":\"en-US\",\"potentialAction\":[{\"@type\":\"ReadAction\",\"target\":[\"https:\/\/www.visit-ulcinj.com\/blog\/2014\/02\/13\/otvorena-izlozba-marubi-u-varsavi-foto\/\"]}]},{\"@type\":\"BreadcrumbList\",\"@id\":\"https:\/\/www.visit-ulcinj.com\/blog\/2014\/02\/13\/otvorena-izlozba-marubi-u-varsavi-foto\/#breadcrumb\",\"itemListElement\":[{\"@type\":\"ListItem\",\"position\":1,\"name\":\"Otvorena izlo\u017eba Marubi u Var\u0161avi + Foto\"}]},{\"@type\":\"Person\",\"@id\":\"https:\/\/www.visit-ulcinj.com\/blog\/#\/schema\/person\/dcab619c614d3038751c63bc2aadc06d\",\"name\":\"ulqini\",\"sameAs\":[\"http:\/\/www.visit-ulcinj.com\"],\"url\":\"https:\/\/www.visit-ulcinj.com\/blog\/author\/admin\/\"}]}<\/script>\n<!-- \/ Yoast SEO plugin. -->","yoast_head_json":{"title":"Otvorena izlo\u017eba Marubi u Var\u0161avi + Foto - Lajme nga Ulqini","description":"U organizaciji Ambasade Crne Gore u Var\u0161avi, Op\u0161tine Ulcinj i Muzeja Var\u0161avskog Univerziteta otvorena je izlo\u017eba Marubi \" Ogledalo na\u0161e tradicije,","robots":{"index":"index","follow":"follow","max-snippet":"max-snippet:-1","max-image-preview":"max-image-preview:large","max-video-preview":"max-video-preview:-1"},"canonical":"https:\/\/www.visit-ulcinj.com\/blog\/2014\/02\/13\/otvorena-izlozba-marubi-u-varsavi-foto\/","og_locale":"en_US","og_type":"article","og_title":"Otvorena izlo\u017eba Marubi u Var\u0161avi + Foto - Lajme nga Ulqini","og_description":"U organizaciji Ambasade Crne Gore u Var\u0161avi, Op\u0161tine Ulcinj i Muzeja Var\u0161avskog Univerziteta otvorena je izlo\u017eba Marubi \" Ogledalo na\u0161e tradicije,","og_url":"https:\/\/www.visit-ulcinj.com\/blog\/2014\/02\/13\/otvorena-izlozba-marubi-u-varsavi-foto\/","og_site_name":"Lajme nga Ulqini","article_published_time":"2014-02-13T17:43:47+00:00","article_modified_time":"2014-02-13T17:44:19+00:00","og_image":[{"url":"https:\/\/www.visit-ulcinj.com\/blog\/wp-content\/uploads\/2014\/02\/izlozba-Marubi-u-Varsavi-Polska-1-150x150.jpg"}],"twitter_misc":{"Written by":"ulqini","Est. reading time":"2 minutes"},"schema":{"@context":"https:\/\/schema.org","@graph":[{"@type":"WebSite","@id":"https:\/\/www.visit-ulcinj.com\/blog\/#website","url":"https:\/\/www.visit-ulcinj.com\/blog\/","name":"Lajme nga Ulqini","description":"Lajme,Vijesti,Ulqini,Ulqin,Crna Gora,Mali i Zi","potentialAction":[{"@type":"SearchAction","target":{"@type":"EntryPoint","urlTemplate":"https:\/\/www.visit-ulcinj.com\/blog\/?s={search_term_string}"},"query-input":"required name=search_term_string"}],"inLanguage":"en-US"},{"@type":"ImageObject","inLanguage":"en-US","@id":"https:\/\/www.visit-ulcinj.com\/blog\/2014\/02\/13\/otvorena-izlozba-marubi-u-varsavi-foto\/#primaryimage","url":"https:\/\/www.visit-ulcinj.com\/blog\/wp-content\/uploads\/2014\/02\/izlozba-Marubi-u-Varsavi-Polska.jpg","contentUrl":"https:\/\/www.visit-ulcinj.com\/blog\/wp-content\/uploads\/2014\/02\/izlozba-Marubi-u-Varsavi-Polska.jpg","width":960,"height":828},{"@type":"WebPage","@id":"https:\/\/www.visit-ulcinj.com\/blog\/2014\/02\/13\/otvorena-izlozba-marubi-u-varsavi-foto\/#webpage","url":"https:\/\/www.visit-ulcinj.com\/blog\/2014\/02\/13\/otvorena-izlozba-marubi-u-varsavi-foto\/","name":"Otvorena izlo\u017eba Marubi u Var\u0161avi + Foto - Lajme nga Ulqini","isPartOf":{"@id":"https:\/\/www.visit-ulcinj.com\/blog\/#website"},"primaryImageOfPage":{"@id":"https:\/\/www.visit-ulcinj.com\/blog\/2014\/02\/13\/otvorena-izlozba-marubi-u-varsavi-foto\/#primaryimage"},"datePublished":"2014-02-13T17:43:47+00:00","dateModified":"2014-02-13T17:44:19+00:00","author":{"@id":"https:\/\/www.visit-ulcinj.com\/blog\/#\/schema\/person\/dcab619c614d3038751c63bc2aadc06d"},"description":"U organizaciji Ambasade Crne Gore u Var\u0161avi, Op\u0161tine Ulcinj i Muzeja Var\u0161avskog Univerziteta otvorena je izlo\u017eba Marubi \" Ogledalo na\u0161e tradicije,","breadcrumb":{"@id":"https:\/\/www.visit-ulcinj.com\/blog\/2014\/02\/13\/otvorena-izlozba-marubi-u-varsavi-foto\/#breadcrumb"},"inLanguage":"en-US","potentialAction":[{"@type":"ReadAction","target":["https:\/\/www.visit-ulcinj.com\/blog\/2014\/02\/13\/otvorena-izlozba-marubi-u-varsavi-foto\/"]}]},{"@type":"BreadcrumbList","@id":"https:\/\/www.visit-ulcinj.com\/blog\/2014\/02\/13\/otvorena-izlozba-marubi-u-varsavi-foto\/#breadcrumb","itemListElement":[{"@type":"ListItem","position":1,"name":"Otvorena izlo\u017eba Marubi u Var\u0161avi + Foto"}]},{"@type":"Person","@id":"https:\/\/www.visit-ulcinj.com\/blog\/#\/schema\/person\/dcab619c614d3038751c63bc2aadc06d","name":"ulqini","sameAs":["http:\/\/www.visit-ulcinj.com"],"url":"https:\/\/www.visit-ulcinj.com\/blog\/author\/admin\/"}]}},"jetpack_featured_media_url":"","jetpack_sharing_enabled":true,"jetpack_shortlink":"https:\/\/wp.me\/pe6lTn-kHK","_links":{"self":[{"href":"https:\/\/www.visit-ulcinj.com\/blog\/wp-json\/wp\/v2\/posts\/79592"}],"collection":[{"href":"https:\/\/www.visit-ulcinj.com\/blog\/wp-json\/wp\/v2\/posts"}],"about":[{"href":"https:\/\/www.visit-ulcinj.com\/blog\/wp-json\/wp\/v2\/types\/post"}],"author":[{"embeddable":true,"href":"https:\/\/www.visit-ulcinj.com\/blog\/wp-json\/wp\/v2\/users\/1"}],"replies":[{"embeddable":true,"href":"https:\/\/www.visit-ulcinj.com\/blog\/wp-json\/wp\/v2\/comments?post=79592"}],"version-history":[{"count":1,"href":"https:\/\/www.visit-ulcinj.com\/blog\/wp-json\/wp\/v2\/posts\/79592\/revisions"}],"predecessor-version":[{"id":79604,"href":"https:\/\/www.visit-ulcinj.com\/blog\/wp-json\/wp\/v2\/posts\/79592\/revisions\/79604"}],"wp:attachment":[{"href":"https:\/\/www.visit-ulcinj.com\/blog\/wp-json\/wp\/v2\/media?parent=79592"}],"wp:term":[{"taxonomy":"category","embeddable":true,"href":"https:\/\/www.visit-ulcinj.com\/blog\/wp-json\/wp\/v2\/categories?post=79592"},{"taxonomy":"post_tag","embeddable":true,"href":"https:\/\/www.visit-ulcinj.com\/blog\/wp-json\/wp\/v2\/tags?post=79592"}],"curies":[{"name":"wp","href":"https:\/\/api.w.org\/{rel}","templated":true}]}}