{"id":79605,"date":"2014-02-13T18:57:38","date_gmt":"2014-02-13T17:57:38","guid":{"rendered":"http:\/\/www.visit-ulcinj.com\/blog\/?p=79605"},"modified":"2014-02-13T18:57:38","modified_gmt":"2014-02-13T17:57:38","slug":"malazezeve-e-kroateve-u-lejohet-blerja-e-armeve-ne-zvicer-shqiptareve-e-serbeve-jo","status":"publish","type":"post","link":"https:\/\/www.visit-ulcinj.com\/blog\/2014\/02\/13\/malazezeve-e-kroateve-u-lejohet-blerja-e-armeve-ne-zvicer-shqiptareve-e-serbeve-jo\/","title":{"rendered":"Malazez\u00ebve e Kroat\u00ebve u lejohet blerja e arm\u00ebve n\u00eb Zvic\u00ebr, shqiptar\u00ebve e serb\u00ebve jo"},"content":{"rendered":"<p><strong><a href=\"http:\/\/www.visit-ulcinj.com\/blog\/wp-content\/uploads\/2014\/02\/lejohet-blerja-e-arm\u00ebve-n\u00eb-Zvic\u00ebr.jpg\"><img loading=\"lazy\" class=\"alignleft  wp-image-79606\" alt=\"lejohet blerja e arm\u00ebve n\u00eb Zvic\u00ebr\" src=\"http:\/\/www.visit-ulcinj.com\/blog\/wp-content\/uploads\/2014\/02\/lejohet-blerja-e-arm\u00ebve-n\u00eb-Zvic\u00ebr.jpg\" width=\"508\" height=\"360\" \/><\/a>Ndalimi vazhdon t\u00eb vlej\u00eb p\u00ebr personat nga vendet tjera t\u00eb Ballkanit si: Serbia, Bosnja, Kosova, Maqedonia dhe Shqip\u00ebria pastaj nga Turqia, Sri Lanka dhe Algjeria<\/strong><\/p>\n<p>Qeveria e Zvicr\u00ebs me nj\u00eb vendim t\u00eb saj t\u00eb shpallur t\u00eb m\u00ebrkur\u00ebn ka nd\u00ebrprer\u00eb ndales\u00ebn e vendosur m\u00eb her\u00ebt p\u00ebr blerje t\u00eb arm\u00ebve nga ana e shtetasve kroat\u00eb dhe atyre malazez\u00eb me q\u00ebndrim n\u00eb Zvic\u00ebr. Ky vendim, si\u00e7 b\u00ebhet e ditur n\u00eb nj\u00eb komunikat\u00eb q\u00eb ka l\u00ebshuar administrata e shtetit, fillon t\u00eb zbatohet nga 15 marsi 2014.<\/p>\n<p>K\u00ebshilli Federal e arsyeton vendimin e tij se n\u00eb gjendjen aktuale q\u00eb mbret\u00ebron n\u00eb Kroaci dhe n\u00eb Mal t\u00eb Zi, nuk ka ndonj\u00eb arse q\u00eb shtetasit e k\u00ebtyre vendeve t\u00eb privohen nga e drejta p\u00ebr t\u00eb bler\u00eb dhe bartur arm\u00eb. Ndalimi nd\u00ebrkaq vazhdon t\u00eb vlej\u00eb p\u00ebr peronat nga vendet tjera t\u00eb Ballkanit si: Serbia, Bosnja, Kosova, Maqedonia dhe Shqip\u00ebria si dhe disa vende tjera si Turqia, Sri Lanka dhe Algjeria.<\/p>\n<p>Lista \u201ce zez\u00eb\u201d, n\u00eb t\u00eb cil\u00ebn jan\u00eb vendosur vendet n\u00eb fjal\u00eb p\u00ebrpilohet dhe shkurtohet n\u00eb baz\u00eb t\u00eb vler\u00ebsimit q\u00eb i b\u00ebhet gjendjes s\u00eb siguris\u00eb n\u00eb ato vende. V\u00ebnia e nj\u00eb shteti n\u00eb k\u00ebt\u00eb list\u00eb ka p\u00ebr q\u00ebllim t\u00eb b\u00ebhet e dije se Zvicra nuk pranon q\u00eb me arm\u00ebt e saj t\u00eb mb\u00ebshtetet ndonj\u00eb konflikt i armatosur n\u00eb bot\u00eb. Arsye tjet\u00ebr \u00ebsht\u00eb kund\u00ebrveprimi ndaj bartjes eventuale n\u00eb Zvic\u00ebr t\u00eb konflikteve n\u00eb mes t\u00eb pal\u00ebve t\u00eb e vendeve t\u00eb p\u00ebrmendura, thuhet m\u00eb tutje n\u00eb komunikat\u00eb.<\/p>\n<p>P\u00ebrmes p\u00ebrshtatjes s\u00eb procedur\u00ebs p\u00ebr tjet\u00ebrsimin e arm\u00ebve te personat q\u00eb nuk kan\u00eb leje p\u00ebr arm\u00ebmbajtje, K\u00ebshilli Federal jep edhe nj\u00eb kontribut p\u00ebr luftimin e keqp\u00ebrdorimit t\u00eb arm\u00ebve. Deri m\u00eb tash shit\u00ebsi i arm\u00ebs duhej q\u00eb qendr\u00ebs kompetente t\u00eb kantonit t`ia d\u00ebrgonte si d\u00ebshmi vet\u00ebm nj\u00eb kopje t\u00eb kontrat\u00ebs p\u00ebr arm\u00ebn e shitur. Tash e tutje ai duhet t\u00eb ofroj\u00eb edhe nj\u00eb certifikat\u00eb nga regjistri penal pra q\u00eb bler\u00ebsi nuk \u00ebsht\u00eb n\u00eb ndjekje penale.<\/p>\n<div>\n<div>\n<div>\n<div>\n<div><strong>albinfo.ch<\/strong><\/div>\n<\/div>\n<\/div>\n<\/div>\n<\/div>\n","protected":false},"excerpt":{"rendered":"<p>Ndalimi vazhdon t\u00eb vlej\u00eb p\u00ebr personat nga vendet tjera t\u00eb Ballkanit si: Serbia, Bosnja, Kosova, Maqedonia dhe Shqip\u00ebria pastaj nga Turqia, Sri Lanka dhe Algjeria Qeveria e Zvicr\u00ebs me nj\u00eb vendim t\u00eb saj t\u00eb shpallur t\u00eb m\u00ebrkur\u00ebn ka nd\u00ebrprer\u00eb ndales\u00ebn e vendosur m\u00eb her\u00ebt p\u00ebr blerje t\u00eb arm\u00ebve nga ana e shtetasve kroat\u00eb dhe atyre [&hellip;]<\/p>\n","protected":false},"author":1,"featured_media":0,"comment_status":"closed","ping_status":"closed","sticky":false,"template":"","format":"standard","meta":{"spay_email":"","jetpack_publicize_message":"","jetpack_is_tweetstorm":false,"jetpack_publicize_feature_enabled":true},"categories":[7],"tags":[],"jetpack_publicize_connections":[],"yoast_head":"<!-- This site is optimized with the Yoast SEO plugin v19.1 - https:\/\/yoast.com\/wordpress\/plugins\/seo\/ -->\n<title>Malazez\u00ebve e Kroat\u00ebve u lejohet blerja e arm\u00ebve n\u00eb Zvic\u00ebr, shqiptar\u00ebve e serb\u00ebve jo - Lajme nga Ulqini<\/title>\n<meta name=\"description\" content=\"Ndalimi vazhdon t\u00eb vlej\u00eb p\u00ebr personat nga vendet tjera t\u00eb Ballkanit si: Serbia, Bosnja, Kosova, Maqedonia dhe Shqip\u00ebria pastaj nga Turqia, Sri Lanka dhe\" \/>\n<meta name=\"robots\" content=\"index, follow, max-snippet:-1, max-image-preview:large, max-video-preview:-1\" \/>\n<link rel=\"canonical\" href=\"https:\/\/www.visit-ulcinj.com\/blog\/2014\/02\/13\/malazezeve-e-kroateve-u-lejohet-blerja-e-armeve-ne-zvicer-shqiptareve-e-serbeve-jo\/\" \/>\n<meta property=\"og:locale\" content=\"en_US\" \/>\n<meta property=\"og:type\" content=\"article\" \/>\n<meta property=\"og:title\" content=\"Malazez\u00ebve e Kroat\u00ebve u lejohet blerja e arm\u00ebve n\u00eb Zvic\u00ebr, shqiptar\u00ebve e serb\u00ebve jo - Lajme nga Ulqini\" \/>\n<meta property=\"og:description\" content=\"Ndalimi vazhdon t\u00eb vlej\u00eb p\u00ebr personat nga vendet tjera t\u00eb Ballkanit si: Serbia, Bosnja, Kosova, Maqedonia dhe Shqip\u00ebria pastaj nga Turqia, Sri Lanka dhe\" \/>\n<meta property=\"og:url\" content=\"https:\/\/www.visit-ulcinj.com\/blog\/2014\/02\/13\/malazezeve-e-kroateve-u-lejohet-blerja-e-armeve-ne-zvicer-shqiptareve-e-serbeve-jo\/\" \/>\n<meta property=\"og:site_name\" content=\"Lajme nga Ulqini\" \/>\n<meta property=\"article:published_time\" content=\"2014-02-13T17:57:38+00:00\" \/>\n<meta name=\"twitter:label1\" content=\"Written by\" \/>\n\t<meta name=\"twitter:data1\" content=\"ulqini\" \/>\n\t<meta name=\"twitter:label2\" content=\"Est. reading time\" \/>\n\t<meta name=\"twitter:data2\" content=\"2 minutes\" \/>\n<script type=\"application\/ld+json\" class=\"yoast-schema-graph\">{\"@context\":\"https:\/\/schema.org\",\"@graph\":[{\"@type\":\"WebSite\",\"@id\":\"https:\/\/www.visit-ulcinj.com\/blog\/#website\",\"url\":\"https:\/\/www.visit-ulcinj.com\/blog\/\",\"name\":\"Lajme nga Ulqini\",\"description\":\"Lajme,Vijesti,Ulqini,Ulqin,Crna Gora,Mali i Zi\",\"potentialAction\":[{\"@type\":\"SearchAction\",\"target\":{\"@type\":\"EntryPoint\",\"urlTemplate\":\"https:\/\/www.visit-ulcinj.com\/blog\/?s={search_term_string}\"},\"query-input\":\"required name=search_term_string\"}],\"inLanguage\":\"en-US\"},{\"@type\":\"WebPage\",\"@id\":\"https:\/\/www.visit-ulcinj.com\/blog\/2014\/02\/13\/malazezeve-e-kroateve-u-lejohet-blerja-e-armeve-ne-zvicer-shqiptareve-e-serbeve-jo\/#webpage\",\"url\":\"https:\/\/www.visit-ulcinj.com\/blog\/2014\/02\/13\/malazezeve-e-kroateve-u-lejohet-blerja-e-armeve-ne-zvicer-shqiptareve-e-serbeve-jo\/\",\"name\":\"Malazez\u00ebve e Kroat\u00ebve u lejohet blerja e arm\u00ebve n\u00eb Zvic\u00ebr, shqiptar\u00ebve e serb\u00ebve jo - Lajme nga Ulqini\",\"isPartOf\":{\"@id\":\"https:\/\/www.visit-ulcinj.com\/blog\/#website\"},\"datePublished\":\"2014-02-13T17:57:38+00:00\",\"dateModified\":\"2014-02-13T17:57:38+00:00\",\"author\":{\"@id\":\"https:\/\/www.visit-ulcinj.com\/blog\/#\/schema\/person\/dcab619c614d3038751c63bc2aadc06d\"},\"description\":\"Ndalimi vazhdon t\u00eb vlej\u00eb p\u00ebr personat nga vendet tjera t\u00eb Ballkanit si: Serbia, Bosnja, Kosova, Maqedonia dhe Shqip\u00ebria pastaj nga Turqia, Sri Lanka dhe\",\"breadcrumb\":{\"@id\":\"https:\/\/www.visit-ulcinj.com\/blog\/2014\/02\/13\/malazezeve-e-kroateve-u-lejohet-blerja-e-armeve-ne-zvicer-shqiptareve-e-serbeve-jo\/#breadcrumb\"},\"inLanguage\":\"en-US\",\"potentialAction\":[{\"@type\":\"ReadAction\",\"target\":[\"https:\/\/www.visit-ulcinj.com\/blog\/2014\/02\/13\/malazezeve-e-kroateve-u-lejohet-blerja-e-armeve-ne-zvicer-shqiptareve-e-serbeve-jo\/\"]}]},{\"@type\":\"BreadcrumbList\",\"@id\":\"https:\/\/www.visit-ulcinj.com\/blog\/2014\/02\/13\/malazezeve-e-kroateve-u-lejohet-blerja-e-armeve-ne-zvicer-shqiptareve-e-serbeve-jo\/#breadcrumb\",\"itemListElement\":[{\"@type\":\"ListItem\",\"position\":1,\"name\":\"Malazez\u00ebve e Kroat\u00ebve u lejohet blerja e arm\u00ebve n\u00eb Zvic\u00ebr, shqiptar\u00ebve e serb\u00ebve jo\"}]},{\"@type\":\"Person\",\"@id\":\"https:\/\/www.visit-ulcinj.com\/blog\/#\/schema\/person\/dcab619c614d3038751c63bc2aadc06d\",\"name\":\"ulqini\",\"sameAs\":[\"http:\/\/www.visit-ulcinj.com\"],\"url\":\"https:\/\/www.visit-ulcinj.com\/blog\/author\/admin\/\"}]}<\/script>\n<!-- \/ Yoast SEO plugin. -->","yoast_head_json":{"title":"Malazez\u00ebve e Kroat\u00ebve u lejohet blerja e arm\u00ebve n\u00eb Zvic\u00ebr, shqiptar\u00ebve e serb\u00ebve jo - Lajme nga Ulqini","description":"Ndalimi vazhdon t\u00eb vlej\u00eb p\u00ebr personat nga vendet tjera t\u00eb Ballkanit si: Serbia, Bosnja, Kosova, Maqedonia dhe Shqip\u00ebria pastaj nga Turqia, Sri Lanka dhe","robots":{"index":"index","follow":"follow","max-snippet":"max-snippet:-1","max-image-preview":"max-image-preview:large","max-video-preview":"max-video-preview:-1"},"canonical":"https:\/\/www.visit-ulcinj.com\/blog\/2014\/02\/13\/malazezeve-e-kroateve-u-lejohet-blerja-e-armeve-ne-zvicer-shqiptareve-e-serbeve-jo\/","og_locale":"en_US","og_type":"article","og_title":"Malazez\u00ebve e Kroat\u00ebve u lejohet blerja e arm\u00ebve n\u00eb Zvic\u00ebr, shqiptar\u00ebve e serb\u00ebve jo - Lajme nga Ulqini","og_description":"Ndalimi vazhdon t\u00eb vlej\u00eb p\u00ebr personat nga vendet tjera t\u00eb Ballkanit si: Serbia, Bosnja, Kosova, Maqedonia dhe Shqip\u00ebria pastaj nga Turqia, Sri Lanka dhe","og_url":"https:\/\/www.visit-ulcinj.com\/blog\/2014\/02\/13\/malazezeve-e-kroateve-u-lejohet-blerja-e-armeve-ne-zvicer-shqiptareve-e-serbeve-jo\/","og_site_name":"Lajme nga Ulqini","article_published_time":"2014-02-13T17:57:38+00:00","twitter_misc":{"Written by":"ulqini","Est. reading time":"2 minutes"},"schema":{"@context":"https:\/\/schema.org","@graph":[{"@type":"WebSite","@id":"https:\/\/www.visit-ulcinj.com\/blog\/#website","url":"https:\/\/www.visit-ulcinj.com\/blog\/","name":"Lajme nga Ulqini","description":"Lajme,Vijesti,Ulqini,Ulqin,Crna Gora,Mali i Zi","potentialAction":[{"@type":"SearchAction","target":{"@type":"EntryPoint","urlTemplate":"https:\/\/www.visit-ulcinj.com\/blog\/?s={search_term_string}"},"query-input":"required name=search_term_string"}],"inLanguage":"en-US"},{"@type":"WebPage","@id":"https:\/\/www.visit-ulcinj.com\/blog\/2014\/02\/13\/malazezeve-e-kroateve-u-lejohet-blerja-e-armeve-ne-zvicer-shqiptareve-e-serbeve-jo\/#webpage","url":"https:\/\/www.visit-ulcinj.com\/blog\/2014\/02\/13\/malazezeve-e-kroateve-u-lejohet-blerja-e-armeve-ne-zvicer-shqiptareve-e-serbeve-jo\/","name":"Malazez\u00ebve e Kroat\u00ebve u lejohet blerja e arm\u00ebve n\u00eb Zvic\u00ebr, shqiptar\u00ebve e serb\u00ebve jo - Lajme nga Ulqini","isPartOf":{"@id":"https:\/\/www.visit-ulcinj.com\/blog\/#website"},"datePublished":"2014-02-13T17:57:38+00:00","dateModified":"2014-02-13T17:57:38+00:00","author":{"@id":"https:\/\/www.visit-ulcinj.com\/blog\/#\/schema\/person\/dcab619c614d3038751c63bc2aadc06d"},"description":"Ndalimi vazhdon t\u00eb vlej\u00eb p\u00ebr personat nga vendet tjera t\u00eb Ballkanit si: Serbia, Bosnja, Kosova, Maqedonia dhe Shqip\u00ebria pastaj nga Turqia, Sri Lanka dhe","breadcrumb":{"@id":"https:\/\/www.visit-ulcinj.com\/blog\/2014\/02\/13\/malazezeve-e-kroateve-u-lejohet-blerja-e-armeve-ne-zvicer-shqiptareve-e-serbeve-jo\/#breadcrumb"},"inLanguage":"en-US","potentialAction":[{"@type":"ReadAction","target":["https:\/\/www.visit-ulcinj.com\/blog\/2014\/02\/13\/malazezeve-e-kroateve-u-lejohet-blerja-e-armeve-ne-zvicer-shqiptareve-e-serbeve-jo\/"]}]},{"@type":"BreadcrumbList","@id":"https:\/\/www.visit-ulcinj.com\/blog\/2014\/02\/13\/malazezeve-e-kroateve-u-lejohet-blerja-e-armeve-ne-zvicer-shqiptareve-e-serbeve-jo\/#breadcrumb","itemListElement":[{"@type":"ListItem","position":1,"name":"Malazez\u00ebve e Kroat\u00ebve u lejohet blerja e arm\u00ebve n\u00eb Zvic\u00ebr, shqiptar\u00ebve e serb\u00ebve jo"}]},{"@type":"Person","@id":"https:\/\/www.visit-ulcinj.com\/blog\/#\/schema\/person\/dcab619c614d3038751c63bc2aadc06d","name":"ulqini","sameAs":["http:\/\/www.visit-ulcinj.com"],"url":"https:\/\/www.visit-ulcinj.com\/blog\/author\/admin\/"}]}},"jetpack_featured_media_url":"","jetpack_sharing_enabled":true,"jetpack_shortlink":"https:\/\/wp.me\/pe6lTn-kHX","_links":{"self":[{"href":"https:\/\/www.visit-ulcinj.com\/blog\/wp-json\/wp\/v2\/posts\/79605"}],"collection":[{"href":"https:\/\/www.visit-ulcinj.com\/blog\/wp-json\/wp\/v2\/posts"}],"about":[{"href":"https:\/\/www.visit-ulcinj.com\/blog\/wp-json\/wp\/v2\/types\/post"}],"author":[{"embeddable":true,"href":"https:\/\/www.visit-ulcinj.com\/blog\/wp-json\/wp\/v2\/users\/1"}],"replies":[{"embeddable":true,"href":"https:\/\/www.visit-ulcinj.com\/blog\/wp-json\/wp\/v2\/comments?post=79605"}],"version-history":[{"count":1,"href":"https:\/\/www.visit-ulcinj.com\/blog\/wp-json\/wp\/v2\/posts\/79605\/revisions"}],"predecessor-version":[{"id":79607,"href":"https:\/\/www.visit-ulcinj.com\/blog\/wp-json\/wp\/v2\/posts\/79605\/revisions\/79607"}],"wp:attachment":[{"href":"https:\/\/www.visit-ulcinj.com\/blog\/wp-json\/wp\/v2\/media?parent=79605"}],"wp:term":[{"taxonomy":"category","embeddable":true,"href":"https:\/\/www.visit-ulcinj.com\/blog\/wp-json\/wp\/v2\/categories?post=79605"},{"taxonomy":"post_tag","embeddable":true,"href":"https:\/\/www.visit-ulcinj.com\/blog\/wp-json\/wp\/v2\/tags?post=79605"}],"curies":[{"name":"wp","href":"https:\/\/api.w.org\/{rel}","templated":true}]}}