{"id":79614,"date":"2014-02-13T20:05:23","date_gmt":"2014-02-13T19:05:23","guid":{"rendered":"http:\/\/www.visit-ulcinj.com\/blog\/?p=79614"},"modified":"2014-02-13T20:05:23","modified_gmt":"2014-02-13T19:05:23","slug":"bivsa-direktorka-ulcinjske-solane-bi-234-000-eura","status":"publish","type":"post","link":"https:\/\/www.visit-ulcinj.com\/blog\/2014\/02\/13\/bivsa-direktorka-ulcinjske-solane-bi-234-000-eura\/","title":{"rendered":"Biv\u0161a direktorka ulcinjske solane bi 234.000 eura"},"content":{"rendered":"<p><a href=\"http:\/\/www.visit-ulcinj.com\/blog\/wp-content\/uploads\/2011\/01\/Jelena-Aleksic.jpg\"><img loading=\"lazy\" class=\"alignleft size-full wp-image-42233\" alt=\"Jelena Aleksic\" src=\"http:\/\/www.visit-ulcinj.com\/blog\/wp-content\/uploads\/2011\/01\/Jelena-Aleksic.jpg\" width=\"350\" height=\"229\" srcset=\"https:\/\/www.visit-ulcinj.com\/blog\/wp-content\/uploads\/2011\/01\/Jelena-Aleksic.jpg 350w, https:\/\/www.visit-ulcinj.com\/blog\/wp-content\/uploads\/2011\/01\/Jelena-Aleksic-300x196.jpg 300w\" sizes=\"(max-width: 350px) 100vw, 350px\" \/><\/a>Biv\u0161a direktorka solane \u201eBajo Sekuli\u0107\u201c u ste\u010daju Jelena Aleksi\u0107 tu\u017ebom pred Privrednim sudom poku\u0161ava da naplati 234.355 eura. Toliko smatra da je trebalo da joj bude ispla\u0107eno nakon odlaska iz te kompanije prije tri godine.<\/p>\n<p>Uprava kontratu\u017ebom poku\u0161ava da ospori to potra\u017eivanje, ali su se ju\u010de pred po\u010detak su\u0111enja ipak dogovorili da ga odlo\u017ee kako bi poku\u0161ali van suda da rije\u0161e spor. Zbog mogu\u0107eg dogovora me\u0111u strankama ju\u010dera\u0161nje ro\u010di\u0161te u Privrednom sudu je odgo\u0111eno za po\u010detak aprila.<\/p>\n<p>Aleksi\u0107 je bila radno anga\u017eovana kao direktor od 5. maja 2006. do 25. decembra Solanu. Biv\u0161a direktorka smatra da shodno odluci odbora direktora ima pravo na otpremninu koja joj nije ispla\u0107ena. Menad\u017ement Solane je odgovorio da nema pravo na otpremninu jer je samovoljno napustila funkciju direktora.<\/p>\n<p>Ulcinjska Solana u ste\u010daju je od 2005. godine, a njen ve\u0107inski vlasnik godinama je Eurofond i povezane osobe sa biznismenom Veselinom Barovi\u0107em.<\/p>\n<p>Direktor Eurofonda Boi\u0161a \u0160otra,objavile su ju\u010de \u201eVijesti\u201c, potvrdio je da je podnio krivi\u010dnu prijavu protiv biv\u0161e direktorke Jelene Aleksi\u0107 zbog sumnje da je potpisuju\u0107i nalog 13. decembra 2010. godine u\u010destvovala u nezakonitom transportu i otu\u0111enju mini bagera koji vi\u0161e nije vra\u0107en u krug fabrike.<\/p>\n<p>Aleksi\u0107 se sumnji\u010di za nesavjestan rad, kao i za zloupotrebu ovla\u0161\u0107enja u privredi. U prijavi koju je podnio advokat Milan Vujo\u0161evi\u0107 pi\u0161e da je vlasnik Solane u saznanju da se bager \u201enavodno radi remonta\u201c, nalazi u budvanskoj firmi Tehnomont.<\/p>\n<p>Policiji je prilo\u017een i dokument Veselina Mitrovi\u0107a koji je po nalogu v.d. izvr\u0161nog direktora Solane Dragi\u0161e Rosandi\u0107a napravio internu istragu povodom nestanka bagera.<\/p>\n<p>Radnici Solane \u0161trajkuju od 21. decembra. Oni, izme\u0111u ostalog, tra\u017ee isplatu 10 zaostalih zarada i povezivanje radnog sta\u017ea koji im nije upla\u0107ivan u proteklih pet godina.<\/p>\n<p><strong>Milorad Milo\u0161evi\u0107<\/strong><br \/>\n<strong>Izvor: VIJESTI ONLINE<\/strong><\/p>\n","protected":false},"excerpt":{"rendered":"<p>Biv\u0161a direktorka solane \u201eBajo Sekuli\u0107\u201c u ste\u010daju Jelena Aleksi\u0107 tu\u017ebom pred Privrednim sudom poku\u0161ava da naplati 234.355 eura. Toliko smatra da je trebalo da joj bude ispla\u0107eno nakon odlaska iz te kompanije prije tri godine. Uprava kontratu\u017ebom poku\u0161ava da ospori to potra\u017eivanje, ali su se ju\u010de pred po\u010detak su\u0111enja ipak dogovorili da ga odlo\u017ee kako [&hellip;]<\/p>\n","protected":false},"author":1,"featured_media":0,"comment_status":"closed","ping_status":"closed","sticky":false,"template":"","format":"standard","meta":{"spay_email":"","jetpack_publicize_message":"","jetpack_is_tweetstorm":false,"jetpack_publicize_feature_enabled":true},"categories":[6950],"tags":[],"jetpack_publicize_connections":[],"yoast_head":"<!-- This site is optimized with the Yoast SEO plugin v19.1 - https:\/\/yoast.com\/wordpress\/plugins\/seo\/ -->\n<title>Biv\u0161a direktorka ulcinjske solane bi 234.000 eura - Lajme nga Ulqini<\/title>\n<meta name=\"description\" content=\"Biv\u0161a direktorka solane \u201eBajo Sekuli\u0107\u201c u ste\u010daju Jelena Aleksi\u0107 tu\u017ebom pred Privrednim sudom poku\u0161ava da naplati 234.355 eura. Toliko smatra da je trebalo\" \/>\n<meta name=\"robots\" content=\"index, follow, max-snippet:-1, max-image-preview:large, max-video-preview:-1\" \/>\n<link rel=\"canonical\" href=\"https:\/\/www.visit-ulcinj.com\/blog\/2014\/02\/13\/bivsa-direktorka-ulcinjske-solane-bi-234-000-eura\/\" \/>\n<meta property=\"og:locale\" content=\"en_US\" \/>\n<meta property=\"og:type\" content=\"article\" \/>\n<meta property=\"og:title\" content=\"Biv\u0161a direktorka ulcinjske solane bi 234.000 eura - Lajme nga Ulqini\" \/>\n<meta property=\"og:description\" content=\"Biv\u0161a direktorka solane \u201eBajo Sekuli\u0107\u201c u ste\u010daju Jelena Aleksi\u0107 tu\u017ebom pred Privrednim sudom poku\u0161ava da naplati 234.355 eura. Toliko smatra da je trebalo\" \/>\n<meta property=\"og:url\" content=\"https:\/\/www.visit-ulcinj.com\/blog\/2014\/02\/13\/bivsa-direktorka-ulcinjske-solane-bi-234-000-eura\/\" \/>\n<meta property=\"og:site_name\" content=\"Lajme nga Ulqini\" \/>\n<meta property=\"article:published_time\" content=\"2014-02-13T19:05:23+00:00\" \/>\n<meta property=\"og:image\" content=\"http:\/\/www.visit-ulcinj.com\/blog\/wp-content\/uploads\/2011\/01\/Jelena-Aleksic.jpg\" \/>\n<meta name=\"twitter:label1\" content=\"Written by\" \/>\n\t<meta name=\"twitter:data1\" content=\"ulqini\" \/>\n\t<meta name=\"twitter:label2\" content=\"Est. reading time\" \/>\n\t<meta name=\"twitter:data2\" content=\"2 minutes\" \/>\n<script type=\"application\/ld+json\" class=\"yoast-schema-graph\">{\"@context\":\"https:\/\/schema.org\",\"@graph\":[{\"@type\":\"WebSite\",\"@id\":\"https:\/\/www.visit-ulcinj.com\/blog\/#website\",\"url\":\"https:\/\/www.visit-ulcinj.com\/blog\/\",\"name\":\"Lajme nga Ulqini\",\"description\":\"Lajme,Vijesti,Ulqini,Ulqin,Crna Gora,Mali i Zi\",\"potentialAction\":[{\"@type\":\"SearchAction\",\"target\":{\"@type\":\"EntryPoint\",\"urlTemplate\":\"https:\/\/www.visit-ulcinj.com\/blog\/?s={search_term_string}\"},\"query-input\":\"required name=search_term_string\"}],\"inLanguage\":\"en-US\"},{\"@type\":\"ImageObject\",\"inLanguage\":\"en-US\",\"@id\":\"https:\/\/www.visit-ulcinj.com\/blog\/2014\/02\/13\/bivsa-direktorka-ulcinjske-solane-bi-234-000-eura\/#primaryimage\",\"url\":\"https:\/\/www.visit-ulcinj.com\/blog\/wp-content\/uploads\/2011\/01\/Jelena-Aleksic.jpg\",\"contentUrl\":\"https:\/\/www.visit-ulcinj.com\/blog\/wp-content\/uploads\/2011\/01\/Jelena-Aleksic.jpg\",\"width\":\"350\",\"height\":\"229\"},{\"@type\":\"WebPage\",\"@id\":\"https:\/\/www.visit-ulcinj.com\/blog\/2014\/02\/13\/bivsa-direktorka-ulcinjske-solane-bi-234-000-eura\/#webpage\",\"url\":\"https:\/\/www.visit-ulcinj.com\/blog\/2014\/02\/13\/bivsa-direktorka-ulcinjske-solane-bi-234-000-eura\/\",\"name\":\"Biv\u0161a direktorka ulcinjske solane bi 234.000 eura - Lajme nga Ulqini\",\"isPartOf\":{\"@id\":\"https:\/\/www.visit-ulcinj.com\/blog\/#website\"},\"primaryImageOfPage\":{\"@id\":\"https:\/\/www.visit-ulcinj.com\/blog\/2014\/02\/13\/bivsa-direktorka-ulcinjske-solane-bi-234-000-eura\/#primaryimage\"},\"datePublished\":\"2014-02-13T19:05:23+00:00\",\"dateModified\":\"2014-02-13T19:05:23+00:00\",\"author\":{\"@id\":\"https:\/\/www.visit-ulcinj.com\/blog\/#\/schema\/person\/dcab619c614d3038751c63bc2aadc06d\"},\"description\":\"Biv\u0161a direktorka solane \u201eBajo Sekuli\u0107\u201c u ste\u010daju Jelena Aleksi\u0107 tu\u017ebom pred Privrednim sudom poku\u0161ava da naplati 234.355 eura. Toliko smatra da je trebalo\",\"breadcrumb\":{\"@id\":\"https:\/\/www.visit-ulcinj.com\/blog\/2014\/02\/13\/bivsa-direktorka-ulcinjske-solane-bi-234-000-eura\/#breadcrumb\"},\"inLanguage\":\"en-US\",\"potentialAction\":[{\"@type\":\"ReadAction\",\"target\":[\"https:\/\/www.visit-ulcinj.com\/blog\/2014\/02\/13\/bivsa-direktorka-ulcinjske-solane-bi-234-000-eura\/\"]}]},{\"@type\":\"BreadcrumbList\",\"@id\":\"https:\/\/www.visit-ulcinj.com\/blog\/2014\/02\/13\/bivsa-direktorka-ulcinjske-solane-bi-234-000-eura\/#breadcrumb\",\"itemListElement\":[{\"@type\":\"ListItem\",\"position\":1,\"name\":\"Biv\u0161a direktorka ulcinjske solane bi 234.000 eura\"}]},{\"@type\":\"Person\",\"@id\":\"https:\/\/www.visit-ulcinj.com\/blog\/#\/schema\/person\/dcab619c614d3038751c63bc2aadc06d\",\"name\":\"ulqini\",\"sameAs\":[\"http:\/\/www.visit-ulcinj.com\"],\"url\":\"https:\/\/www.visit-ulcinj.com\/blog\/author\/admin\/\"}]}<\/script>\n<!-- \/ Yoast SEO plugin. -->","yoast_head_json":{"title":"Biv\u0161a direktorka ulcinjske solane bi 234.000 eura - Lajme nga Ulqini","description":"Biv\u0161a direktorka solane \u201eBajo Sekuli\u0107\u201c u ste\u010daju Jelena Aleksi\u0107 tu\u017ebom pred Privrednim sudom poku\u0161ava da naplati 234.355 eura. Toliko smatra da je trebalo","robots":{"index":"index","follow":"follow","max-snippet":"max-snippet:-1","max-image-preview":"max-image-preview:large","max-video-preview":"max-video-preview:-1"},"canonical":"https:\/\/www.visit-ulcinj.com\/blog\/2014\/02\/13\/bivsa-direktorka-ulcinjske-solane-bi-234-000-eura\/","og_locale":"en_US","og_type":"article","og_title":"Biv\u0161a direktorka ulcinjske solane bi 234.000 eura - Lajme nga Ulqini","og_description":"Biv\u0161a direktorka solane \u201eBajo Sekuli\u0107\u201c u ste\u010daju Jelena Aleksi\u0107 tu\u017ebom pred Privrednim sudom poku\u0161ava da naplati 234.355 eura. Toliko smatra da je trebalo","og_url":"https:\/\/www.visit-ulcinj.com\/blog\/2014\/02\/13\/bivsa-direktorka-ulcinjske-solane-bi-234-000-eura\/","og_site_name":"Lajme nga Ulqini","article_published_time":"2014-02-13T19:05:23+00:00","og_image":[{"url":"http:\/\/www.visit-ulcinj.com\/blog\/wp-content\/uploads\/2011\/01\/Jelena-Aleksic.jpg"}],"twitter_misc":{"Written by":"ulqini","Est. reading time":"2 minutes"},"schema":{"@context":"https:\/\/schema.org","@graph":[{"@type":"WebSite","@id":"https:\/\/www.visit-ulcinj.com\/blog\/#website","url":"https:\/\/www.visit-ulcinj.com\/blog\/","name":"Lajme nga Ulqini","description":"Lajme,Vijesti,Ulqini,Ulqin,Crna Gora,Mali i Zi","potentialAction":[{"@type":"SearchAction","target":{"@type":"EntryPoint","urlTemplate":"https:\/\/www.visit-ulcinj.com\/blog\/?s={search_term_string}"},"query-input":"required name=search_term_string"}],"inLanguage":"en-US"},{"@type":"ImageObject","inLanguage":"en-US","@id":"https:\/\/www.visit-ulcinj.com\/blog\/2014\/02\/13\/bivsa-direktorka-ulcinjske-solane-bi-234-000-eura\/#primaryimage","url":"https:\/\/www.visit-ulcinj.com\/blog\/wp-content\/uploads\/2011\/01\/Jelena-Aleksic.jpg","contentUrl":"https:\/\/www.visit-ulcinj.com\/blog\/wp-content\/uploads\/2011\/01\/Jelena-Aleksic.jpg","width":"350","height":"229"},{"@type":"WebPage","@id":"https:\/\/www.visit-ulcinj.com\/blog\/2014\/02\/13\/bivsa-direktorka-ulcinjske-solane-bi-234-000-eura\/#webpage","url":"https:\/\/www.visit-ulcinj.com\/blog\/2014\/02\/13\/bivsa-direktorka-ulcinjske-solane-bi-234-000-eura\/","name":"Biv\u0161a direktorka ulcinjske solane bi 234.000 eura - Lajme nga Ulqini","isPartOf":{"@id":"https:\/\/www.visit-ulcinj.com\/blog\/#website"},"primaryImageOfPage":{"@id":"https:\/\/www.visit-ulcinj.com\/blog\/2014\/02\/13\/bivsa-direktorka-ulcinjske-solane-bi-234-000-eura\/#primaryimage"},"datePublished":"2014-02-13T19:05:23+00:00","dateModified":"2014-02-13T19:05:23+00:00","author":{"@id":"https:\/\/www.visit-ulcinj.com\/blog\/#\/schema\/person\/dcab619c614d3038751c63bc2aadc06d"},"description":"Biv\u0161a direktorka solane \u201eBajo Sekuli\u0107\u201c u ste\u010daju Jelena Aleksi\u0107 tu\u017ebom pred Privrednim sudom poku\u0161ava da naplati 234.355 eura. Toliko smatra da je trebalo","breadcrumb":{"@id":"https:\/\/www.visit-ulcinj.com\/blog\/2014\/02\/13\/bivsa-direktorka-ulcinjske-solane-bi-234-000-eura\/#breadcrumb"},"inLanguage":"en-US","potentialAction":[{"@type":"ReadAction","target":["https:\/\/www.visit-ulcinj.com\/blog\/2014\/02\/13\/bivsa-direktorka-ulcinjske-solane-bi-234-000-eura\/"]}]},{"@type":"BreadcrumbList","@id":"https:\/\/www.visit-ulcinj.com\/blog\/2014\/02\/13\/bivsa-direktorka-ulcinjske-solane-bi-234-000-eura\/#breadcrumb","itemListElement":[{"@type":"ListItem","position":1,"name":"Biv\u0161a direktorka ulcinjske solane bi 234.000 eura"}]},{"@type":"Person","@id":"https:\/\/www.visit-ulcinj.com\/blog\/#\/schema\/person\/dcab619c614d3038751c63bc2aadc06d","name":"ulqini","sameAs":["http:\/\/www.visit-ulcinj.com"],"url":"https:\/\/www.visit-ulcinj.com\/blog\/author\/admin\/"}]}},"jetpack_featured_media_url":"","jetpack_sharing_enabled":true,"jetpack_shortlink":"https:\/\/wp.me\/pe6lTn-kI6","_links":{"self":[{"href":"https:\/\/www.visit-ulcinj.com\/blog\/wp-json\/wp\/v2\/posts\/79614"}],"collection":[{"href":"https:\/\/www.visit-ulcinj.com\/blog\/wp-json\/wp\/v2\/posts"}],"about":[{"href":"https:\/\/www.visit-ulcinj.com\/blog\/wp-json\/wp\/v2\/types\/post"}],"author":[{"embeddable":true,"href":"https:\/\/www.visit-ulcinj.com\/blog\/wp-json\/wp\/v2\/users\/1"}],"replies":[{"embeddable":true,"href":"https:\/\/www.visit-ulcinj.com\/blog\/wp-json\/wp\/v2\/comments?post=79614"}],"version-history":[{"count":1,"href":"https:\/\/www.visit-ulcinj.com\/blog\/wp-json\/wp\/v2\/posts\/79614\/revisions"}],"predecessor-version":[{"id":79615,"href":"https:\/\/www.visit-ulcinj.com\/blog\/wp-json\/wp\/v2\/posts\/79614\/revisions\/79615"}],"wp:attachment":[{"href":"https:\/\/www.visit-ulcinj.com\/blog\/wp-json\/wp\/v2\/media?parent=79614"}],"wp:term":[{"taxonomy":"category","embeddable":true,"href":"https:\/\/www.visit-ulcinj.com\/blog\/wp-json\/wp\/v2\/categories?post=79614"},{"taxonomy":"post_tag","embeddable":true,"href":"https:\/\/www.visit-ulcinj.com\/blog\/wp-json\/wp\/v2\/tags?post=79614"}],"curies":[{"name":"wp","href":"https:\/\/api.w.org\/{rel}","templated":true}]}}