{"id":79617,"date":"2014-02-13T23:40:36","date_gmt":"2014-02-13T22:40:36","guid":{"rendered":"http:\/\/www.visit-ulcinj.com\/blog\/?p=79617"},"modified":"2014-02-14T18:03:08","modified_gmt":"2014-02-14T17:03:08","slug":"cungu-gjeka-bardhi-dhe-hollaj-firmosen-marreveshjen-e-koalicionit-ne-ulqin","status":"publish","type":"post","link":"https:\/\/www.visit-ulcinj.com\/blog\/2014\/02\/13\/cungu-gjeka-bardhi-dhe-hollaj-firmosen-marreveshjen-e-koalicionit-ne-ulqin\/","title":{"rendered":"Cungu, Gjeka, Bardhi, dhe Hollaj firmosen marr\u00ebveshjen e koalicionit ne Ulqin"},"content":{"rendered":"<p><strong><a href=\"http:\/\/www.visit-ulcinj.com\/blog\/wp-content\/uploads\/2014\/02\/KOALICIONI-PER-ULQIN.jpg\"><img loading=\"lazy\" class=\"alignleft  wp-image-79638\" alt=\"KOALICIONI PER ULQIN\" src=\"http:\/\/www.visit-ulcinj.com\/blog\/wp-content\/uploads\/2014\/02\/KOALICIONI-PER-ULQIN.jpg\" width=\"508\" height=\"400\" \/><\/a>Kumtes\u00eb p\u00ebr Opinion<\/strong><\/p>\n<p>&nbsp;<\/p>\n<p>Njoftojm opinionin e gj\u00ebr\u00eb q\u00eb partit shqiptare Forca e re demokratike dhe koalicioni &#8220;Bashk\u00eb p\u00ebr t\u00eb ardhmen e Ulqinit&#8221; arrit\u00ebn marrveshjen p\u00ebr formimin e shumic\u00ebs\u00a0 p\u00ebr ushtrimin e pushtetit lokal.<\/p>\n<p style=\"text-align: center;\"><a href=\"http:\/\/www.visit-ulcinj.com\/blog\/wp-content\/uploads\/2014\/02\/Forca-Koalicioni-Bashk\u00eb-p\u00ebr-t\u00eb-ardhmen-e-Ulqinit.jpg\"><img loading=\"lazy\" class=\"alignleft  wp-image-79618\" alt=\"Forca-Koalicioni -Bashk\u00eb p\u00ebr t\u00eb ardhmen e Ulqinit\" src=\"http:\/\/www.visit-ulcinj.com\/blog\/wp-content\/uploads\/2014\/02\/Forca-Koalicioni-Bashk\u00eb-p\u00ebr-t\u00eb-ardhmen-e-Ulqinit.jpg\" width=\"508\" height=\"600\" \/><\/a><\/p>\n<p style=\"text-align: center;\"><strong>\u00a0<\/strong><\/p>\n","protected":false},"excerpt":{"rendered":"<p>Kumtes\u00eb p\u00ebr Opinion &nbsp; Njoftojm opinionin e gj\u00ebr\u00eb q\u00eb partit shqiptare Forca e re demokratike dhe koalicioni &#8220;Bashk\u00eb p\u00ebr t\u00eb ardhmen e Ulqinit&#8221; arrit\u00ebn marrveshjen p\u00ebr formimin e shumic\u00ebs\u00a0 p\u00ebr ushtrimin e pushtetit lokal. \u00a0<\/p>\n","protected":false},"author":1,"featured_media":0,"comment_status":"closed","ping_status":"closed","sticky":false,"template":"","format":"standard","meta":{"spay_email":"","jetpack_publicize_message":"","jetpack_is_tweetstorm":false,"jetpack_publicize_feature_enabled":true},"categories":[7,1],"tags":[],"jetpack_publicize_connections":[],"yoast_head":"<!-- This site is optimized with the Yoast SEO plugin v19.1 - https:\/\/yoast.com\/wordpress\/plugins\/seo\/ -->\n<title>Cungu, Gjeka, Bardhi, dhe Hollaj firmosen marr\u00ebveshjen e koalicionit ne Ulqin - Lajme nga Ulqini<\/title>\n<meta name=\"description\" content=\"Kumtes\u00eb p\u00ebr Opinion &nbsp; Njoftojm opinionin e gj\u00ebr\u00eb q\u00eb partit shqiptare Forca e re demokratike dhe koalicioni &quot;Bashk\u00eb p\u00ebr t\u00eb ardhmen e Ulqinit&quot; arrit\u00ebn\" \/>\n<meta name=\"robots\" content=\"index, follow, max-snippet:-1, max-image-preview:large, max-video-preview:-1\" \/>\n<link rel=\"canonical\" href=\"https:\/\/www.visit-ulcinj.com\/blog\/2014\/02\/13\/cungu-gjeka-bardhi-dhe-hollaj-firmosen-marreveshjen-e-koalicionit-ne-ulqin\/\" \/>\n<meta property=\"og:locale\" content=\"en_US\" \/>\n<meta property=\"og:type\" content=\"article\" \/>\n<meta property=\"og:title\" content=\"Cungu, Gjeka, Bardhi, dhe Hollaj firmosen marr\u00ebveshjen e koalicionit ne Ulqin - Lajme nga Ulqini\" \/>\n<meta property=\"og:description\" content=\"Kumtes\u00eb p\u00ebr Opinion &nbsp; Njoftojm opinionin e gj\u00ebr\u00eb q\u00eb partit shqiptare Forca e re demokratike dhe koalicioni &quot;Bashk\u00eb p\u00ebr t\u00eb ardhmen e Ulqinit&quot; arrit\u00ebn\" \/>\n<meta property=\"og:url\" content=\"https:\/\/www.visit-ulcinj.com\/blog\/2014\/02\/13\/cungu-gjeka-bardhi-dhe-hollaj-firmosen-marreveshjen-e-koalicionit-ne-ulqin\/\" \/>\n<meta property=\"og:site_name\" content=\"Lajme nga Ulqini\" \/>\n<meta property=\"article:published_time\" content=\"2014-02-13T22:40:36+00:00\" \/>\n<meta property=\"article:modified_time\" content=\"2014-02-14T17:03:08+00:00\" \/>\n<meta property=\"og:image\" content=\"http:\/\/www.visit-ulcinj.com\/blog\/wp-content\/uploads\/2014\/02\/KOALICIONI-PER-ULQIN.jpg\" \/>\n<meta name=\"twitter:label1\" content=\"Written by\" \/>\n\t<meta name=\"twitter:data1\" content=\"ulqini\" \/>\n<script type=\"application\/ld+json\" class=\"yoast-schema-graph\">{\"@context\":\"https:\/\/schema.org\",\"@graph\":[{\"@type\":\"WebSite\",\"@id\":\"https:\/\/www.visit-ulcinj.com\/blog\/#website\",\"url\":\"https:\/\/www.visit-ulcinj.com\/blog\/\",\"name\":\"Lajme nga Ulqini\",\"description\":\"Lajme,Vijesti,Ulqini,Ulqin,Crna Gora,Mali i Zi\",\"potentialAction\":[{\"@type\":\"SearchAction\",\"target\":{\"@type\":\"EntryPoint\",\"urlTemplate\":\"https:\/\/www.visit-ulcinj.com\/blog\/?s={search_term_string}\"},\"query-input\":\"required name=search_term_string\"}],\"inLanguage\":\"en-US\"},{\"@type\":\"ImageObject\",\"inLanguage\":\"en-US\",\"@id\":\"https:\/\/www.visit-ulcinj.com\/blog\/2014\/02\/13\/cungu-gjeka-bardhi-dhe-hollaj-firmosen-marreveshjen-e-koalicionit-ne-ulqin\/#primaryimage\",\"url\":\"https:\/\/www.visit-ulcinj.com\/blog\/wp-content\/uploads\/2014\/02\/KOALICIONI-PER-ULQIN.jpg\",\"contentUrl\":\"https:\/\/www.visit-ulcinj.com\/blog\/wp-content\/uploads\/2014\/02\/KOALICIONI-PER-ULQIN.jpg\",\"width\":600,\"height\":600},{\"@type\":\"WebPage\",\"@id\":\"https:\/\/www.visit-ulcinj.com\/blog\/2014\/02\/13\/cungu-gjeka-bardhi-dhe-hollaj-firmosen-marreveshjen-e-koalicionit-ne-ulqin\/#webpage\",\"url\":\"https:\/\/www.visit-ulcinj.com\/blog\/2014\/02\/13\/cungu-gjeka-bardhi-dhe-hollaj-firmosen-marreveshjen-e-koalicionit-ne-ulqin\/\",\"name\":\"Cungu, Gjeka, Bardhi, dhe Hollaj firmosen marr\u00ebveshjen e koalicionit ne Ulqin - Lajme nga Ulqini\",\"isPartOf\":{\"@id\":\"https:\/\/www.visit-ulcinj.com\/blog\/#website\"},\"primaryImageOfPage\":{\"@id\":\"https:\/\/www.visit-ulcinj.com\/blog\/2014\/02\/13\/cungu-gjeka-bardhi-dhe-hollaj-firmosen-marreveshjen-e-koalicionit-ne-ulqin\/#primaryimage\"},\"datePublished\":\"2014-02-13T22:40:36+00:00\",\"dateModified\":\"2014-02-14T17:03:08+00:00\",\"author\":{\"@id\":\"https:\/\/www.visit-ulcinj.com\/blog\/#\/schema\/person\/dcab619c614d3038751c63bc2aadc06d\"},\"description\":\"Kumtes\u00eb p\u00ebr Opinion &nbsp; Njoftojm opinionin e gj\u00ebr\u00eb q\u00eb partit shqiptare Forca e re demokratike dhe koalicioni \\\"Bashk\u00eb p\u00ebr t\u00eb ardhmen e Ulqinit\\\" arrit\u00ebn\",\"breadcrumb\":{\"@id\":\"https:\/\/www.visit-ulcinj.com\/blog\/2014\/02\/13\/cungu-gjeka-bardhi-dhe-hollaj-firmosen-marreveshjen-e-koalicionit-ne-ulqin\/#breadcrumb\"},\"inLanguage\":\"en-US\",\"potentialAction\":[{\"@type\":\"ReadAction\",\"target\":[\"https:\/\/www.visit-ulcinj.com\/blog\/2014\/02\/13\/cungu-gjeka-bardhi-dhe-hollaj-firmosen-marreveshjen-e-koalicionit-ne-ulqin\/\"]}]},{\"@type\":\"BreadcrumbList\",\"@id\":\"https:\/\/www.visit-ulcinj.com\/blog\/2014\/02\/13\/cungu-gjeka-bardhi-dhe-hollaj-firmosen-marreveshjen-e-koalicionit-ne-ulqin\/#breadcrumb\",\"itemListElement\":[{\"@type\":\"ListItem\",\"position\":1,\"name\":\"Cungu, Gjeka, Bardhi, dhe Hollaj firmosen marr\u00ebveshjen e koalicionit ne Ulqin\"}]},{\"@type\":\"Person\",\"@id\":\"https:\/\/www.visit-ulcinj.com\/blog\/#\/schema\/person\/dcab619c614d3038751c63bc2aadc06d\",\"name\":\"ulqini\",\"sameAs\":[\"http:\/\/www.visit-ulcinj.com\"],\"url\":\"https:\/\/www.visit-ulcinj.com\/blog\/author\/admin\/\"}]}<\/script>\n<!-- \/ Yoast SEO plugin. -->","yoast_head_json":{"title":"Cungu, Gjeka, Bardhi, dhe Hollaj firmosen marr\u00ebveshjen e koalicionit ne Ulqin - Lajme nga Ulqini","description":"Kumtes\u00eb p\u00ebr Opinion &nbsp; Njoftojm opinionin e gj\u00ebr\u00eb q\u00eb partit shqiptare Forca e re demokratike dhe koalicioni \"Bashk\u00eb p\u00ebr t\u00eb ardhmen e Ulqinit\" arrit\u00ebn","robots":{"index":"index","follow":"follow","max-snippet":"max-snippet:-1","max-image-preview":"max-image-preview:large","max-video-preview":"max-video-preview:-1"},"canonical":"https:\/\/www.visit-ulcinj.com\/blog\/2014\/02\/13\/cungu-gjeka-bardhi-dhe-hollaj-firmosen-marreveshjen-e-koalicionit-ne-ulqin\/","og_locale":"en_US","og_type":"article","og_title":"Cungu, Gjeka, Bardhi, dhe Hollaj firmosen marr\u00ebveshjen e koalicionit ne Ulqin - Lajme nga Ulqini","og_description":"Kumtes\u00eb p\u00ebr Opinion &nbsp; Njoftojm opinionin e gj\u00ebr\u00eb q\u00eb partit shqiptare Forca e re demokratike dhe koalicioni \"Bashk\u00eb p\u00ebr t\u00eb ardhmen e Ulqinit\" arrit\u00ebn","og_url":"https:\/\/www.visit-ulcinj.com\/blog\/2014\/02\/13\/cungu-gjeka-bardhi-dhe-hollaj-firmosen-marreveshjen-e-koalicionit-ne-ulqin\/","og_site_name":"Lajme nga Ulqini","article_published_time":"2014-02-13T22:40:36+00:00","article_modified_time":"2014-02-14T17:03:08+00:00","og_image":[{"url":"http:\/\/www.visit-ulcinj.com\/blog\/wp-content\/uploads\/2014\/02\/KOALICIONI-PER-ULQIN.jpg"}],"twitter_misc":{"Written by":"ulqini"},"schema":{"@context":"https:\/\/schema.org","@graph":[{"@type":"WebSite","@id":"https:\/\/www.visit-ulcinj.com\/blog\/#website","url":"https:\/\/www.visit-ulcinj.com\/blog\/","name":"Lajme nga Ulqini","description":"Lajme,Vijesti,Ulqini,Ulqin,Crna Gora,Mali i Zi","potentialAction":[{"@type":"SearchAction","target":{"@type":"EntryPoint","urlTemplate":"https:\/\/www.visit-ulcinj.com\/blog\/?s={search_term_string}"},"query-input":"required name=search_term_string"}],"inLanguage":"en-US"},{"@type":"ImageObject","inLanguage":"en-US","@id":"https:\/\/www.visit-ulcinj.com\/blog\/2014\/02\/13\/cungu-gjeka-bardhi-dhe-hollaj-firmosen-marreveshjen-e-koalicionit-ne-ulqin\/#primaryimage","url":"https:\/\/www.visit-ulcinj.com\/blog\/wp-content\/uploads\/2014\/02\/KOALICIONI-PER-ULQIN.jpg","contentUrl":"https:\/\/www.visit-ulcinj.com\/blog\/wp-content\/uploads\/2014\/02\/KOALICIONI-PER-ULQIN.jpg","width":600,"height":600},{"@type":"WebPage","@id":"https:\/\/www.visit-ulcinj.com\/blog\/2014\/02\/13\/cungu-gjeka-bardhi-dhe-hollaj-firmosen-marreveshjen-e-koalicionit-ne-ulqin\/#webpage","url":"https:\/\/www.visit-ulcinj.com\/blog\/2014\/02\/13\/cungu-gjeka-bardhi-dhe-hollaj-firmosen-marreveshjen-e-koalicionit-ne-ulqin\/","name":"Cungu, Gjeka, Bardhi, dhe Hollaj firmosen marr\u00ebveshjen e koalicionit ne Ulqin - Lajme nga Ulqini","isPartOf":{"@id":"https:\/\/www.visit-ulcinj.com\/blog\/#website"},"primaryImageOfPage":{"@id":"https:\/\/www.visit-ulcinj.com\/blog\/2014\/02\/13\/cungu-gjeka-bardhi-dhe-hollaj-firmosen-marreveshjen-e-koalicionit-ne-ulqin\/#primaryimage"},"datePublished":"2014-02-13T22:40:36+00:00","dateModified":"2014-02-14T17:03:08+00:00","author":{"@id":"https:\/\/www.visit-ulcinj.com\/blog\/#\/schema\/person\/dcab619c614d3038751c63bc2aadc06d"},"description":"Kumtes\u00eb p\u00ebr Opinion &nbsp; Njoftojm opinionin e gj\u00ebr\u00eb q\u00eb partit shqiptare Forca e re demokratike dhe koalicioni \"Bashk\u00eb p\u00ebr t\u00eb ardhmen e Ulqinit\" arrit\u00ebn","breadcrumb":{"@id":"https:\/\/www.visit-ulcinj.com\/blog\/2014\/02\/13\/cungu-gjeka-bardhi-dhe-hollaj-firmosen-marreveshjen-e-koalicionit-ne-ulqin\/#breadcrumb"},"inLanguage":"en-US","potentialAction":[{"@type":"ReadAction","target":["https:\/\/www.visit-ulcinj.com\/blog\/2014\/02\/13\/cungu-gjeka-bardhi-dhe-hollaj-firmosen-marreveshjen-e-koalicionit-ne-ulqin\/"]}]},{"@type":"BreadcrumbList","@id":"https:\/\/www.visit-ulcinj.com\/blog\/2014\/02\/13\/cungu-gjeka-bardhi-dhe-hollaj-firmosen-marreveshjen-e-koalicionit-ne-ulqin\/#breadcrumb","itemListElement":[{"@type":"ListItem","position":1,"name":"Cungu, Gjeka, Bardhi, dhe Hollaj firmosen marr\u00ebveshjen e koalicionit ne Ulqin"}]},{"@type":"Person","@id":"https:\/\/www.visit-ulcinj.com\/blog\/#\/schema\/person\/dcab619c614d3038751c63bc2aadc06d","name":"ulqini","sameAs":["http:\/\/www.visit-ulcinj.com"],"url":"https:\/\/www.visit-ulcinj.com\/blog\/author\/admin\/"}]}},"jetpack_featured_media_url":"","jetpack_sharing_enabled":true,"jetpack_shortlink":"https:\/\/wp.me\/pe6lTn-kI9","_links":{"self":[{"href":"https:\/\/www.visit-ulcinj.com\/blog\/wp-json\/wp\/v2\/posts\/79617"}],"collection":[{"href":"https:\/\/www.visit-ulcinj.com\/blog\/wp-json\/wp\/v2\/posts"}],"about":[{"href":"https:\/\/www.visit-ulcinj.com\/blog\/wp-json\/wp\/v2\/types\/post"}],"author":[{"embeddable":true,"href":"https:\/\/www.visit-ulcinj.com\/blog\/wp-json\/wp\/v2\/users\/1"}],"replies":[{"embeddable":true,"href":"https:\/\/www.visit-ulcinj.com\/blog\/wp-json\/wp\/v2\/comments?post=79617"}],"version-history":[{"count":8,"href":"https:\/\/www.visit-ulcinj.com\/blog\/wp-json\/wp\/v2\/posts\/79617\/revisions"}],"predecessor-version":[{"id":79639,"href":"https:\/\/www.visit-ulcinj.com\/blog\/wp-json\/wp\/v2\/posts\/79617\/revisions\/79639"}],"wp:attachment":[{"href":"https:\/\/www.visit-ulcinj.com\/blog\/wp-json\/wp\/v2\/media?parent=79617"}],"wp:term":[{"taxonomy":"category","embeddable":true,"href":"https:\/\/www.visit-ulcinj.com\/blog\/wp-json\/wp\/v2\/categories?post=79617"},{"taxonomy":"post_tag","embeddable":true,"href":"https:\/\/www.visit-ulcinj.com\/blog\/wp-json\/wp\/v2\/tags?post=79617"}],"curies":[{"name":"wp","href":"https:\/\/api.w.org\/{rel}","templated":true}]}}