{"id":79624,"date":"2014-02-13T23:54:46","date_gmt":"2014-02-13T22:54:46","guid":{"rendered":"http:\/\/www.visit-ulcinj.com\/blog\/?p=79624"},"modified":"2014-02-14T14:41:09","modified_gmt":"2014-02-14T13:41:09","slug":"ide-li-dps-u-ulcinju-u-opoziciju","status":"publish","type":"post","link":"https:\/\/www.visit-ulcinj.com\/blog\/2014\/02\/13\/ide-li-dps-u-ulcinju-u-opoziciju\/","title":{"rendered":"Ide li DPS u Ulcinju u opoziciju?"},"content":{"rendered":"<p><strong>Predstavnici Force i koalicije Zajedno za budu\u0107nost Ulcinja koju \u010dine Demokratska partija-Demokratski savez i Perspektiva, a koju predvodi Fatmir \u0110eka postigli su u \u010detvrtak uve\u010de dogovor o mogu\u0107em formiranju vlasti u Ulcinju, saznaje CdM. \u00a0Prema nezvani\u010dnim saznanjima CdM-a o\u010dekuje se da ovaj dogovor podr\u017ei Pozitivna Crna Gora, \u0161to zna\u010di da bi Demokratska partija socijalista bila u opoziciji iako je na posljednjim izborima u tom gradu osvojila najvi\u0161e mandata-devet.<\/strong><\/p>\n<p><strong>Forca i Koalicija Zajedno postigle dogovor<\/strong><\/p>\n<p>Kako je na lokalnim izborima odr\u017eanim u Ulcinju 26. januara Forca osvojila osam, a koalicija Zajedno za budu\u0107nost Ulcinja sedam mandata to zna\u010di da im za formiranje vlasti nedostaju dva mandata.<\/p>\n<p>Prema nezvani\u010dnim saznanjima CdM-a dogovor Force i koalicije Zajedno za budu\u0107nost Ulcinja podr\u017ea\u0107e Pozitivna Crna Gora koja je na izborima u tom gradu osvojila dva mandata. U tom slu\u010daju bi Forca, koalicija na \u010dijem \u010delu je \u0110eka i Pozitivna imali 17 mandata \u0161to je dovoljno za formiranje vlasti jer ulcinjski parlament broji 33 odbornika.<\/p>\n<p>CdM saznaje da se odgovor Pozitivne o\u010dekuje u narednih nekoliko dana.<\/p>\n<p>Podsje\u0107amo da je nedavno poslanik Pozitivne i nosilac izborne liste u Ulcinju Dritan Abazovi\u0107 podr\u017eava dogovor politi\u010dkih subjekata Force i koalicije Zajedno koji bi Demokratsku partiju socijalista DPS poslao u opoziciju u Ulcinju.<\/p>\n<p>On je tada rekao da Pozitivna ne\u0107e uslovljavati bilo \u010dime taj dogovor, niti ih u toj partiji, kako je naveo, interesuju funkcije.<\/p>\n<p>\u201cNi funkcije ni beneficije ni privilegije nisu ne\u0161to \u0161to nas zanima. Ono \u0161to ba\u0161tini Pozitivnu Crnu Goru jesu realni principi i osnove koju su kompatibilni sa evropskim standardima u lokalnim samoupravama\u201d, rekao je Abazovi\u0107.<\/p>\n<p>Sa druge strane DPS, koji je na izborima u Ulcinju osvojio devet mandata, formirao je tim za pregovore o postizbornoj koaliciji. U grupi su i visoki funkcioneri partije, Svetozar Marovi\u0107 i Sanja Vlahovi\u0107.<\/p>\n<p>Funkcioner DPS-a Lui\u0111 \u0160krelja je kazao da \u0107e timom rukovoditi predsjednik Op\u0161tinskog odbora Ljoro Nreki\u0107.<\/p>\n<p>DPS je ve\u0107 pregovarao sa Demokratskom unijom Albanaca DUA koja je na lokalnim izborima u Ulcinju osvojila tri mandata.<\/p>\n<p>Podsje\u0107amo da je u nedjelju, 9. februara, predsjedni\u0161tvo Demokratske unije Albanaca DUA donijelo jednoglasnu odluku da vi\u0161e ne\u0107e pregovarati sa albanskim partijama o formiranju vlasti u Ulcinju.<\/p>\n<p>Lider te partije Mehmet Zenka je tada saop\u0161tio da \u0107e ubudu\u0107e o formiranju vlasti u Ulcinju pregovarati samo sa Demokratskom partijom socijalista DPS.<\/p>\n<p>Tako\u0111e podsje\u0107amo da je prvi \u010dovjek ulcinjskog SDP-a Selim Resulbegovi\u0107 kazao da je za socijaldemokrate najrealnija opcija savez sa DPS-om, DUA i koalicijom Fatmira \u0110eke.<\/p>\n<p>Na lokalnim izborima u Ulcinju Demokratska partija socijalsita osvojila je devet mandata, Forca osam, koalicija Zajedno za budu\u0107nost Ulcinja koju \u010dine Demokratska partija-Demokratski savez i Perspektiva sedam, Demokratska unija Albanaca tri, Socijaldemokratska partija se dva, Pozitivna Crna Gora dva, Socijalisti\u010dka narodna partija i Demokratski front po jedan, a Bo\u0161nja\u010dka stranka nije pre\u0161la cenzus.<\/p>\n<p>Aleksandra Obradovi\u0107<br \/>\n<strong>Izvor: CDM<\/strong><\/p>\n<p><a href=\"http:\/\/www.visit-ulcinj.com\/blog\/wp-content\/uploads\/2014\/02\/Forca-Koalicioni-Bashk\u00eb-p\u00ebr-t\u00eb-ardhmen-e-Ulqinit.jpg\"><img loading=\"lazy\" class=\"alignleft  wp-image-79618\" alt=\"Forca-Koalicioni -Bashk\u00eb p\u00ebr t\u00eb ardhmen e Ulqinit\" src=\"http:\/\/www.visit-ulcinj.com\/blog\/wp-content\/uploads\/2014\/02\/Forca-Koalicioni-Bashk\u00eb-p\u00ebr-t\u00eb-ardhmen-e-Ulqinit.jpg\" width=\"508\" height=\"600\" \/><\/a><\/p>\n","protected":false},"excerpt":{"rendered":"<p>Predstavnici Force i koalicije Zajedno za budu\u0107nost Ulcinja koju \u010dine Demokratska partija-Demokratski savez i Perspektiva, a koju predvodi Fatmir \u0110eka postigli su u \u010detvrtak uve\u010de dogovor o mogu\u0107em formiranju vlasti u Ulcinju, saznaje CdM. \u00a0Prema nezvani\u010dnim saznanjima CdM-a o\u010dekuje se da ovaj dogovor podr\u017ei Pozitivna Crna Gora, \u0161to zna\u010di da bi Demokratska partija socijalista bila [&hellip;]<\/p>\n","protected":false},"author":1,"featured_media":0,"comment_status":"closed","ping_status":"closed","sticky":false,"template":"","format":"standard","meta":{"spay_email":"","jetpack_publicize_message":"","jetpack_is_tweetstorm":false,"jetpack_publicize_feature_enabled":true},"categories":[8337],"tags":[],"jetpack_publicize_connections":[],"yoast_head":"<!-- This site is optimized with the Yoast SEO plugin v19.1 - https:\/\/yoast.com\/wordpress\/plugins\/seo\/ -->\n<title>Ide li DPS u Ulcinju u opoziciju? - Lajme nga Ulqini<\/title>\n<meta name=\"description\" content=\"Predstavnici Force i koalicije Zajedno za budu\u0107nost Ulcinja koju \u010dine Demokratska partija-Demokratski savez i Perspektiva, a koju predvodi Fatmir \u0110eka\" \/>\n<meta name=\"robots\" content=\"index, follow, max-snippet:-1, max-image-preview:large, max-video-preview:-1\" \/>\n<link rel=\"canonical\" href=\"https:\/\/www.visit-ulcinj.com\/blog\/2014\/02\/13\/ide-li-dps-u-ulcinju-u-opoziciju\/\" \/>\n<meta property=\"og:locale\" content=\"en_US\" \/>\n<meta property=\"og:type\" content=\"article\" \/>\n<meta property=\"og:title\" content=\"Ide li DPS u Ulcinju u opoziciju? - Lajme nga Ulqini\" \/>\n<meta property=\"og:description\" content=\"Predstavnici Force i koalicije Zajedno za budu\u0107nost Ulcinja koju \u010dine Demokratska partija-Demokratski savez i Perspektiva, a koju predvodi Fatmir \u0110eka\" \/>\n<meta property=\"og:url\" content=\"https:\/\/www.visit-ulcinj.com\/blog\/2014\/02\/13\/ide-li-dps-u-ulcinju-u-opoziciju\/\" \/>\n<meta property=\"og:site_name\" content=\"Lajme nga Ulqini\" \/>\n<meta property=\"article:published_time\" content=\"2014-02-13T22:54:46+00:00\" \/>\n<meta property=\"article:modified_time\" content=\"2014-02-14T13:41:09+00:00\" \/>\n<meta name=\"twitter:label1\" content=\"Written by\" \/>\n\t<meta name=\"twitter:data1\" content=\"ulqini\" \/>\n\t<meta name=\"twitter:label2\" content=\"Est. reading time\" \/>\n\t<meta name=\"twitter:data2\" content=\"2 minutes\" \/>\n<script type=\"application\/ld+json\" class=\"yoast-schema-graph\">{\"@context\":\"https:\/\/schema.org\",\"@graph\":[{\"@type\":\"WebSite\",\"@id\":\"https:\/\/www.visit-ulcinj.com\/blog\/#website\",\"url\":\"https:\/\/www.visit-ulcinj.com\/blog\/\",\"name\":\"Lajme nga Ulqini\",\"description\":\"Lajme,Vijesti,Ulqini,Ulqin,Crna Gora,Mali i Zi\",\"potentialAction\":[{\"@type\":\"SearchAction\",\"target\":{\"@type\":\"EntryPoint\",\"urlTemplate\":\"https:\/\/www.visit-ulcinj.com\/blog\/?s={search_term_string}\"},\"query-input\":\"required name=search_term_string\"}],\"inLanguage\":\"en-US\"},{\"@type\":\"WebPage\",\"@id\":\"https:\/\/www.visit-ulcinj.com\/blog\/2014\/02\/13\/ide-li-dps-u-ulcinju-u-opoziciju\/#webpage\",\"url\":\"https:\/\/www.visit-ulcinj.com\/blog\/2014\/02\/13\/ide-li-dps-u-ulcinju-u-opoziciju\/\",\"name\":\"Ide li DPS u Ulcinju u opoziciju? - Lajme nga Ulqini\",\"isPartOf\":{\"@id\":\"https:\/\/www.visit-ulcinj.com\/blog\/#website\"},\"datePublished\":\"2014-02-13T22:54:46+00:00\",\"dateModified\":\"2014-02-14T13:41:09+00:00\",\"author\":{\"@id\":\"https:\/\/www.visit-ulcinj.com\/blog\/#\/schema\/person\/dcab619c614d3038751c63bc2aadc06d\"},\"description\":\"Predstavnici Force i koalicije Zajedno za budu\u0107nost Ulcinja koju \u010dine Demokratska partija-Demokratski savez i Perspektiva, a koju predvodi Fatmir \u0110eka\",\"breadcrumb\":{\"@id\":\"https:\/\/www.visit-ulcinj.com\/blog\/2014\/02\/13\/ide-li-dps-u-ulcinju-u-opoziciju\/#breadcrumb\"},\"inLanguage\":\"en-US\",\"potentialAction\":[{\"@type\":\"ReadAction\",\"target\":[\"https:\/\/www.visit-ulcinj.com\/blog\/2014\/02\/13\/ide-li-dps-u-ulcinju-u-opoziciju\/\"]}]},{\"@type\":\"BreadcrumbList\",\"@id\":\"https:\/\/www.visit-ulcinj.com\/blog\/2014\/02\/13\/ide-li-dps-u-ulcinju-u-opoziciju\/#breadcrumb\",\"itemListElement\":[{\"@type\":\"ListItem\",\"position\":1,\"name\":\"Ide li DPS u Ulcinju u opoziciju?\"}]},{\"@type\":\"Person\",\"@id\":\"https:\/\/www.visit-ulcinj.com\/blog\/#\/schema\/person\/dcab619c614d3038751c63bc2aadc06d\",\"name\":\"ulqini\",\"sameAs\":[\"http:\/\/www.visit-ulcinj.com\"],\"url\":\"https:\/\/www.visit-ulcinj.com\/blog\/author\/admin\/\"}]}<\/script>\n<!-- \/ Yoast SEO plugin. -->","yoast_head_json":{"title":"Ide li DPS u Ulcinju u opoziciju? - Lajme nga Ulqini","description":"Predstavnici Force i koalicije Zajedno za budu\u0107nost Ulcinja koju \u010dine Demokratska partija-Demokratski savez i Perspektiva, a koju predvodi Fatmir \u0110eka","robots":{"index":"index","follow":"follow","max-snippet":"max-snippet:-1","max-image-preview":"max-image-preview:large","max-video-preview":"max-video-preview:-1"},"canonical":"https:\/\/www.visit-ulcinj.com\/blog\/2014\/02\/13\/ide-li-dps-u-ulcinju-u-opoziciju\/","og_locale":"en_US","og_type":"article","og_title":"Ide li DPS u Ulcinju u opoziciju? - Lajme nga Ulqini","og_description":"Predstavnici Force i koalicije Zajedno za budu\u0107nost Ulcinja koju \u010dine Demokratska partija-Demokratski savez i Perspektiva, a koju predvodi Fatmir \u0110eka","og_url":"https:\/\/www.visit-ulcinj.com\/blog\/2014\/02\/13\/ide-li-dps-u-ulcinju-u-opoziciju\/","og_site_name":"Lajme nga Ulqini","article_published_time":"2014-02-13T22:54:46+00:00","article_modified_time":"2014-02-14T13:41:09+00:00","twitter_misc":{"Written by":"ulqini","Est. reading time":"2 minutes"},"schema":{"@context":"https:\/\/schema.org","@graph":[{"@type":"WebSite","@id":"https:\/\/www.visit-ulcinj.com\/blog\/#website","url":"https:\/\/www.visit-ulcinj.com\/blog\/","name":"Lajme nga Ulqini","description":"Lajme,Vijesti,Ulqini,Ulqin,Crna Gora,Mali i Zi","potentialAction":[{"@type":"SearchAction","target":{"@type":"EntryPoint","urlTemplate":"https:\/\/www.visit-ulcinj.com\/blog\/?s={search_term_string}"},"query-input":"required name=search_term_string"}],"inLanguage":"en-US"},{"@type":"WebPage","@id":"https:\/\/www.visit-ulcinj.com\/blog\/2014\/02\/13\/ide-li-dps-u-ulcinju-u-opoziciju\/#webpage","url":"https:\/\/www.visit-ulcinj.com\/blog\/2014\/02\/13\/ide-li-dps-u-ulcinju-u-opoziciju\/","name":"Ide li DPS u Ulcinju u opoziciju? - Lajme nga Ulqini","isPartOf":{"@id":"https:\/\/www.visit-ulcinj.com\/blog\/#website"},"datePublished":"2014-02-13T22:54:46+00:00","dateModified":"2014-02-14T13:41:09+00:00","author":{"@id":"https:\/\/www.visit-ulcinj.com\/blog\/#\/schema\/person\/dcab619c614d3038751c63bc2aadc06d"},"description":"Predstavnici Force i koalicije Zajedno za budu\u0107nost Ulcinja koju \u010dine Demokratska partija-Demokratski savez i Perspektiva, a koju predvodi Fatmir \u0110eka","breadcrumb":{"@id":"https:\/\/www.visit-ulcinj.com\/blog\/2014\/02\/13\/ide-li-dps-u-ulcinju-u-opoziciju\/#breadcrumb"},"inLanguage":"en-US","potentialAction":[{"@type":"ReadAction","target":["https:\/\/www.visit-ulcinj.com\/blog\/2014\/02\/13\/ide-li-dps-u-ulcinju-u-opoziciju\/"]}]},{"@type":"BreadcrumbList","@id":"https:\/\/www.visit-ulcinj.com\/blog\/2014\/02\/13\/ide-li-dps-u-ulcinju-u-opoziciju\/#breadcrumb","itemListElement":[{"@type":"ListItem","position":1,"name":"Ide li DPS u Ulcinju u opoziciju?"}]},{"@type":"Person","@id":"https:\/\/www.visit-ulcinj.com\/blog\/#\/schema\/person\/dcab619c614d3038751c63bc2aadc06d","name":"ulqini","sameAs":["http:\/\/www.visit-ulcinj.com"],"url":"https:\/\/www.visit-ulcinj.com\/blog\/author\/admin\/"}]}},"jetpack_featured_media_url":"","jetpack_sharing_enabled":true,"jetpack_shortlink":"https:\/\/wp.me\/pe6lTn-kIg","_links":{"self":[{"href":"https:\/\/www.visit-ulcinj.com\/blog\/wp-json\/wp\/v2\/posts\/79624"}],"collection":[{"href":"https:\/\/www.visit-ulcinj.com\/blog\/wp-json\/wp\/v2\/posts"}],"about":[{"href":"https:\/\/www.visit-ulcinj.com\/blog\/wp-json\/wp\/v2\/types\/post"}],"author":[{"embeddable":true,"href":"https:\/\/www.visit-ulcinj.com\/blog\/wp-json\/wp\/v2\/users\/1"}],"replies":[{"embeddable":true,"href":"https:\/\/www.visit-ulcinj.com\/blog\/wp-json\/wp\/v2\/comments?post=79624"}],"version-history":[{"count":5,"href":"https:\/\/www.visit-ulcinj.com\/blog\/wp-json\/wp\/v2\/posts\/79624\/revisions"}],"predecessor-version":[{"id":79631,"href":"https:\/\/www.visit-ulcinj.com\/blog\/wp-json\/wp\/v2\/posts\/79624\/revisions\/79631"}],"wp:attachment":[{"href":"https:\/\/www.visit-ulcinj.com\/blog\/wp-json\/wp\/v2\/media?parent=79624"}],"wp:term":[{"taxonomy":"category","embeddable":true,"href":"https:\/\/www.visit-ulcinj.com\/blog\/wp-json\/wp\/v2\/categories?post=79624"},{"taxonomy":"post_tag","embeddable":true,"href":"https:\/\/www.visit-ulcinj.com\/blog\/wp-json\/wp\/v2\/tags?post=79624"}],"curies":[{"name":"wp","href":"https:\/\/api.w.org\/{rel}","templated":true}]}}