{"id":7964,"date":"2009-01-01T13:32:46","date_gmt":"2009-01-01T12:32:46","guid":{"rendered":"http:\/\/www.visit-ulcinj.com\/blog\/?p=7964"},"modified":"2009-01-01T13:33:25","modified_gmt":"2009-01-01T12:33:25","slug":"cekia-merr-kryesimin-e-presidences-se-bashkimit-evropian","status":"publish","type":"post","link":"https:\/\/www.visit-ulcinj.com\/blog\/2009\/01\/01\/cekia-merr-kryesimin-e-presidences-se-bashkimit-evropian\/","title":{"rendered":"\u00c7ekia merr kryesimin e presidenc\u00ebs s\u00eb Bashkimit Evropian"},"content":{"rendered":"<p><img loading=\"lazy\" class=\"alignleft size-full wp-image-7965\" title=\"children-and-eu\" src=\"http:\/\/www.visit-ulcinj.com\/blog\/wp-content\/uploads\/2009\/01\/children-and-eu.jpg\" alt=\"children-and-eu\" width=\"370\" height=\"340\" \/>Nga dita e sotme \u00c7ekia do t\u00eb kryesoj p\u00ebr gjasht\u00eb muajt e ardhsh\u00ebm presidenc\u00ebn e radh\u00ebs s\u00eb Bashkimit Evropian.<br \/>\nNisur nga kriza nd\u00ebrkomb\u00ebtare financiare dhe ekonomike si dhe luftimeve n\u00eb Rripin e Gaz\u00ebs pritjet nga udh\u00ebheqja \u00e7eke n\u00eb Prag\u00eb jan\u00eb t\u00eb m\u00ebdha. Ministri i jasht\u00ebm \u00e7ek Karel Shwarzenberg udh\u00ebton k\u00ebt\u00eb fundjav\u00eb me diplomat\u00eb t\u00eb tjer\u00eb t\u00eb BE-s\u00eb p\u00ebr negociata n\u00eb Lindjen e Mesme. Me 1 korrik \u00c7ekia i dor\u00ebzon Suedis\u00eb presidenc\u00ebn e radh\u00ebs s\u00eb BE-s\u00eb.<br \/>\n<strong>DW<\/strong><\/p>\n","protected":false},"excerpt":{"rendered":"<p>Nga dita e sotme \u00c7ekia do t\u00eb kryesoj p\u00ebr gjasht\u00eb muajt e ardhsh\u00ebm presidenc\u00ebn e radh\u00ebs s\u00eb Bashkimit Evropian. Nisur nga kriza nd\u00ebrkomb\u00ebtare financiare dhe ekonomike si dhe luftimeve n\u00eb Rripin e Gaz\u00ebs pritjet nga udh\u00ebheqja \u00e7eke n\u00eb Prag\u00eb jan\u00eb t\u00eb m\u00ebdha. Ministri i jasht\u00ebm \u00e7ek Karel Shwarzenberg udh\u00ebton k\u00ebt\u00eb fundjav\u00eb me diplomat\u00eb t\u00eb tjer\u00eb [&hellip;]<\/p>\n","protected":false},"author":1,"featured_media":0,"comment_status":"open","ping_status":"closed","sticky":false,"template":"","format":"standard","meta":{"spay_email":"","jetpack_publicize_message":"","jetpack_is_tweetstorm":false,"jetpack_publicize_feature_enabled":true},"categories":[7],"tags":[5526,5244,5527],"jetpack_publicize_connections":[],"yoast_head":"<!-- This site is optimized with the Yoast SEO plugin v19.1 - https:\/\/yoast.com\/wordpress\/plugins\/seo\/ -->\n<title>\u00c7ekia merr kryesimin e presidenc\u00ebs s\u00eb Bashkimit Evropian - Lajme nga Ulqini<\/title>\n<meta name=\"description\" content=\"Nga dita e sotme \u00c7ekia do t\u00eb kryesoj p\u00ebr gjasht\u00eb muajt e ardhsh\u00ebm presidenc\u00ebn e radh\u00ebs s\u00eb Bashkimit Evropian. Nisur nga kriza nd\u00ebrkomb\u00ebtare financiare dhe\" \/>\n<meta name=\"robots\" content=\"index, follow, max-snippet:-1, max-image-preview:large, max-video-preview:-1\" \/>\n<link rel=\"canonical\" href=\"https:\/\/www.visit-ulcinj.com\/blog\/2009\/01\/01\/cekia-merr-kryesimin-e-presidences-se-bashkimit-evropian\/\" \/>\n<meta property=\"og:locale\" content=\"en_US\" \/>\n<meta property=\"og:type\" content=\"article\" \/>\n<meta property=\"og:title\" content=\"\u00c7ekia merr kryesimin e presidenc\u00ebs s\u00eb Bashkimit Evropian - Lajme nga Ulqini\" \/>\n<meta property=\"og:description\" content=\"Nga dita e sotme \u00c7ekia do t\u00eb kryesoj p\u00ebr gjasht\u00eb muajt e ardhsh\u00ebm presidenc\u00ebn e radh\u00ebs s\u00eb Bashkimit Evropian. Nisur nga kriza nd\u00ebrkomb\u00ebtare financiare dhe\" \/>\n<meta property=\"og:url\" content=\"https:\/\/www.visit-ulcinj.com\/blog\/2009\/01\/01\/cekia-merr-kryesimin-e-presidences-se-bashkimit-evropian\/\" \/>\n<meta property=\"og:site_name\" content=\"Lajme nga Ulqini\" \/>\n<meta property=\"article:published_time\" content=\"2009-01-01T12:32:46+00:00\" \/>\n<meta property=\"article:modified_time\" content=\"2009-01-01T12:33:25+00:00\" \/>\n<meta property=\"og:image\" content=\"http:\/\/www.visit-ulcinj.com\/blog\/wp-content\/uploads\/2009\/01\/children-and-eu.jpg\" \/>\n<meta name=\"twitter:label1\" content=\"Written by\" \/>\n\t<meta name=\"twitter:data1\" content=\"ulqini\" \/>\n<script type=\"application\/ld+json\" class=\"yoast-schema-graph\">{\"@context\":\"https:\/\/schema.org\",\"@graph\":[{\"@type\":\"WebSite\",\"@id\":\"https:\/\/www.visit-ulcinj.com\/blog\/#website\",\"url\":\"https:\/\/www.visit-ulcinj.com\/blog\/\",\"name\":\"Lajme nga Ulqini\",\"description\":\"Lajme,Vijesti,Ulqini,Ulqin,Crna Gora,Mali i Zi\",\"potentialAction\":[{\"@type\":\"SearchAction\",\"target\":{\"@type\":\"EntryPoint\",\"urlTemplate\":\"https:\/\/www.visit-ulcinj.com\/blog\/?s={search_term_string}\"},\"query-input\":\"required name=search_term_string\"}],\"inLanguage\":\"en-US\"},{\"@type\":\"ImageObject\",\"inLanguage\":\"en-US\",\"@id\":\"https:\/\/www.visit-ulcinj.com\/blog\/2009\/01\/01\/cekia-merr-kryesimin-e-presidences-se-bashkimit-evropian\/#primaryimage\",\"url\":\"http:\/\/www.visit-ulcinj.com\/blog\/wp-content\/uploads\/2009\/01\/children-and-eu.jpg\",\"contentUrl\":\"http:\/\/www.visit-ulcinj.com\/blog\/wp-content\/uploads\/2009\/01\/children-and-eu.jpg\"},{\"@type\":\"WebPage\",\"@id\":\"https:\/\/www.visit-ulcinj.com\/blog\/2009\/01\/01\/cekia-merr-kryesimin-e-presidences-se-bashkimit-evropian\/#webpage\",\"url\":\"https:\/\/www.visit-ulcinj.com\/blog\/2009\/01\/01\/cekia-merr-kryesimin-e-presidences-se-bashkimit-evropian\/\",\"name\":\"\u00c7ekia merr kryesimin e presidenc\u00ebs s\u00eb Bashkimit Evropian - Lajme nga Ulqini\",\"isPartOf\":{\"@id\":\"https:\/\/www.visit-ulcinj.com\/blog\/#website\"},\"primaryImageOfPage\":{\"@id\":\"https:\/\/www.visit-ulcinj.com\/blog\/2009\/01\/01\/cekia-merr-kryesimin-e-presidences-se-bashkimit-evropian\/#primaryimage\"},\"datePublished\":\"2009-01-01T12:32:46+00:00\",\"dateModified\":\"2009-01-01T12:33:25+00:00\",\"author\":{\"@id\":\"https:\/\/www.visit-ulcinj.com\/blog\/#\/schema\/person\/dcab619c614d3038751c63bc2aadc06d\"},\"description\":\"Nga dita e sotme \u00c7ekia do t\u00eb kryesoj p\u00ebr gjasht\u00eb muajt e ardhsh\u00ebm presidenc\u00ebn e radh\u00ebs s\u00eb Bashkimit Evropian. Nisur nga kriza nd\u00ebrkomb\u00ebtare financiare dhe\",\"breadcrumb\":{\"@id\":\"https:\/\/www.visit-ulcinj.com\/blog\/2009\/01\/01\/cekia-merr-kryesimin-e-presidences-se-bashkimit-evropian\/#breadcrumb\"},\"inLanguage\":\"en-US\",\"potentialAction\":[{\"@type\":\"ReadAction\",\"target\":[\"https:\/\/www.visit-ulcinj.com\/blog\/2009\/01\/01\/cekia-merr-kryesimin-e-presidences-se-bashkimit-evropian\/\"]}]},{\"@type\":\"BreadcrumbList\",\"@id\":\"https:\/\/www.visit-ulcinj.com\/blog\/2009\/01\/01\/cekia-merr-kryesimin-e-presidences-se-bashkimit-evropian\/#breadcrumb\",\"itemListElement\":[{\"@type\":\"ListItem\",\"position\":1,\"name\":\"\u00c7ekia merr kryesimin e presidenc\u00ebs s\u00eb Bashkimit Evropian\"}]},{\"@type\":\"Person\",\"@id\":\"https:\/\/www.visit-ulcinj.com\/blog\/#\/schema\/person\/dcab619c614d3038751c63bc2aadc06d\",\"name\":\"ulqini\",\"sameAs\":[\"http:\/\/www.visit-ulcinj.com\"],\"url\":\"https:\/\/www.visit-ulcinj.com\/blog\/author\/admin\/\"}]}<\/script>\n<!-- \/ Yoast SEO plugin. -->","yoast_head_json":{"title":"\u00c7ekia merr kryesimin e presidenc\u00ebs s\u00eb Bashkimit Evropian - Lajme nga Ulqini","description":"Nga dita e sotme \u00c7ekia do t\u00eb kryesoj p\u00ebr gjasht\u00eb muajt e ardhsh\u00ebm presidenc\u00ebn e radh\u00ebs s\u00eb Bashkimit Evropian. Nisur nga kriza nd\u00ebrkomb\u00ebtare financiare dhe","robots":{"index":"index","follow":"follow","max-snippet":"max-snippet:-1","max-image-preview":"max-image-preview:large","max-video-preview":"max-video-preview:-1"},"canonical":"https:\/\/www.visit-ulcinj.com\/blog\/2009\/01\/01\/cekia-merr-kryesimin-e-presidences-se-bashkimit-evropian\/","og_locale":"en_US","og_type":"article","og_title":"\u00c7ekia merr kryesimin e presidenc\u00ebs s\u00eb Bashkimit Evropian - Lajme nga Ulqini","og_description":"Nga dita e sotme \u00c7ekia do t\u00eb kryesoj p\u00ebr gjasht\u00eb muajt e ardhsh\u00ebm presidenc\u00ebn e radh\u00ebs s\u00eb Bashkimit Evropian. Nisur nga kriza nd\u00ebrkomb\u00ebtare financiare dhe","og_url":"https:\/\/www.visit-ulcinj.com\/blog\/2009\/01\/01\/cekia-merr-kryesimin-e-presidences-se-bashkimit-evropian\/","og_site_name":"Lajme nga Ulqini","article_published_time":"2009-01-01T12:32:46+00:00","article_modified_time":"2009-01-01T12:33:25+00:00","og_image":[{"url":"http:\/\/www.visit-ulcinj.com\/blog\/wp-content\/uploads\/2009\/01\/children-and-eu.jpg"}],"twitter_misc":{"Written by":"ulqini"},"schema":{"@context":"https:\/\/schema.org","@graph":[{"@type":"WebSite","@id":"https:\/\/www.visit-ulcinj.com\/blog\/#website","url":"https:\/\/www.visit-ulcinj.com\/blog\/","name":"Lajme nga Ulqini","description":"Lajme,Vijesti,Ulqini,Ulqin,Crna Gora,Mali i Zi","potentialAction":[{"@type":"SearchAction","target":{"@type":"EntryPoint","urlTemplate":"https:\/\/www.visit-ulcinj.com\/blog\/?s={search_term_string}"},"query-input":"required name=search_term_string"}],"inLanguage":"en-US"},{"@type":"ImageObject","inLanguage":"en-US","@id":"https:\/\/www.visit-ulcinj.com\/blog\/2009\/01\/01\/cekia-merr-kryesimin-e-presidences-se-bashkimit-evropian\/#primaryimage","url":"http:\/\/www.visit-ulcinj.com\/blog\/wp-content\/uploads\/2009\/01\/children-and-eu.jpg","contentUrl":"http:\/\/www.visit-ulcinj.com\/blog\/wp-content\/uploads\/2009\/01\/children-and-eu.jpg"},{"@type":"WebPage","@id":"https:\/\/www.visit-ulcinj.com\/blog\/2009\/01\/01\/cekia-merr-kryesimin-e-presidences-se-bashkimit-evropian\/#webpage","url":"https:\/\/www.visit-ulcinj.com\/blog\/2009\/01\/01\/cekia-merr-kryesimin-e-presidences-se-bashkimit-evropian\/","name":"\u00c7ekia merr kryesimin e presidenc\u00ebs s\u00eb Bashkimit Evropian - Lajme nga Ulqini","isPartOf":{"@id":"https:\/\/www.visit-ulcinj.com\/blog\/#website"},"primaryImageOfPage":{"@id":"https:\/\/www.visit-ulcinj.com\/blog\/2009\/01\/01\/cekia-merr-kryesimin-e-presidences-se-bashkimit-evropian\/#primaryimage"},"datePublished":"2009-01-01T12:32:46+00:00","dateModified":"2009-01-01T12:33:25+00:00","author":{"@id":"https:\/\/www.visit-ulcinj.com\/blog\/#\/schema\/person\/dcab619c614d3038751c63bc2aadc06d"},"description":"Nga dita e sotme \u00c7ekia do t\u00eb kryesoj p\u00ebr gjasht\u00eb muajt e ardhsh\u00ebm presidenc\u00ebn e radh\u00ebs s\u00eb Bashkimit Evropian. Nisur nga kriza nd\u00ebrkomb\u00ebtare financiare dhe","breadcrumb":{"@id":"https:\/\/www.visit-ulcinj.com\/blog\/2009\/01\/01\/cekia-merr-kryesimin-e-presidences-se-bashkimit-evropian\/#breadcrumb"},"inLanguage":"en-US","potentialAction":[{"@type":"ReadAction","target":["https:\/\/www.visit-ulcinj.com\/blog\/2009\/01\/01\/cekia-merr-kryesimin-e-presidences-se-bashkimit-evropian\/"]}]},{"@type":"BreadcrumbList","@id":"https:\/\/www.visit-ulcinj.com\/blog\/2009\/01\/01\/cekia-merr-kryesimin-e-presidences-se-bashkimit-evropian\/#breadcrumb","itemListElement":[{"@type":"ListItem","position":1,"name":"\u00c7ekia merr kryesimin e presidenc\u00ebs s\u00eb Bashkimit Evropian"}]},{"@type":"Person","@id":"https:\/\/www.visit-ulcinj.com\/blog\/#\/schema\/person\/dcab619c614d3038751c63bc2aadc06d","name":"ulqini","sameAs":["http:\/\/www.visit-ulcinj.com"],"url":"https:\/\/www.visit-ulcinj.com\/blog\/author\/admin\/"}]}},"jetpack_featured_media_url":"","jetpack_sharing_enabled":true,"jetpack_shortlink":"https:\/\/wp.me\/pe6lTn-24s","_links":{"self":[{"href":"https:\/\/www.visit-ulcinj.com\/blog\/wp-json\/wp\/v2\/posts\/7964"}],"collection":[{"href":"https:\/\/www.visit-ulcinj.com\/blog\/wp-json\/wp\/v2\/posts"}],"about":[{"href":"https:\/\/www.visit-ulcinj.com\/blog\/wp-json\/wp\/v2\/types\/post"}],"author":[{"embeddable":true,"href":"https:\/\/www.visit-ulcinj.com\/blog\/wp-json\/wp\/v2\/users\/1"}],"replies":[{"embeddable":true,"href":"https:\/\/www.visit-ulcinj.com\/blog\/wp-json\/wp\/v2\/comments?post=7964"}],"version-history":[{"count":0,"href":"https:\/\/www.visit-ulcinj.com\/blog\/wp-json\/wp\/v2\/posts\/7964\/revisions"}],"wp:attachment":[{"href":"https:\/\/www.visit-ulcinj.com\/blog\/wp-json\/wp\/v2\/media?parent=7964"}],"wp:term":[{"taxonomy":"category","embeddable":true,"href":"https:\/\/www.visit-ulcinj.com\/blog\/wp-json\/wp\/v2\/categories?post=7964"},{"taxonomy":"post_tag","embeddable":true,"href":"https:\/\/www.visit-ulcinj.com\/blog\/wp-json\/wp\/v2\/tags?post=7964"}],"curies":[{"name":"wp","href":"https:\/\/api.w.org\/{rel}","templated":true}]}}