{"id":79640,"date":"2014-02-14T14:50:58","date_gmt":"2014-02-14T13:50:58","guid":{"rendered":"http:\/\/www.visit-ulcinj.com\/blog\/?p=79640"},"modified":"2014-02-14T14:50:58","modified_gmt":"2014-02-14T13:50:58","slug":"deka-cungu-abazovic-nova-vlast-u-ulcinju","status":"publish","type":"post","link":"https:\/\/www.visit-ulcinj.com\/blog\/2014\/02\/14\/deka-cungu-abazovic-nova-vlast-u-ulcinju\/","title":{"rendered":"\u0110eka, Cungu i Abazovic nova vlast u Ulcinju?"},"content":{"rendered":"<div id=\"article_text\">\n<div id=\"attachment_79641\" style=\"width: 518px\" class=\"wp-caption alignleft\"><a href=\"http:\/\/www.visit-ulcinj.com\/blog\/wp-content\/uploads\/2014\/02\/Djeka-Cungu-Abazovic.jpg\"><img aria-describedby=\"caption-attachment-79641\" loading=\"lazy\" class=\" wp-image-79641\" alt=\"Djeka-Cungu-Abazovic\" src=\"http:\/\/www.visit-ulcinj.com\/blog\/wp-content\/uploads\/2014\/02\/Djeka-Cungu-Abazovic.jpg\" width=\"508\" height=\"360\" \/><\/a><p id=\"caption-attachment-79641\" class=\"wp-caption-text\">Foto: Vijesti<\/p><\/div>\n<p>Predsjednik Demokratske partije (DP), poslanik Fatmir \u0110eka, bi\u0107e vjerovatno novi predsjednik Op\u0161tine Ulcinj. To je epilog pregovora o formiranju vlasti u Ulcinju koji se izgleda bli\u017ee kraju nakon vanrednih izbora odr\u017eanih 26.januara.<\/p>\n<p>Lider Force Nazif Cungu potvrdio je ju\u010de \u201cVijestima\u201d da je Glavni odbor te partije prihvatio zahtjev koalicije \u201cZajedno za Ulcinj\u201d da \u0110eka bude predsjednik op\u0161tine.<\/p>\n<p>\u0160ef ulcinjske Pozitivne Crne Gore Dritan Abazovi\u0107, koji je ranije prego varao sa \u0110ekom, kazao je sino\u0107 da pozdravlja dogovor Force i koalicije, u kojoj su osim \u0110ekine DP i Perspektive Amira Holaja i Demokratskog saveza Mehmet Bardhija koji imaju dva, odnosno jednog od sedam odbornika koliko je ukupno usvojio taj savez, a od kojih bi mogla i zavisti vlast.<\/p>\n<p>\u201cSjutra imamo sastanak na kome \u0107emo definisati \u0161ta i kako dalje\u201d, kazao je Abazovi\u0107 \u201cVijestma\u201d. \u0110eka je sino\u0107 pregovorao sa DPS-om, u kojoj su, kako je kazao izvor \u201cVijesti\u201d iz te partije, neprijatno iznena\u0111eni \u010dinom va\u017enog koalicionog partnera na dr\u017eavnom nivou.<\/p>\n<p>\u201c\u0110eka je bio ovdje i govorio kako smo najbolji. Tek na kraju saznali smo da je sve dogovorio sa Forcom i Pozitivnom i da su mu ustupili mjesto predsjednika op\u0161tine. Mi mu to nijesmo nudili\u201d, kazao je \u201cVijestima\u201d visoki funkcioner ulcinjskog DPS-a koji je prisustvovao pregovorima.<\/p>\n<p>\u0110eka, kao ni \u0161ef OO DPS-a Ljoro Nreki\u0107, sino\u0107 se nijesu odazivali na brojne po zive na brojeve mobilnih telefona poznate \u201cVijestima\u201d.<\/p>\n<p>Prije pregovora sa \u0110ekom, Nreki\u0107 je istakao da vjeruje u dogovor sa koalicijom \u201cZajedno za Ulcinj\u201d, DUA i SDP.<\/p>\n<p>DPS je ju\u010de razgovorao sa SDP-om, a dan ranije postigao dogovor sa DUA.<\/p>\n<p>\u201cIzra\u017eena je dobra volja za saradnju. Saglasili smo se oko svih pitanja koja su bila tema razgovora\u201d, kazao je \u201cVijestima\u201d \u0161ef OO SDP-a Selim Resulbegovi\u0107 nakon sastanka sa \u010delnicima DPS-a.<\/p>\n<p>DPS je na izborima osvojio 9 mandata, Forca osam, koalicija 7, DUA 3, SDP i Pozitivna po dvam a SNP i Front po jedan mandat.<\/p>\n<p>Za ve\u0107inu potrebno je 17 odbornika.<\/p>\n<p><a href=\"http:\/\/www.vijesti.me\/vijesti\/cungu-deka-pozitivna-nova-vlast-ulcinju-clanak-178878\" target=\"_blank\"><strong>Samir Adrovi\u0107<\/strong><\/a><\/p>\n<p><a href=\"http:\/\/www.vijesti.me\/vijesti\/cungu-deka-pozitivna-nova-vlast-ulcinju-clanak-178878\" target=\"_blank\"><strong>Vijesti online<\/strong><\/a><\/p>\n<\/div>\n","protected":false},"excerpt":{"rendered":"<p>Predsjednik Demokratske partije (DP), poslanik Fatmir \u0110eka, bi\u0107e vjerovatno novi predsjednik Op\u0161tine Ulcinj. To je epilog pregovora o formiranju vlasti u Ulcinju koji se izgleda bli\u017ee kraju nakon vanrednih izbora odr\u017eanih 26.januara. Lider Force Nazif Cungu potvrdio je ju\u010de \u201cVijestima\u201d da je Glavni odbor te partije prihvatio zahtjev koalicije \u201cZajedno za Ulcinj\u201d da \u0110eka bude [&hellip;]<\/p>\n","protected":false},"author":1,"featured_media":0,"comment_status":"closed","ping_status":"closed","sticky":false,"template":"","format":"standard","meta":{"spay_email":"","jetpack_publicize_message":"","jetpack_is_tweetstorm":false,"jetpack_publicize_feature_enabled":true},"categories":[8337],"tags":[],"jetpack_publicize_connections":[],"yoast_head":"<!-- This site is optimized with the Yoast SEO plugin v19.1 - https:\/\/yoast.com\/wordpress\/plugins\/seo\/ -->\n<title>\u0110eka, Cungu i Abazovic nova vlast u Ulcinju? - Lajme nga Ulqini<\/title>\n<meta name=\"description\" content=\"Predsjednik Demokratske partije (DP), poslanik Fatmir \u0110eka, bi\u0107e vjerovatno novi predsjednik Op\u0161tine Ulcinj. To je epilog pregovora o formiranju vlasti u\" \/>\n<meta name=\"robots\" content=\"index, follow, max-snippet:-1, max-image-preview:large, max-video-preview:-1\" \/>\n<link rel=\"canonical\" href=\"https:\/\/www.visit-ulcinj.com\/blog\/2014\/02\/14\/deka-cungu-abazovic-nova-vlast-u-ulcinju\/\" \/>\n<meta property=\"og:locale\" content=\"en_US\" \/>\n<meta property=\"og:type\" content=\"article\" \/>\n<meta property=\"og:title\" content=\"\u0110eka, Cungu i Abazovic nova vlast u Ulcinju? - Lajme nga Ulqini\" \/>\n<meta property=\"og:description\" content=\"Predsjednik Demokratske partije (DP), poslanik Fatmir \u0110eka, bi\u0107e vjerovatno novi predsjednik Op\u0161tine Ulcinj. To je epilog pregovora o formiranju vlasti u\" \/>\n<meta property=\"og:url\" content=\"https:\/\/www.visit-ulcinj.com\/blog\/2014\/02\/14\/deka-cungu-abazovic-nova-vlast-u-ulcinju\/\" \/>\n<meta property=\"og:site_name\" content=\"Lajme nga Ulqini\" \/>\n<meta property=\"article:published_time\" content=\"2014-02-14T13:50:58+00:00\" \/>\n<meta property=\"og:image\" content=\"http:\/\/www.visit-ulcinj.com\/blog\/wp-content\/uploads\/2014\/02\/Djeka-Cungu-Abazovic.jpg\" \/>\n<meta name=\"twitter:label1\" content=\"Written by\" \/>\n\t<meta name=\"twitter:data1\" content=\"ulqini\" \/>\n\t<meta name=\"twitter:label2\" content=\"Est. reading time\" \/>\n\t<meta name=\"twitter:data2\" content=\"2 minutes\" \/>\n<script type=\"application\/ld+json\" class=\"yoast-schema-graph\">{\"@context\":\"https:\/\/schema.org\",\"@graph\":[{\"@type\":\"WebSite\",\"@id\":\"https:\/\/www.visit-ulcinj.com\/blog\/#website\",\"url\":\"https:\/\/www.visit-ulcinj.com\/blog\/\",\"name\":\"Lajme nga Ulqini\",\"description\":\"Lajme,Vijesti,Ulqini,Ulqin,Crna Gora,Mali i Zi\",\"potentialAction\":[{\"@type\":\"SearchAction\",\"target\":{\"@type\":\"EntryPoint\",\"urlTemplate\":\"https:\/\/www.visit-ulcinj.com\/blog\/?s={search_term_string}\"},\"query-input\":\"required name=search_term_string\"}],\"inLanguage\":\"en-US\"},{\"@type\":\"ImageObject\",\"inLanguage\":\"en-US\",\"@id\":\"https:\/\/www.visit-ulcinj.com\/blog\/2014\/02\/14\/deka-cungu-abazovic-nova-vlast-u-ulcinju\/#primaryimage\",\"url\":\"https:\/\/www.visit-ulcinj.com\/blog\/wp-content\/uploads\/2014\/02\/Djeka-Cungu-Abazovic.jpg\",\"contentUrl\":\"https:\/\/www.visit-ulcinj.com\/blog\/wp-content\/uploads\/2014\/02\/Djeka-Cungu-Abazovic.jpg\",\"width\":707,\"height\":445},{\"@type\":\"WebPage\",\"@id\":\"https:\/\/www.visit-ulcinj.com\/blog\/2014\/02\/14\/deka-cungu-abazovic-nova-vlast-u-ulcinju\/#webpage\",\"url\":\"https:\/\/www.visit-ulcinj.com\/blog\/2014\/02\/14\/deka-cungu-abazovic-nova-vlast-u-ulcinju\/\",\"name\":\"\u0110eka, Cungu i Abazovic nova vlast u Ulcinju? - Lajme nga Ulqini\",\"isPartOf\":{\"@id\":\"https:\/\/www.visit-ulcinj.com\/blog\/#website\"},\"primaryImageOfPage\":{\"@id\":\"https:\/\/www.visit-ulcinj.com\/blog\/2014\/02\/14\/deka-cungu-abazovic-nova-vlast-u-ulcinju\/#primaryimage\"},\"datePublished\":\"2014-02-14T13:50:58+00:00\",\"dateModified\":\"2014-02-14T13:50:58+00:00\",\"author\":{\"@id\":\"https:\/\/www.visit-ulcinj.com\/blog\/#\/schema\/person\/dcab619c614d3038751c63bc2aadc06d\"},\"description\":\"Predsjednik Demokratske partije (DP), poslanik Fatmir \u0110eka, bi\u0107e vjerovatno novi predsjednik Op\u0161tine Ulcinj. To je epilog pregovora o formiranju vlasti u\",\"breadcrumb\":{\"@id\":\"https:\/\/www.visit-ulcinj.com\/blog\/2014\/02\/14\/deka-cungu-abazovic-nova-vlast-u-ulcinju\/#breadcrumb\"},\"inLanguage\":\"en-US\",\"potentialAction\":[{\"@type\":\"ReadAction\",\"target\":[\"https:\/\/www.visit-ulcinj.com\/blog\/2014\/02\/14\/deka-cungu-abazovic-nova-vlast-u-ulcinju\/\"]}]},{\"@type\":\"BreadcrumbList\",\"@id\":\"https:\/\/www.visit-ulcinj.com\/blog\/2014\/02\/14\/deka-cungu-abazovic-nova-vlast-u-ulcinju\/#breadcrumb\",\"itemListElement\":[{\"@type\":\"ListItem\",\"position\":1,\"name\":\"\u0110eka, Cungu i Abazovic nova vlast u Ulcinju?\"}]},{\"@type\":\"Person\",\"@id\":\"https:\/\/www.visit-ulcinj.com\/blog\/#\/schema\/person\/dcab619c614d3038751c63bc2aadc06d\",\"name\":\"ulqini\",\"sameAs\":[\"http:\/\/www.visit-ulcinj.com\"],\"url\":\"https:\/\/www.visit-ulcinj.com\/blog\/author\/admin\/\"}]}<\/script>\n<!-- \/ Yoast SEO plugin. -->","yoast_head_json":{"title":"\u0110eka, Cungu i Abazovic nova vlast u Ulcinju? - Lajme nga Ulqini","description":"Predsjednik Demokratske partije (DP), poslanik Fatmir \u0110eka, bi\u0107e vjerovatno novi predsjednik Op\u0161tine Ulcinj. To je epilog pregovora o formiranju vlasti u","robots":{"index":"index","follow":"follow","max-snippet":"max-snippet:-1","max-image-preview":"max-image-preview:large","max-video-preview":"max-video-preview:-1"},"canonical":"https:\/\/www.visit-ulcinj.com\/blog\/2014\/02\/14\/deka-cungu-abazovic-nova-vlast-u-ulcinju\/","og_locale":"en_US","og_type":"article","og_title":"\u0110eka, Cungu i Abazovic nova vlast u Ulcinju? - Lajme nga Ulqini","og_description":"Predsjednik Demokratske partije (DP), poslanik Fatmir \u0110eka, bi\u0107e vjerovatno novi predsjednik Op\u0161tine Ulcinj. To je epilog pregovora o formiranju vlasti u","og_url":"https:\/\/www.visit-ulcinj.com\/blog\/2014\/02\/14\/deka-cungu-abazovic-nova-vlast-u-ulcinju\/","og_site_name":"Lajme nga Ulqini","article_published_time":"2014-02-14T13:50:58+00:00","og_image":[{"url":"http:\/\/www.visit-ulcinj.com\/blog\/wp-content\/uploads\/2014\/02\/Djeka-Cungu-Abazovic.jpg"}],"twitter_misc":{"Written by":"ulqini","Est. reading time":"2 minutes"},"schema":{"@context":"https:\/\/schema.org","@graph":[{"@type":"WebSite","@id":"https:\/\/www.visit-ulcinj.com\/blog\/#website","url":"https:\/\/www.visit-ulcinj.com\/blog\/","name":"Lajme nga Ulqini","description":"Lajme,Vijesti,Ulqini,Ulqin,Crna Gora,Mali i Zi","potentialAction":[{"@type":"SearchAction","target":{"@type":"EntryPoint","urlTemplate":"https:\/\/www.visit-ulcinj.com\/blog\/?s={search_term_string}"},"query-input":"required name=search_term_string"}],"inLanguage":"en-US"},{"@type":"ImageObject","inLanguage":"en-US","@id":"https:\/\/www.visit-ulcinj.com\/blog\/2014\/02\/14\/deka-cungu-abazovic-nova-vlast-u-ulcinju\/#primaryimage","url":"https:\/\/www.visit-ulcinj.com\/blog\/wp-content\/uploads\/2014\/02\/Djeka-Cungu-Abazovic.jpg","contentUrl":"https:\/\/www.visit-ulcinj.com\/blog\/wp-content\/uploads\/2014\/02\/Djeka-Cungu-Abazovic.jpg","width":707,"height":445},{"@type":"WebPage","@id":"https:\/\/www.visit-ulcinj.com\/blog\/2014\/02\/14\/deka-cungu-abazovic-nova-vlast-u-ulcinju\/#webpage","url":"https:\/\/www.visit-ulcinj.com\/blog\/2014\/02\/14\/deka-cungu-abazovic-nova-vlast-u-ulcinju\/","name":"\u0110eka, Cungu i Abazovic nova vlast u Ulcinju? - Lajme nga Ulqini","isPartOf":{"@id":"https:\/\/www.visit-ulcinj.com\/blog\/#website"},"primaryImageOfPage":{"@id":"https:\/\/www.visit-ulcinj.com\/blog\/2014\/02\/14\/deka-cungu-abazovic-nova-vlast-u-ulcinju\/#primaryimage"},"datePublished":"2014-02-14T13:50:58+00:00","dateModified":"2014-02-14T13:50:58+00:00","author":{"@id":"https:\/\/www.visit-ulcinj.com\/blog\/#\/schema\/person\/dcab619c614d3038751c63bc2aadc06d"},"description":"Predsjednik Demokratske partije (DP), poslanik Fatmir \u0110eka, bi\u0107e vjerovatno novi predsjednik Op\u0161tine Ulcinj. To je epilog pregovora o formiranju vlasti u","breadcrumb":{"@id":"https:\/\/www.visit-ulcinj.com\/blog\/2014\/02\/14\/deka-cungu-abazovic-nova-vlast-u-ulcinju\/#breadcrumb"},"inLanguage":"en-US","potentialAction":[{"@type":"ReadAction","target":["https:\/\/www.visit-ulcinj.com\/blog\/2014\/02\/14\/deka-cungu-abazovic-nova-vlast-u-ulcinju\/"]}]},{"@type":"BreadcrumbList","@id":"https:\/\/www.visit-ulcinj.com\/blog\/2014\/02\/14\/deka-cungu-abazovic-nova-vlast-u-ulcinju\/#breadcrumb","itemListElement":[{"@type":"ListItem","position":1,"name":"\u0110eka, Cungu i Abazovic nova vlast u Ulcinju?"}]},{"@type":"Person","@id":"https:\/\/www.visit-ulcinj.com\/blog\/#\/schema\/person\/dcab619c614d3038751c63bc2aadc06d","name":"ulqini","sameAs":["http:\/\/www.visit-ulcinj.com"],"url":"https:\/\/www.visit-ulcinj.com\/blog\/author\/admin\/"}]}},"jetpack_featured_media_url":"","jetpack_sharing_enabled":true,"jetpack_shortlink":"https:\/\/wp.me\/pe6lTn-kIw","_links":{"self":[{"href":"https:\/\/www.visit-ulcinj.com\/blog\/wp-json\/wp\/v2\/posts\/79640"}],"collection":[{"href":"https:\/\/www.visit-ulcinj.com\/blog\/wp-json\/wp\/v2\/posts"}],"about":[{"href":"https:\/\/www.visit-ulcinj.com\/blog\/wp-json\/wp\/v2\/types\/post"}],"author":[{"embeddable":true,"href":"https:\/\/www.visit-ulcinj.com\/blog\/wp-json\/wp\/v2\/users\/1"}],"replies":[{"embeddable":true,"href":"https:\/\/www.visit-ulcinj.com\/blog\/wp-json\/wp\/v2\/comments?post=79640"}],"version-history":[{"count":1,"href":"https:\/\/www.visit-ulcinj.com\/blog\/wp-json\/wp\/v2\/posts\/79640\/revisions"}],"predecessor-version":[{"id":79642,"href":"https:\/\/www.visit-ulcinj.com\/blog\/wp-json\/wp\/v2\/posts\/79640\/revisions\/79642"}],"wp:attachment":[{"href":"https:\/\/www.visit-ulcinj.com\/blog\/wp-json\/wp\/v2\/media?parent=79640"}],"wp:term":[{"taxonomy":"category","embeddable":true,"href":"https:\/\/www.visit-ulcinj.com\/blog\/wp-json\/wp\/v2\/categories?post=79640"},{"taxonomy":"post_tag","embeddable":true,"href":"https:\/\/www.visit-ulcinj.com\/blog\/wp-json\/wp\/v2\/tags?post=79640"}],"curies":[{"name":"wp","href":"https:\/\/api.w.org\/{rel}","templated":true}]}}