{"id":79643,"date":"2014-02-14T16:02:09","date_gmt":"2014-02-14T15:02:09","guid":{"rendered":"http:\/\/www.visit-ulcinj.com\/blog\/?p=79643"},"modified":"2014-02-16T22:39:36","modified_gmt":"2014-02-16T21:39:36","slug":"shqiptaret-e-ulqinit-mund-te-rimarrin-qeverisjen-e-komunes-se-ulqinit","status":"publish","type":"post","link":"https:\/\/www.visit-ulcinj.com\/blog\/2014\/02\/14\/shqiptaret-e-ulqinit-mund-te-rimarrin-qeverisjen-e-komunes-se-ulqinit\/","title":{"rendered":"Shqiptar\u00ebt e Ulqinit mund t\u00eb rimarrin qeverisjen e komunes s\u00eb Ulqinit"},"content":{"rendered":"<div id=\"stcpDiv\"><strong><a href=\"http:\/\/www.visit-ulcinj.com\/blog\/wp-content\/uploads\/2014\/02\/Djeka-Cungu-Abazovic.jpg\"><img loading=\"lazy\" class=\"alignleft  wp-image-79641\" alt=\"Djeka-Cungu-Abazovic\" src=\"http:\/\/www.visit-ulcinj.com\/blog\/wp-content\/uploads\/2014\/02\/Djeka-Cungu-Abazovic.jpg\" width=\"508\" height=\"360\" \/><\/a>Shqiptar\u00ebt e Ulqinit mund t\u00eb rimarrin Ulqinin n\u00ebse b\u00ebhen bashk\u00eb<\/strong><\/div>\n<div><\/div>\n<div>\n<div id=\"stcpDiv\"><strong><\/strong>Ulqini n\u00eb 4 vitet e ardhshme, mund t\u00eb udh\u00ebhiqet nga shqiptar\u00ebt, \u00a0pavar\u00ebsisht humbjes s\u00eb zgjedhjeve t\u00eb p\u00ebrgjithshme parlamentare.K\u00ebshtu, Forca e Re Demokratike dhe koalicioni \u201cBashk\u00eb p\u00ebr t\u00eb ardhmen e Ulqinit\u201d kan\u00eb n\u00ebnshkruar dje, dat\u00eb 13 shkurt, marr\u00ebveshjen p\u00ebr formimin e koalicionit paszgjedhor p\u00ebr formimin e pushtetit lokal n\u00eb Ulqin.K\u00ebrkes\u00ebn e koalicionit \u201cBashk\u00eb p\u00ebr t\u00eb ardhmen e Ulqinit\u201d, me kryesues Fatmir Gjeka, \u00ebsht\u00eb pranuar se do t\u00eb mb\u00ebshtetet edhe nga Forca e Re Demokratike p\u00ebr kryetar\u00eb t\u00eb Komun\u00ebs s\u00eb Ulqinit, duke b\u00ebr\u00eb k\u00ebshtu q\u00eb n\u00eb 4 vitet e ardhshme Ulqini t\u00eb udh\u00ebhiqet nga shqiptar\u00ebt.Kjo do t\u00eb jet\u00eb e mundur nese koalicioni do t\u00eb p\u00ebrkrahet edhe nga nj\u00eb parti, q\u00eb sipas parashikimeve do t\u00eb jet\u00eb partia Mali i Zi Pozitiv, q\u00eb deri tani ka shprehur p\u00ebrkrahje ndaj Fatmir Gjek\u00ebs, raportojn\u00eb mediat ulqinake.<br \/>\n<a href=\"http:\/\/www.visit-ulcinj.com\/blog\/wp-content\/uploads\/2014\/02\/Forca-Koalicioni-Bashk\u00eb-p\u00ebr-t\u00eb-ardhmen-e-Ulqinit.jpg\"><img loading=\"lazy\" class=\"alignleft  wp-image-79618\" alt=\"Forca-Koalicioni -Bashk\u00eb p\u00ebr t\u00eb ardhmen e Ulqinit\" src=\"http:\/\/www.visit-ulcinj.com\/blog\/wp-content\/uploads\/2014\/02\/Forca-Koalicioni-Bashk\u00eb-p\u00ebr-t\u00eb-ardhmen-e-Ulqinit.jpg\" width=\"508\" height=\"600\" \/><\/a><br \/>\nN\u00eb zgjedhjet e 26 janarit Forca fitoi 8 mandate, koalicioni \u201cBashk\u00eb p\u00ebr t\u00eb ardhmen e Ulqinit\u201d t\u00eb cilin e p\u00ebrb\u00ebjn\u00eb Partia Demokratike, L\u00ebvizja Perspektiva dhe Lidhja Demokratike n\u00eb Mal t\u00eb Zi fitoi 7 mandate kurse partia Mali i Zi Pozitiv fitoi 2 mandate.<strong><em>Redaksia online<br \/>\n(esh\/shqiptarja.com)\u00a0<\/em> <\/strong><\/p>\n<\/div>\n<div><!--YouTube Error: bad URL entered--><\/div>\n<\/div>\n","protected":false},"excerpt":{"rendered":"<p>Shqiptar\u00ebt e Ulqinit mund t\u00eb rimarrin Ulqinin n\u00ebse b\u00ebhen bashk\u00eb Ulqini n\u00eb 4 vitet e ardhshme, mund t\u00eb udh\u00ebhiqet nga shqiptar\u00ebt, \u00a0pavar\u00ebsisht humbjes s\u00eb zgjedhjeve t\u00eb p\u00ebrgjithshme parlamentare.K\u00ebshtu, Forca e Re Demokratike dhe koalicioni \u201cBashk\u00eb p\u00ebr t\u00eb ardhmen e Ulqinit\u201d kan\u00eb n\u00ebnshkruar dje, dat\u00eb 13 shkurt, marr\u00ebveshjen p\u00ebr formimin e koalicionit paszgjedhor p\u00ebr formimin e [&hellip;]<\/p>\n","protected":false},"author":1,"featured_media":0,"comment_status":"closed","ping_status":"closed","sticky":false,"template":"","format":"standard","meta":{"spay_email":"","jetpack_publicize_message":"","jetpack_is_tweetstorm":false,"jetpack_publicize_feature_enabled":true},"categories":[1],"tags":[],"jetpack_publicize_connections":[],"yoast_head":"<!-- This site is optimized with the Yoast SEO plugin v19.1 - https:\/\/yoast.com\/wordpress\/plugins\/seo\/ -->\n<title>Shqiptar\u00ebt e Ulqinit mund t\u00eb rimarrin qeverisjen e komunes s\u00eb Ulqinit - Lajme nga Ulqini<\/title>\n<meta name=\"description\" content=\"Shqiptar\u00ebt e Ulqinit mund t\u00eb rimarrin Ulqinin n\u00ebse b\u00ebhen bashk\u00eb Ulqini n\u00eb 4 vitet e ardhshme, mund t\u00eb udh\u00ebhiqet nga shqiptar\u00ebt, \u00a0pavar\u00ebsisht humbjes s\u00eb\" \/>\n<meta name=\"robots\" content=\"index, follow, max-snippet:-1, max-image-preview:large, max-video-preview:-1\" \/>\n<link rel=\"canonical\" href=\"https:\/\/www.visit-ulcinj.com\/blog\/2014\/02\/14\/shqiptaret-e-ulqinit-mund-te-rimarrin-qeverisjen-e-komunes-se-ulqinit\/\" \/>\n<meta property=\"og:locale\" content=\"en_US\" \/>\n<meta property=\"og:type\" content=\"article\" \/>\n<meta property=\"og:title\" content=\"Shqiptar\u00ebt e Ulqinit mund t\u00eb rimarrin qeverisjen e komunes s\u00eb Ulqinit - Lajme nga Ulqini\" \/>\n<meta property=\"og:description\" content=\"Shqiptar\u00ebt e Ulqinit mund t\u00eb rimarrin Ulqinin n\u00ebse b\u00ebhen bashk\u00eb Ulqini n\u00eb 4 vitet e ardhshme, mund t\u00eb udh\u00ebhiqet nga shqiptar\u00ebt, \u00a0pavar\u00ebsisht humbjes s\u00eb\" \/>\n<meta property=\"og:url\" content=\"https:\/\/www.visit-ulcinj.com\/blog\/2014\/02\/14\/shqiptaret-e-ulqinit-mund-te-rimarrin-qeverisjen-e-komunes-se-ulqinit\/\" \/>\n<meta property=\"og:site_name\" content=\"Lajme nga Ulqini\" \/>\n<meta property=\"article:published_time\" content=\"2014-02-14T15:02:09+00:00\" \/>\n<meta property=\"article:modified_time\" content=\"2014-02-16T21:39:36+00:00\" \/>\n<meta property=\"og:image\" content=\"http:\/\/www.visit-ulcinj.com\/blog\/wp-content\/uploads\/2014\/02\/Djeka-Cungu-Abazovic.jpg\" \/>\n<meta name=\"twitter:label1\" content=\"Written by\" \/>\n\t<meta name=\"twitter:data1\" content=\"ulqini\" \/>\n\t<meta name=\"twitter:label2\" content=\"Est. reading time\" \/>\n\t<meta name=\"twitter:data2\" content=\"1 minute\" \/>\n<script type=\"application\/ld+json\" class=\"yoast-schema-graph\">{\"@context\":\"https:\/\/schema.org\",\"@graph\":[{\"@type\":\"WebSite\",\"@id\":\"https:\/\/www.visit-ulcinj.com\/blog\/#website\",\"url\":\"https:\/\/www.visit-ulcinj.com\/blog\/\",\"name\":\"Lajme nga Ulqini\",\"description\":\"Lajme,Vijesti,Ulqini,Ulqin,Crna Gora,Mali i Zi\",\"potentialAction\":[{\"@type\":\"SearchAction\",\"target\":{\"@type\":\"EntryPoint\",\"urlTemplate\":\"https:\/\/www.visit-ulcinj.com\/blog\/?s={search_term_string}\"},\"query-input\":\"required name=search_term_string\"}],\"inLanguage\":\"en-US\"},{\"@type\":\"ImageObject\",\"inLanguage\":\"en-US\",\"@id\":\"https:\/\/www.visit-ulcinj.com\/blog\/2014\/02\/14\/shqiptaret-e-ulqinit-mund-te-rimarrin-qeverisjen-e-komunes-se-ulqinit\/#primaryimage\",\"url\":\"https:\/\/www.visit-ulcinj.com\/blog\/wp-content\/uploads\/2014\/02\/Djeka-Cungu-Abazovic.jpg\",\"contentUrl\":\"https:\/\/www.visit-ulcinj.com\/blog\/wp-content\/uploads\/2014\/02\/Djeka-Cungu-Abazovic.jpg\",\"width\":707,\"height\":445},{\"@type\":\"WebPage\",\"@id\":\"https:\/\/www.visit-ulcinj.com\/blog\/2014\/02\/14\/shqiptaret-e-ulqinit-mund-te-rimarrin-qeverisjen-e-komunes-se-ulqinit\/#webpage\",\"url\":\"https:\/\/www.visit-ulcinj.com\/blog\/2014\/02\/14\/shqiptaret-e-ulqinit-mund-te-rimarrin-qeverisjen-e-komunes-se-ulqinit\/\",\"name\":\"Shqiptar\u00ebt e Ulqinit mund t\u00eb rimarrin qeverisjen e komunes s\u00eb Ulqinit - Lajme nga Ulqini\",\"isPartOf\":{\"@id\":\"https:\/\/www.visit-ulcinj.com\/blog\/#website\"},\"primaryImageOfPage\":{\"@id\":\"https:\/\/www.visit-ulcinj.com\/blog\/2014\/02\/14\/shqiptaret-e-ulqinit-mund-te-rimarrin-qeverisjen-e-komunes-se-ulqinit\/#primaryimage\"},\"datePublished\":\"2014-02-14T15:02:09+00:00\",\"dateModified\":\"2014-02-16T21:39:36+00:00\",\"author\":{\"@id\":\"https:\/\/www.visit-ulcinj.com\/blog\/#\/schema\/person\/dcab619c614d3038751c63bc2aadc06d\"},\"description\":\"Shqiptar\u00ebt e Ulqinit mund t\u00eb rimarrin Ulqinin n\u00ebse b\u00ebhen bashk\u00eb Ulqini n\u00eb 4 vitet e ardhshme, mund t\u00eb udh\u00ebhiqet nga shqiptar\u00ebt, \u00a0pavar\u00ebsisht humbjes s\u00eb\",\"breadcrumb\":{\"@id\":\"https:\/\/www.visit-ulcinj.com\/blog\/2014\/02\/14\/shqiptaret-e-ulqinit-mund-te-rimarrin-qeverisjen-e-komunes-se-ulqinit\/#breadcrumb\"},\"inLanguage\":\"en-US\",\"potentialAction\":[{\"@type\":\"ReadAction\",\"target\":[\"https:\/\/www.visit-ulcinj.com\/blog\/2014\/02\/14\/shqiptaret-e-ulqinit-mund-te-rimarrin-qeverisjen-e-komunes-se-ulqinit\/\"]}]},{\"@type\":\"BreadcrumbList\",\"@id\":\"https:\/\/www.visit-ulcinj.com\/blog\/2014\/02\/14\/shqiptaret-e-ulqinit-mund-te-rimarrin-qeverisjen-e-komunes-se-ulqinit\/#breadcrumb\",\"itemListElement\":[{\"@type\":\"ListItem\",\"position\":1,\"name\":\"Shqiptar\u00ebt e Ulqinit mund t\u00eb rimarrin qeverisjen e komunes s\u00eb Ulqinit\"}]},{\"@type\":\"Person\",\"@id\":\"https:\/\/www.visit-ulcinj.com\/blog\/#\/schema\/person\/dcab619c614d3038751c63bc2aadc06d\",\"name\":\"ulqini\",\"sameAs\":[\"http:\/\/www.visit-ulcinj.com\"],\"url\":\"https:\/\/www.visit-ulcinj.com\/blog\/author\/admin\/\"}]}<\/script>\n<!-- \/ Yoast SEO plugin. -->","yoast_head_json":{"title":"Shqiptar\u00ebt e Ulqinit mund t\u00eb rimarrin qeverisjen e komunes s\u00eb Ulqinit - Lajme nga Ulqini","description":"Shqiptar\u00ebt e Ulqinit mund t\u00eb rimarrin Ulqinin n\u00ebse b\u00ebhen bashk\u00eb Ulqini n\u00eb 4 vitet e ardhshme, mund t\u00eb udh\u00ebhiqet nga shqiptar\u00ebt, \u00a0pavar\u00ebsisht humbjes s\u00eb","robots":{"index":"index","follow":"follow","max-snippet":"max-snippet:-1","max-image-preview":"max-image-preview:large","max-video-preview":"max-video-preview:-1"},"canonical":"https:\/\/www.visit-ulcinj.com\/blog\/2014\/02\/14\/shqiptaret-e-ulqinit-mund-te-rimarrin-qeverisjen-e-komunes-se-ulqinit\/","og_locale":"en_US","og_type":"article","og_title":"Shqiptar\u00ebt e Ulqinit mund t\u00eb rimarrin qeverisjen e komunes s\u00eb Ulqinit - Lajme nga Ulqini","og_description":"Shqiptar\u00ebt e Ulqinit mund t\u00eb rimarrin Ulqinin n\u00ebse b\u00ebhen bashk\u00eb Ulqini n\u00eb 4 vitet e ardhshme, mund t\u00eb udh\u00ebhiqet nga shqiptar\u00ebt, \u00a0pavar\u00ebsisht humbjes s\u00eb","og_url":"https:\/\/www.visit-ulcinj.com\/blog\/2014\/02\/14\/shqiptaret-e-ulqinit-mund-te-rimarrin-qeverisjen-e-komunes-se-ulqinit\/","og_site_name":"Lajme nga Ulqini","article_published_time":"2014-02-14T15:02:09+00:00","article_modified_time":"2014-02-16T21:39:36+00:00","og_image":[{"url":"http:\/\/www.visit-ulcinj.com\/blog\/wp-content\/uploads\/2014\/02\/Djeka-Cungu-Abazovic.jpg"}],"twitter_misc":{"Written by":"ulqini","Est. reading time":"1 minute"},"schema":{"@context":"https:\/\/schema.org","@graph":[{"@type":"WebSite","@id":"https:\/\/www.visit-ulcinj.com\/blog\/#website","url":"https:\/\/www.visit-ulcinj.com\/blog\/","name":"Lajme nga Ulqini","description":"Lajme,Vijesti,Ulqini,Ulqin,Crna Gora,Mali i Zi","potentialAction":[{"@type":"SearchAction","target":{"@type":"EntryPoint","urlTemplate":"https:\/\/www.visit-ulcinj.com\/blog\/?s={search_term_string}"},"query-input":"required name=search_term_string"}],"inLanguage":"en-US"},{"@type":"ImageObject","inLanguage":"en-US","@id":"https:\/\/www.visit-ulcinj.com\/blog\/2014\/02\/14\/shqiptaret-e-ulqinit-mund-te-rimarrin-qeverisjen-e-komunes-se-ulqinit\/#primaryimage","url":"https:\/\/www.visit-ulcinj.com\/blog\/wp-content\/uploads\/2014\/02\/Djeka-Cungu-Abazovic.jpg","contentUrl":"https:\/\/www.visit-ulcinj.com\/blog\/wp-content\/uploads\/2014\/02\/Djeka-Cungu-Abazovic.jpg","width":707,"height":445},{"@type":"WebPage","@id":"https:\/\/www.visit-ulcinj.com\/blog\/2014\/02\/14\/shqiptaret-e-ulqinit-mund-te-rimarrin-qeverisjen-e-komunes-se-ulqinit\/#webpage","url":"https:\/\/www.visit-ulcinj.com\/blog\/2014\/02\/14\/shqiptaret-e-ulqinit-mund-te-rimarrin-qeverisjen-e-komunes-se-ulqinit\/","name":"Shqiptar\u00ebt e Ulqinit mund t\u00eb rimarrin qeverisjen e komunes s\u00eb Ulqinit - Lajme nga Ulqini","isPartOf":{"@id":"https:\/\/www.visit-ulcinj.com\/blog\/#website"},"primaryImageOfPage":{"@id":"https:\/\/www.visit-ulcinj.com\/blog\/2014\/02\/14\/shqiptaret-e-ulqinit-mund-te-rimarrin-qeverisjen-e-komunes-se-ulqinit\/#primaryimage"},"datePublished":"2014-02-14T15:02:09+00:00","dateModified":"2014-02-16T21:39:36+00:00","author":{"@id":"https:\/\/www.visit-ulcinj.com\/blog\/#\/schema\/person\/dcab619c614d3038751c63bc2aadc06d"},"description":"Shqiptar\u00ebt e Ulqinit mund t\u00eb rimarrin Ulqinin n\u00ebse b\u00ebhen bashk\u00eb Ulqini n\u00eb 4 vitet e ardhshme, mund t\u00eb udh\u00ebhiqet nga shqiptar\u00ebt, \u00a0pavar\u00ebsisht humbjes s\u00eb","breadcrumb":{"@id":"https:\/\/www.visit-ulcinj.com\/blog\/2014\/02\/14\/shqiptaret-e-ulqinit-mund-te-rimarrin-qeverisjen-e-komunes-se-ulqinit\/#breadcrumb"},"inLanguage":"en-US","potentialAction":[{"@type":"ReadAction","target":["https:\/\/www.visit-ulcinj.com\/blog\/2014\/02\/14\/shqiptaret-e-ulqinit-mund-te-rimarrin-qeverisjen-e-komunes-se-ulqinit\/"]}]},{"@type":"BreadcrumbList","@id":"https:\/\/www.visit-ulcinj.com\/blog\/2014\/02\/14\/shqiptaret-e-ulqinit-mund-te-rimarrin-qeverisjen-e-komunes-se-ulqinit\/#breadcrumb","itemListElement":[{"@type":"ListItem","position":1,"name":"Shqiptar\u00ebt e Ulqinit mund t\u00eb rimarrin qeverisjen e komunes s\u00eb Ulqinit"}]},{"@type":"Person","@id":"https:\/\/www.visit-ulcinj.com\/blog\/#\/schema\/person\/dcab619c614d3038751c63bc2aadc06d","name":"ulqini","sameAs":["http:\/\/www.visit-ulcinj.com"],"url":"https:\/\/www.visit-ulcinj.com\/blog\/author\/admin\/"}]}},"jetpack_featured_media_url":"","jetpack_sharing_enabled":true,"jetpack_shortlink":"https:\/\/wp.me\/pe6lTn-kIz","_links":{"self":[{"href":"https:\/\/www.visit-ulcinj.com\/blog\/wp-json\/wp\/v2\/posts\/79643"}],"collection":[{"href":"https:\/\/www.visit-ulcinj.com\/blog\/wp-json\/wp\/v2\/posts"}],"about":[{"href":"https:\/\/www.visit-ulcinj.com\/blog\/wp-json\/wp\/v2\/types\/post"}],"author":[{"embeddable":true,"href":"https:\/\/www.visit-ulcinj.com\/blog\/wp-json\/wp\/v2\/users\/1"}],"replies":[{"embeddable":true,"href":"https:\/\/www.visit-ulcinj.com\/blog\/wp-json\/wp\/v2\/comments?post=79643"}],"version-history":[{"count":5,"href":"https:\/\/www.visit-ulcinj.com\/blog\/wp-json\/wp\/v2\/posts\/79643\/revisions"}],"predecessor-version":[{"id":79773,"href":"https:\/\/www.visit-ulcinj.com\/blog\/wp-json\/wp\/v2\/posts\/79643\/revisions\/79773"}],"wp:attachment":[{"href":"https:\/\/www.visit-ulcinj.com\/blog\/wp-json\/wp\/v2\/media?parent=79643"}],"wp:term":[{"taxonomy":"category","embeddable":true,"href":"https:\/\/www.visit-ulcinj.com\/blog\/wp-json\/wp\/v2\/categories?post=79643"},{"taxonomy":"post_tag","embeddable":true,"href":"https:\/\/www.visit-ulcinj.com\/blog\/wp-json\/wp\/v2\/tags?post=79643"}],"curies":[{"name":"wp","href":"https:\/\/api.w.org\/{rel}","templated":true}]}}