{"id":79650,"date":"2014-02-14T18:31:31","date_gmt":"2014-02-14T17:31:31","guid":{"rendered":"http:\/\/www.visit-ulcinj.com\/blog\/?p=79650"},"modified":"2014-02-14T18:32:26","modified_gmt":"2014-02-14T17:32:26","slug":"svetozar-marovic-spasava-dps-u-ulcinju","status":"publish","type":"post","link":"https:\/\/www.visit-ulcinj.com\/blog\/2014\/02\/14\/svetozar-marovic-spasava-dps-u-ulcinju\/","title":{"rendered":"Svetozar Marovi\u0107 spa\u0161ava DPS u Ulcinju?"},"content":{"rendered":"<div id=\"attachment_68127\" style=\"width: 518px\" class=\"wp-caption alignleft\"><a href=\"http:\/\/www.visit-ulcinj.com\/blog\/wp-content\/uploads\/2013\/01\/marovic_cungu.jpg\"><img aria-describedby=\"caption-attachment-68127\" loading=\"lazy\" class=\" wp-image-68127 \" alt=\"marovic_cungu\" src=\"http:\/\/www.visit-ulcinj.com\/blog\/wp-content\/uploads\/2013\/01\/marovic_cungu.jpg\" width=\"508\" height=\"360\" \/><\/a><p id=\"caption-attachment-68127\" class=\"wp-caption-text\">Foto: Vijesti<\/p><\/div>\n<p>Demokratska partija socijalista anga\u017eovala je potpredsjednika partije Svetozara Marovi\u0107a da hitno rije\u0161i problem oko formiranja vlasti u Ulcinju, odnosno da DPS dovede do dogovora sa ostalim partijama, saznaje CdM.\u00a0Podsje\u0107amo da su predstavnici Force i koalicije Zajedno za budu\u0107nost Ulcinja koju \u010dine Demokratska partija-Demokratski savez i Perspektiva, a koju predvodi Fatmir \u0110eka postigli sino\u0107 dogovor o mogu\u0107em formiranju vlasti u Ulcinju.\u00a0Taj sporazum pozdravila je Pozitvna Crna Gora koja bi u savezu sa Forcom i koalicijom Zajedno za budu\u0107nost Ulcinja mogla da formira vlast sa 17 mandata i time DPS po\u0161alje u opoziciju.<\/p>\n<div>\n<p>Tako\u0111e, prema na\u0161im saznanjima,\u00a0Forca bi o formiranju lokalne vlasti u Ulcinju sjutra trebalo da pregovara i sa DPS-om i Pozitivnom Crnom Gorom.\u00a0Podsje\u0107amo da je ranije DPS u Ulcinju formirao tim za pregovore o postizbornoj koaliciji. U grupi su i visoki funkcioneri partije, Svetozar Marovi\u0107 i Sanja Vlahovi\u0107.<\/p>\n<p>Razlog zbog kog je DPS uklju\u010dio u pregovara\u010dki tim partije u Ulcinju Marovi\u0107a mogao bi biti i to \u0161to je on vodio uspje\u0161ne pregovore o formiranju vasti u Petnjici i postizanja dogovora oko regulisanja statusa Tuzi.<\/p>\n<p><strong>Forca sjutra pregovara i sa DPS- om i Pozitivnom?<\/strong><\/p>\n<p>Poslanik Pozitivne, Dritan Abazovi\u0107 potvrdio je CdM-u da \u0107e sjutra po\u010deti pregovore sa Forcom ocijenio \u00a0je da ne postoje sporna pitanja za formiranje koalicije sa Forcom i Koalicijom Zajedno za budu\u0107nost Ulcinja .<\/p>\n<p>\u201eJa smatram da ne postoji ni\u0161ta sporno da se formira koalicija. Pozdravljamo dogovor Force i koalicija \u00a0Zajedno oko formiranje ve\u0107ine i sjutra \u0107emo pristupiti zvani\u010dnim pregovorima sa te dvije strane i nadam se da \u0107emo uspjeti da prona\u0111emo zajedni\u010dki jezik i stvaranje ve\u0107ine u ulcinjskom parlamentu\u201c, kazao je Abazovi\u0107.<\/p>\n<p>Pregovore sa Forcom sjutra najavljuju i predstavnici DPS-a . To je CdM- u potvrdio nosilac liste \u201eNaprijed da pobjedi Ulcinj\u201c, Ljoro Nreki\u0107.<\/p>\n<p>\u201ePrema nekim informacijama koje imam Forca \u0107e i dalje da razgovara sa nama , naravno da \u0107emo voditi te razgovore\u201c, kazao je Nreki\u0107.<\/p>\n<p>Nreki\u0107 je kazao da u DPS-u nije bilo rije\u010di o tom ko \u0107e biti predsjednik op\u0161tine i naglasio je da DPS tokom pregovora ne\u0107e praviti kompromise po pitanju podjele resora.<\/p>\n<p>\u201ePodjela resora treba da bude takav da budu zadovoljne sve strane. Ne\u0107emo nikakav kompromis, tokom pregovora \u0107emo da vidimo ko \u0161ta tra\u017ei. Za sada niko nije tra\u017eio, osim \u0161to je \u0110eka tra\u017eio ime koalicije\u201c, kazao je Nreki\u0107<\/p>\n<p>Sa druge strane iz Pozitivne ponavljaju da ne insistiraju na funkcijama \u00a0i dodaju da je za njih prihvatljiva \u00a0svaka inicijativa koja bi odvela DPS u opoziciju.<\/p>\n<p>\u201eMi nismo insistirali na funkcijama, bilo smo jasni da nas to su\u0161tinski ne intersuje. Ako \u017eele da im na bilo koji na\u010din pomognemo i u tom vidu mi smo spremni, ako ne \u017eele mi sa tim nemamo problem. \u00a0Stvar gradona\u010delnika je stvar izme\u0111u Force i koalicije Zajedno za budu\u0107nost Ulcinja, kazao je Abazovi\u0107.<\/p>\n<p>Iz Force nijesu odgovarali da telefonske pozive CdM-a.<\/p>\n<p>Na lokalnim izborima u Ulcinju Demokratska partija socijalsita osvojila je devet mandata, Forca osam, koalicija Zajedno za budu\u0107nost Ulcinja koju \u010dine Demokratska partija-Demokratski savez i Perspektiva sedam, Demokratska unija Albanaca tri, Socijaldemokratska partija se dva, Pozitivna Crna Gora dva, Socijalisti\u010dka narodna partija i Demokratski front po jedan, a Bo\u0161nja\u010dka stranka nije pre\u0161la cenzus.<\/p>\n<p><strong>Izvor: CDM<\/strong><\/p>\n<\/div>\n","protected":false},"excerpt":{"rendered":"<p>Demokratska partija socijalista anga\u017eovala je potpredsjednika partije Svetozara Marovi\u0107a da hitno rije\u0161i problem oko formiranja vlasti u Ulcinju, odnosno da DPS dovede do dogovora sa ostalim partijama, saznaje CdM.\u00a0Podsje\u0107amo da su predstavnici Force i koalicije Zajedno za budu\u0107nost Ulcinja koju \u010dine Demokratska partija-Demokratski savez i Perspektiva, a koju predvodi Fatmir \u0110eka postigli sino\u0107 dogovor o [&hellip;]<\/p>\n","protected":false},"author":1,"featured_media":0,"comment_status":"closed","ping_status":"closed","sticky":false,"template":"","format":"standard","meta":{"spay_email":"","jetpack_publicize_message":"","jetpack_is_tweetstorm":false,"jetpack_publicize_feature_enabled":true},"categories":[8337],"tags":[],"jetpack_publicize_connections":[],"yoast_head":"<!-- This site is optimized with the Yoast SEO plugin v19.1 - https:\/\/yoast.com\/wordpress\/plugins\/seo\/ -->\n<title>Svetozar Marovi\u0107 spa\u0161ava DPS u Ulcinju? - Lajme nga Ulqini<\/title>\n<meta name=\"description\" content=\"Demokratska partija socijalista anga\u017eovala je potpredsjednika partije Svetozara Marovi\u0107a da hitno rije\u0161i problem oko formiranja vlasti u Ulcinju, odnosno\" \/>\n<meta name=\"robots\" content=\"index, follow, max-snippet:-1, max-image-preview:large, max-video-preview:-1\" \/>\n<link rel=\"canonical\" href=\"https:\/\/www.visit-ulcinj.com\/blog\/2014\/02\/14\/svetozar-marovic-spasava-dps-u-ulcinju\/\" \/>\n<meta property=\"og:locale\" content=\"en_US\" \/>\n<meta property=\"og:type\" content=\"article\" \/>\n<meta property=\"og:title\" content=\"Svetozar Marovi\u0107 spa\u0161ava DPS u Ulcinju? - Lajme nga Ulqini\" \/>\n<meta property=\"og:description\" content=\"Demokratska partija socijalista anga\u017eovala je potpredsjednika partije Svetozara Marovi\u0107a da hitno rije\u0161i problem oko formiranja vlasti u Ulcinju, odnosno\" \/>\n<meta property=\"og:url\" content=\"https:\/\/www.visit-ulcinj.com\/blog\/2014\/02\/14\/svetozar-marovic-spasava-dps-u-ulcinju\/\" \/>\n<meta property=\"og:site_name\" content=\"Lajme nga Ulqini\" \/>\n<meta property=\"article:published_time\" content=\"2014-02-14T17:31:31+00:00\" \/>\n<meta property=\"article:modified_time\" content=\"2014-02-14T17:32:26+00:00\" \/>\n<meta property=\"og:image\" content=\"http:\/\/www.visit-ulcinj.com\/blog\/wp-content\/uploads\/2013\/01\/marovic_cungu.jpg\" \/>\n<meta name=\"twitter:label1\" content=\"Written by\" \/>\n\t<meta name=\"twitter:data1\" content=\"ulqini\" \/>\n\t<meta name=\"twitter:label2\" content=\"Est. reading time\" \/>\n\t<meta name=\"twitter:data2\" content=\"3 minutes\" \/>\n<script type=\"application\/ld+json\" class=\"yoast-schema-graph\">{\"@context\":\"https:\/\/schema.org\",\"@graph\":[{\"@type\":\"WebSite\",\"@id\":\"https:\/\/www.visit-ulcinj.com\/blog\/#website\",\"url\":\"https:\/\/www.visit-ulcinj.com\/blog\/\",\"name\":\"Lajme nga Ulqini\",\"description\":\"Lajme,Vijesti,Ulqini,Ulqin,Crna Gora,Mali i Zi\",\"potentialAction\":[{\"@type\":\"SearchAction\",\"target\":{\"@type\":\"EntryPoint\",\"urlTemplate\":\"https:\/\/www.visit-ulcinj.com\/blog\/?s={search_term_string}\"},\"query-input\":\"required name=search_term_string\"}],\"inLanguage\":\"en-US\"},{\"@type\":\"ImageObject\",\"inLanguage\":\"en-US\",\"@id\":\"https:\/\/www.visit-ulcinj.com\/blog\/2014\/02\/14\/svetozar-marovic-spasava-dps-u-ulcinju\/#primaryimage\",\"url\":\"https:\/\/www.visit-ulcinj.com\/blog\/wp-content\/uploads\/2013\/01\/marovic_cungu.jpg\",\"contentUrl\":\"https:\/\/www.visit-ulcinj.com\/blog\/wp-content\/uploads\/2013\/01\/marovic_cungu.jpg\",\"width\":793,\"height\":553},{\"@type\":\"WebPage\",\"@id\":\"https:\/\/www.visit-ulcinj.com\/blog\/2014\/02\/14\/svetozar-marovic-spasava-dps-u-ulcinju\/#webpage\",\"url\":\"https:\/\/www.visit-ulcinj.com\/blog\/2014\/02\/14\/svetozar-marovic-spasava-dps-u-ulcinju\/\",\"name\":\"Svetozar Marovi\u0107 spa\u0161ava DPS u Ulcinju? - Lajme nga Ulqini\",\"isPartOf\":{\"@id\":\"https:\/\/www.visit-ulcinj.com\/blog\/#website\"},\"primaryImageOfPage\":{\"@id\":\"https:\/\/www.visit-ulcinj.com\/blog\/2014\/02\/14\/svetozar-marovic-spasava-dps-u-ulcinju\/#primaryimage\"},\"datePublished\":\"2014-02-14T17:31:31+00:00\",\"dateModified\":\"2014-02-14T17:32:26+00:00\",\"author\":{\"@id\":\"https:\/\/www.visit-ulcinj.com\/blog\/#\/schema\/person\/dcab619c614d3038751c63bc2aadc06d\"},\"description\":\"Demokratska partija socijalista anga\u017eovala je potpredsjednika partije Svetozara Marovi\u0107a da hitno rije\u0161i problem oko formiranja vlasti u Ulcinju, odnosno\",\"breadcrumb\":{\"@id\":\"https:\/\/www.visit-ulcinj.com\/blog\/2014\/02\/14\/svetozar-marovic-spasava-dps-u-ulcinju\/#breadcrumb\"},\"inLanguage\":\"en-US\",\"potentialAction\":[{\"@type\":\"ReadAction\",\"target\":[\"https:\/\/www.visit-ulcinj.com\/blog\/2014\/02\/14\/svetozar-marovic-spasava-dps-u-ulcinju\/\"]}]},{\"@type\":\"BreadcrumbList\",\"@id\":\"https:\/\/www.visit-ulcinj.com\/blog\/2014\/02\/14\/svetozar-marovic-spasava-dps-u-ulcinju\/#breadcrumb\",\"itemListElement\":[{\"@type\":\"ListItem\",\"position\":1,\"name\":\"Svetozar Marovi\u0107 spa\u0161ava DPS u Ulcinju?\"}]},{\"@type\":\"Person\",\"@id\":\"https:\/\/www.visit-ulcinj.com\/blog\/#\/schema\/person\/dcab619c614d3038751c63bc2aadc06d\",\"name\":\"ulqini\",\"sameAs\":[\"http:\/\/www.visit-ulcinj.com\"],\"url\":\"https:\/\/www.visit-ulcinj.com\/blog\/author\/admin\/\"}]}<\/script>\n<!-- \/ Yoast SEO plugin. -->","yoast_head_json":{"title":"Svetozar Marovi\u0107 spa\u0161ava DPS u Ulcinju? - Lajme nga Ulqini","description":"Demokratska partija socijalista anga\u017eovala je potpredsjednika partije Svetozara Marovi\u0107a da hitno rije\u0161i problem oko formiranja vlasti u Ulcinju, odnosno","robots":{"index":"index","follow":"follow","max-snippet":"max-snippet:-1","max-image-preview":"max-image-preview:large","max-video-preview":"max-video-preview:-1"},"canonical":"https:\/\/www.visit-ulcinj.com\/blog\/2014\/02\/14\/svetozar-marovic-spasava-dps-u-ulcinju\/","og_locale":"en_US","og_type":"article","og_title":"Svetozar Marovi\u0107 spa\u0161ava DPS u Ulcinju? - Lajme nga Ulqini","og_description":"Demokratska partija socijalista anga\u017eovala je potpredsjednika partije Svetozara Marovi\u0107a da hitno rije\u0161i problem oko formiranja vlasti u Ulcinju, odnosno","og_url":"https:\/\/www.visit-ulcinj.com\/blog\/2014\/02\/14\/svetozar-marovic-spasava-dps-u-ulcinju\/","og_site_name":"Lajme nga Ulqini","article_published_time":"2014-02-14T17:31:31+00:00","article_modified_time":"2014-02-14T17:32:26+00:00","og_image":[{"url":"http:\/\/www.visit-ulcinj.com\/blog\/wp-content\/uploads\/2013\/01\/marovic_cungu.jpg"}],"twitter_misc":{"Written by":"ulqini","Est. reading time":"3 minutes"},"schema":{"@context":"https:\/\/schema.org","@graph":[{"@type":"WebSite","@id":"https:\/\/www.visit-ulcinj.com\/blog\/#website","url":"https:\/\/www.visit-ulcinj.com\/blog\/","name":"Lajme nga Ulqini","description":"Lajme,Vijesti,Ulqini,Ulqin,Crna Gora,Mali i Zi","potentialAction":[{"@type":"SearchAction","target":{"@type":"EntryPoint","urlTemplate":"https:\/\/www.visit-ulcinj.com\/blog\/?s={search_term_string}"},"query-input":"required name=search_term_string"}],"inLanguage":"en-US"},{"@type":"ImageObject","inLanguage":"en-US","@id":"https:\/\/www.visit-ulcinj.com\/blog\/2014\/02\/14\/svetozar-marovic-spasava-dps-u-ulcinju\/#primaryimage","url":"https:\/\/www.visit-ulcinj.com\/blog\/wp-content\/uploads\/2013\/01\/marovic_cungu.jpg","contentUrl":"https:\/\/www.visit-ulcinj.com\/blog\/wp-content\/uploads\/2013\/01\/marovic_cungu.jpg","width":793,"height":553},{"@type":"WebPage","@id":"https:\/\/www.visit-ulcinj.com\/blog\/2014\/02\/14\/svetozar-marovic-spasava-dps-u-ulcinju\/#webpage","url":"https:\/\/www.visit-ulcinj.com\/blog\/2014\/02\/14\/svetozar-marovic-spasava-dps-u-ulcinju\/","name":"Svetozar Marovi\u0107 spa\u0161ava DPS u Ulcinju? - Lajme nga Ulqini","isPartOf":{"@id":"https:\/\/www.visit-ulcinj.com\/blog\/#website"},"primaryImageOfPage":{"@id":"https:\/\/www.visit-ulcinj.com\/blog\/2014\/02\/14\/svetozar-marovic-spasava-dps-u-ulcinju\/#primaryimage"},"datePublished":"2014-02-14T17:31:31+00:00","dateModified":"2014-02-14T17:32:26+00:00","author":{"@id":"https:\/\/www.visit-ulcinj.com\/blog\/#\/schema\/person\/dcab619c614d3038751c63bc2aadc06d"},"description":"Demokratska partija socijalista anga\u017eovala je potpredsjednika partije Svetozara Marovi\u0107a da hitno rije\u0161i problem oko formiranja vlasti u Ulcinju, odnosno","breadcrumb":{"@id":"https:\/\/www.visit-ulcinj.com\/blog\/2014\/02\/14\/svetozar-marovic-spasava-dps-u-ulcinju\/#breadcrumb"},"inLanguage":"en-US","potentialAction":[{"@type":"ReadAction","target":["https:\/\/www.visit-ulcinj.com\/blog\/2014\/02\/14\/svetozar-marovic-spasava-dps-u-ulcinju\/"]}]},{"@type":"BreadcrumbList","@id":"https:\/\/www.visit-ulcinj.com\/blog\/2014\/02\/14\/svetozar-marovic-spasava-dps-u-ulcinju\/#breadcrumb","itemListElement":[{"@type":"ListItem","position":1,"name":"Svetozar Marovi\u0107 spa\u0161ava DPS u Ulcinju?"}]},{"@type":"Person","@id":"https:\/\/www.visit-ulcinj.com\/blog\/#\/schema\/person\/dcab619c614d3038751c63bc2aadc06d","name":"ulqini","sameAs":["http:\/\/www.visit-ulcinj.com"],"url":"https:\/\/www.visit-ulcinj.com\/blog\/author\/admin\/"}]}},"jetpack_featured_media_url":"","jetpack_sharing_enabled":true,"jetpack_shortlink":"https:\/\/wp.me\/pe6lTn-kIG","_links":{"self":[{"href":"https:\/\/www.visit-ulcinj.com\/blog\/wp-json\/wp\/v2\/posts\/79650"}],"collection":[{"href":"https:\/\/www.visit-ulcinj.com\/blog\/wp-json\/wp\/v2\/posts"}],"about":[{"href":"https:\/\/www.visit-ulcinj.com\/blog\/wp-json\/wp\/v2\/types\/post"}],"author":[{"embeddable":true,"href":"https:\/\/www.visit-ulcinj.com\/blog\/wp-json\/wp\/v2\/users\/1"}],"replies":[{"embeddable":true,"href":"https:\/\/www.visit-ulcinj.com\/blog\/wp-json\/wp\/v2\/comments?post=79650"}],"version-history":[{"count":2,"href":"https:\/\/www.visit-ulcinj.com\/blog\/wp-json\/wp\/v2\/posts\/79650\/revisions"}],"predecessor-version":[{"id":79652,"href":"https:\/\/www.visit-ulcinj.com\/blog\/wp-json\/wp\/v2\/posts\/79650\/revisions\/79652"}],"wp:attachment":[{"href":"https:\/\/www.visit-ulcinj.com\/blog\/wp-json\/wp\/v2\/media?parent=79650"}],"wp:term":[{"taxonomy":"category","embeddable":true,"href":"https:\/\/www.visit-ulcinj.com\/blog\/wp-json\/wp\/v2\/categories?post=79650"},{"taxonomy":"post_tag","embeddable":true,"href":"https:\/\/www.visit-ulcinj.com\/blog\/wp-json\/wp\/v2\/tags?post=79650"}],"curies":[{"name":"wp","href":"https:\/\/api.w.org\/{rel}","templated":true}]}}