{"id":79658,"date":"2014-02-15T11:17:26","date_gmt":"2014-02-15T10:17:26","guid":{"rendered":"http:\/\/www.visit-ulcinj.com\/blog\/?p=79658"},"modified":"2014-02-15T11:17:26","modified_gmt":"2014-02-15T10:17:26","slug":"sastanak-force-dps-kako-pobjeda-saznaje-ovog-sastanka-ipak-nece-doci","status":"publish","type":"post","link":"https:\/\/www.visit-ulcinj.com\/blog\/2014\/02\/15\/sastanak-force-dps-kako-pobjeda-saznaje-ovog-sastanka-ipak-nece-doci\/","title":{"rendered":"Sastanak Force i DPS-a, kako Pobjeda saznaje, do ovog sastanka, ipak, ne\u0107e do\u0107i"},"content":{"rendered":"<p><strong><a href=\"http:\/\/www.visit-ulcinj.com\/blog\/wp-content\/uploads\/2013\/02\/marovic_cungu.jpg\"><img loading=\"lazy\" class=\"alignleft  wp-image-68274\" alt=\"marovic_cungu\" src=\"http:\/\/www.visit-ulcinj.com\/blog\/wp-content\/uploads\/2013\/02\/marovic_cungu.jpg\" width=\"508\" height=\"360\" \/><\/a>Nakon januarskih izbora malo toga se promijenilo: \u0110eka umjesto Cungua, Pozitivna zamijenila SDP<\/strong><\/p>\n<p><strong>ULCINJ \u2013 Kako Pobjeda nezvani\u010dno saznaje postignut je dogovor o formiranju vlasti u Ulcinju izme\u0111u Force, Koalicije \u201eZajedno za budu\u0107nost Ulcinja\u201c i Pozitivne Crne Gore, a dana\u0161nji sastanak ovih partija zna\u010di\u0107e formalizovanje ovog dogovora. Iako je za subotu bio zakazan sastanak Force i DPS-a, kako Pobjeda saznaje, do ovog sastanka, ipak, ne\u0107e do\u0107i. <\/strong><\/p>\n<p>Januarski izbori i prethodni kolaps parlamenta koji je trajao skoro pola godine donije\u0107e dvije promjene najju\u017enijem crnogorskom gradu: umjesto Nazifa Cungua, predsjednik op\u0161tine \u0107e biti Fatmir \u0110eka, a dva odborni\u010dka mjesta u vladaju\u0107oj koaliciji koja je imao SDP- dobi\u0107e Pozitivna Crna Gora.<\/p>\n<p>Forca i Koalicija \u201eZajedno za budu\u0107nost Ulcinja\u201c potpisale su u \u010detvrtak sporazum o formiranju vlasti u Ulcinju u kojem se prihvata zahtjev saveza da Fatmir \u0110eka bude zajedni\u010dki kandidat za predsjednika op\u0161tine, i da njegov mandat traje \u010detiri godine. Dva mandata potrebna za formiranje koalicione ve\u0107ine dobili su podr\u0161kom Pozitivne Crne Gore.<\/p>\n<p>Dritan Abazovi\u0107 je rekao Pobjedi da \u0107e ih bezuslovno podr\u017eati jer se na taj na\u010din \u0161alje DPS u opoziciju. Abazovi\u0107 je kazao da je u \u010detvrtak odr\u017ean neformalni sastanak lidera Force Koalicije i Pozitivne, kada su i\u00a0 zakazani zvani\u010dni pregovori za subotu.<\/p>\n<p>&#8211; Pozdravljam dogovor Force i Koalicije. U subotu \u0107emo odr\u017eati sastanak na kome \u0107emo govoriti o svim detaljima vezanim za formiranje nove parlamentarne ve\u0107ine u Ulcinju. Ne\u0161to konkretnije ili kona\u010dno mo\u017eemo imati tek nakon zvani\u010dnog sastanka \u2013 rekao je Abazovi\u0107 Pobjedi<strong>.<\/strong><\/p>\n<p>Na lokalnim izborima u Ulcinju Demokratska partija socijalista osvojila je devet mandata, Forca osam, Koalicija \u201eZajedno za budu\u0107nost Ulcinja\u201c koju \u010dine Demokratska partija \u2013 Demokratski savez i Perspektiva sedam, Demokratska unija Albanaca tri, Socijaldemokratska partija i Pozitivna Crna Gora \u00a0po dva, Socijalisti\u010dka narodna partija i Demokratski front po jedan.<\/p>\n<p>Parlament Ulcinja broji 33 odbornika, a za formiranje vladaju\u0107e ve\u0107ine potrebno je 17 odborni\u010dkih mjesta.<\/p>\n<p>Podsjetimo, prethodnu vlast su vr\u0161ile Forca, Demokratska partija i SDP. Do januarskih izbora je do\u0161lo jer se ova koalicija posva\u0111ala i fakti\u010dki raspala jo\u0161 u julu. Na inicijativu DPS-a odbornici su na vanrednoj sjednici parlamenta sebi skratili mandate nakon \u010dega su raspisani vanredni izbori za 26. januar<\/p>\n<p><strong>A. \u017divanovi\u0107<br \/>\nIzvor: POBJEDA<\/strong><\/p>\n","protected":false},"excerpt":{"rendered":"<p>Nakon januarskih izbora malo toga se promijenilo: \u0110eka umjesto Cungua, Pozitivna zamijenila SDP ULCINJ \u2013 Kako Pobjeda nezvani\u010dno saznaje postignut je dogovor o formiranju vlasti u Ulcinju izme\u0111u Force, Koalicije \u201eZajedno za budu\u0107nost Ulcinja\u201c i Pozitivne Crne Gore, a dana\u0161nji sastanak ovih partija zna\u010di\u0107e formalizovanje ovog dogovora. Iako je za subotu bio zakazan sastanak Force [&hellip;]<\/p>\n","protected":false},"author":1,"featured_media":0,"comment_status":"closed","ping_status":"closed","sticky":false,"template":"","format":"standard","meta":{"spay_email":"","jetpack_publicize_message":"","jetpack_is_tweetstorm":false,"jetpack_publicize_feature_enabled":true},"categories":[8337],"tags":[],"jetpack_publicize_connections":[],"yoast_head":"<!-- This site is optimized with the Yoast SEO plugin v19.1 - https:\/\/yoast.com\/wordpress\/plugins\/seo\/ -->\n<title>Sastanak Force i DPS-a, kako Pobjeda saznaje, do ovog sastanka, ipak, ne\u0107e do\u0107i - Lajme nga Ulqini<\/title>\n<meta name=\"description\" content=\"Nakon januarskih izbora malo toga se promijenilo: \u0110eka umjesto Cungua, Pozitivna zamijenila SDP ULCINJ \u2013 Kako Pobjeda nezvani\u010dno saznaje postignut je\" \/>\n<meta name=\"robots\" content=\"index, follow, max-snippet:-1, max-image-preview:large, max-video-preview:-1\" \/>\n<link rel=\"canonical\" href=\"https:\/\/www.visit-ulcinj.com\/blog\/2014\/02\/15\/sastanak-force-dps-kako-pobjeda-saznaje-ovog-sastanka-ipak-nece-doci\/\" \/>\n<meta property=\"og:locale\" content=\"en_US\" \/>\n<meta property=\"og:type\" content=\"article\" \/>\n<meta property=\"og:title\" content=\"Sastanak Force i DPS-a, kako Pobjeda saznaje, do ovog sastanka, ipak, ne\u0107e do\u0107i - Lajme nga Ulqini\" \/>\n<meta property=\"og:description\" content=\"Nakon januarskih izbora malo toga se promijenilo: \u0110eka umjesto Cungua, Pozitivna zamijenila SDP ULCINJ \u2013 Kako Pobjeda nezvani\u010dno saznaje postignut je\" \/>\n<meta property=\"og:url\" content=\"https:\/\/www.visit-ulcinj.com\/blog\/2014\/02\/15\/sastanak-force-dps-kako-pobjeda-saznaje-ovog-sastanka-ipak-nece-doci\/\" \/>\n<meta property=\"og:site_name\" content=\"Lajme nga Ulqini\" \/>\n<meta property=\"article:published_time\" content=\"2014-02-15T10:17:26+00:00\" \/>\n<meta property=\"og:image\" content=\"http:\/\/www.visit-ulcinj.com\/blog\/wp-content\/uploads\/2013\/02\/marovic_cungu.jpg\" \/>\n<meta name=\"twitter:label1\" content=\"Written by\" \/>\n\t<meta name=\"twitter:data1\" content=\"ulqini\" \/>\n\t<meta name=\"twitter:label2\" content=\"Est. reading time\" \/>\n\t<meta name=\"twitter:data2\" content=\"2 minutes\" \/>\n<script type=\"application\/ld+json\" class=\"yoast-schema-graph\">{\"@context\":\"https:\/\/schema.org\",\"@graph\":[{\"@type\":\"WebSite\",\"@id\":\"https:\/\/www.visit-ulcinj.com\/blog\/#website\",\"url\":\"https:\/\/www.visit-ulcinj.com\/blog\/\",\"name\":\"Lajme nga Ulqini\",\"description\":\"Lajme,Vijesti,Ulqini,Ulqin,Crna Gora,Mali i Zi\",\"potentialAction\":[{\"@type\":\"SearchAction\",\"target\":{\"@type\":\"EntryPoint\",\"urlTemplate\":\"https:\/\/www.visit-ulcinj.com\/blog\/?s={search_term_string}\"},\"query-input\":\"required name=search_term_string\"}],\"inLanguage\":\"en-US\"},{\"@type\":\"ImageObject\",\"inLanguage\":\"en-US\",\"@id\":\"https:\/\/www.visit-ulcinj.com\/blog\/2014\/02\/15\/sastanak-force-dps-kako-pobjeda-saznaje-ovog-sastanka-ipak-nece-doci\/#primaryimage\",\"url\":\"https:\/\/www.visit-ulcinj.com\/blog\/wp-content\/uploads\/2013\/02\/marovic_cungu.jpg\",\"contentUrl\":\"https:\/\/www.visit-ulcinj.com\/blog\/wp-content\/uploads\/2013\/02\/marovic_cungu.jpg\",\"width\":793,\"height\":553},{\"@type\":\"WebPage\",\"@id\":\"https:\/\/www.visit-ulcinj.com\/blog\/2014\/02\/15\/sastanak-force-dps-kako-pobjeda-saznaje-ovog-sastanka-ipak-nece-doci\/#webpage\",\"url\":\"https:\/\/www.visit-ulcinj.com\/blog\/2014\/02\/15\/sastanak-force-dps-kako-pobjeda-saznaje-ovog-sastanka-ipak-nece-doci\/\",\"name\":\"Sastanak Force i DPS-a, kako Pobjeda saznaje, do ovog sastanka, ipak, ne\u0107e do\u0107i - Lajme nga Ulqini\",\"isPartOf\":{\"@id\":\"https:\/\/www.visit-ulcinj.com\/blog\/#website\"},\"primaryImageOfPage\":{\"@id\":\"https:\/\/www.visit-ulcinj.com\/blog\/2014\/02\/15\/sastanak-force-dps-kako-pobjeda-saznaje-ovog-sastanka-ipak-nece-doci\/#primaryimage\"},\"datePublished\":\"2014-02-15T10:17:26+00:00\",\"dateModified\":\"2014-02-15T10:17:26+00:00\",\"author\":{\"@id\":\"https:\/\/www.visit-ulcinj.com\/blog\/#\/schema\/person\/dcab619c614d3038751c63bc2aadc06d\"},\"description\":\"Nakon januarskih izbora malo toga se promijenilo: \u0110eka umjesto Cungua, Pozitivna zamijenila SDP ULCINJ \u2013 Kako Pobjeda nezvani\u010dno saznaje postignut je\",\"breadcrumb\":{\"@id\":\"https:\/\/www.visit-ulcinj.com\/blog\/2014\/02\/15\/sastanak-force-dps-kako-pobjeda-saznaje-ovog-sastanka-ipak-nece-doci\/#breadcrumb\"},\"inLanguage\":\"en-US\",\"potentialAction\":[{\"@type\":\"ReadAction\",\"target\":[\"https:\/\/www.visit-ulcinj.com\/blog\/2014\/02\/15\/sastanak-force-dps-kako-pobjeda-saznaje-ovog-sastanka-ipak-nece-doci\/\"]}]},{\"@type\":\"BreadcrumbList\",\"@id\":\"https:\/\/www.visit-ulcinj.com\/blog\/2014\/02\/15\/sastanak-force-dps-kako-pobjeda-saznaje-ovog-sastanka-ipak-nece-doci\/#breadcrumb\",\"itemListElement\":[{\"@type\":\"ListItem\",\"position\":1,\"name\":\"Sastanak Force i DPS-a, kako Pobjeda saznaje, do ovog sastanka, ipak, ne\u0107e do\u0107i\"}]},{\"@type\":\"Person\",\"@id\":\"https:\/\/www.visit-ulcinj.com\/blog\/#\/schema\/person\/dcab619c614d3038751c63bc2aadc06d\",\"name\":\"ulqini\",\"sameAs\":[\"http:\/\/www.visit-ulcinj.com\"],\"url\":\"https:\/\/www.visit-ulcinj.com\/blog\/author\/admin\/\"}]}<\/script>\n<!-- \/ Yoast SEO plugin. -->","yoast_head_json":{"title":"Sastanak Force i DPS-a, kako Pobjeda saznaje, do ovog sastanka, ipak, ne\u0107e do\u0107i - Lajme nga Ulqini","description":"Nakon januarskih izbora malo toga se promijenilo: \u0110eka umjesto Cungua, Pozitivna zamijenila SDP ULCINJ \u2013 Kako Pobjeda nezvani\u010dno saznaje postignut je","robots":{"index":"index","follow":"follow","max-snippet":"max-snippet:-1","max-image-preview":"max-image-preview:large","max-video-preview":"max-video-preview:-1"},"canonical":"https:\/\/www.visit-ulcinj.com\/blog\/2014\/02\/15\/sastanak-force-dps-kako-pobjeda-saznaje-ovog-sastanka-ipak-nece-doci\/","og_locale":"en_US","og_type":"article","og_title":"Sastanak Force i DPS-a, kako Pobjeda saznaje, do ovog sastanka, ipak, ne\u0107e do\u0107i - Lajme nga Ulqini","og_description":"Nakon januarskih izbora malo toga se promijenilo: \u0110eka umjesto Cungua, Pozitivna zamijenila SDP ULCINJ \u2013 Kako Pobjeda nezvani\u010dno saznaje postignut je","og_url":"https:\/\/www.visit-ulcinj.com\/blog\/2014\/02\/15\/sastanak-force-dps-kako-pobjeda-saznaje-ovog-sastanka-ipak-nece-doci\/","og_site_name":"Lajme nga Ulqini","article_published_time":"2014-02-15T10:17:26+00:00","og_image":[{"url":"http:\/\/www.visit-ulcinj.com\/blog\/wp-content\/uploads\/2013\/02\/marovic_cungu.jpg"}],"twitter_misc":{"Written by":"ulqini","Est. reading time":"2 minutes"},"schema":{"@context":"https:\/\/schema.org","@graph":[{"@type":"WebSite","@id":"https:\/\/www.visit-ulcinj.com\/blog\/#website","url":"https:\/\/www.visit-ulcinj.com\/blog\/","name":"Lajme nga Ulqini","description":"Lajme,Vijesti,Ulqini,Ulqin,Crna Gora,Mali i Zi","potentialAction":[{"@type":"SearchAction","target":{"@type":"EntryPoint","urlTemplate":"https:\/\/www.visit-ulcinj.com\/blog\/?s={search_term_string}"},"query-input":"required name=search_term_string"}],"inLanguage":"en-US"},{"@type":"ImageObject","inLanguage":"en-US","@id":"https:\/\/www.visit-ulcinj.com\/blog\/2014\/02\/15\/sastanak-force-dps-kako-pobjeda-saznaje-ovog-sastanka-ipak-nece-doci\/#primaryimage","url":"https:\/\/www.visit-ulcinj.com\/blog\/wp-content\/uploads\/2013\/02\/marovic_cungu.jpg","contentUrl":"https:\/\/www.visit-ulcinj.com\/blog\/wp-content\/uploads\/2013\/02\/marovic_cungu.jpg","width":793,"height":553},{"@type":"WebPage","@id":"https:\/\/www.visit-ulcinj.com\/blog\/2014\/02\/15\/sastanak-force-dps-kako-pobjeda-saznaje-ovog-sastanka-ipak-nece-doci\/#webpage","url":"https:\/\/www.visit-ulcinj.com\/blog\/2014\/02\/15\/sastanak-force-dps-kako-pobjeda-saznaje-ovog-sastanka-ipak-nece-doci\/","name":"Sastanak Force i DPS-a, kako Pobjeda saznaje, do ovog sastanka, ipak, ne\u0107e do\u0107i - Lajme nga Ulqini","isPartOf":{"@id":"https:\/\/www.visit-ulcinj.com\/blog\/#website"},"primaryImageOfPage":{"@id":"https:\/\/www.visit-ulcinj.com\/blog\/2014\/02\/15\/sastanak-force-dps-kako-pobjeda-saznaje-ovog-sastanka-ipak-nece-doci\/#primaryimage"},"datePublished":"2014-02-15T10:17:26+00:00","dateModified":"2014-02-15T10:17:26+00:00","author":{"@id":"https:\/\/www.visit-ulcinj.com\/blog\/#\/schema\/person\/dcab619c614d3038751c63bc2aadc06d"},"description":"Nakon januarskih izbora malo toga se promijenilo: \u0110eka umjesto Cungua, Pozitivna zamijenila SDP ULCINJ \u2013 Kako Pobjeda nezvani\u010dno saznaje postignut je","breadcrumb":{"@id":"https:\/\/www.visit-ulcinj.com\/blog\/2014\/02\/15\/sastanak-force-dps-kako-pobjeda-saznaje-ovog-sastanka-ipak-nece-doci\/#breadcrumb"},"inLanguage":"en-US","potentialAction":[{"@type":"ReadAction","target":["https:\/\/www.visit-ulcinj.com\/blog\/2014\/02\/15\/sastanak-force-dps-kako-pobjeda-saznaje-ovog-sastanka-ipak-nece-doci\/"]}]},{"@type":"BreadcrumbList","@id":"https:\/\/www.visit-ulcinj.com\/blog\/2014\/02\/15\/sastanak-force-dps-kako-pobjeda-saznaje-ovog-sastanka-ipak-nece-doci\/#breadcrumb","itemListElement":[{"@type":"ListItem","position":1,"name":"Sastanak Force i DPS-a, kako Pobjeda saznaje, do ovog sastanka, ipak, ne\u0107e do\u0107i"}]},{"@type":"Person","@id":"https:\/\/www.visit-ulcinj.com\/blog\/#\/schema\/person\/dcab619c614d3038751c63bc2aadc06d","name":"ulqini","sameAs":["http:\/\/www.visit-ulcinj.com"],"url":"https:\/\/www.visit-ulcinj.com\/blog\/author\/admin\/"}]}},"jetpack_featured_media_url":"","jetpack_sharing_enabled":true,"jetpack_shortlink":"https:\/\/wp.me\/pe6lTn-kIO","_links":{"self":[{"href":"https:\/\/www.visit-ulcinj.com\/blog\/wp-json\/wp\/v2\/posts\/79658"}],"collection":[{"href":"https:\/\/www.visit-ulcinj.com\/blog\/wp-json\/wp\/v2\/posts"}],"about":[{"href":"https:\/\/www.visit-ulcinj.com\/blog\/wp-json\/wp\/v2\/types\/post"}],"author":[{"embeddable":true,"href":"https:\/\/www.visit-ulcinj.com\/blog\/wp-json\/wp\/v2\/users\/1"}],"replies":[{"embeddable":true,"href":"https:\/\/www.visit-ulcinj.com\/blog\/wp-json\/wp\/v2\/comments?post=79658"}],"version-history":[{"count":1,"href":"https:\/\/www.visit-ulcinj.com\/blog\/wp-json\/wp\/v2\/posts\/79658\/revisions"}],"predecessor-version":[{"id":79660,"href":"https:\/\/www.visit-ulcinj.com\/blog\/wp-json\/wp\/v2\/posts\/79658\/revisions\/79660"}],"wp:attachment":[{"href":"https:\/\/www.visit-ulcinj.com\/blog\/wp-json\/wp\/v2\/media?parent=79658"}],"wp:term":[{"taxonomy":"category","embeddable":true,"href":"https:\/\/www.visit-ulcinj.com\/blog\/wp-json\/wp\/v2\/categories?post=79658"},{"taxonomy":"post_tag","embeddable":true,"href":"https:\/\/www.visit-ulcinj.com\/blog\/wp-json\/wp\/v2\/tags?post=79658"}],"curies":[{"name":"wp","href":"https:\/\/api.w.org\/{rel}","templated":true}]}}