{"id":79664,"date":"2014-02-15T11:50:08","date_gmt":"2014-02-15T10:50:08","guid":{"rendered":"http:\/\/www.visit-ulcinj.com\/blog\/?p=79664"},"modified":"2014-02-15T12:07:34","modified_gmt":"2014-02-15T11:07:34","slug":"fjalen-e-fundit-per-koalicion-ne-ulqin-e-ka-dritan-abazoviqi","status":"publish","type":"post","link":"https:\/\/www.visit-ulcinj.com\/blog\/2014\/02\/15\/fjalen-e-fundit-per-koalicion-ne-ulqin-e-ka-dritan-abazoviqi\/","title":{"rendered":"Fjal\u00ebn e fundit p\u00ebr koalicion ne Ulqin e ka Dritan Abazoviqi"},"content":{"rendered":"<p><strong><a href=\"http:\/\/www.visit-ulcinj.com\/blog\/wp-content\/uploads\/2014\/02\/Djeka-Cungu-Abazovic.jpg\"><img loading=\"lazy\" class=\"alignleft  wp-image-79641\" alt=\"Djeka-Cungu-Abazovic\" src=\"http:\/\/www.visit-ulcinj.com\/blog\/wp-content\/uploads\/2014\/02\/Djeka-Cungu-Abazovic.jpg\" width=\"508\" height=\"360\" \/><\/a>N\u00ebse forcat politike shqiptare n\u00eb Ulqin bashkojn\u00eb forcat e veta sot at\u00ebher ato\u00a0 mund t\u00eb zgjedhin vet\u00eb kryetarin e komun\u00ebs<\/strong><\/p>\n<p>Forca e Re Demokratike dhe Koalicioni \u201cBashk\u00eb p\u00ebr t\u00eb ardhmen e Ulqinit\u201d si dhe Mali i Zi Pozitiv pritet sot q\u00eb t\u00eb arihet marr\u00ebveshja \u00a0p\u00ebr formimin e koalicionit paszgjedhor n\u00eb komun\u00ebn e Ulqinit.<\/p>\n<p>Pritet q\u00eb sot drejtuesit e k\u00ebtij koalicion t\u00eb takohen me kryetarin e K\u00ebshillit komunal t\u00eb Malit t\u00eb Zi pozitiv, Dritan Abazoviq me tentim q\u00eb ky koalicion t\u00eb fitoi p\u00ebrkrahjen edhe t\u00eb k\u00ebsaj partie.<\/p>\n<p>Kryetari i Partis\u00eb demokratike dhe i koalicionit \u201cBashk\u00eb p\u00ebr t\u00eb ardhmen e Ulqinit\u201d \u00a0Fatmir Gjeka ka deklaruar p\u00ebr gazet\u00ebn &#8221; Vijesti &#8221; q\u00eb marr\u00ebveshja me Forc\u00ebn dhe Malin e Zi Pozitiv p\u00ebr formimin e pushtetit lokal do jet\u00eb p\u00ebrfundimtare.<\/p>\n<p>Sipas projeksioneve t\u00eb k\u00ebtij koalicioni, mbledhja konstitutive e Parlamentit lokal t\u00eb Ulqinit mund t\u00eb mbahet n\u00eb fillim t\u00eb jav\u00ebs s\u00eb ardhshme, ku sipas k\u00ebsaj marr\u00ebveshjes, koalicioni \u201cBashk\u00eb p\u00ebr t\u00eb ardhmen e Ulqinit\u201d do t\u00eb fitoj 35 p\u00ebr qind t\u00eb funksionimeve n\u00eb pushtetin e ardhsh\u00ebm ekzekutiv, pak m\u00eb shum\u00eb do t\u00eb ket\u00eb \u00a0Forca e re\u00a0 demokratike, nd\u00ebrsa pjes\u00ebn tjet\u00ebr t\u00eb funkcioneve do ti ket\u00eb Mali i Zi Pozitiv.<\/p>\n<p>Duhet cekur se n\u00eb zgjedhjet e 26 janarit Forca fitoi 8 mandate, koalicioni \u201cBashk\u00eb p\u00ebr t\u00eb ardhmen e Ulqinit\u201d t\u00eb cilin e p\u00ebrb\u00ebjn\u00eb Partia Demokratike, L\u00ebvizja Perspektiva dhe Lidhja Demokratike n\u00eb Mal t\u00eb Zi fitoi 7 mandate kurse partia Mali i Zi Pozitiv fitoi 2 mandate.<\/p>\n<!--YouTube Error: bad URL entered-->\n","protected":false},"excerpt":{"rendered":"<p>N\u00ebse forcat politike shqiptare n\u00eb Ulqin bashkojn\u00eb forcat e veta sot at\u00ebher ato\u00a0 mund t\u00eb zgjedhin vet\u00eb kryetarin e komun\u00ebs Forca e Re Demokratike dhe Koalicioni \u201cBashk\u00eb p\u00ebr t\u00eb ardhmen e Ulqinit\u201d si dhe Mali i Zi Pozitiv pritet sot q\u00eb t\u00eb arihet marr\u00ebveshja \u00a0p\u00ebr formimin e koalicionit paszgjedhor n\u00eb komun\u00ebn e Ulqinit. Pritet q\u00eb [&hellip;]<\/p>\n","protected":false},"author":1,"featured_media":0,"comment_status":"closed","ping_status":"closed","sticky":false,"template":"","format":"standard","meta":{"spay_email":"","jetpack_publicize_message":"","jetpack_is_tweetstorm":false,"jetpack_publicize_feature_enabled":true},"categories":[1],"tags":[],"jetpack_publicize_connections":[],"yoast_head":"<!-- This site is optimized with the Yoast SEO plugin v19.1 - https:\/\/yoast.com\/wordpress\/plugins\/seo\/ -->\n<title>Fjal\u00ebn e fundit p\u00ebr koalicion ne Ulqin e ka Dritan Abazoviqi - Lajme nga Ulqini<\/title>\n<meta name=\"description\" content=\"N\u00ebse forcat politike shqiptare n\u00eb Ulqin bashkojn\u00eb forcat e veta sot at\u00ebher ato\u00a0 mund t\u00eb zgjedhin vet\u00eb kryetarin e komun\u00ebs Forca e Re Demokratike dhe\" \/>\n<meta name=\"robots\" content=\"index, follow, max-snippet:-1, max-image-preview:large, max-video-preview:-1\" \/>\n<link rel=\"canonical\" href=\"https:\/\/www.visit-ulcinj.com\/blog\/2014\/02\/15\/fjalen-e-fundit-per-koalicion-ne-ulqin-e-ka-dritan-abazoviqi\/\" \/>\n<meta property=\"og:locale\" content=\"en_US\" \/>\n<meta property=\"og:type\" content=\"article\" \/>\n<meta property=\"og:title\" content=\"Fjal\u00ebn e fundit p\u00ebr koalicion ne Ulqin e ka Dritan Abazoviqi - Lajme nga Ulqini\" \/>\n<meta property=\"og:description\" content=\"N\u00ebse forcat politike shqiptare n\u00eb Ulqin bashkojn\u00eb forcat e veta sot at\u00ebher ato\u00a0 mund t\u00eb zgjedhin vet\u00eb kryetarin e komun\u00ebs Forca e Re Demokratike dhe\" \/>\n<meta property=\"og:url\" content=\"https:\/\/www.visit-ulcinj.com\/blog\/2014\/02\/15\/fjalen-e-fundit-per-koalicion-ne-ulqin-e-ka-dritan-abazoviqi\/\" \/>\n<meta property=\"og:site_name\" content=\"Lajme nga Ulqini\" \/>\n<meta property=\"article:published_time\" content=\"2014-02-15T10:50:08+00:00\" \/>\n<meta property=\"article:modified_time\" content=\"2014-02-15T11:07:34+00:00\" \/>\n<meta property=\"og:image\" content=\"http:\/\/www.visit-ulcinj.com\/blog\/wp-content\/uploads\/2014\/02\/Djeka-Cungu-Abazovic.jpg\" \/>\n<meta name=\"twitter:label1\" content=\"Written by\" \/>\n\t<meta name=\"twitter:data1\" content=\"ulqini\" \/>\n\t<meta name=\"twitter:label2\" content=\"Est. reading time\" \/>\n\t<meta name=\"twitter:data2\" content=\"1 minute\" \/>\n<script type=\"application\/ld+json\" class=\"yoast-schema-graph\">{\"@context\":\"https:\/\/schema.org\",\"@graph\":[{\"@type\":\"WebSite\",\"@id\":\"https:\/\/www.visit-ulcinj.com\/blog\/#website\",\"url\":\"https:\/\/www.visit-ulcinj.com\/blog\/\",\"name\":\"Lajme nga Ulqini\",\"description\":\"Lajme,Vijesti,Ulqini,Ulqin,Crna Gora,Mali i Zi\",\"potentialAction\":[{\"@type\":\"SearchAction\",\"target\":{\"@type\":\"EntryPoint\",\"urlTemplate\":\"https:\/\/www.visit-ulcinj.com\/blog\/?s={search_term_string}\"},\"query-input\":\"required name=search_term_string\"}],\"inLanguage\":\"en-US\"},{\"@type\":\"ImageObject\",\"inLanguage\":\"en-US\",\"@id\":\"https:\/\/www.visit-ulcinj.com\/blog\/2014\/02\/15\/fjalen-e-fundit-per-koalicion-ne-ulqin-e-ka-dritan-abazoviqi\/#primaryimage\",\"url\":\"https:\/\/www.visit-ulcinj.com\/blog\/wp-content\/uploads\/2014\/02\/Djeka-Cungu-Abazovic.jpg\",\"contentUrl\":\"https:\/\/www.visit-ulcinj.com\/blog\/wp-content\/uploads\/2014\/02\/Djeka-Cungu-Abazovic.jpg\",\"width\":707,\"height\":445},{\"@type\":\"WebPage\",\"@id\":\"https:\/\/www.visit-ulcinj.com\/blog\/2014\/02\/15\/fjalen-e-fundit-per-koalicion-ne-ulqin-e-ka-dritan-abazoviqi\/#webpage\",\"url\":\"https:\/\/www.visit-ulcinj.com\/blog\/2014\/02\/15\/fjalen-e-fundit-per-koalicion-ne-ulqin-e-ka-dritan-abazoviqi\/\",\"name\":\"Fjal\u00ebn e fundit p\u00ebr koalicion ne Ulqin e ka Dritan Abazoviqi - Lajme nga Ulqini\",\"isPartOf\":{\"@id\":\"https:\/\/www.visit-ulcinj.com\/blog\/#website\"},\"primaryImageOfPage\":{\"@id\":\"https:\/\/www.visit-ulcinj.com\/blog\/2014\/02\/15\/fjalen-e-fundit-per-koalicion-ne-ulqin-e-ka-dritan-abazoviqi\/#primaryimage\"},\"datePublished\":\"2014-02-15T10:50:08+00:00\",\"dateModified\":\"2014-02-15T11:07:34+00:00\",\"author\":{\"@id\":\"https:\/\/www.visit-ulcinj.com\/blog\/#\/schema\/person\/dcab619c614d3038751c63bc2aadc06d\"},\"description\":\"N\u00ebse forcat politike shqiptare n\u00eb Ulqin bashkojn\u00eb forcat e veta sot at\u00ebher ato\u00a0 mund t\u00eb zgjedhin vet\u00eb kryetarin e komun\u00ebs Forca e Re Demokratike dhe\",\"breadcrumb\":{\"@id\":\"https:\/\/www.visit-ulcinj.com\/blog\/2014\/02\/15\/fjalen-e-fundit-per-koalicion-ne-ulqin-e-ka-dritan-abazoviqi\/#breadcrumb\"},\"inLanguage\":\"en-US\",\"potentialAction\":[{\"@type\":\"ReadAction\",\"target\":[\"https:\/\/www.visit-ulcinj.com\/blog\/2014\/02\/15\/fjalen-e-fundit-per-koalicion-ne-ulqin-e-ka-dritan-abazoviqi\/\"]}]},{\"@type\":\"BreadcrumbList\",\"@id\":\"https:\/\/www.visit-ulcinj.com\/blog\/2014\/02\/15\/fjalen-e-fundit-per-koalicion-ne-ulqin-e-ka-dritan-abazoviqi\/#breadcrumb\",\"itemListElement\":[{\"@type\":\"ListItem\",\"position\":1,\"name\":\"Fjal\u00ebn e fundit p\u00ebr koalicion ne Ulqin e ka Dritan Abazoviqi\"}]},{\"@type\":\"Person\",\"@id\":\"https:\/\/www.visit-ulcinj.com\/blog\/#\/schema\/person\/dcab619c614d3038751c63bc2aadc06d\",\"name\":\"ulqini\",\"sameAs\":[\"http:\/\/www.visit-ulcinj.com\"],\"url\":\"https:\/\/www.visit-ulcinj.com\/blog\/author\/admin\/\"}]}<\/script>\n<!-- \/ Yoast SEO plugin. -->","yoast_head_json":{"title":"Fjal\u00ebn e fundit p\u00ebr koalicion ne Ulqin e ka Dritan Abazoviqi - Lajme nga Ulqini","description":"N\u00ebse forcat politike shqiptare n\u00eb Ulqin bashkojn\u00eb forcat e veta sot at\u00ebher ato\u00a0 mund t\u00eb zgjedhin vet\u00eb kryetarin e komun\u00ebs Forca e Re Demokratike dhe","robots":{"index":"index","follow":"follow","max-snippet":"max-snippet:-1","max-image-preview":"max-image-preview:large","max-video-preview":"max-video-preview:-1"},"canonical":"https:\/\/www.visit-ulcinj.com\/blog\/2014\/02\/15\/fjalen-e-fundit-per-koalicion-ne-ulqin-e-ka-dritan-abazoviqi\/","og_locale":"en_US","og_type":"article","og_title":"Fjal\u00ebn e fundit p\u00ebr koalicion ne Ulqin e ka Dritan Abazoviqi - Lajme nga Ulqini","og_description":"N\u00ebse forcat politike shqiptare n\u00eb Ulqin bashkojn\u00eb forcat e veta sot at\u00ebher ato\u00a0 mund t\u00eb zgjedhin vet\u00eb kryetarin e komun\u00ebs Forca e Re Demokratike dhe","og_url":"https:\/\/www.visit-ulcinj.com\/blog\/2014\/02\/15\/fjalen-e-fundit-per-koalicion-ne-ulqin-e-ka-dritan-abazoviqi\/","og_site_name":"Lajme nga Ulqini","article_published_time":"2014-02-15T10:50:08+00:00","article_modified_time":"2014-02-15T11:07:34+00:00","og_image":[{"url":"http:\/\/www.visit-ulcinj.com\/blog\/wp-content\/uploads\/2014\/02\/Djeka-Cungu-Abazovic.jpg"}],"twitter_misc":{"Written by":"ulqini","Est. reading time":"1 minute"},"schema":{"@context":"https:\/\/schema.org","@graph":[{"@type":"WebSite","@id":"https:\/\/www.visit-ulcinj.com\/blog\/#website","url":"https:\/\/www.visit-ulcinj.com\/blog\/","name":"Lajme nga Ulqini","description":"Lajme,Vijesti,Ulqini,Ulqin,Crna Gora,Mali i Zi","potentialAction":[{"@type":"SearchAction","target":{"@type":"EntryPoint","urlTemplate":"https:\/\/www.visit-ulcinj.com\/blog\/?s={search_term_string}"},"query-input":"required name=search_term_string"}],"inLanguage":"en-US"},{"@type":"ImageObject","inLanguage":"en-US","@id":"https:\/\/www.visit-ulcinj.com\/blog\/2014\/02\/15\/fjalen-e-fundit-per-koalicion-ne-ulqin-e-ka-dritan-abazoviqi\/#primaryimage","url":"https:\/\/www.visit-ulcinj.com\/blog\/wp-content\/uploads\/2014\/02\/Djeka-Cungu-Abazovic.jpg","contentUrl":"https:\/\/www.visit-ulcinj.com\/blog\/wp-content\/uploads\/2014\/02\/Djeka-Cungu-Abazovic.jpg","width":707,"height":445},{"@type":"WebPage","@id":"https:\/\/www.visit-ulcinj.com\/blog\/2014\/02\/15\/fjalen-e-fundit-per-koalicion-ne-ulqin-e-ka-dritan-abazoviqi\/#webpage","url":"https:\/\/www.visit-ulcinj.com\/blog\/2014\/02\/15\/fjalen-e-fundit-per-koalicion-ne-ulqin-e-ka-dritan-abazoviqi\/","name":"Fjal\u00ebn e fundit p\u00ebr koalicion ne Ulqin e ka Dritan Abazoviqi - Lajme nga Ulqini","isPartOf":{"@id":"https:\/\/www.visit-ulcinj.com\/blog\/#website"},"primaryImageOfPage":{"@id":"https:\/\/www.visit-ulcinj.com\/blog\/2014\/02\/15\/fjalen-e-fundit-per-koalicion-ne-ulqin-e-ka-dritan-abazoviqi\/#primaryimage"},"datePublished":"2014-02-15T10:50:08+00:00","dateModified":"2014-02-15T11:07:34+00:00","author":{"@id":"https:\/\/www.visit-ulcinj.com\/blog\/#\/schema\/person\/dcab619c614d3038751c63bc2aadc06d"},"description":"N\u00ebse forcat politike shqiptare n\u00eb Ulqin bashkojn\u00eb forcat e veta sot at\u00ebher ato\u00a0 mund t\u00eb zgjedhin vet\u00eb kryetarin e komun\u00ebs Forca e Re Demokratike dhe","breadcrumb":{"@id":"https:\/\/www.visit-ulcinj.com\/blog\/2014\/02\/15\/fjalen-e-fundit-per-koalicion-ne-ulqin-e-ka-dritan-abazoviqi\/#breadcrumb"},"inLanguage":"en-US","potentialAction":[{"@type":"ReadAction","target":["https:\/\/www.visit-ulcinj.com\/blog\/2014\/02\/15\/fjalen-e-fundit-per-koalicion-ne-ulqin-e-ka-dritan-abazoviqi\/"]}]},{"@type":"BreadcrumbList","@id":"https:\/\/www.visit-ulcinj.com\/blog\/2014\/02\/15\/fjalen-e-fundit-per-koalicion-ne-ulqin-e-ka-dritan-abazoviqi\/#breadcrumb","itemListElement":[{"@type":"ListItem","position":1,"name":"Fjal\u00ebn e fundit p\u00ebr koalicion ne Ulqin e ka Dritan Abazoviqi"}]},{"@type":"Person","@id":"https:\/\/www.visit-ulcinj.com\/blog\/#\/schema\/person\/dcab619c614d3038751c63bc2aadc06d","name":"ulqini","sameAs":["http:\/\/www.visit-ulcinj.com"],"url":"https:\/\/www.visit-ulcinj.com\/blog\/author\/admin\/"}]}},"jetpack_featured_media_url":"","jetpack_sharing_enabled":true,"jetpack_shortlink":"https:\/\/wp.me\/pe6lTn-kIU","_links":{"self":[{"href":"https:\/\/www.visit-ulcinj.com\/blog\/wp-json\/wp\/v2\/posts\/79664"}],"collection":[{"href":"https:\/\/www.visit-ulcinj.com\/blog\/wp-json\/wp\/v2\/posts"}],"about":[{"href":"https:\/\/www.visit-ulcinj.com\/blog\/wp-json\/wp\/v2\/types\/post"}],"author":[{"embeddable":true,"href":"https:\/\/www.visit-ulcinj.com\/blog\/wp-json\/wp\/v2\/users\/1"}],"replies":[{"embeddable":true,"href":"https:\/\/www.visit-ulcinj.com\/blog\/wp-json\/wp\/v2\/comments?post=79664"}],"version-history":[{"count":5,"href":"https:\/\/www.visit-ulcinj.com\/blog\/wp-json\/wp\/v2\/posts\/79664\/revisions"}],"predecessor-version":[{"id":79670,"href":"https:\/\/www.visit-ulcinj.com\/blog\/wp-json\/wp\/v2\/posts\/79664\/revisions\/79670"}],"wp:attachment":[{"href":"https:\/\/www.visit-ulcinj.com\/blog\/wp-json\/wp\/v2\/media?parent=79664"}],"wp:term":[{"taxonomy":"category","embeddable":true,"href":"https:\/\/www.visit-ulcinj.com\/blog\/wp-json\/wp\/v2\/categories?post=79664"},{"taxonomy":"post_tag","embeddable":true,"href":"https:\/\/www.visit-ulcinj.com\/blog\/wp-json\/wp\/v2\/tags?post=79664"}],"curies":[{"name":"wp","href":"https:\/\/api.w.org\/{rel}","templated":true}]}}