{"id":79671,"date":"2014-02-15T14:19:38","date_gmt":"2014-02-15T13:19:38","guid":{"rendered":"http:\/\/www.visit-ulcinj.com\/blog\/?p=79671"},"modified":"2014-02-15T14:19:38","modified_gmt":"2014-02-15T13:19:38","slug":"noizy-befason-kenge-per-shen-valentin-video","status":"publish","type":"post","link":"https:\/\/www.visit-ulcinj.com\/blog\/2014\/02\/15\/noizy-befason-kenge-per-shen-valentin-video\/","title":{"rendered":"Noizy befason me k\u00ebng\u00eb p\u00ebr Sh\u00ebn Valentin &#8211; Video"},"content":{"rendered":"<div>\n<p><a href=\"http:\/\/www.visit-ulcinj.com\/blog\/wp-content\/uploads\/2014\/02\/Noizy-Ke-Ngju-Per-Mu.jpg\"><img loading=\"lazy\" class=\"alignleft  wp-image-79672\" alt=\"Noizy-Ke Ngju Per Mu\" src=\"http:\/\/www.visit-ulcinj.com\/blog\/wp-content\/uploads\/2014\/02\/Noizy-Ke-Ngju-Per-Mu.jpg\" width=\"508\" height=\"360\" \/><\/a>Pas Morena Tarakut me Bleron dhe Tun\u00ebs, edhe Noizy e ka zgjedhur dit\u00ebn e fest\u00ebs s\u00eb Sh\u00ebn Valentinit, p\u00ebr ta lansuar k\u00ebng\u00ebn m\u00eb t\u00eb re.<\/p>\n<p>Reperi shqiptar e ka publikuar t\u00eb premten videoklipin e k\u00ebng\u00ebs s\u00eb tij m\u00eb t\u00eb re, q\u00eb quhet \u2018Ke Ngju Per Mu\u2019.<\/p>\n<p>Nj\u00ebri prej k\u00ebng\u00ebtar\u00ebve m\u00eb t\u00eb suksessh\u00ebm shqiptar\u00eb shihet n\u00eb klip me nj\u00eb fem\u00ebr mjaft t\u00ebrheq\u00ebse, me t\u00eb cil\u00ebn \u00ebsht\u00eb mjaft i af\u00ebrt. Kjo duket nj\u00eb k\u00ebng\u00eb mjaft e mir\u00eb, q\u00eb mund t\u00eb b\u00ebhet hit. Shijojeni!<\/p>\n<p>Lajmi.net<\/p>\n<!--YouTube Error: bad URL entered-->\n<p>&nbsp;<\/p>\n<\/div>\n","protected":false},"excerpt":{"rendered":"<p>Pas Morena Tarakut me Bleron dhe Tun\u00ebs, edhe Noizy e ka zgjedhur dit\u00ebn e fest\u00ebs s\u00eb Sh\u00ebn Valentinit, p\u00ebr ta lansuar k\u00ebng\u00ebn m\u00eb t\u00eb re. Reperi shqiptar e ka publikuar t\u00eb premten videoklipin e k\u00ebng\u00ebs s\u00eb tij m\u00eb t\u00eb re, q\u00eb quhet \u2018Ke Ngju Per Mu\u2019. Nj\u00ebri prej k\u00ebng\u00ebtar\u00ebve m\u00eb t\u00eb suksessh\u00ebm shqiptar\u00eb shihet n\u00eb [&hellip;]<\/p>\n","protected":false},"author":1,"featured_media":0,"comment_status":"closed","ping_status":"closed","sticky":false,"template":"","format":"standard","meta":{"spay_email":"","jetpack_publicize_message":"","jetpack_is_tweetstorm":false,"jetpack_publicize_feature_enabled":true},"categories":[1],"tags":[],"jetpack_publicize_connections":[],"yoast_head":"<!-- This site is optimized with the Yoast SEO plugin v19.1 - https:\/\/yoast.com\/wordpress\/plugins\/seo\/ -->\n<title>Noizy befason me k\u00ebng\u00eb p\u00ebr Sh\u00ebn Valentin - Video - Lajme nga Ulqini<\/title>\n<meta name=\"description\" content=\"Pas Morena Tarakut me Bleron dhe Tun\u00ebs, edhe Noizy e ka zgjedhur dit\u00ebn e fest\u00ebs s\u00eb Sh\u00ebn Valentinit, p\u00ebr ta lansuar k\u00ebng\u00ebn m\u00eb t\u00eb re. Reperi shqiptar e ka\" \/>\n<meta name=\"robots\" content=\"index, follow, max-snippet:-1, max-image-preview:large, max-video-preview:-1\" \/>\n<link rel=\"canonical\" href=\"https:\/\/www.visit-ulcinj.com\/blog\/2014\/02\/15\/noizy-befason-kenge-per-shen-valentin-video\/\" \/>\n<meta property=\"og:locale\" content=\"en_US\" \/>\n<meta property=\"og:type\" content=\"article\" \/>\n<meta property=\"og:title\" content=\"Noizy befason me k\u00ebng\u00eb p\u00ebr Sh\u00ebn Valentin - Video - Lajme nga Ulqini\" \/>\n<meta property=\"og:description\" content=\"Pas Morena Tarakut me Bleron dhe Tun\u00ebs, edhe Noizy e ka zgjedhur dit\u00ebn e fest\u00ebs s\u00eb Sh\u00ebn Valentinit, p\u00ebr ta lansuar k\u00ebng\u00ebn m\u00eb t\u00eb re. Reperi shqiptar e ka\" \/>\n<meta property=\"og:url\" content=\"https:\/\/www.visit-ulcinj.com\/blog\/2014\/02\/15\/noizy-befason-kenge-per-shen-valentin-video\/\" \/>\n<meta property=\"og:site_name\" content=\"Lajme nga Ulqini\" \/>\n<meta property=\"article:published_time\" content=\"2014-02-15T13:19:38+00:00\" \/>\n<meta property=\"og:image\" content=\"http:\/\/www.visit-ulcinj.com\/blog\/wp-content\/uploads\/2014\/02\/Noizy-Ke-Ngju-Per-Mu.jpg\" \/>\n<meta name=\"twitter:label1\" content=\"Written by\" \/>\n\t<meta name=\"twitter:data1\" content=\"ulqini\" \/>\n\t<meta name=\"twitter:label2\" content=\"Est. reading time\" \/>\n\t<meta name=\"twitter:data2\" content=\"1 minute\" \/>\n<script type=\"application\/ld+json\" class=\"yoast-schema-graph\">{\"@context\":\"https:\/\/schema.org\",\"@graph\":[{\"@type\":\"WebSite\",\"@id\":\"https:\/\/www.visit-ulcinj.com\/blog\/#website\",\"url\":\"https:\/\/www.visit-ulcinj.com\/blog\/\",\"name\":\"Lajme nga Ulqini\",\"description\":\"Lajme,Vijesti,Ulqini,Ulqin,Crna Gora,Mali i Zi\",\"potentialAction\":[{\"@type\":\"SearchAction\",\"target\":{\"@type\":\"EntryPoint\",\"urlTemplate\":\"https:\/\/www.visit-ulcinj.com\/blog\/?s={search_term_string}\"},\"query-input\":\"required name=search_term_string\"}],\"inLanguage\":\"en-US\"},{\"@type\":\"ImageObject\",\"inLanguage\":\"en-US\",\"@id\":\"https:\/\/www.visit-ulcinj.com\/blog\/2014\/02\/15\/noizy-befason-kenge-per-shen-valentin-video\/#primaryimage\",\"url\":\"http:\/\/www.visit-ulcinj.com\/blog\/wp-content\/uploads\/2014\/02\/Noizy-Ke-Ngju-Per-Mu.jpg\",\"contentUrl\":\"http:\/\/www.visit-ulcinj.com\/blog\/wp-content\/uploads\/2014\/02\/Noizy-Ke-Ngju-Per-Mu.jpg\"},{\"@type\":\"WebPage\",\"@id\":\"https:\/\/www.visit-ulcinj.com\/blog\/2014\/02\/15\/noizy-befason-kenge-per-shen-valentin-video\/#webpage\",\"url\":\"https:\/\/www.visit-ulcinj.com\/blog\/2014\/02\/15\/noizy-befason-kenge-per-shen-valentin-video\/\",\"name\":\"Noizy befason me k\u00ebng\u00eb p\u00ebr Sh\u00ebn Valentin - Video - Lajme nga Ulqini\",\"isPartOf\":{\"@id\":\"https:\/\/www.visit-ulcinj.com\/blog\/#website\"},\"primaryImageOfPage\":{\"@id\":\"https:\/\/www.visit-ulcinj.com\/blog\/2014\/02\/15\/noizy-befason-kenge-per-shen-valentin-video\/#primaryimage\"},\"datePublished\":\"2014-02-15T13:19:38+00:00\",\"dateModified\":\"2014-02-15T13:19:38+00:00\",\"author\":{\"@id\":\"https:\/\/www.visit-ulcinj.com\/blog\/#\/schema\/person\/dcab619c614d3038751c63bc2aadc06d\"},\"description\":\"Pas Morena Tarakut me Bleron dhe Tun\u00ebs, edhe Noizy e ka zgjedhur dit\u00ebn e fest\u00ebs s\u00eb Sh\u00ebn Valentinit, p\u00ebr ta lansuar k\u00ebng\u00ebn m\u00eb t\u00eb re. Reperi shqiptar e ka\",\"breadcrumb\":{\"@id\":\"https:\/\/www.visit-ulcinj.com\/blog\/2014\/02\/15\/noizy-befason-kenge-per-shen-valentin-video\/#breadcrumb\"},\"inLanguage\":\"en-US\",\"potentialAction\":[{\"@type\":\"ReadAction\",\"target\":[\"https:\/\/www.visit-ulcinj.com\/blog\/2014\/02\/15\/noizy-befason-kenge-per-shen-valentin-video\/\"]}]},{\"@type\":\"BreadcrumbList\",\"@id\":\"https:\/\/www.visit-ulcinj.com\/blog\/2014\/02\/15\/noizy-befason-kenge-per-shen-valentin-video\/#breadcrumb\",\"itemListElement\":[{\"@type\":\"ListItem\",\"position\":1,\"name\":\"Noizy befason me k\u00ebng\u00eb p\u00ebr Sh\u00ebn Valentin &#8211; Video\"}]},{\"@type\":\"Person\",\"@id\":\"https:\/\/www.visit-ulcinj.com\/blog\/#\/schema\/person\/dcab619c614d3038751c63bc2aadc06d\",\"name\":\"ulqini\",\"sameAs\":[\"http:\/\/www.visit-ulcinj.com\"],\"url\":\"https:\/\/www.visit-ulcinj.com\/blog\/author\/admin\/\"}]}<\/script>\n<!-- \/ Yoast SEO plugin. -->","yoast_head_json":{"title":"Noizy befason me k\u00ebng\u00eb p\u00ebr Sh\u00ebn Valentin - Video - Lajme nga Ulqini","description":"Pas Morena Tarakut me Bleron dhe Tun\u00ebs, edhe Noizy e ka zgjedhur dit\u00ebn e fest\u00ebs s\u00eb Sh\u00ebn Valentinit, p\u00ebr ta lansuar k\u00ebng\u00ebn m\u00eb t\u00eb re. Reperi shqiptar e ka","robots":{"index":"index","follow":"follow","max-snippet":"max-snippet:-1","max-image-preview":"max-image-preview:large","max-video-preview":"max-video-preview:-1"},"canonical":"https:\/\/www.visit-ulcinj.com\/blog\/2014\/02\/15\/noizy-befason-kenge-per-shen-valentin-video\/","og_locale":"en_US","og_type":"article","og_title":"Noizy befason me k\u00ebng\u00eb p\u00ebr Sh\u00ebn Valentin - Video - Lajme nga Ulqini","og_description":"Pas Morena Tarakut me Bleron dhe Tun\u00ebs, edhe Noizy e ka zgjedhur dit\u00ebn e fest\u00ebs s\u00eb Sh\u00ebn Valentinit, p\u00ebr ta lansuar k\u00ebng\u00ebn m\u00eb t\u00eb re. Reperi shqiptar e ka","og_url":"https:\/\/www.visit-ulcinj.com\/blog\/2014\/02\/15\/noizy-befason-kenge-per-shen-valentin-video\/","og_site_name":"Lajme nga Ulqini","article_published_time":"2014-02-15T13:19:38+00:00","og_image":[{"url":"http:\/\/www.visit-ulcinj.com\/blog\/wp-content\/uploads\/2014\/02\/Noizy-Ke-Ngju-Per-Mu.jpg"}],"twitter_misc":{"Written by":"ulqini","Est. reading time":"1 minute"},"schema":{"@context":"https:\/\/schema.org","@graph":[{"@type":"WebSite","@id":"https:\/\/www.visit-ulcinj.com\/blog\/#website","url":"https:\/\/www.visit-ulcinj.com\/blog\/","name":"Lajme nga Ulqini","description":"Lajme,Vijesti,Ulqini,Ulqin,Crna Gora,Mali i Zi","potentialAction":[{"@type":"SearchAction","target":{"@type":"EntryPoint","urlTemplate":"https:\/\/www.visit-ulcinj.com\/blog\/?s={search_term_string}"},"query-input":"required name=search_term_string"}],"inLanguage":"en-US"},{"@type":"ImageObject","inLanguage":"en-US","@id":"https:\/\/www.visit-ulcinj.com\/blog\/2014\/02\/15\/noizy-befason-kenge-per-shen-valentin-video\/#primaryimage","url":"http:\/\/www.visit-ulcinj.com\/blog\/wp-content\/uploads\/2014\/02\/Noizy-Ke-Ngju-Per-Mu.jpg","contentUrl":"http:\/\/www.visit-ulcinj.com\/blog\/wp-content\/uploads\/2014\/02\/Noizy-Ke-Ngju-Per-Mu.jpg"},{"@type":"WebPage","@id":"https:\/\/www.visit-ulcinj.com\/blog\/2014\/02\/15\/noizy-befason-kenge-per-shen-valentin-video\/#webpage","url":"https:\/\/www.visit-ulcinj.com\/blog\/2014\/02\/15\/noizy-befason-kenge-per-shen-valentin-video\/","name":"Noizy befason me k\u00ebng\u00eb p\u00ebr Sh\u00ebn Valentin - Video - Lajme nga Ulqini","isPartOf":{"@id":"https:\/\/www.visit-ulcinj.com\/blog\/#website"},"primaryImageOfPage":{"@id":"https:\/\/www.visit-ulcinj.com\/blog\/2014\/02\/15\/noizy-befason-kenge-per-shen-valentin-video\/#primaryimage"},"datePublished":"2014-02-15T13:19:38+00:00","dateModified":"2014-02-15T13:19:38+00:00","author":{"@id":"https:\/\/www.visit-ulcinj.com\/blog\/#\/schema\/person\/dcab619c614d3038751c63bc2aadc06d"},"description":"Pas Morena Tarakut me Bleron dhe Tun\u00ebs, edhe Noizy e ka zgjedhur dit\u00ebn e fest\u00ebs s\u00eb Sh\u00ebn Valentinit, p\u00ebr ta lansuar k\u00ebng\u00ebn m\u00eb t\u00eb re. Reperi shqiptar e ka","breadcrumb":{"@id":"https:\/\/www.visit-ulcinj.com\/blog\/2014\/02\/15\/noizy-befason-kenge-per-shen-valentin-video\/#breadcrumb"},"inLanguage":"en-US","potentialAction":[{"@type":"ReadAction","target":["https:\/\/www.visit-ulcinj.com\/blog\/2014\/02\/15\/noizy-befason-kenge-per-shen-valentin-video\/"]}]},{"@type":"BreadcrumbList","@id":"https:\/\/www.visit-ulcinj.com\/blog\/2014\/02\/15\/noizy-befason-kenge-per-shen-valentin-video\/#breadcrumb","itemListElement":[{"@type":"ListItem","position":1,"name":"Noizy befason me k\u00ebng\u00eb p\u00ebr Sh\u00ebn Valentin &#8211; Video"}]},{"@type":"Person","@id":"https:\/\/www.visit-ulcinj.com\/blog\/#\/schema\/person\/dcab619c614d3038751c63bc2aadc06d","name":"ulqini","sameAs":["http:\/\/www.visit-ulcinj.com"],"url":"https:\/\/www.visit-ulcinj.com\/blog\/author\/admin\/"}]}},"jetpack_featured_media_url":"","jetpack_sharing_enabled":true,"jetpack_shortlink":"https:\/\/wp.me\/pe6lTn-kJ1","_links":{"self":[{"href":"https:\/\/www.visit-ulcinj.com\/blog\/wp-json\/wp\/v2\/posts\/79671"}],"collection":[{"href":"https:\/\/www.visit-ulcinj.com\/blog\/wp-json\/wp\/v2\/posts"}],"about":[{"href":"https:\/\/www.visit-ulcinj.com\/blog\/wp-json\/wp\/v2\/types\/post"}],"author":[{"embeddable":true,"href":"https:\/\/www.visit-ulcinj.com\/blog\/wp-json\/wp\/v2\/users\/1"}],"replies":[{"embeddable":true,"href":"https:\/\/www.visit-ulcinj.com\/blog\/wp-json\/wp\/v2\/comments?post=79671"}],"version-history":[{"count":1,"href":"https:\/\/www.visit-ulcinj.com\/blog\/wp-json\/wp\/v2\/posts\/79671\/revisions"}],"predecessor-version":[{"id":79673,"href":"https:\/\/www.visit-ulcinj.com\/blog\/wp-json\/wp\/v2\/posts\/79671\/revisions\/79673"}],"wp:attachment":[{"href":"https:\/\/www.visit-ulcinj.com\/blog\/wp-json\/wp\/v2\/media?parent=79671"}],"wp:term":[{"taxonomy":"category","embeddable":true,"href":"https:\/\/www.visit-ulcinj.com\/blog\/wp-json\/wp\/v2\/categories?post=79671"},{"taxonomy":"post_tag","embeddable":true,"href":"https:\/\/www.visit-ulcinj.com\/blog\/wp-json\/wp\/v2\/tags?post=79671"}],"curies":[{"name":"wp","href":"https:\/\/api.w.org\/{rel}","templated":true}]}}