{"id":79685,"date":"2014-02-15T15:01:59","date_gmt":"2014-02-15T14:01:59","guid":{"rendered":"http:\/\/www.visit-ulcinj.com\/blog\/?p=79685"},"modified":"2014-02-15T15:01:59","modified_gmt":"2014-02-15T14:01:59","slug":"aferdita-dreshaj-e-nxehte-te-dashurin-apo-foto","status":"publish","type":"post","link":"https:\/\/www.visit-ulcinj.com\/blog\/2014\/02\/15\/aferdita-dreshaj-e-nxehte-te-dashurin-apo-foto\/","title":{"rendered":"Af\u00ebrdita Dreshaj e \u201cnxeht\u00eb\u201d me t\u00eb dashurin, apo !!!! Foto"},"content":{"rendered":"<p><a href=\"http:\/\/www.visit-ulcinj.com\/blog\/wp-content\/uploads\/2014\/02\/Aferdita.Dreshaj-Jakub-Kindl-1.jpg\"><img loading=\"lazy\" class=\"alignleft  wp-image-79728\" alt=\"Aferdita.Dreshaj- Jakub-Kindl-1\" src=\"http:\/\/www.visit-ulcinj.com\/blog\/wp-content\/uploads\/2014\/02\/Aferdita.Dreshaj-Jakub-Kindl-1.jpg\" width=\"508\" height=\"360\" \/><\/a>Af\u00ebrdita Dreshaj, bukuroshja dhe k\u00ebng\u00ebtarja shqiptare siq duket \u00ebsht\u00eb n\u00eb kulm\u00eb t\u00eb lumturis\u00eb.<\/p>\n<p>Ajo vazhdon t\u00eb mos pranoj\u00eb nj\u00eb lidhje t\u00eb till me Jakub Kindl hokeist \u00e7ek, nd\u00ebrsa ky vazhdoj t\u00eb postoj fotografi s\u00eb bashku me bukuroshen n\u00eb Instagram. Ai or\u00eb m\u00eb par\u00eb ka postuar nj\u00eb foto me Af\u00ebrditen, ku shifet qart\u00eb se t\u00eb dy kishin shijuar koh\u00eb t\u00eb mir\u00eb m\u00eb par\u00eb.<br \/>\n<a href=\"http:\/\/www.visit-ulcinj.com\/blog\/wp-content\/uploads\/2014\/02\/Aferdita.Dreshaj-Jakub-Kindl.jpg\"><img loading=\"lazy\" class=\"alignleft  wp-image-79729\" alt=\"Aferdita.Dreshaj- Jakub-Kindl\" src=\"http:\/\/www.visit-ulcinj.com\/blog\/wp-content\/uploads\/2014\/02\/Aferdita.Dreshaj-Jakub-Kindl.jpg\" width=\"508\" height=\"360\" \/><\/a><\/p>\n<p>Mirpo Dreshaj nuk e pranon nj\u00eb lidhje me Kindl, nj\u00eb gj\u00eb e till\u00eb v\u00ebrehet duksh\u00ebm.<\/p>\n<p><a href=\"http:\/\/www.visit-ulcinj.com\/blog\/wp-content\/uploads\/2014\/02\/Aferdita.Dreshaj-Jakub-Kindl-2.jpg\"><img loading=\"lazy\" class=\"alignleft  wp-image-79730\" alt=\"Aferdita.Dreshaj- Jakub-Kindl-2\" src=\"http:\/\/www.visit-ulcinj.com\/blog\/wp-content\/uploads\/2014\/02\/Aferdita.Dreshaj-Jakub-Kindl-2.jpg\" width=\"508\" height=\"584\" \/><\/a><\/p>\n<p>Edhe pse lidhjen me Shpatin tash m\u00eb shum\u00eb mendia e kan\u00eb konfirmuar q\u00eb jan\u00eb ribashkuar, mirpo nj\u00eb gj\u00eb e till ende nuk \u00ebsht\u00eb e sakt!<\/p>\n<p>Puhia<br \/>\n<!--YouTube Error: bad URL entered--><\/p>\n","protected":false},"excerpt":{"rendered":"<p>Af\u00ebrdita Dreshaj, bukuroshja dhe k\u00ebng\u00ebtarja shqiptare siq duket \u00ebsht\u00eb n\u00eb kulm\u00eb t\u00eb lumturis\u00eb. Ajo vazhdon t\u00eb mos pranoj\u00eb nj\u00eb lidhje t\u00eb till me Jakub Kindl hokeist \u00e7ek, nd\u00ebrsa ky vazhdoj t\u00eb postoj fotografi s\u00eb bashku me bukuroshen n\u00eb Instagram. Ai or\u00eb m\u00eb par\u00eb ka postuar nj\u00eb foto me Af\u00ebrditen, ku shifet qart\u00eb se t\u00eb dy [&hellip;]<\/p>\n","protected":false},"author":1,"featured_media":0,"comment_status":"closed","ping_status":"closed","sticky":false,"template":"","format":"standard","meta":{"spay_email":"","jetpack_publicize_message":"","jetpack_is_tweetstorm":false,"jetpack_publicize_feature_enabled":true},"categories":[1],"tags":[],"jetpack_publicize_connections":[],"yoast_head":"<!-- This site is optimized with the Yoast SEO plugin v19.1 - https:\/\/yoast.com\/wordpress\/plugins\/seo\/ -->\n<title>Af\u00ebrdita Dreshaj e \u201cnxeht\u00eb\u201d me t\u00eb dashurin, apo !!!! Foto - Lajme nga Ulqini<\/title>\n<meta name=\"description\" content=\"Af\u00ebrdita Dreshaj, bukuroshja dhe k\u00ebng\u00ebtarja shqiptare siq duket \u00ebsht\u00eb n\u00eb kulm\u00eb t\u00eb lumturis\u00eb. Ajo vazhdon t\u00eb mos pranoj\u00eb nj\u00eb lidhje t\u00eb till me Jakub Kindl\" \/>\n<meta name=\"robots\" content=\"index, follow, max-snippet:-1, max-image-preview:large, max-video-preview:-1\" \/>\n<link rel=\"canonical\" href=\"https:\/\/www.visit-ulcinj.com\/blog\/2014\/02\/15\/aferdita-dreshaj-e-nxehte-te-dashurin-apo-foto\/\" \/>\n<meta property=\"og:locale\" content=\"en_US\" \/>\n<meta property=\"og:type\" content=\"article\" \/>\n<meta property=\"og:title\" content=\"Af\u00ebrdita Dreshaj e \u201cnxeht\u00eb\u201d me t\u00eb dashurin, apo !!!! Foto - Lajme nga Ulqini\" \/>\n<meta property=\"og:description\" content=\"Af\u00ebrdita Dreshaj, bukuroshja dhe k\u00ebng\u00ebtarja shqiptare siq duket \u00ebsht\u00eb n\u00eb kulm\u00eb t\u00eb lumturis\u00eb. Ajo vazhdon t\u00eb mos pranoj\u00eb nj\u00eb lidhje t\u00eb till me Jakub Kindl\" \/>\n<meta property=\"og:url\" content=\"https:\/\/www.visit-ulcinj.com\/blog\/2014\/02\/15\/aferdita-dreshaj-e-nxehte-te-dashurin-apo-foto\/\" \/>\n<meta property=\"og:site_name\" content=\"Lajme nga Ulqini\" \/>\n<meta property=\"article:published_time\" content=\"2014-02-15T14:01:59+00:00\" \/>\n<meta property=\"og:image\" content=\"http:\/\/www.visit-ulcinj.com\/blog\/wp-content\/uploads\/2014\/02\/Aferdita.Dreshaj-Jakub-Kindl-1.jpg\" \/>\n<meta name=\"twitter:label1\" content=\"Written by\" \/>\n\t<meta name=\"twitter:data1\" content=\"ulqini\" \/>\n\t<meta name=\"twitter:label2\" content=\"Est. reading time\" \/>\n\t<meta name=\"twitter:data2\" content=\"1 minute\" \/>\n<script type=\"application\/ld+json\" class=\"yoast-schema-graph\">{\"@context\":\"https:\/\/schema.org\",\"@graph\":[{\"@type\":\"WebSite\",\"@id\":\"https:\/\/www.visit-ulcinj.com\/blog\/#website\",\"url\":\"https:\/\/www.visit-ulcinj.com\/blog\/\",\"name\":\"Lajme nga Ulqini\",\"description\":\"Lajme,Vijesti,Ulqini,Ulqin,Crna Gora,Mali i Zi\",\"potentialAction\":[{\"@type\":\"SearchAction\",\"target\":{\"@type\":\"EntryPoint\",\"urlTemplate\":\"https:\/\/www.visit-ulcinj.com\/blog\/?s={search_term_string}\"},\"query-input\":\"required name=search_term_string\"}],\"inLanguage\":\"en-US\"},{\"@type\":\"ImageObject\",\"inLanguage\":\"en-US\",\"@id\":\"https:\/\/www.visit-ulcinj.com\/blog\/2014\/02\/15\/aferdita-dreshaj-e-nxehte-te-dashurin-apo-foto\/#primaryimage\",\"url\":\"http:\/\/www.visit-ulcinj.com\/blog\/wp-content\/uploads\/2014\/02\/Aferdita.Dreshaj-Jakub-Kindl-1.jpg\",\"contentUrl\":\"http:\/\/www.visit-ulcinj.com\/blog\/wp-content\/uploads\/2014\/02\/Aferdita.Dreshaj-Jakub-Kindl-1.jpg\"},{\"@type\":\"WebPage\",\"@id\":\"https:\/\/www.visit-ulcinj.com\/blog\/2014\/02\/15\/aferdita-dreshaj-e-nxehte-te-dashurin-apo-foto\/#webpage\",\"url\":\"https:\/\/www.visit-ulcinj.com\/blog\/2014\/02\/15\/aferdita-dreshaj-e-nxehte-te-dashurin-apo-foto\/\",\"name\":\"Af\u00ebrdita Dreshaj e \u201cnxeht\u00eb\u201d me t\u00eb dashurin, apo !!!! Foto - Lajme nga Ulqini\",\"isPartOf\":{\"@id\":\"https:\/\/www.visit-ulcinj.com\/blog\/#website\"},\"primaryImageOfPage\":{\"@id\":\"https:\/\/www.visit-ulcinj.com\/blog\/2014\/02\/15\/aferdita-dreshaj-e-nxehte-te-dashurin-apo-foto\/#primaryimage\"},\"datePublished\":\"2014-02-15T14:01:59+00:00\",\"dateModified\":\"2014-02-15T14:01:59+00:00\",\"author\":{\"@id\":\"https:\/\/www.visit-ulcinj.com\/blog\/#\/schema\/person\/dcab619c614d3038751c63bc2aadc06d\"},\"description\":\"Af\u00ebrdita Dreshaj, bukuroshja dhe k\u00ebng\u00ebtarja shqiptare siq duket \u00ebsht\u00eb n\u00eb kulm\u00eb t\u00eb lumturis\u00eb. Ajo vazhdon t\u00eb mos pranoj\u00eb nj\u00eb lidhje t\u00eb till me Jakub Kindl\",\"breadcrumb\":{\"@id\":\"https:\/\/www.visit-ulcinj.com\/blog\/2014\/02\/15\/aferdita-dreshaj-e-nxehte-te-dashurin-apo-foto\/#breadcrumb\"},\"inLanguage\":\"en-US\",\"potentialAction\":[{\"@type\":\"ReadAction\",\"target\":[\"https:\/\/www.visit-ulcinj.com\/blog\/2014\/02\/15\/aferdita-dreshaj-e-nxehte-te-dashurin-apo-foto\/\"]}]},{\"@type\":\"BreadcrumbList\",\"@id\":\"https:\/\/www.visit-ulcinj.com\/blog\/2014\/02\/15\/aferdita-dreshaj-e-nxehte-te-dashurin-apo-foto\/#breadcrumb\",\"itemListElement\":[{\"@type\":\"ListItem\",\"position\":1,\"name\":\"Af\u00ebrdita Dreshaj e \u201cnxeht\u00eb\u201d me t\u00eb dashurin, apo !!!! Foto\"}]},{\"@type\":\"Person\",\"@id\":\"https:\/\/www.visit-ulcinj.com\/blog\/#\/schema\/person\/dcab619c614d3038751c63bc2aadc06d\",\"name\":\"ulqini\",\"sameAs\":[\"http:\/\/www.visit-ulcinj.com\"],\"url\":\"https:\/\/www.visit-ulcinj.com\/blog\/author\/admin\/\"}]}<\/script>\n<!-- \/ Yoast SEO plugin. -->","yoast_head_json":{"title":"Af\u00ebrdita Dreshaj e \u201cnxeht\u00eb\u201d me t\u00eb dashurin, apo !!!! Foto - Lajme nga Ulqini","description":"Af\u00ebrdita Dreshaj, bukuroshja dhe k\u00ebng\u00ebtarja shqiptare siq duket \u00ebsht\u00eb n\u00eb kulm\u00eb t\u00eb lumturis\u00eb. Ajo vazhdon t\u00eb mos pranoj\u00eb nj\u00eb lidhje t\u00eb till me Jakub Kindl","robots":{"index":"index","follow":"follow","max-snippet":"max-snippet:-1","max-image-preview":"max-image-preview:large","max-video-preview":"max-video-preview:-1"},"canonical":"https:\/\/www.visit-ulcinj.com\/blog\/2014\/02\/15\/aferdita-dreshaj-e-nxehte-te-dashurin-apo-foto\/","og_locale":"en_US","og_type":"article","og_title":"Af\u00ebrdita Dreshaj e \u201cnxeht\u00eb\u201d me t\u00eb dashurin, apo !!!! Foto - Lajme nga Ulqini","og_description":"Af\u00ebrdita Dreshaj, bukuroshja dhe k\u00ebng\u00ebtarja shqiptare siq duket \u00ebsht\u00eb n\u00eb kulm\u00eb t\u00eb lumturis\u00eb. Ajo vazhdon t\u00eb mos pranoj\u00eb nj\u00eb lidhje t\u00eb till me Jakub Kindl","og_url":"https:\/\/www.visit-ulcinj.com\/blog\/2014\/02\/15\/aferdita-dreshaj-e-nxehte-te-dashurin-apo-foto\/","og_site_name":"Lajme nga Ulqini","article_published_time":"2014-02-15T14:01:59+00:00","og_image":[{"url":"http:\/\/www.visit-ulcinj.com\/blog\/wp-content\/uploads\/2014\/02\/Aferdita.Dreshaj-Jakub-Kindl-1.jpg"}],"twitter_misc":{"Written by":"ulqini","Est. reading time":"1 minute"},"schema":{"@context":"https:\/\/schema.org","@graph":[{"@type":"WebSite","@id":"https:\/\/www.visit-ulcinj.com\/blog\/#website","url":"https:\/\/www.visit-ulcinj.com\/blog\/","name":"Lajme nga Ulqini","description":"Lajme,Vijesti,Ulqini,Ulqin,Crna Gora,Mali i Zi","potentialAction":[{"@type":"SearchAction","target":{"@type":"EntryPoint","urlTemplate":"https:\/\/www.visit-ulcinj.com\/blog\/?s={search_term_string}"},"query-input":"required name=search_term_string"}],"inLanguage":"en-US"},{"@type":"ImageObject","inLanguage":"en-US","@id":"https:\/\/www.visit-ulcinj.com\/blog\/2014\/02\/15\/aferdita-dreshaj-e-nxehte-te-dashurin-apo-foto\/#primaryimage","url":"http:\/\/www.visit-ulcinj.com\/blog\/wp-content\/uploads\/2014\/02\/Aferdita.Dreshaj-Jakub-Kindl-1.jpg","contentUrl":"http:\/\/www.visit-ulcinj.com\/blog\/wp-content\/uploads\/2014\/02\/Aferdita.Dreshaj-Jakub-Kindl-1.jpg"},{"@type":"WebPage","@id":"https:\/\/www.visit-ulcinj.com\/blog\/2014\/02\/15\/aferdita-dreshaj-e-nxehte-te-dashurin-apo-foto\/#webpage","url":"https:\/\/www.visit-ulcinj.com\/blog\/2014\/02\/15\/aferdita-dreshaj-e-nxehte-te-dashurin-apo-foto\/","name":"Af\u00ebrdita Dreshaj e \u201cnxeht\u00eb\u201d me t\u00eb dashurin, apo !!!! Foto - Lajme nga Ulqini","isPartOf":{"@id":"https:\/\/www.visit-ulcinj.com\/blog\/#website"},"primaryImageOfPage":{"@id":"https:\/\/www.visit-ulcinj.com\/blog\/2014\/02\/15\/aferdita-dreshaj-e-nxehte-te-dashurin-apo-foto\/#primaryimage"},"datePublished":"2014-02-15T14:01:59+00:00","dateModified":"2014-02-15T14:01:59+00:00","author":{"@id":"https:\/\/www.visit-ulcinj.com\/blog\/#\/schema\/person\/dcab619c614d3038751c63bc2aadc06d"},"description":"Af\u00ebrdita Dreshaj, bukuroshja dhe k\u00ebng\u00ebtarja shqiptare siq duket \u00ebsht\u00eb n\u00eb kulm\u00eb t\u00eb lumturis\u00eb. Ajo vazhdon t\u00eb mos pranoj\u00eb nj\u00eb lidhje t\u00eb till me Jakub Kindl","breadcrumb":{"@id":"https:\/\/www.visit-ulcinj.com\/blog\/2014\/02\/15\/aferdita-dreshaj-e-nxehte-te-dashurin-apo-foto\/#breadcrumb"},"inLanguage":"en-US","potentialAction":[{"@type":"ReadAction","target":["https:\/\/www.visit-ulcinj.com\/blog\/2014\/02\/15\/aferdita-dreshaj-e-nxehte-te-dashurin-apo-foto\/"]}]},{"@type":"BreadcrumbList","@id":"https:\/\/www.visit-ulcinj.com\/blog\/2014\/02\/15\/aferdita-dreshaj-e-nxehte-te-dashurin-apo-foto\/#breadcrumb","itemListElement":[{"@type":"ListItem","position":1,"name":"Af\u00ebrdita Dreshaj e \u201cnxeht\u00eb\u201d me t\u00eb dashurin, apo !!!! Foto"}]},{"@type":"Person","@id":"https:\/\/www.visit-ulcinj.com\/blog\/#\/schema\/person\/dcab619c614d3038751c63bc2aadc06d","name":"ulqini","sameAs":["http:\/\/www.visit-ulcinj.com"],"url":"https:\/\/www.visit-ulcinj.com\/blog\/author\/admin\/"}]}},"jetpack_featured_media_url":"","jetpack_sharing_enabled":true,"jetpack_shortlink":"https:\/\/wp.me\/pe6lTn-kJf","_links":{"self":[{"href":"https:\/\/www.visit-ulcinj.com\/blog\/wp-json\/wp\/v2\/posts\/79685"}],"collection":[{"href":"https:\/\/www.visit-ulcinj.com\/blog\/wp-json\/wp\/v2\/posts"}],"about":[{"href":"https:\/\/www.visit-ulcinj.com\/blog\/wp-json\/wp\/v2\/types\/post"}],"author":[{"embeddable":true,"href":"https:\/\/www.visit-ulcinj.com\/blog\/wp-json\/wp\/v2\/users\/1"}],"replies":[{"embeddable":true,"href":"https:\/\/www.visit-ulcinj.com\/blog\/wp-json\/wp\/v2\/comments?post=79685"}],"version-history":[{"count":1,"href":"https:\/\/www.visit-ulcinj.com\/blog\/wp-json\/wp\/v2\/posts\/79685\/revisions"}],"predecessor-version":[{"id":79731,"href":"https:\/\/www.visit-ulcinj.com\/blog\/wp-json\/wp\/v2\/posts\/79685\/revisions\/79731"}],"wp:attachment":[{"href":"https:\/\/www.visit-ulcinj.com\/blog\/wp-json\/wp\/v2\/media?parent=79685"}],"wp:term":[{"taxonomy":"category","embeddable":true,"href":"https:\/\/www.visit-ulcinj.com\/blog\/wp-json\/wp\/v2\/categories?post=79685"},{"taxonomy":"post_tag","embeddable":true,"href":"https:\/\/www.visit-ulcinj.com\/blog\/wp-json\/wp\/v2\/tags?post=79685"}],"curies":[{"name":"wp","href":"https:\/\/api.w.org\/{rel}","templated":true}]}}