{"id":79732,"date":"2014-02-15T15:13:19","date_gmt":"2014-02-15T14:13:19","guid":{"rendered":"http:\/\/www.visit-ulcinj.com\/blog\/?p=79732"},"modified":"2014-02-15T15:13:56","modified_gmt":"2014-02-15T14:13:56","slug":"fc-prishtina-pese-ndeshje-miqesore-ne-ulqin","status":"publish","type":"post","link":"https:\/\/www.visit-ulcinj.com\/blog\/2014\/02\/15\/fc-prishtina-pese-ndeshje-miqesore-ne-ulqin\/","title":{"rendered":"FC Prishtina, pes\u00eb ndeshje miq\u00ebsore n\u00eb Ulqin"},"content":{"rendered":"<p><a href=\"http:\/\/www.visit-ulcinj.com\/blog\/wp-content\/uploads\/2014\/02\/FC-Prishtina-Ulqin.jpg\"><img loading=\"lazy\" class=\"alignleft  wp-image-79733\" alt=\"FC Prishtina-Ulqin\" src=\"http:\/\/www.visit-ulcinj.com\/blog\/wp-content\/uploads\/2014\/02\/FC-Prishtina-Ulqin.jpg\" width=\"508\" height=\"360\" \/><\/a>Ulqini e ve\u00e7mas hotel \u201cOlimpic\u201d ka koh\u00eb q\u00eb \u00ebsht\u00eb b\u00ebr\u00eb sht\u00ebpia e dyt\u00eb e FC Prishtina, e cila p\u00ebr shum\u00eb vite nuk e nis stinorin pranveror pa e kryer nj\u00eb faz\u00eb t\u00eb p\u00ebrgatitjeve n\u00eb k\u00ebt\u00eb vend bregdetar. \u201cKushtet p\u00ebr pun\u00eb v\u00ebrtet jan\u00eb ideale, jemi b\u00ebr\u00eb si vendas k\u00ebtu, kurse edhe pritja nga personeli i hotelit \u00ebsht\u00eb n\u00eb nivel t\u00eb lart\u00eb. Deri tash \u00e7do gj\u00eb po shkon ashtu si\u00e7 \u00ebsht\u00eb planifikuar. Koha \u00ebsht\u00eb shum\u00eb e mir\u00eb, ndon\u00ebse ka edhe shi, por q\u00eb nuk paraqet penges\u00eb t\u00eb madhe\u201d, tha kryetrajneri i Prishtin\u00ebs, Afrim Tov\u00ebrlani, duke b\u00ebr\u00eb me dije se futbollist\u00ebt nuk kane telashe dhe po i p\u00ebrballojn\u00eb mjaft mir\u00eb ushtrimet.<\/p>\n<p>\u201cDallimi \u00ebsht\u00eb vet\u00ebm te fushat, pasi p\u00ebr dallim nga ato te ne, k\u00ebtu fushat jan\u00eb shum\u00eb t\u00eb buta, por futbollist\u00ebt po adaptohen dhe nuk dyshoj se \u00e7do gj\u00eb do t\u00eb kryhet si \u00ebsht\u00eb m\u00eb s\u00eb miri, madje jam i bindur se p\u00ebrgatitjet do t\u00eb kryhen me sukses t\u00eb madh\u201d, shprehet Tov\u00ebrlani, sipas t\u00eb cilit prej sot skuadra nis me zhvillimin e ndeshjeve kontrolluese.<\/p>\n<p>\u201cPo, sot ka ardhur skuadra e Ferronikelit me t\u00eb cil\u00ebn t\u00eb shtun\u00ebn (sot) do ta zhvillojm\u00eb ndeshjen e par\u00eb kontrolluese, e m\u00eb pas do t\u00eb zhvillojm\u00eb edhe ndeshje tjera me skuadra t\u00eb Malit t\u00eb Zi. K\u00ebshtu, t\u00eb h\u00ebn\u00ebn takohemi me \u00c7elikun e Nikshi\u00e7it, t\u00eb mart\u00ebn me Mornarin e Tivarit, t\u00eb m\u00ebrkur\u00ebn kund\u00ebr nj\u00eb skuadre t\u00eb Lig\u00ebs s\u00eb par\u00eb t\u00eb Malit t\u00eb Zi, kurse t\u00eb enjten \u00ebsht\u00eb parapar\u00eb ndeshje me Otranton e Ulqinit\u201d, thot\u00eb kryetrajneri i Prishtin\u00ebs. Nuk p\u00ebrjashtohet mund\u00ebsia q\u00eb t\u00eb ket\u00eb edhe ndeshje tjera, por me rival\u00eb m\u00eb cil\u00ebsor\u00eb.<\/p>\n<p>\u201cN\u00eb Budv\u00eb ka disa skuadra t\u00eb njohura q\u00eb po i kryejn\u00eb p\u00ebrgatitjet atje dhe ka mund\u00ebsi q\u00eb t\u00eb kontaktojm\u00eb me ta n\u00eb m\u00ebnyr\u00eb q\u00eb ta zhvillojm\u00eb edhe ndonj\u00eb ndeshje\u201d, thot\u00eb Tov\u00ebrlani. P\u00ebr dallim nga shumica e futbollist\u00ebve t\u00eb cil\u00ebt edhe m\u00eb par\u00eb kan\u00eb pasur rast te jen\u00eb pjes\u00eb e Prishtin\u00ebs n\u00eb Ulqin, p\u00ebr t\u00eb riun Shend Kelmendi kjo \u00ebsht\u00eb hera e par\u00eb.<\/p>\n<p>\u201cJan\u00eb k\u00ebto p\u00ebrgatitjet e para t\u00eb p\u00ebrbashk\u00ebta me skuadr\u00ebn e Prishtin\u00ebs n\u00eb Ulqin dhe mund t\u00eb them se po ndihem shum\u00eb mir\u00eb. Atmosfera \u00ebsht\u00eb e shk\u00eblqyeshme, kushte shum\u00eb t\u00eb mir\u00eb dhe kjo na motivon m\u00eb shum\u00eb q\u00eb t\u00eb angazhohemi dhe t\u2019i kryejm\u00eb detyrat q\u00eb k\u00ebrkohen nga ne. Kur nisim me ndeshje miq\u00ebsore do t\u00eb kemi edhe m\u00eb leht\u00eb\u201d, tha Kelmendi.<\/p>\n<p><strong><i>Baki Berisha <\/i><\/strong><\/p>\n<p><strong>Z\u00ebri<\/strong><\/p>\n","protected":false},"excerpt":{"rendered":"<p>Ulqini e ve\u00e7mas hotel \u201cOlimpic\u201d ka koh\u00eb q\u00eb \u00ebsht\u00eb b\u00ebr\u00eb sht\u00ebpia e dyt\u00eb e FC Prishtina, e cila p\u00ebr shum\u00eb vite nuk e nis stinorin pranveror pa e kryer nj\u00eb faz\u00eb t\u00eb p\u00ebrgatitjeve n\u00eb k\u00ebt\u00eb vend bregdetar. \u201cKushtet p\u00ebr pun\u00eb v\u00ebrtet jan\u00eb ideale, jemi b\u00ebr\u00eb si vendas k\u00ebtu, kurse edhe pritja nga personeli i hotelit [&hellip;]<\/p>\n","protected":false},"author":1,"featured_media":0,"comment_status":"closed","ping_status":"closed","sticky":false,"template":"","format":"standard","meta":{"spay_email":"","jetpack_publicize_message":"","jetpack_is_tweetstorm":false,"jetpack_publicize_feature_enabled":true},"categories":[3],"tags":[],"jetpack_publicize_connections":[],"yoast_head":"<!-- This site is optimized with the Yoast SEO plugin v19.1 - https:\/\/yoast.com\/wordpress\/plugins\/seo\/ -->\n<title>FC Prishtina, pes\u00eb ndeshje miq\u00ebsore n\u00eb Ulqin - Lajme nga Ulqini<\/title>\n<meta name=\"description\" content=\"Ulqini e ve\u00e7mas hotel \u201cOlimpic\u201d ka koh\u00eb q\u00eb \u00ebsht\u00eb b\u00ebr\u00eb sht\u00ebpia e dyt\u00eb e FC Prishtina, e cila p\u00ebr shum\u00eb vite nuk e nis stinorin pranveror pa e kryer nj\u00eb\" \/>\n<meta name=\"robots\" content=\"index, follow, max-snippet:-1, max-image-preview:large, max-video-preview:-1\" \/>\n<link rel=\"canonical\" href=\"https:\/\/www.visit-ulcinj.com\/blog\/2014\/02\/15\/fc-prishtina-pese-ndeshje-miqesore-ne-ulqin\/\" \/>\n<meta property=\"og:locale\" content=\"en_US\" \/>\n<meta property=\"og:type\" content=\"article\" \/>\n<meta property=\"og:title\" content=\"FC Prishtina, pes\u00eb ndeshje miq\u00ebsore n\u00eb Ulqin - Lajme nga Ulqini\" \/>\n<meta property=\"og:description\" content=\"Ulqini e ve\u00e7mas hotel \u201cOlimpic\u201d ka koh\u00eb q\u00eb \u00ebsht\u00eb b\u00ebr\u00eb sht\u00ebpia e dyt\u00eb e FC Prishtina, e cila p\u00ebr shum\u00eb vite nuk e nis stinorin pranveror pa e kryer nj\u00eb\" \/>\n<meta property=\"og:url\" content=\"https:\/\/www.visit-ulcinj.com\/blog\/2014\/02\/15\/fc-prishtina-pese-ndeshje-miqesore-ne-ulqin\/\" \/>\n<meta property=\"og:site_name\" content=\"Lajme nga Ulqini\" \/>\n<meta property=\"article:published_time\" content=\"2014-02-15T14:13:19+00:00\" \/>\n<meta property=\"article:modified_time\" content=\"2014-02-15T14:13:56+00:00\" \/>\n<meta property=\"og:image\" content=\"http:\/\/www.visit-ulcinj.com\/blog\/wp-content\/uploads\/2014\/02\/FC-Prishtina-Ulqin.jpg\" \/>\n<meta name=\"twitter:label1\" content=\"Written by\" \/>\n\t<meta name=\"twitter:data1\" content=\"ulqini\" \/>\n\t<meta name=\"twitter:label2\" content=\"Est. reading time\" \/>\n\t<meta name=\"twitter:data2\" content=\"2 minutes\" \/>\n<script type=\"application\/ld+json\" class=\"yoast-schema-graph\">{\"@context\":\"https:\/\/schema.org\",\"@graph\":[{\"@type\":\"WebSite\",\"@id\":\"https:\/\/www.visit-ulcinj.com\/blog\/#website\",\"url\":\"https:\/\/www.visit-ulcinj.com\/blog\/\",\"name\":\"Lajme nga Ulqini\",\"description\":\"Lajme,Vijesti,Ulqini,Ulqin,Crna Gora,Mali i Zi\",\"potentialAction\":[{\"@type\":\"SearchAction\",\"target\":{\"@type\":\"EntryPoint\",\"urlTemplate\":\"https:\/\/www.visit-ulcinj.com\/blog\/?s={search_term_string}\"},\"query-input\":\"required name=search_term_string\"}],\"inLanguage\":\"en-US\"},{\"@type\":\"ImageObject\",\"inLanguage\":\"en-US\",\"@id\":\"https:\/\/www.visit-ulcinj.com\/blog\/2014\/02\/15\/fc-prishtina-pese-ndeshje-miqesore-ne-ulqin\/#primaryimage\",\"url\":\"https:\/\/www.visit-ulcinj.com\/blog\/wp-content\/uploads\/2014\/02\/FC-Prishtina-Ulqin.jpg\",\"contentUrl\":\"https:\/\/www.visit-ulcinj.com\/blog\/wp-content\/uploads\/2014\/02\/FC-Prishtina-Ulqin.jpg\",\"width\":596,\"height\":395},{\"@type\":\"WebPage\",\"@id\":\"https:\/\/www.visit-ulcinj.com\/blog\/2014\/02\/15\/fc-prishtina-pese-ndeshje-miqesore-ne-ulqin\/#webpage\",\"url\":\"https:\/\/www.visit-ulcinj.com\/blog\/2014\/02\/15\/fc-prishtina-pese-ndeshje-miqesore-ne-ulqin\/\",\"name\":\"FC Prishtina, pes\u00eb ndeshje miq\u00ebsore n\u00eb Ulqin - Lajme nga Ulqini\",\"isPartOf\":{\"@id\":\"https:\/\/www.visit-ulcinj.com\/blog\/#website\"},\"primaryImageOfPage\":{\"@id\":\"https:\/\/www.visit-ulcinj.com\/blog\/2014\/02\/15\/fc-prishtina-pese-ndeshje-miqesore-ne-ulqin\/#primaryimage\"},\"datePublished\":\"2014-02-15T14:13:19+00:00\",\"dateModified\":\"2014-02-15T14:13:56+00:00\",\"author\":{\"@id\":\"https:\/\/www.visit-ulcinj.com\/blog\/#\/schema\/person\/dcab619c614d3038751c63bc2aadc06d\"},\"description\":\"Ulqini e ve\u00e7mas hotel \u201cOlimpic\u201d ka koh\u00eb q\u00eb \u00ebsht\u00eb b\u00ebr\u00eb sht\u00ebpia e dyt\u00eb e FC Prishtina, e cila p\u00ebr shum\u00eb vite nuk e nis stinorin pranveror pa e kryer nj\u00eb\",\"breadcrumb\":{\"@id\":\"https:\/\/www.visit-ulcinj.com\/blog\/2014\/02\/15\/fc-prishtina-pese-ndeshje-miqesore-ne-ulqin\/#breadcrumb\"},\"inLanguage\":\"en-US\",\"potentialAction\":[{\"@type\":\"ReadAction\",\"target\":[\"https:\/\/www.visit-ulcinj.com\/blog\/2014\/02\/15\/fc-prishtina-pese-ndeshje-miqesore-ne-ulqin\/\"]}]},{\"@type\":\"BreadcrumbList\",\"@id\":\"https:\/\/www.visit-ulcinj.com\/blog\/2014\/02\/15\/fc-prishtina-pese-ndeshje-miqesore-ne-ulqin\/#breadcrumb\",\"itemListElement\":[{\"@type\":\"ListItem\",\"position\":1,\"name\":\"FC Prishtina, pes\u00eb ndeshje miq\u00ebsore n\u00eb Ulqin\"}]},{\"@type\":\"Person\",\"@id\":\"https:\/\/www.visit-ulcinj.com\/blog\/#\/schema\/person\/dcab619c614d3038751c63bc2aadc06d\",\"name\":\"ulqini\",\"sameAs\":[\"http:\/\/www.visit-ulcinj.com\"],\"url\":\"https:\/\/www.visit-ulcinj.com\/blog\/author\/admin\/\"}]}<\/script>\n<!-- \/ Yoast SEO plugin. -->","yoast_head_json":{"title":"FC Prishtina, pes\u00eb ndeshje miq\u00ebsore n\u00eb Ulqin - Lajme nga Ulqini","description":"Ulqini e ve\u00e7mas hotel \u201cOlimpic\u201d ka koh\u00eb q\u00eb \u00ebsht\u00eb b\u00ebr\u00eb sht\u00ebpia e dyt\u00eb e FC Prishtina, e cila p\u00ebr shum\u00eb vite nuk e nis stinorin pranveror pa e kryer nj\u00eb","robots":{"index":"index","follow":"follow","max-snippet":"max-snippet:-1","max-image-preview":"max-image-preview:large","max-video-preview":"max-video-preview:-1"},"canonical":"https:\/\/www.visit-ulcinj.com\/blog\/2014\/02\/15\/fc-prishtina-pese-ndeshje-miqesore-ne-ulqin\/","og_locale":"en_US","og_type":"article","og_title":"FC Prishtina, pes\u00eb ndeshje miq\u00ebsore n\u00eb Ulqin - Lajme nga Ulqini","og_description":"Ulqini e ve\u00e7mas hotel \u201cOlimpic\u201d ka koh\u00eb q\u00eb \u00ebsht\u00eb b\u00ebr\u00eb sht\u00ebpia e dyt\u00eb e FC Prishtina, e cila p\u00ebr shum\u00eb vite nuk e nis stinorin pranveror pa e kryer nj\u00eb","og_url":"https:\/\/www.visit-ulcinj.com\/blog\/2014\/02\/15\/fc-prishtina-pese-ndeshje-miqesore-ne-ulqin\/","og_site_name":"Lajme nga Ulqini","article_published_time":"2014-02-15T14:13:19+00:00","article_modified_time":"2014-02-15T14:13:56+00:00","og_image":[{"url":"http:\/\/www.visit-ulcinj.com\/blog\/wp-content\/uploads\/2014\/02\/FC-Prishtina-Ulqin.jpg"}],"twitter_misc":{"Written by":"ulqini","Est. reading time":"2 minutes"},"schema":{"@context":"https:\/\/schema.org","@graph":[{"@type":"WebSite","@id":"https:\/\/www.visit-ulcinj.com\/blog\/#website","url":"https:\/\/www.visit-ulcinj.com\/blog\/","name":"Lajme nga Ulqini","description":"Lajme,Vijesti,Ulqini,Ulqin,Crna Gora,Mali i Zi","potentialAction":[{"@type":"SearchAction","target":{"@type":"EntryPoint","urlTemplate":"https:\/\/www.visit-ulcinj.com\/blog\/?s={search_term_string}"},"query-input":"required name=search_term_string"}],"inLanguage":"en-US"},{"@type":"ImageObject","inLanguage":"en-US","@id":"https:\/\/www.visit-ulcinj.com\/blog\/2014\/02\/15\/fc-prishtina-pese-ndeshje-miqesore-ne-ulqin\/#primaryimage","url":"https:\/\/www.visit-ulcinj.com\/blog\/wp-content\/uploads\/2014\/02\/FC-Prishtina-Ulqin.jpg","contentUrl":"https:\/\/www.visit-ulcinj.com\/blog\/wp-content\/uploads\/2014\/02\/FC-Prishtina-Ulqin.jpg","width":596,"height":395},{"@type":"WebPage","@id":"https:\/\/www.visit-ulcinj.com\/blog\/2014\/02\/15\/fc-prishtina-pese-ndeshje-miqesore-ne-ulqin\/#webpage","url":"https:\/\/www.visit-ulcinj.com\/blog\/2014\/02\/15\/fc-prishtina-pese-ndeshje-miqesore-ne-ulqin\/","name":"FC Prishtina, pes\u00eb ndeshje miq\u00ebsore n\u00eb Ulqin - Lajme nga Ulqini","isPartOf":{"@id":"https:\/\/www.visit-ulcinj.com\/blog\/#website"},"primaryImageOfPage":{"@id":"https:\/\/www.visit-ulcinj.com\/blog\/2014\/02\/15\/fc-prishtina-pese-ndeshje-miqesore-ne-ulqin\/#primaryimage"},"datePublished":"2014-02-15T14:13:19+00:00","dateModified":"2014-02-15T14:13:56+00:00","author":{"@id":"https:\/\/www.visit-ulcinj.com\/blog\/#\/schema\/person\/dcab619c614d3038751c63bc2aadc06d"},"description":"Ulqini e ve\u00e7mas hotel \u201cOlimpic\u201d ka koh\u00eb q\u00eb \u00ebsht\u00eb b\u00ebr\u00eb sht\u00ebpia e dyt\u00eb e FC Prishtina, e cila p\u00ebr shum\u00eb vite nuk e nis stinorin pranveror pa e kryer nj\u00eb","breadcrumb":{"@id":"https:\/\/www.visit-ulcinj.com\/blog\/2014\/02\/15\/fc-prishtina-pese-ndeshje-miqesore-ne-ulqin\/#breadcrumb"},"inLanguage":"en-US","potentialAction":[{"@type":"ReadAction","target":["https:\/\/www.visit-ulcinj.com\/blog\/2014\/02\/15\/fc-prishtina-pese-ndeshje-miqesore-ne-ulqin\/"]}]},{"@type":"BreadcrumbList","@id":"https:\/\/www.visit-ulcinj.com\/blog\/2014\/02\/15\/fc-prishtina-pese-ndeshje-miqesore-ne-ulqin\/#breadcrumb","itemListElement":[{"@type":"ListItem","position":1,"name":"FC Prishtina, pes\u00eb ndeshje miq\u00ebsore n\u00eb Ulqin"}]},{"@type":"Person","@id":"https:\/\/www.visit-ulcinj.com\/blog\/#\/schema\/person\/dcab619c614d3038751c63bc2aadc06d","name":"ulqini","sameAs":["http:\/\/www.visit-ulcinj.com"],"url":"https:\/\/www.visit-ulcinj.com\/blog\/author\/admin\/"}]}},"jetpack_featured_media_url":"","jetpack_sharing_enabled":true,"jetpack_shortlink":"https:\/\/wp.me\/pe6lTn-kK0","_links":{"self":[{"href":"https:\/\/www.visit-ulcinj.com\/blog\/wp-json\/wp\/v2\/posts\/79732"}],"collection":[{"href":"https:\/\/www.visit-ulcinj.com\/blog\/wp-json\/wp\/v2\/posts"}],"about":[{"href":"https:\/\/www.visit-ulcinj.com\/blog\/wp-json\/wp\/v2\/types\/post"}],"author":[{"embeddable":true,"href":"https:\/\/www.visit-ulcinj.com\/blog\/wp-json\/wp\/v2\/users\/1"}],"replies":[{"embeddable":true,"href":"https:\/\/www.visit-ulcinj.com\/blog\/wp-json\/wp\/v2\/comments?post=79732"}],"version-history":[{"count":2,"href":"https:\/\/www.visit-ulcinj.com\/blog\/wp-json\/wp\/v2\/posts\/79732\/revisions"}],"predecessor-version":[{"id":79735,"href":"https:\/\/www.visit-ulcinj.com\/blog\/wp-json\/wp\/v2\/posts\/79732\/revisions\/79735"}],"wp:attachment":[{"href":"https:\/\/www.visit-ulcinj.com\/blog\/wp-json\/wp\/v2\/media?parent=79732"}],"wp:term":[{"taxonomy":"category","embeddable":true,"href":"https:\/\/www.visit-ulcinj.com\/blog\/wp-json\/wp\/v2\/categories?post=79732"},{"taxonomy":"post_tag","embeddable":true,"href":"https:\/\/www.visit-ulcinj.com\/blog\/wp-json\/wp\/v2\/tags?post=79732"}],"curies":[{"name":"wp","href":"https:\/\/api.w.org\/{rel}","templated":true}]}}