{"id":79754,"date":"2014-02-15T23:09:40","date_gmt":"2014-02-15T22:09:40","guid":{"rendered":"http:\/\/www.visit-ulcinj.com\/blog\/?p=79754"},"modified":"2014-02-15T23:09:40","modified_gmt":"2014-02-15T22:09:40","slug":"forca-odgada-dogovor-formiranje-vlasti-za-sjutra","status":"publish","type":"post","link":"https:\/\/www.visit-ulcinj.com\/blog\/2014\/02\/15\/forca-odgada-dogovor-formiranje-vlasti-za-sjutra\/","title":{"rendered":"Forca odga\u0111a dogovor formiranje vlasti za sjutra"},"content":{"rendered":"<p><a href=\"http:\/\/www.visit-ulcinj.com\/blog\/wp-content\/uploads\/2011\/09\/Nova-Demokratska-Snaga_FORCA.jpg\"><img loading=\"lazy\" class=\"alignleft  wp-image-50555\" alt=\"Nova Demokratska Snaga_FORCA\" src=\"http:\/\/www.visit-ulcinj.com\/blog\/wp-content\/uploads\/2011\/09\/Nova-Demokratska-Snaga_FORCA.jpg\" width=\"508\" height=\"360\" \/><\/a>Razgovori izme\u0111u predstavnika Force, Pozitivne Crne Gore i koalicije Zajedno za Ulcinj bi\u0107e nastavljeni sjutra, kada bi trebalo da bude postignut kona\u010dan dogovor o formiranju vlasti u Ulcinju.<\/p>\n<p>Kako saznaje agencija MINA, do odga\u0111anja je do\u0161lo na zahtjev Force zbog, kako su naveli, dodatnih unutarpartijskih konsultacija.<\/p>\n<p>Forca je na izborima u Ulcinju osvojila osam mandata, sedam koalicija Zajedno za Ulcinj, koju \u010dine Demokratska partija, Demokratski savez i Perspektiva, a Pozitivna dva, \u0161to je ve\u0107ina u lokalnom parlametnu kojima ima 33. mjesta.<\/p>\n<p>Forca i koalicija Zajedno za Ulcinj dogovorili su formiranju vlasti u tom gradu, a prema nezvani\u010dnim informacija predvi\u0111eno da predsjednik op\u0161tine Ulcinj bude Fatmir \u0110eka.<\/p>\n<p>Dogovor Force i Koalicije Zajedno za Ulcinj bio je uslov da Pozitivna po\u010dne razgovore o formiranju ve\u0107ine u ulcinjiskom parlamentu.<\/p>\n<p>Poslanik Pozitivne Dritan Abazovi\u0107 rekao je da stranka ne\u0107e uslovljavati bilo \u010dime taj dogovor, niti ih u toj partiji, kako je naveo, interesuju funkcije.<\/p>\n<p>Na lokalnim izborima u Ulcinju Demokratska partija socijalista osvojila je devet mandata, Demokratska unija Albanaca tri, Socijaldemokratska partija dva i Socijalisti\u010dka narodna partija i Demokratski Front po jedan.<\/p>\n<p><strong>Izvor: MINA \/ RTCG<\/strong><\/p>\n","protected":false},"excerpt":{"rendered":"<p>Razgovori izme\u0111u predstavnika Force, Pozitivne Crne Gore i koalicije Zajedno za Ulcinj bi\u0107e nastavljeni sjutra, kada bi trebalo da bude postignut kona\u010dan dogovor o formiranju vlasti u Ulcinju. Kako saznaje agencija MINA, do odga\u0111anja je do\u0161lo na zahtjev Force zbog, kako su naveli, dodatnih unutarpartijskih konsultacija. Forca je na izborima u Ulcinju osvojila osam mandata, [&hellip;]<\/p>\n","protected":false},"author":1,"featured_media":0,"comment_status":"closed","ping_status":"closed","sticky":false,"template":"","format":"standard","meta":{"spay_email":"","jetpack_publicize_message":"","jetpack_is_tweetstorm":false,"jetpack_publicize_feature_enabled":true},"categories":[8337],"tags":[],"jetpack_publicize_connections":[],"yoast_head":"<!-- This site is optimized with the Yoast SEO plugin v19.1 - https:\/\/yoast.com\/wordpress\/plugins\/seo\/ -->\n<title>Forca odga\u0111a dogovor formiranje vlasti za sjutra - Lajme nga Ulqini<\/title>\n<meta name=\"description\" content=\"Razgovori izme\u0111u predstavnika Force, Pozitivne Crne Gore i koalicije Zajedno za Ulcinj bi\u0107e nastavljeni sjutra, kada bi trebalo da bude postignut kona\u010dan\" \/>\n<meta name=\"robots\" content=\"index, follow, max-snippet:-1, max-image-preview:large, max-video-preview:-1\" \/>\n<link rel=\"canonical\" href=\"https:\/\/www.visit-ulcinj.com\/blog\/2014\/02\/15\/forca-odgada-dogovor-formiranje-vlasti-za-sjutra\/\" \/>\n<meta property=\"og:locale\" content=\"en_US\" \/>\n<meta property=\"og:type\" content=\"article\" \/>\n<meta property=\"og:title\" content=\"Forca odga\u0111a dogovor formiranje vlasti za sjutra - Lajme nga Ulqini\" \/>\n<meta property=\"og:description\" content=\"Razgovori izme\u0111u predstavnika Force, Pozitivne Crne Gore i koalicije Zajedno za Ulcinj bi\u0107e nastavljeni sjutra, kada bi trebalo da bude postignut kona\u010dan\" \/>\n<meta property=\"og:url\" content=\"https:\/\/www.visit-ulcinj.com\/blog\/2014\/02\/15\/forca-odgada-dogovor-formiranje-vlasti-za-sjutra\/\" \/>\n<meta property=\"og:site_name\" content=\"Lajme nga Ulqini\" \/>\n<meta property=\"article:published_time\" content=\"2014-02-15T22:09:40+00:00\" \/>\n<meta property=\"og:image\" content=\"http:\/\/www.visit-ulcinj.com\/blog\/wp-content\/uploads\/2011\/09\/Nova-Demokratska-Snaga_FORCA.jpg\" \/>\n<meta name=\"twitter:label1\" content=\"Written by\" \/>\n\t<meta name=\"twitter:data1\" content=\"ulqini\" \/>\n\t<meta name=\"twitter:label2\" content=\"Est. reading time\" \/>\n\t<meta name=\"twitter:data2\" content=\"1 minute\" \/>\n<script type=\"application\/ld+json\" class=\"yoast-schema-graph\">{\"@context\":\"https:\/\/schema.org\",\"@graph\":[{\"@type\":\"WebSite\",\"@id\":\"https:\/\/www.visit-ulcinj.com\/blog\/#website\",\"url\":\"https:\/\/www.visit-ulcinj.com\/blog\/\",\"name\":\"Lajme nga Ulqini\",\"description\":\"Lajme,Vijesti,Ulqini,Ulqin,Crna Gora,Mali i Zi\",\"potentialAction\":[{\"@type\":\"SearchAction\",\"target\":{\"@type\":\"EntryPoint\",\"urlTemplate\":\"https:\/\/www.visit-ulcinj.com\/blog\/?s={search_term_string}\"},\"query-input\":\"required name=search_term_string\"}],\"inLanguage\":\"en-US\"},{\"@type\":\"ImageObject\",\"inLanguage\":\"en-US\",\"@id\":\"https:\/\/www.visit-ulcinj.com\/blog\/2014\/02\/15\/forca-odgada-dogovor-formiranje-vlasti-za-sjutra\/#primaryimage\",\"url\":\"https:\/\/www.visit-ulcinj.com\/blog\/wp-content\/uploads\/2011\/09\/Nova-Demokratska-Snaga_FORCA.jpg\",\"contentUrl\":\"https:\/\/www.visit-ulcinj.com\/blog\/wp-content\/uploads\/2011\/09\/Nova-Demokratska-Snaga_FORCA.jpg\",\"width\":\"500\",\"height\":\"481\"},{\"@type\":\"WebPage\",\"@id\":\"https:\/\/www.visit-ulcinj.com\/blog\/2014\/02\/15\/forca-odgada-dogovor-formiranje-vlasti-za-sjutra\/#webpage\",\"url\":\"https:\/\/www.visit-ulcinj.com\/blog\/2014\/02\/15\/forca-odgada-dogovor-formiranje-vlasti-za-sjutra\/\",\"name\":\"Forca odga\u0111a dogovor formiranje vlasti za sjutra - Lajme nga Ulqini\",\"isPartOf\":{\"@id\":\"https:\/\/www.visit-ulcinj.com\/blog\/#website\"},\"primaryImageOfPage\":{\"@id\":\"https:\/\/www.visit-ulcinj.com\/blog\/2014\/02\/15\/forca-odgada-dogovor-formiranje-vlasti-za-sjutra\/#primaryimage\"},\"datePublished\":\"2014-02-15T22:09:40+00:00\",\"dateModified\":\"2014-02-15T22:09:40+00:00\",\"author\":{\"@id\":\"https:\/\/www.visit-ulcinj.com\/blog\/#\/schema\/person\/dcab619c614d3038751c63bc2aadc06d\"},\"description\":\"Razgovori izme\u0111u predstavnika Force, Pozitivne Crne Gore i koalicije Zajedno za Ulcinj bi\u0107e nastavljeni sjutra, kada bi trebalo da bude postignut kona\u010dan\",\"breadcrumb\":{\"@id\":\"https:\/\/www.visit-ulcinj.com\/blog\/2014\/02\/15\/forca-odgada-dogovor-formiranje-vlasti-za-sjutra\/#breadcrumb\"},\"inLanguage\":\"en-US\",\"potentialAction\":[{\"@type\":\"ReadAction\",\"target\":[\"https:\/\/www.visit-ulcinj.com\/blog\/2014\/02\/15\/forca-odgada-dogovor-formiranje-vlasti-za-sjutra\/\"]}]},{\"@type\":\"BreadcrumbList\",\"@id\":\"https:\/\/www.visit-ulcinj.com\/blog\/2014\/02\/15\/forca-odgada-dogovor-formiranje-vlasti-za-sjutra\/#breadcrumb\",\"itemListElement\":[{\"@type\":\"ListItem\",\"position\":1,\"name\":\"Forca odga\u0111a dogovor formiranje vlasti za sjutra\"}]},{\"@type\":\"Person\",\"@id\":\"https:\/\/www.visit-ulcinj.com\/blog\/#\/schema\/person\/dcab619c614d3038751c63bc2aadc06d\",\"name\":\"ulqini\",\"sameAs\":[\"http:\/\/www.visit-ulcinj.com\"],\"url\":\"https:\/\/www.visit-ulcinj.com\/blog\/author\/admin\/\"}]}<\/script>\n<!-- \/ Yoast SEO plugin. -->","yoast_head_json":{"title":"Forca odga\u0111a dogovor formiranje vlasti za sjutra - Lajme nga Ulqini","description":"Razgovori izme\u0111u predstavnika Force, Pozitivne Crne Gore i koalicije Zajedno za Ulcinj bi\u0107e nastavljeni sjutra, kada bi trebalo da bude postignut kona\u010dan","robots":{"index":"index","follow":"follow","max-snippet":"max-snippet:-1","max-image-preview":"max-image-preview:large","max-video-preview":"max-video-preview:-1"},"canonical":"https:\/\/www.visit-ulcinj.com\/blog\/2014\/02\/15\/forca-odgada-dogovor-formiranje-vlasti-za-sjutra\/","og_locale":"en_US","og_type":"article","og_title":"Forca odga\u0111a dogovor formiranje vlasti za sjutra - Lajme nga Ulqini","og_description":"Razgovori izme\u0111u predstavnika Force, Pozitivne Crne Gore i koalicije Zajedno za Ulcinj bi\u0107e nastavljeni sjutra, kada bi trebalo da bude postignut kona\u010dan","og_url":"https:\/\/www.visit-ulcinj.com\/blog\/2014\/02\/15\/forca-odgada-dogovor-formiranje-vlasti-za-sjutra\/","og_site_name":"Lajme nga Ulqini","article_published_time":"2014-02-15T22:09:40+00:00","og_image":[{"url":"http:\/\/www.visit-ulcinj.com\/blog\/wp-content\/uploads\/2011\/09\/Nova-Demokratska-Snaga_FORCA.jpg"}],"twitter_misc":{"Written by":"ulqini","Est. reading time":"1 minute"},"schema":{"@context":"https:\/\/schema.org","@graph":[{"@type":"WebSite","@id":"https:\/\/www.visit-ulcinj.com\/blog\/#website","url":"https:\/\/www.visit-ulcinj.com\/blog\/","name":"Lajme nga Ulqini","description":"Lajme,Vijesti,Ulqini,Ulqin,Crna Gora,Mali i Zi","potentialAction":[{"@type":"SearchAction","target":{"@type":"EntryPoint","urlTemplate":"https:\/\/www.visit-ulcinj.com\/blog\/?s={search_term_string}"},"query-input":"required name=search_term_string"}],"inLanguage":"en-US"},{"@type":"ImageObject","inLanguage":"en-US","@id":"https:\/\/www.visit-ulcinj.com\/blog\/2014\/02\/15\/forca-odgada-dogovor-formiranje-vlasti-za-sjutra\/#primaryimage","url":"https:\/\/www.visit-ulcinj.com\/blog\/wp-content\/uploads\/2011\/09\/Nova-Demokratska-Snaga_FORCA.jpg","contentUrl":"https:\/\/www.visit-ulcinj.com\/blog\/wp-content\/uploads\/2011\/09\/Nova-Demokratska-Snaga_FORCA.jpg","width":"500","height":"481"},{"@type":"WebPage","@id":"https:\/\/www.visit-ulcinj.com\/blog\/2014\/02\/15\/forca-odgada-dogovor-formiranje-vlasti-za-sjutra\/#webpage","url":"https:\/\/www.visit-ulcinj.com\/blog\/2014\/02\/15\/forca-odgada-dogovor-formiranje-vlasti-za-sjutra\/","name":"Forca odga\u0111a dogovor formiranje vlasti za sjutra - Lajme nga Ulqini","isPartOf":{"@id":"https:\/\/www.visit-ulcinj.com\/blog\/#website"},"primaryImageOfPage":{"@id":"https:\/\/www.visit-ulcinj.com\/blog\/2014\/02\/15\/forca-odgada-dogovor-formiranje-vlasti-za-sjutra\/#primaryimage"},"datePublished":"2014-02-15T22:09:40+00:00","dateModified":"2014-02-15T22:09:40+00:00","author":{"@id":"https:\/\/www.visit-ulcinj.com\/blog\/#\/schema\/person\/dcab619c614d3038751c63bc2aadc06d"},"description":"Razgovori izme\u0111u predstavnika Force, Pozitivne Crne Gore i koalicije Zajedno za Ulcinj bi\u0107e nastavljeni sjutra, kada bi trebalo da bude postignut kona\u010dan","breadcrumb":{"@id":"https:\/\/www.visit-ulcinj.com\/blog\/2014\/02\/15\/forca-odgada-dogovor-formiranje-vlasti-za-sjutra\/#breadcrumb"},"inLanguage":"en-US","potentialAction":[{"@type":"ReadAction","target":["https:\/\/www.visit-ulcinj.com\/blog\/2014\/02\/15\/forca-odgada-dogovor-formiranje-vlasti-za-sjutra\/"]}]},{"@type":"BreadcrumbList","@id":"https:\/\/www.visit-ulcinj.com\/blog\/2014\/02\/15\/forca-odgada-dogovor-formiranje-vlasti-za-sjutra\/#breadcrumb","itemListElement":[{"@type":"ListItem","position":1,"name":"Forca odga\u0111a dogovor formiranje vlasti za sjutra"}]},{"@type":"Person","@id":"https:\/\/www.visit-ulcinj.com\/blog\/#\/schema\/person\/dcab619c614d3038751c63bc2aadc06d","name":"ulqini","sameAs":["http:\/\/www.visit-ulcinj.com"],"url":"https:\/\/www.visit-ulcinj.com\/blog\/author\/admin\/"}]}},"jetpack_featured_media_url":"","jetpack_sharing_enabled":true,"jetpack_shortlink":"https:\/\/wp.me\/pe6lTn-kKm","_links":{"self":[{"href":"https:\/\/www.visit-ulcinj.com\/blog\/wp-json\/wp\/v2\/posts\/79754"}],"collection":[{"href":"https:\/\/www.visit-ulcinj.com\/blog\/wp-json\/wp\/v2\/posts"}],"about":[{"href":"https:\/\/www.visit-ulcinj.com\/blog\/wp-json\/wp\/v2\/types\/post"}],"author":[{"embeddable":true,"href":"https:\/\/www.visit-ulcinj.com\/blog\/wp-json\/wp\/v2\/users\/1"}],"replies":[{"embeddable":true,"href":"https:\/\/www.visit-ulcinj.com\/blog\/wp-json\/wp\/v2\/comments?post=79754"}],"version-history":[{"count":1,"href":"https:\/\/www.visit-ulcinj.com\/blog\/wp-json\/wp\/v2\/posts\/79754\/revisions"}],"predecessor-version":[{"id":79755,"href":"https:\/\/www.visit-ulcinj.com\/blog\/wp-json\/wp\/v2\/posts\/79754\/revisions\/79755"}],"wp:attachment":[{"href":"https:\/\/www.visit-ulcinj.com\/blog\/wp-json\/wp\/v2\/media?parent=79754"}],"wp:term":[{"taxonomy":"category","embeddable":true,"href":"https:\/\/www.visit-ulcinj.com\/blog\/wp-json\/wp\/v2\/categories?post=79754"},{"taxonomy":"post_tag","embeddable":true,"href":"https:\/\/www.visit-ulcinj.com\/blog\/wp-json\/wp\/v2\/tags?post=79754"}],"curies":[{"name":"wp","href":"https:\/\/api.w.org\/{rel}","templated":true}]}}