{"id":79769,"date":"2014-02-15T22:33:17","date_gmt":"2014-02-15T21:33:17","guid":{"rendered":"http:\/\/www.visit-ulcinj.com\/blog\/?p=79769"},"modified":"2014-02-21T10:35:57","modified_gmt":"2014-02-21T09:35:57","slug":"pushteti-ri-ne-ulqin","status":"publish","type":"post","link":"https:\/\/www.visit-ulcinj.com\/blog\/2014\/02\/15\/pushteti-ri-ne-ulqin\/","title":{"rendered":"Pushteti i ri n\u00eb Ulqin + Funksionet + Video"},"content":{"rendered":"<p><a href=\"http:\/\/www.visit-ulcinj.com\/blog\/wp-content\/uploads\/2014\/02\/Djeka-Cungu-Abazovic.jpg\"><img loading=\"lazy\" class=\"alignleft  wp-image-79641\" alt=\"Djeka-Cungu-Abazovic\" src=\"http:\/\/www.visit-ulcinj.com\/blog\/wp-content\/uploads\/2014\/02\/Djeka-Cungu-Abazovic.jpg\" width=\"508\" height=\"360\" \/><\/a>Forca e Re Demokratike dhe Koalicioni \u201cBashk\u00eb p\u00ebr t\u00eb ardhmen e Ulqinit\u201d si dhe Mali i Zi Pozitiv sonte n\u00ebnshkruan\u00a0 marr\u00ebveshjen\u00a0 p\u00ebr formimin e koalicionit paszgjedhor n\u00eb komun\u00ebn e Ulqinit.<\/p>\n<p>Sipas projeksioneve t\u00eb k\u00ebtij koalicioni, mbledhja konstitutive e Parlamentit lokal t\u00eb Ulqinit mund t\u00eb mbahet n\u00eb fillim t\u00eb jav\u00ebs s\u00eb ardhshme, ku sipas k\u00ebsaj marr\u00ebveshjes, koalicioni \u201cBashk\u00eb p\u00ebr t\u00eb ardhmen e Ulqinit\u201d do t\u00eb fitoj 35 p\u00ebr qind t\u00eb funksionimeve n\u00eb pushtetin e ardhsh\u00ebm ekzekutiv, pak m\u00eb shum\u00eb do t\u00eb ket\u00eb \u00a0Forca e re\u00a0 demokratike, nd\u00ebrsa pjes\u00ebn tjet\u00ebr t\u00eb funkcioneve do ti ket\u00eb Mali i Zi Pozitiv.<\/p>\n<p>&nbsp;<\/p>\n<p><b>Funksionimi i qeverisjes lokale dhe ndarja e kompetencave n\u00eb komunen e Ulqinit<br \/>\n<\/b><\/p>\n<p><strong>1. Koalicionit \u201cS\u00eb bashku p\u00ebr t\u00eb ardhmen e Ulqinit\u201d<\/strong><\/p>\n<ul>\n<li>Kryetari i komun\u00ebs s\u00eb Ulqinit<\/li>\n<li>Sekretariati p\u00ebr ekonomi<\/li>\n<li>Policia komunale<\/li>\n<li>Veprimtarit\u00eb shoq\u00ebrore<\/li>\n<li>Uj\u00ebsjell\u00ebsi<\/li>\n<li>NP per kultivim<\/li>\n<li>Mbrojtja dhe gjuatja e egersirave\u200f<\/li>\n<li>Sh\u00ebrbimi p\u00ebr mbrojtje<\/li>\n<li>Organizata turistike e Ulqinit<\/li>\n<\/ul>\n<p><strong>2. Forca e re demokratike<\/strong><\/p>\n<ul>\n<li>Kryetari i kuvendit t\u00eb Ulqinit<\/li>\n<li>N\u00ebnkryetari i komun\u00ebs<\/li>\n<li>Sekretariati p\u00ebr financa<\/li>\n<li>Sekretariati p\u00ebr pun\u00eb komunale<\/li>\n<li>Urbanizmi<\/li>\n<li>Sekretaiati p\u00ebr mbrojtjen e pasuris\u00eb komunale<\/li>\n<li>Qendra p\u00ebr kultur\u00eb<\/li>\n<li>NP Past\u00ebrtia<\/li>\n<\/ul>\n<p>&nbsp;<\/p>\n<p><strong>3. Mali i Zi Pozitiv<\/strong><\/p>\n<ul>\n<li>N\u00ebnkryetar t\u00eb komun\u00ebs<\/li>\n<li>Menaxher<\/li>\n<li>Nd\u00ebrmarrjet publike<\/li>\n<\/ul>\n<p><!--YouTube Error: bad URL entered--><br \/>\n<a href=\"http:\/\/www.visit-ulcinj.com\/blog\/wp-content\/uploads\/2014\/02\/neshkrimi.jpg\"><img loading=\"lazy\" class=\"alignleft  wp-image-79788\" alt=\"neshkrimi\" src=\"http:\/\/www.visit-ulcinj.com\/blog\/wp-content\/uploads\/2014\/02\/neshkrimi.jpg\" width=\"508\" height=\"600\" \/><\/a><\/p>\n","protected":false},"excerpt":{"rendered":"<p>Forca e Re Demokratike dhe Koalicioni \u201cBashk\u00eb p\u00ebr t\u00eb ardhmen e Ulqinit\u201d si dhe Mali i Zi Pozitiv sonte n\u00ebnshkruan\u00a0 marr\u00ebveshjen\u00a0 p\u00ebr formimin e koalicionit paszgjedhor n\u00eb komun\u00ebn e Ulqinit. Sipas projeksioneve t\u00eb k\u00ebtij koalicioni, mbledhja konstitutive e Parlamentit lokal t\u00eb Ulqinit mund t\u00eb mbahet n\u00eb fillim t\u00eb jav\u00ebs s\u00eb ardhshme, ku sipas k\u00ebsaj marr\u00ebveshjes, [&hellip;]<\/p>\n","protected":false},"author":1,"featured_media":0,"comment_status":"closed","ping_status":"closed","sticky":false,"template":"","format":"standard","meta":{"spay_email":"","jetpack_publicize_message":"","jetpack_is_tweetstorm":false,"jetpack_publicize_feature_enabled":true},"categories":[1,2451],"tags":[],"jetpack_publicize_connections":[],"yoast_head":"<!-- This site is optimized with the Yoast SEO plugin v19.1 - https:\/\/yoast.com\/wordpress\/plugins\/seo\/ -->\n<title>Pushteti i ri n\u00eb Ulqin + Funksionet + Video - Lajme nga Ulqini<\/title>\n<meta name=\"description\" content=\"Forca e Re Demokratike dhe Koalicioni \u201cBashk\u00eb p\u00ebr t\u00eb ardhmen e Ulqinit\u201d si dhe Mali i Zi Pozitiv sonte n\u00ebnshkruan\u00a0 marr\u00ebveshjen\u00a0 p\u00ebr formimin e\" \/>\n<meta name=\"robots\" content=\"index, follow, max-snippet:-1, max-image-preview:large, max-video-preview:-1\" \/>\n<link rel=\"canonical\" href=\"https:\/\/www.visit-ulcinj.com\/blog\/2014\/02\/15\/pushteti-ri-ne-ulqin\/\" \/>\n<meta property=\"og:locale\" content=\"en_US\" \/>\n<meta property=\"og:type\" content=\"article\" \/>\n<meta property=\"og:title\" content=\"Pushteti i ri n\u00eb Ulqin + Funksionet + Video - Lajme nga Ulqini\" \/>\n<meta property=\"og:description\" content=\"Forca e Re Demokratike dhe Koalicioni \u201cBashk\u00eb p\u00ebr t\u00eb ardhmen e Ulqinit\u201d si dhe Mali i Zi Pozitiv sonte n\u00ebnshkruan\u00a0 marr\u00ebveshjen\u00a0 p\u00ebr formimin e\" \/>\n<meta property=\"og:url\" content=\"https:\/\/www.visit-ulcinj.com\/blog\/2014\/02\/15\/pushteti-ri-ne-ulqin\/\" \/>\n<meta property=\"og:site_name\" content=\"Lajme nga Ulqini\" \/>\n<meta property=\"article:published_time\" content=\"2014-02-15T21:33:17+00:00\" \/>\n<meta property=\"article:modified_time\" content=\"2014-02-21T09:35:57+00:00\" \/>\n<meta property=\"og:image\" content=\"http:\/\/www.visit-ulcinj.com\/blog\/wp-content\/uploads\/2014\/02\/Djeka-Cungu-Abazovic.jpg\" \/>\n<meta name=\"twitter:label1\" content=\"Written by\" \/>\n\t<meta name=\"twitter:data1\" content=\"ulqini\" \/>\n\t<meta name=\"twitter:label2\" content=\"Est. reading time\" \/>\n\t<meta name=\"twitter:data2\" content=\"1 minute\" \/>\n<script type=\"application\/ld+json\" class=\"yoast-schema-graph\">{\"@context\":\"https:\/\/schema.org\",\"@graph\":[{\"@type\":\"WebSite\",\"@id\":\"https:\/\/www.visit-ulcinj.com\/blog\/#website\",\"url\":\"https:\/\/www.visit-ulcinj.com\/blog\/\",\"name\":\"Lajme nga Ulqini\",\"description\":\"Lajme,Vijesti,Ulqini,Ulqin,Crna Gora,Mali i Zi\",\"potentialAction\":[{\"@type\":\"SearchAction\",\"target\":{\"@type\":\"EntryPoint\",\"urlTemplate\":\"https:\/\/www.visit-ulcinj.com\/blog\/?s={search_term_string}\"},\"query-input\":\"required name=search_term_string\"}],\"inLanguage\":\"en-US\"},{\"@type\":\"ImageObject\",\"inLanguage\":\"en-US\",\"@id\":\"https:\/\/www.visit-ulcinj.com\/blog\/2014\/02\/15\/pushteti-ri-ne-ulqin\/#primaryimage\",\"url\":\"https:\/\/www.visit-ulcinj.com\/blog\/wp-content\/uploads\/2014\/02\/Djeka-Cungu-Abazovic.jpg\",\"contentUrl\":\"https:\/\/www.visit-ulcinj.com\/blog\/wp-content\/uploads\/2014\/02\/Djeka-Cungu-Abazovic.jpg\",\"width\":707,\"height\":445},{\"@type\":\"WebPage\",\"@id\":\"https:\/\/www.visit-ulcinj.com\/blog\/2014\/02\/15\/pushteti-ri-ne-ulqin\/#webpage\",\"url\":\"https:\/\/www.visit-ulcinj.com\/blog\/2014\/02\/15\/pushteti-ri-ne-ulqin\/\",\"name\":\"Pushteti i ri n\u00eb Ulqin + Funksionet + Video - Lajme nga Ulqini\",\"isPartOf\":{\"@id\":\"https:\/\/www.visit-ulcinj.com\/blog\/#website\"},\"primaryImageOfPage\":{\"@id\":\"https:\/\/www.visit-ulcinj.com\/blog\/2014\/02\/15\/pushteti-ri-ne-ulqin\/#primaryimage\"},\"datePublished\":\"2014-02-15T21:33:17+00:00\",\"dateModified\":\"2014-02-21T09:35:57+00:00\",\"author\":{\"@id\":\"https:\/\/www.visit-ulcinj.com\/blog\/#\/schema\/person\/dcab619c614d3038751c63bc2aadc06d\"},\"description\":\"Forca e Re Demokratike dhe Koalicioni \u201cBashk\u00eb p\u00ebr t\u00eb ardhmen e Ulqinit\u201d si dhe Mali i Zi Pozitiv sonte n\u00ebnshkruan\u00a0 marr\u00ebveshjen\u00a0 p\u00ebr formimin e\",\"breadcrumb\":{\"@id\":\"https:\/\/www.visit-ulcinj.com\/blog\/2014\/02\/15\/pushteti-ri-ne-ulqin\/#breadcrumb\"},\"inLanguage\":\"en-US\",\"potentialAction\":[{\"@type\":\"ReadAction\",\"target\":[\"https:\/\/www.visit-ulcinj.com\/blog\/2014\/02\/15\/pushteti-ri-ne-ulqin\/\"]}]},{\"@type\":\"BreadcrumbList\",\"@id\":\"https:\/\/www.visit-ulcinj.com\/blog\/2014\/02\/15\/pushteti-ri-ne-ulqin\/#breadcrumb\",\"itemListElement\":[{\"@type\":\"ListItem\",\"position\":1,\"name\":\"Pushteti i ri n\u00eb Ulqin + Funksionet + Video\"}]},{\"@type\":\"Person\",\"@id\":\"https:\/\/www.visit-ulcinj.com\/blog\/#\/schema\/person\/dcab619c614d3038751c63bc2aadc06d\",\"name\":\"ulqini\",\"sameAs\":[\"http:\/\/www.visit-ulcinj.com\"],\"url\":\"https:\/\/www.visit-ulcinj.com\/blog\/author\/admin\/\"}]}<\/script>\n<!-- \/ Yoast SEO plugin. -->","yoast_head_json":{"title":"Pushteti i ri n\u00eb Ulqin + Funksionet + Video - Lajme nga Ulqini","description":"Forca e Re Demokratike dhe Koalicioni \u201cBashk\u00eb p\u00ebr t\u00eb ardhmen e Ulqinit\u201d si dhe Mali i Zi Pozitiv sonte n\u00ebnshkruan\u00a0 marr\u00ebveshjen\u00a0 p\u00ebr formimin e","robots":{"index":"index","follow":"follow","max-snippet":"max-snippet:-1","max-image-preview":"max-image-preview:large","max-video-preview":"max-video-preview:-1"},"canonical":"https:\/\/www.visit-ulcinj.com\/blog\/2014\/02\/15\/pushteti-ri-ne-ulqin\/","og_locale":"en_US","og_type":"article","og_title":"Pushteti i ri n\u00eb Ulqin + Funksionet + Video - Lajme nga Ulqini","og_description":"Forca e Re Demokratike dhe Koalicioni \u201cBashk\u00eb p\u00ebr t\u00eb ardhmen e Ulqinit\u201d si dhe Mali i Zi Pozitiv sonte n\u00ebnshkruan\u00a0 marr\u00ebveshjen\u00a0 p\u00ebr formimin e","og_url":"https:\/\/www.visit-ulcinj.com\/blog\/2014\/02\/15\/pushteti-ri-ne-ulqin\/","og_site_name":"Lajme nga Ulqini","article_published_time":"2014-02-15T21:33:17+00:00","article_modified_time":"2014-02-21T09:35:57+00:00","og_image":[{"url":"http:\/\/www.visit-ulcinj.com\/blog\/wp-content\/uploads\/2014\/02\/Djeka-Cungu-Abazovic.jpg"}],"twitter_misc":{"Written by":"ulqini","Est. reading time":"1 minute"},"schema":{"@context":"https:\/\/schema.org","@graph":[{"@type":"WebSite","@id":"https:\/\/www.visit-ulcinj.com\/blog\/#website","url":"https:\/\/www.visit-ulcinj.com\/blog\/","name":"Lajme nga Ulqini","description":"Lajme,Vijesti,Ulqini,Ulqin,Crna Gora,Mali i Zi","potentialAction":[{"@type":"SearchAction","target":{"@type":"EntryPoint","urlTemplate":"https:\/\/www.visit-ulcinj.com\/blog\/?s={search_term_string}"},"query-input":"required name=search_term_string"}],"inLanguage":"en-US"},{"@type":"ImageObject","inLanguage":"en-US","@id":"https:\/\/www.visit-ulcinj.com\/blog\/2014\/02\/15\/pushteti-ri-ne-ulqin\/#primaryimage","url":"https:\/\/www.visit-ulcinj.com\/blog\/wp-content\/uploads\/2014\/02\/Djeka-Cungu-Abazovic.jpg","contentUrl":"https:\/\/www.visit-ulcinj.com\/blog\/wp-content\/uploads\/2014\/02\/Djeka-Cungu-Abazovic.jpg","width":707,"height":445},{"@type":"WebPage","@id":"https:\/\/www.visit-ulcinj.com\/blog\/2014\/02\/15\/pushteti-ri-ne-ulqin\/#webpage","url":"https:\/\/www.visit-ulcinj.com\/blog\/2014\/02\/15\/pushteti-ri-ne-ulqin\/","name":"Pushteti i ri n\u00eb Ulqin + Funksionet + Video - Lajme nga Ulqini","isPartOf":{"@id":"https:\/\/www.visit-ulcinj.com\/blog\/#website"},"primaryImageOfPage":{"@id":"https:\/\/www.visit-ulcinj.com\/blog\/2014\/02\/15\/pushteti-ri-ne-ulqin\/#primaryimage"},"datePublished":"2014-02-15T21:33:17+00:00","dateModified":"2014-02-21T09:35:57+00:00","author":{"@id":"https:\/\/www.visit-ulcinj.com\/blog\/#\/schema\/person\/dcab619c614d3038751c63bc2aadc06d"},"description":"Forca e Re Demokratike dhe Koalicioni \u201cBashk\u00eb p\u00ebr t\u00eb ardhmen e Ulqinit\u201d si dhe Mali i Zi Pozitiv sonte n\u00ebnshkruan\u00a0 marr\u00ebveshjen\u00a0 p\u00ebr formimin e","breadcrumb":{"@id":"https:\/\/www.visit-ulcinj.com\/blog\/2014\/02\/15\/pushteti-ri-ne-ulqin\/#breadcrumb"},"inLanguage":"en-US","potentialAction":[{"@type":"ReadAction","target":["https:\/\/www.visit-ulcinj.com\/blog\/2014\/02\/15\/pushteti-ri-ne-ulqin\/"]}]},{"@type":"BreadcrumbList","@id":"https:\/\/www.visit-ulcinj.com\/blog\/2014\/02\/15\/pushteti-ri-ne-ulqin\/#breadcrumb","itemListElement":[{"@type":"ListItem","position":1,"name":"Pushteti i ri n\u00eb Ulqin + Funksionet + Video"}]},{"@type":"Person","@id":"https:\/\/www.visit-ulcinj.com\/blog\/#\/schema\/person\/dcab619c614d3038751c63bc2aadc06d","name":"ulqini","sameAs":["http:\/\/www.visit-ulcinj.com"],"url":"https:\/\/www.visit-ulcinj.com\/blog\/author\/admin\/"}]}},"jetpack_featured_media_url":"","jetpack_sharing_enabled":true,"jetpack_shortlink":"https:\/\/wp.me\/pe6lTn-kKB","_links":{"self":[{"href":"https:\/\/www.visit-ulcinj.com\/blog\/wp-json\/wp\/v2\/posts\/79769"}],"collection":[{"href":"https:\/\/www.visit-ulcinj.com\/blog\/wp-json\/wp\/v2\/posts"}],"about":[{"href":"https:\/\/www.visit-ulcinj.com\/blog\/wp-json\/wp\/v2\/types\/post"}],"author":[{"embeddable":true,"href":"https:\/\/www.visit-ulcinj.com\/blog\/wp-json\/wp\/v2\/users\/1"}],"replies":[{"embeddable":true,"href":"https:\/\/www.visit-ulcinj.com\/blog\/wp-json\/wp\/v2\/comments?post=79769"}],"version-history":[{"count":5,"href":"https:\/\/www.visit-ulcinj.com\/blog\/wp-json\/wp\/v2\/posts\/79769\/revisions"}],"predecessor-version":[{"id":79953,"href":"https:\/\/www.visit-ulcinj.com\/blog\/wp-json\/wp\/v2\/posts\/79769\/revisions\/79953"}],"wp:attachment":[{"href":"https:\/\/www.visit-ulcinj.com\/blog\/wp-json\/wp\/v2\/media?parent=79769"}],"wp:term":[{"taxonomy":"category","embeddable":true,"href":"https:\/\/www.visit-ulcinj.com\/blog\/wp-json\/wp\/v2\/categories?post=79769"},{"taxonomy":"post_tag","embeddable":true,"href":"https:\/\/www.visit-ulcinj.com\/blog\/wp-json\/wp\/v2\/tags?post=79769"}],"curies":[{"name":"wp","href":"https:\/\/api.w.org\/{rel}","templated":true}]}}