{"id":7977,"date":"2009-01-01T18:22:48","date_gmt":"2009-01-01T17:22:48","guid":{"rendered":"http:\/\/www.visit-ulcinj.com\/blog\/?p=7977"},"modified":"2009-01-01T18:22:48","modified_gmt":"2009-01-01T17:22:48","slug":"dukanovic-vraceno-samopouzdanje-kljuc-optimizma-za-buducnost-crne-gore","status":"publish","type":"post","link":"https:\/\/www.visit-ulcinj.com\/blog\/2009\/01\/01\/dukanovic-vraceno-samopouzdanje-kljuc-optimizma-za-buducnost-crne-gore\/","title":{"rendered":"?ukanovi?: Vra?eno samopouzdanje klju? optimizma za budu?nost Crne Gore"},"content":{"rendered":"<p><a href=\"http:\/\/www.visit-ulcinj.com\/blog\/wp-content\/uploads\/2009\/01\/milo-dukanovic.jpg\" target=\"_blank\"><img loading=\"lazy\" class=\"alignleft size-full wp-image-7978\" title=\"milo-dukanovic\" src=\"http:\/\/www.visit-ulcinj.com\/blog\/wp-content\/uploads\/2009\/01\/milo-dukanovic.jpg\" alt=\"milo-dukanovic\" width=\"384\" height=\"250\" srcset=\"https:\/\/www.visit-ulcinj.com\/blog\/wp-content\/uploads\/2009\/01\/milo-dukanovic.jpg 640w, https:\/\/www.visit-ulcinj.com\/blog\/wp-content\/uploads\/2009\/01\/milo-dukanovic-300x195.jpg 300w\" sizes=\"(max-width: 384px) 100vw, 384px\" \/><\/a>Dobro zdravlje, li?nu i porodi?nu sre?u, uspjeh u poslu svim prisutnim i svim gra?anima, i da na\u0161a dr\u017eava, Crna Gora nastavi uspje\u0161an put ka ekonomskom i demokratskom prosperitetu, po\u017eelio je, na tradicionalnom Novogodi\u0161njem prijemu za predstavnike politi?kog i javnog \u017eivota, premijer Crne Gore Milo ?ukanovi?.<strong><br \/>\nOcjenjuju?i godinu u odlasku, prejmijer je kazao:<\/strong><br \/>\n\u201cRezultat anga\u017emana svih struktura, mogu slobodno re?i svih gra?ana Crne Gore, jeste jedna uspje\u0161na godina. Ja sam prije neki dan u susretu sa novinarima, kazao da ovu godinu smatram, mjereno intenzitetom ekonomskog i demokratskog razvoja, mo\u017eda najuspje\u0161nijom ne samo u novijoj istoriji Crne Gore.<br \/>\n2008. ?e ostati zapam?ena kao godina u kojoj je Crna Gora dodatno u?vrstila svoju politi?ku i makroekonomsku stabilnost, ostvarila sna\u017ean ekonomski i demokratski razvoj i do\u017eivjela novi napredak na svom putu evropskih i evroatlantskih integracija\u201d, kazao je ?ukanovi? i naglasio zadovoljstvo zbog ostvarenog ekonomskog rasta i ukupnog dru\u0161tvenog razvoja.<\/p>\n<p>\u201cUvjeren sam da mimo impresivnih statisti?kih pokazatelja, ekonomski rast i razvoj u posljednje tri godine govori da se Crna Gora okrenula sebi, da su gra?ani obnovili samopouzdanje, da su postali svjesni komparartivnih prednosti kojima raspola\u017eemo, da su uvjereni da je ovdje mogu?e \u017eivjeti na svojim resursima, od svog rada i ostvarivati onaj kvalitet \u017eivota koji je primjeren Evropi 21. vijeka. To povra?eno samopouzdanje je klju?ni faktor na\u0161eg optimizma za budu?nost Crne Gore\u201d, uvjeren je ?ukanovi?.<\/p>\n<p>Tokom ove godine ostvarili smo vrlo zapa\u017eenu ulogu u regionalnoj politici, podsjetio je premijer. \u201cSvjesni smo da je regionalna saradnja, prije svega saradnja sa susjedima, prava legitimacija kojom se jedna dr\u017eava sa evropskim i evroatlantskim aspiracijama, mo\u017ee predstaviti \u0161iroj me?unarodnoj zajednici.Iako najmanja dr\u017eava na Zapadnom Balkanu bili smo veoma agilni i popravili svoj regionalni i me?unarodni rejting.<\/p>\n<p>Zahvaljuju?i svemu tome najvrjedniji uspjesi stigli su na kraju 2008.\u201d, rekao je on i podsjetio da je Crna Gora predala zahtjev za ?lanstvo u MAP program u okviru NATO integracija i 15. decembra svoju aplikaciju za ?lanstvo u EU.<\/p>\n<p>\u201cVrijedno je dodatno potencirati i ovom prilikom da su na\u0161i evropski partneri veoma uva\u017eili ostvareni napredak Crne Gore, prije svega u realizaciji ekonomskih i demokratskih reformi i da je rezultat toga ocjena da je Crna Gora prijatno iznena?enje za EU i da mo\u017ee predvoditi ostatak kolone dr\u017eava Zapadnog Balkana na putu do punopravnog ?lanstva u EU\u201d, kazao je premijer.<\/p>\n<p>?ukanovi? je u uspjehe izdvojio da je 2008.-godina u kojoj je Crna Gora prvi put nastupila na Olimpijskim igrama, da je ovo godina u kojoj su na\u0161i sjajni vaterpolisti, seniori i juniori, zlatnim odli?jima na Evropskom prvenstvu, doprinijeli punoj me?unarodnoj afirmaciji na\u0161e dr\u017eave.<\/p>\n<p>Generalno, kazao je ?ukanovi?, nije ovo samo prilika za podsje?anje na uspjehe, ve?, prije svega da ka\u017eemo \u0161ta nas ?eka u godini pred nama i da \u201cpoku\u0161amo, po?ev od dana\u0161njeg dana da ostvarimo jo\u0161 sna\u017eniju mobilizaciju, jo\u0161 predaniji anga\u017eman svih nas, svih gra?ana Crne Gore i izuzetno zahtjevnoj godini koja je pred nama.<\/p>\n<p>Pred kraj ove godine i Crna Gora se suo?ila sa posljedicama globalne ekonomske krize. Ona je, istina, sa izvjesnim zaka\u0161njenjem po?ela da se doga?a i u na\u0161oj ku?i. \u201cOdreagovali smo blagovremeno, odgovorno i kompetentno. Rezultat je da se posljedice u Crnoj Gori ipak osje?aju mnogo manje nego u mnogo mo?nijim i razvijenijim ekonomijama u okru\u017eenju i \u0161irem podru?ju.<\/p>\n<p>Imperativ Vlade i ukupne dr\u017eavne politike u 2009. godini jested a sa?uvamo trendove iz ove godine. Cilj u 2009. jeste, dakle, sa?uvati ekonomski rast. On, svakako, zbog posljedica globalne ekonomske krize ne?e biti onako dinami?an kao u prethodne tri godine, ali, ozbiljnim anga\u017emanom svakog od nas i svih gra?ana, mo\u017eemo obezbijediti da se, ipak, rast produ\u017ei i da Crna Gora nastavi da se kre?e putem ekonomskog i dru\u0161tvenog prosperiteta.<\/p>\n<p>Ako \u017eelimo da sa?uvamo na\u0161u ekonomiju kao dinami?nu ekonomiju, onda ?emo, prije svega, morati da sa?uvamo povjerenje koje smo obezbijedili kod stranih investitora. Dakle, u mjeri u kojoj i dalje budemo unaprje?ivali crnogorski ekonomski sistem kao sistem koji je konkurentniji od drugih ekonomskih sistema, prije svega u okru\u017eenju, u mjeri u kojoj budemo ukupne, ali prije svega reforme dr\u017eavne uprave i pravosu?a , koje treba da obezbijede na\u0161im gra?anima, turistima i investitorima apsolutnu sigurnost za \u017eivot i rad u Crnoj Gori, u toj mjeri ?emo biti uspje\u0161ni da kompenziramo probleme koje ?e proizvesti globalna kriza\u201d, kazao je premijer i naglasio:<br \/>\n<strong><br \/>\n\u201cNema sumnje da smo razumjeli zadatak i da ?e Vlada predvoditi tim ukupne dr\u017eavne administracije na tom vrlo zahtjevnom zadatku u 2009. godini.<\/strong><\/p>\n<p>Ostaje nam, naravno, jako punio posla u daljim evropskim i evroatlantskim integracijama i moramo sa?uvati povejerenje evropskih partnera, \u0161to ?emo najbolje u?initi ukoliko budemo prioritetno posve?eni onim zadacima na koje su nam oni skrenuli pa\u017enju u godi\u0161njem izvje\u0161taju\u201d, konstatovao je ?ukanovi?, naglasiv\u0161i da je izvje\u0161taj veoma afirmativan, ali da, naravno, sadr\u017ei i podsje?anja na ono, \u0161to i sami znamo da treba uraditi.<\/p>\n<p>\u201c2009. godina ?e biti i godina parlamentarnih izbora, to ?e biti godina u kojoj ?e Crna Gora jo\u0161 jednom dokazati svoju demokratsku zrelost, prije svega kroz demokratski izborni proces, a siguran sam i odgovornost i zrelost bira?a Crne Gore koji ?e znati da i u zahtjevnim uslovima koje ?e nam donijeti 2009., naprave pravi izbor koji ?e im garantovati produ\u017eetak stabilnosti, produ\u017eetak ekonomskog i demokratskog razvoja na\u0161e dr\u017eave i dinami?an put ka na\u0161im evropskim i evroatlantskim odredi\u0161tima\u201d, zaklju?io je, obra?aju?i se gostima tradicionalnog Novogodi\u0161njeg koktela, crnogorski premijer Milo ?ukanovi?.<br \/>\n<strong>RTCG<\/strong><\/p>\n<!--YouTube Error: bad URL entered-->\n","protected":false},"excerpt":{"rendered":"<p>Dobro zdravlje, li?nu i porodi?nu sre?u, uspjeh u poslu svim prisutnim i svim gra?anima, i da na\u0161a dr\u017eava, Crna Gora nastavi uspje\u0161an put ka ekonomskom i demokratskom prosperitetu, po\u017eelio je, na tradicionalnom Novogodi\u0161njem prijemu za predstavnike politi?kog i javnog \u017eivota, premijer Crne Gore Milo ?ukanovi?. Ocjenjuju?i godinu u odlasku, prejmijer je kazao: \u201cRezultat anga\u017emana svih [&hellip;]<\/p>\n","protected":false},"author":1,"featured_media":0,"comment_status":"open","ping_status":"closed","sticky":false,"template":"","format":"standard","meta":{"spay_email":"","jetpack_publicize_message":"","jetpack_is_tweetstorm":false,"jetpack_publicize_feature_enabled":true},"categories":[6],"tags":[20,924,1753,5533],"jetpack_publicize_connections":[],"yoast_head":"<!-- This site is optimized with the Yoast SEO plugin v19.1 - https:\/\/yoast.com\/wordpress\/plugins\/seo\/ -->\n<title>?ukanovi?: Vra?eno samopouzdanje klju? optimizma za budu?nost Crne Gore - Lajme nga Ulqini<\/title>\n<meta name=\"description\" content=\"Dobro zdravlje, li?nu i porodi?nu sre?u, uspjeh u poslu svim prisutnim i svim gra?anima, i da na\u0161a dr\u017eava, Crna Gora nastavi uspje\u0161an put ka ekonomskom i\" \/>\n<meta name=\"robots\" content=\"index, follow, max-snippet:-1, max-image-preview:large, max-video-preview:-1\" \/>\n<link rel=\"canonical\" href=\"https:\/\/www.visit-ulcinj.com\/blog\/2009\/01\/01\/dukanovic-vraceno-samopouzdanje-kljuc-optimizma-za-buducnost-crne-gore\/\" \/>\n<meta property=\"og:locale\" content=\"en_US\" \/>\n<meta property=\"og:type\" content=\"article\" \/>\n<meta property=\"og:title\" content=\"?ukanovi?: Vra?eno samopouzdanje klju? optimizma za budu?nost Crne Gore - Lajme nga Ulqini\" \/>\n<meta property=\"og:description\" content=\"Dobro zdravlje, li?nu i porodi?nu sre?u, uspjeh u poslu svim prisutnim i svim gra?anima, i da na\u0161a dr\u017eava, Crna Gora nastavi uspje\u0161an put ka ekonomskom i\" \/>\n<meta property=\"og:url\" content=\"https:\/\/www.visit-ulcinj.com\/blog\/2009\/01\/01\/dukanovic-vraceno-samopouzdanje-kljuc-optimizma-za-buducnost-crne-gore\/\" \/>\n<meta property=\"og:site_name\" content=\"Lajme nga Ulqini\" \/>\n<meta property=\"article:published_time\" content=\"2009-01-01T17:22:48+00:00\" \/>\n<meta property=\"og:image\" content=\"http:\/\/www.visit-ulcinj.com\/blog\/wp-content\/uploads\/2009\/01\/milo-dukanovic.jpg\" \/>\n<meta name=\"twitter:label1\" content=\"Written by\" \/>\n\t<meta name=\"twitter:data1\" content=\"ulqini\" \/>\n\t<meta name=\"twitter:label2\" content=\"Est. reading time\" \/>\n\t<meta name=\"twitter:data2\" content=\"5 minutes\" \/>\n<script type=\"application\/ld+json\" class=\"yoast-schema-graph\">{\"@context\":\"https:\/\/schema.org\",\"@graph\":[{\"@type\":\"WebSite\",\"@id\":\"https:\/\/www.visit-ulcinj.com\/blog\/#website\",\"url\":\"https:\/\/www.visit-ulcinj.com\/blog\/\",\"name\":\"Lajme nga Ulqini\",\"description\":\"Lajme,Vijesti,Ulqini,Ulqin,Crna Gora,Mali i Zi\",\"potentialAction\":[{\"@type\":\"SearchAction\",\"target\":{\"@type\":\"EntryPoint\",\"urlTemplate\":\"https:\/\/www.visit-ulcinj.com\/blog\/?s={search_term_string}\"},\"query-input\":\"required name=search_term_string\"}],\"inLanguage\":\"en-US\"},{\"@type\":\"ImageObject\",\"inLanguage\":\"en-US\",\"@id\":\"https:\/\/www.visit-ulcinj.com\/blog\/2009\/01\/01\/dukanovic-vraceno-samopouzdanje-kljuc-optimizma-za-buducnost-crne-gore\/#primaryimage\",\"url\":\"https:\/\/www.visit-ulcinj.com\/blog\/wp-content\/uploads\/2009\/01\/milo-dukanovic.jpg\",\"contentUrl\":\"https:\/\/www.visit-ulcinj.com\/blog\/wp-content\/uploads\/2009\/01\/milo-dukanovic.jpg\",\"width\":\"640\",\"height\":\"416\"},{\"@type\":\"WebPage\",\"@id\":\"https:\/\/www.visit-ulcinj.com\/blog\/2009\/01\/01\/dukanovic-vraceno-samopouzdanje-kljuc-optimizma-za-buducnost-crne-gore\/#webpage\",\"url\":\"https:\/\/www.visit-ulcinj.com\/blog\/2009\/01\/01\/dukanovic-vraceno-samopouzdanje-kljuc-optimizma-za-buducnost-crne-gore\/\",\"name\":\"?ukanovi?: Vra?eno samopouzdanje klju? optimizma za budu?nost Crne Gore - Lajme nga Ulqini\",\"isPartOf\":{\"@id\":\"https:\/\/www.visit-ulcinj.com\/blog\/#website\"},\"primaryImageOfPage\":{\"@id\":\"https:\/\/www.visit-ulcinj.com\/blog\/2009\/01\/01\/dukanovic-vraceno-samopouzdanje-kljuc-optimizma-za-buducnost-crne-gore\/#primaryimage\"},\"datePublished\":\"2009-01-01T17:22:48+00:00\",\"dateModified\":\"2009-01-01T17:22:48+00:00\",\"author\":{\"@id\":\"https:\/\/www.visit-ulcinj.com\/blog\/#\/schema\/person\/dcab619c614d3038751c63bc2aadc06d\"},\"description\":\"Dobro zdravlje, li?nu i porodi?nu sre?u, uspjeh u poslu svim prisutnim i svim gra?anima, i da na\u0161a dr\u017eava, Crna Gora nastavi uspje\u0161an put ka ekonomskom i\",\"breadcrumb\":{\"@id\":\"https:\/\/www.visit-ulcinj.com\/blog\/2009\/01\/01\/dukanovic-vraceno-samopouzdanje-kljuc-optimizma-za-buducnost-crne-gore\/#breadcrumb\"},\"inLanguage\":\"en-US\",\"potentialAction\":[{\"@type\":\"ReadAction\",\"target\":[\"https:\/\/www.visit-ulcinj.com\/blog\/2009\/01\/01\/dukanovic-vraceno-samopouzdanje-kljuc-optimizma-za-buducnost-crne-gore\/\"]}]},{\"@type\":\"BreadcrumbList\",\"@id\":\"https:\/\/www.visit-ulcinj.com\/blog\/2009\/01\/01\/dukanovic-vraceno-samopouzdanje-kljuc-optimizma-za-buducnost-crne-gore\/#breadcrumb\",\"itemListElement\":[{\"@type\":\"ListItem\",\"position\":1,\"name\":\"?ukanovi?: Vra?eno samopouzdanje klju? optimizma za budu?nost Crne Gore\"}]},{\"@type\":\"Person\",\"@id\":\"https:\/\/www.visit-ulcinj.com\/blog\/#\/schema\/person\/dcab619c614d3038751c63bc2aadc06d\",\"name\":\"ulqini\",\"sameAs\":[\"http:\/\/www.visit-ulcinj.com\"],\"url\":\"https:\/\/www.visit-ulcinj.com\/blog\/author\/admin\/\"}]}<\/script>\n<!-- \/ Yoast SEO plugin. -->","yoast_head_json":{"title":"?ukanovi?: Vra?eno samopouzdanje klju? optimizma za budu?nost Crne Gore - Lajme nga Ulqini","description":"Dobro zdravlje, li?nu i porodi?nu sre?u, uspjeh u poslu svim prisutnim i svim gra?anima, i da na\u0161a dr\u017eava, Crna Gora nastavi uspje\u0161an put ka ekonomskom i","robots":{"index":"index","follow":"follow","max-snippet":"max-snippet:-1","max-image-preview":"max-image-preview:large","max-video-preview":"max-video-preview:-1"},"canonical":"https:\/\/www.visit-ulcinj.com\/blog\/2009\/01\/01\/dukanovic-vraceno-samopouzdanje-kljuc-optimizma-za-buducnost-crne-gore\/","og_locale":"en_US","og_type":"article","og_title":"?ukanovi?: Vra?eno samopouzdanje klju? optimizma za budu?nost Crne Gore - Lajme nga Ulqini","og_description":"Dobro zdravlje, li?nu i porodi?nu sre?u, uspjeh u poslu svim prisutnim i svim gra?anima, i da na\u0161a dr\u017eava, Crna Gora nastavi uspje\u0161an put ka ekonomskom i","og_url":"https:\/\/www.visit-ulcinj.com\/blog\/2009\/01\/01\/dukanovic-vraceno-samopouzdanje-kljuc-optimizma-za-buducnost-crne-gore\/","og_site_name":"Lajme nga Ulqini","article_published_time":"2009-01-01T17:22:48+00:00","og_image":[{"url":"http:\/\/www.visit-ulcinj.com\/blog\/wp-content\/uploads\/2009\/01\/milo-dukanovic.jpg"}],"twitter_misc":{"Written by":"ulqini","Est. reading time":"5 minutes"},"schema":{"@context":"https:\/\/schema.org","@graph":[{"@type":"WebSite","@id":"https:\/\/www.visit-ulcinj.com\/blog\/#website","url":"https:\/\/www.visit-ulcinj.com\/blog\/","name":"Lajme nga Ulqini","description":"Lajme,Vijesti,Ulqini,Ulqin,Crna Gora,Mali i Zi","potentialAction":[{"@type":"SearchAction","target":{"@type":"EntryPoint","urlTemplate":"https:\/\/www.visit-ulcinj.com\/blog\/?s={search_term_string}"},"query-input":"required name=search_term_string"}],"inLanguage":"en-US"},{"@type":"ImageObject","inLanguage":"en-US","@id":"https:\/\/www.visit-ulcinj.com\/blog\/2009\/01\/01\/dukanovic-vraceno-samopouzdanje-kljuc-optimizma-za-buducnost-crne-gore\/#primaryimage","url":"https:\/\/www.visit-ulcinj.com\/blog\/wp-content\/uploads\/2009\/01\/milo-dukanovic.jpg","contentUrl":"https:\/\/www.visit-ulcinj.com\/blog\/wp-content\/uploads\/2009\/01\/milo-dukanovic.jpg","width":"640","height":"416"},{"@type":"WebPage","@id":"https:\/\/www.visit-ulcinj.com\/blog\/2009\/01\/01\/dukanovic-vraceno-samopouzdanje-kljuc-optimizma-za-buducnost-crne-gore\/#webpage","url":"https:\/\/www.visit-ulcinj.com\/blog\/2009\/01\/01\/dukanovic-vraceno-samopouzdanje-kljuc-optimizma-za-buducnost-crne-gore\/","name":"?ukanovi?: Vra?eno samopouzdanje klju? optimizma za budu?nost Crne Gore - Lajme nga Ulqini","isPartOf":{"@id":"https:\/\/www.visit-ulcinj.com\/blog\/#website"},"primaryImageOfPage":{"@id":"https:\/\/www.visit-ulcinj.com\/blog\/2009\/01\/01\/dukanovic-vraceno-samopouzdanje-kljuc-optimizma-za-buducnost-crne-gore\/#primaryimage"},"datePublished":"2009-01-01T17:22:48+00:00","dateModified":"2009-01-01T17:22:48+00:00","author":{"@id":"https:\/\/www.visit-ulcinj.com\/blog\/#\/schema\/person\/dcab619c614d3038751c63bc2aadc06d"},"description":"Dobro zdravlje, li?nu i porodi?nu sre?u, uspjeh u poslu svim prisutnim i svim gra?anima, i da na\u0161a dr\u017eava, Crna Gora nastavi uspje\u0161an put ka ekonomskom i","breadcrumb":{"@id":"https:\/\/www.visit-ulcinj.com\/blog\/2009\/01\/01\/dukanovic-vraceno-samopouzdanje-kljuc-optimizma-za-buducnost-crne-gore\/#breadcrumb"},"inLanguage":"en-US","potentialAction":[{"@type":"ReadAction","target":["https:\/\/www.visit-ulcinj.com\/blog\/2009\/01\/01\/dukanovic-vraceno-samopouzdanje-kljuc-optimizma-za-buducnost-crne-gore\/"]}]},{"@type":"BreadcrumbList","@id":"https:\/\/www.visit-ulcinj.com\/blog\/2009\/01\/01\/dukanovic-vraceno-samopouzdanje-kljuc-optimizma-za-buducnost-crne-gore\/#breadcrumb","itemListElement":[{"@type":"ListItem","position":1,"name":"?ukanovi?: Vra?eno samopouzdanje klju? optimizma za budu?nost Crne Gore"}]},{"@type":"Person","@id":"https:\/\/www.visit-ulcinj.com\/blog\/#\/schema\/person\/dcab619c614d3038751c63bc2aadc06d","name":"ulqini","sameAs":["http:\/\/www.visit-ulcinj.com"],"url":"https:\/\/www.visit-ulcinj.com\/blog\/author\/admin\/"}]}},"jetpack_featured_media_url":"","jetpack_sharing_enabled":true,"jetpack_shortlink":"https:\/\/wp.me\/pe6lTn-24F","_links":{"self":[{"href":"https:\/\/www.visit-ulcinj.com\/blog\/wp-json\/wp\/v2\/posts\/7977"}],"collection":[{"href":"https:\/\/www.visit-ulcinj.com\/blog\/wp-json\/wp\/v2\/posts"}],"about":[{"href":"https:\/\/www.visit-ulcinj.com\/blog\/wp-json\/wp\/v2\/types\/post"}],"author":[{"embeddable":true,"href":"https:\/\/www.visit-ulcinj.com\/blog\/wp-json\/wp\/v2\/users\/1"}],"replies":[{"embeddable":true,"href":"https:\/\/www.visit-ulcinj.com\/blog\/wp-json\/wp\/v2\/comments?post=7977"}],"version-history":[{"count":0,"href":"https:\/\/www.visit-ulcinj.com\/blog\/wp-json\/wp\/v2\/posts\/7977\/revisions"}],"wp:attachment":[{"href":"https:\/\/www.visit-ulcinj.com\/blog\/wp-json\/wp\/v2\/media?parent=7977"}],"wp:term":[{"taxonomy":"category","embeddable":true,"href":"https:\/\/www.visit-ulcinj.com\/blog\/wp-json\/wp\/v2\/categories?post=7977"},{"taxonomy":"post_tag","embeddable":true,"href":"https:\/\/www.visit-ulcinj.com\/blog\/wp-json\/wp\/v2\/tags?post=7977"}],"curies":[{"name":"wp","href":"https:\/\/api.w.org\/{rel}","templated":true}]}}