{"id":79774,"date":"2014-02-17T16:09:03","date_gmt":"2014-02-17T15:09:03","guid":{"rendered":"http:\/\/www.visit-ulcinj.com\/blog\/?p=79774"},"modified":"2014-02-20T12:29:40","modified_gmt":"2014-02-20T11:29:40","slug":"sot-filloj-aktiviteti-revitalizimit-te-ullishtes-se-valdanosit","status":"publish","type":"post","link":"https:\/\/www.visit-ulcinj.com\/blog\/2014\/02\/17\/sot-filloj-aktiviteti-revitalizimit-te-ullishtes-se-valdanosit\/","title":{"rendered":"Sot filloj aktiviteti i revitalizimit te Ullisht\u00ebs s\u00eb Valdanosit!"},"content":{"rendered":"<p><a href=\"http:\/\/www.visit-ulcinj.com\/blog\/wp-content\/uploads\/2014\/02\/revitalizimi-i-Ullisht\u00ebs-s\u00eb-Valdanosit.jpg\"><img loading=\"lazy\" class=\"alignleft  wp-image-79775\" alt=\"revitalizimi i Ullisht\u00ebs s\u00eb Valdanosit\" src=\"http:\/\/www.visit-ulcinj.com\/blog\/wp-content\/uploads\/2014\/02\/revitalizimi-i-Ullisht\u00ebs-s\u00eb-Valdanosit.jpg\" width=\"508\" height=\"360\" \/><\/a>Sot filloj aktiviteti i madh\u00eb qytetar\u00eb p\u00ebr pastrimin e Valdanosit, \u00e7eljen e rrug\u00ebve t\u00eb mbyllura para 35 viteve, dhe krijimin e kushteve p\u00ebr revitalizimin e Ullisht\u00ebs s\u00eb Valdanosit!<\/p>\n<!--YouTube Error: bad URL entered-->\n<p><strong>VELIKA GRA\u0110ANSKA AKCIJA U ULCINJU<\/strong><\/p>\n<p><strong>Spa\u0161avanje Valdanosa<\/strong><\/p>\n<p>Valdanos nije samo pravno pitanje. Ono je za nas Ulcinjane prije svega ekonomsko, ekolo\u0161ko i kulturolo\u0161ko pitanje&#8221;, ka\u017ee izvr\u0161ni direktor Monitoring grupe Ulcinj (Mogul) D\u017eemal Perovi\u0107. On je jedan od \u010delnika Grupe za Valdanos&#8221;, u kojoj su osim Mogula, Udru\u017eenje za povra\u0107aj maslinade u Valdanosu i Dru\u0161tvo maslinara Ulcinja. Oni su odlu\u010dili da uskoro krenu u veliku akciju \u010di\u0161\u0107enja pristupnih puteva u toj uvali sa 18 hiljada stabala stoljetnih maslina kao klju\u010dnog preduslova za po\u010detak revitalizacije tog jedinstvenog kompleksa, koji je sada, kako tvrdi, prava pra\u0161uma. A taj najve\u0107i i najljep\u0161i \u017eivi spomenik maslinarstva na Jadranu, uz Staru maslinu u Baru i Velju maslinu u Budvi, shodno odredbama Zakona o maslinarstvu, pod posebnom je za\u0161titom dr\u017eave. U praksi to apsolutno nije potvr\u0111eno. Od kada je 1978. godine ta pra\u0161uma oduzeta od preko 200 ulcinjskih porodica, Islamske zajednice i Srpske pravoslavne crkve, masline u Valdanosu stalno propadaju. Prema procjenama eksperata, gotovo 70 odsto stabala ve\u0107 je propalo. Gotovo \u010ditav prostor u \u201edolini mira&#8221; ili \u201euvali ti\u0161ine&#8221;, kako su pomorci nazivali luku Valdanos kroz vjekove, zarastao je u makiju i \u017ebunje, koje \u010dak prelazi visinu maslina. \u201eTamo ni koza vi\u0161e ne mo\u017ee da uljegne, a ne ljudi. To je ne\u0161to najru\u017enije \u0161to se mo\u017ee vidjeti&#8221;, ka\u017ee predsjednik Udru\u017eenja za povra\u0107aj Maslinade u Valdanosu Luka-Batko \u0110akonovi\u0107, ina\u010de stari pomorski kapetan. On tvrdi da je revitalizacija maslina du\u017enost prema precima. I zaista je odnos prema maslini kroz istoriju u Ulcinju bio kao odnos prema najro\u0111enijem. Ulcinjani su prijatelje prvo vodili u obilazak Maslinade, pa potom u svoj dom. Ono \u0161to je mo\u017eda jo\u0161 interesantnije jeste \u010dinjenica da tamo nikada nije bilo nikakve ograde, ali se ta\u010dno znalo \u0161to kome pripada. Postojao je, dakle, kult masline i maslinarstva, koji se prenosio s generacije na generaciju. Naro\u010dito se to odnosilo na Valdanos, koji je zbog geografskog polo\u017eaja bio najbolji i najkvalitetniji dio ulcinjske Maslinade, u kojoj ukupno ima oko 80 hiljada stabala. Onaj ko je u Valdanosu imao masline smatrao se uglednim i bogatim. \u010citava stvar dobijala je na zna\u010daju, i zbog \u010dinjenice da je \u0161estina prostora zadu\u017ebina vjerskih zajednica. Dra\u017e Valdanosu davale su svakako i znamenite Viline vode i jo\u0161 desetak drugih izvora, prekrasna pla\u017ea s morskim svilinama, podvodna arheolo\u0161ka nalazi\u0161ta&#8230; Oni koji su razumjevali Ulcinj govorili su da je to \u201edu\u0161a grada&#8221;. Zato se Ulcinjani nikada nijesu mogli pomiriti s nasilnim oduzimanjen od straneJNA prije 35 godina. Posebno ne davanjem u dugoro\u010dni zakup jednoj nereferentnoj firmi, kao \u0161to je to poku\u0161ala crnogorska Vlada po\u010detkom 2011. godine. I ekonomske \u0161tete su ogromne. Prema procjeni Udru\u017eenja maslinara, samo zbog neprikupljanja maslina i njihovog neprera\u0111ivanja u ulje do sada je izgubljeno vi\u0161e od 100 miliona eura. Njihovom revitalizacijom i uz pravilno valorizovanje i razvoj odr\u017eivih vidova turizma mogu\u0107e je ostvariti godi\u0161nji prihod od nekoliko miliona eura. ,,Sve ovo govori u prilog posebnom zna\u010daju i ekonomskoj vrijednosti ovog podru\u010dja kao prirodnog resursa koji samo uz odr\u017eivo upravljanje predstavlja i razvojnu \u0161ansu ovod dijela crnogorske obale&#8221;, tvrde u ekolo\u0161koj organizaciji Grin home.Grupa intelektualaca, ekologa i nevladinih aktivista, prije tri godine izradila je prijedlog za formiranje me\u0111unarodnog ekolo\u0161kog centra, \u010dijom bi se realizacijom, kako su saop\u0161tili, na optimalan na\u010din zadovoljile potrebe, interesi i prava svih zainteresovanih strana u ovom slu\u010daju: dr\u017eave, op\u0161tine, gra\u0111ana Ulcinja i \u010ditave zemlje, kao i vlasnika zemlji\u0161ta u Valdanosu. Da se nakon tra\u017eenja spornih tzv. strate\u0161kih partnera ne\u0161to mijenja govori odnos nekoliko ministarstava (odbrane, odr\u017eivog razvoja i turizma, kao i poljoprivrede i ruralnog razvoja) prema tom pitanju, \u0161to dolazi nakon izra\u017eenog interesovanja za Valdanos Delegacije Evropske unije i nekoliko ambasada zapadnih zemalja u Podgorici. U tom kontekstu razumljivo je \u0161to je Direkcija za javne radove odlu\u010dila da od ponedjeljka, pa u narednih \u0161est mjeseci, osam radnika po\u010dne \u010distiti pristupne puteve kroz Maslinadu. Svu vrstu pomo\u0107i ponudila je i op\u0161tina Ulcinj, te nekoliko ekolo\u0161kih i nevladinih organizacija iz zemlje. \u010cak je i NATO spreman da finansijski pomogne proces revitalizacije maslinjaka u Valdanosu, s obzirom na to da su maslinjaci bili dio nekada\u0161nje vojne imovine i da stalno prijeti opasnost od po\u017eara koji bi se veoma brzo mogao pro\u0161iriti i na sam grad Ulcinj.<\/p>\n<p>Stoga je, kako ka\u017eu u Grupi za Valdanos, ova velika gra\u0111anska akcija, izuzetno zna\u010dajna.. Ako nai\u0111e na \u0161iroku podr\u0161ku gra\u0111anstva, bi\u0107e to potvrda da je jo\u0161 jedino ekologija u stanju da ujedini mase i bar na trenutak povrati tako potrebnu solidarnost. Istorija je svjedok da je Valdanos za Ulcinjane to uvijek bio.<br \/>\n<strong>Mustafa CANKA<\/strong><\/p>\n<p><strong>Izvor: MONITOR<\/strong><\/p>\n<p>&nbsp;<\/p>\n","protected":false},"excerpt":{"rendered":"<p>Sot filloj aktiviteti i madh\u00eb qytetar\u00eb p\u00ebr pastrimin e Valdanosit, \u00e7eljen e rrug\u00ebve t\u00eb mbyllura para 35 viteve, dhe krijimin e kushteve p\u00ebr revitalizimin e Ullisht\u00ebs s\u00eb Valdanosit! VELIKA GRA\u0110ANSKA AKCIJA U ULCINJU Spa\u0161avanje Valdanosa Valdanos nije samo pravno pitanje. Ono je za nas Ulcinjane prije svega ekonomsko, ekolo\u0161ko i kulturolo\u0161ko pitanje&#8221;, ka\u017ee izvr\u0161ni direktor [&hellip;]<\/p>\n","protected":false},"author":1,"featured_media":0,"comment_status":"closed","ping_status":"closed","sticky":false,"template":"","format":"standard","meta":{"spay_email":"","jetpack_publicize_message":"","jetpack_is_tweetstorm":false,"jetpack_publicize_feature_enabled":true},"categories":[11],"tags":[],"jetpack_publicize_connections":[],"yoast_head":"<!-- This site is optimized with the Yoast SEO plugin v19.1 - https:\/\/yoast.com\/wordpress\/plugins\/seo\/ -->\n<title>Sot filloj aktiviteti i revitalizimit te Ullisht\u00ebs s\u00eb Valdanosit! - Lajme nga Ulqini<\/title>\n<meta name=\"description\" content=\"Sot filloj aktiviteti i madh\u00eb qytetar\u00eb p\u00ebr pastrimin e Valdanosit, \u00e7eljen e rrug\u00ebve t\u00eb mbyllura para 35 viteve, dhe krijimin e kushteve p\u00ebr revitalizimin\" \/>\n<meta name=\"robots\" content=\"index, follow, max-snippet:-1, max-image-preview:large, max-video-preview:-1\" \/>\n<link rel=\"canonical\" href=\"https:\/\/www.visit-ulcinj.com\/blog\/2014\/02\/17\/sot-filloj-aktiviteti-revitalizimit-te-ullishtes-se-valdanosit\/\" \/>\n<meta property=\"og:locale\" content=\"en_US\" \/>\n<meta property=\"og:type\" content=\"article\" \/>\n<meta property=\"og:title\" content=\"Sot filloj aktiviteti i revitalizimit te Ullisht\u00ebs s\u00eb Valdanosit! - Lajme nga Ulqini\" \/>\n<meta property=\"og:description\" content=\"Sot filloj aktiviteti i madh\u00eb qytetar\u00eb p\u00ebr pastrimin e Valdanosit, \u00e7eljen e rrug\u00ebve t\u00eb mbyllura para 35 viteve, dhe krijimin e kushteve p\u00ebr revitalizimin\" \/>\n<meta property=\"og:url\" content=\"https:\/\/www.visit-ulcinj.com\/blog\/2014\/02\/17\/sot-filloj-aktiviteti-revitalizimit-te-ullishtes-se-valdanosit\/\" \/>\n<meta property=\"og:site_name\" content=\"Lajme nga Ulqini\" \/>\n<meta property=\"article:published_time\" content=\"2014-02-17T15:09:03+00:00\" \/>\n<meta property=\"article:modified_time\" content=\"2014-02-20T11:29:40+00:00\" \/>\n<meta name=\"twitter:label1\" content=\"Written by\" \/>\n\t<meta name=\"twitter:data1\" content=\"ulqini\" \/>\n\t<meta name=\"twitter:label2\" content=\"Est. reading time\" \/>\n\t<meta name=\"twitter:data2\" content=\"4 minutes\" \/>\n<script type=\"application\/ld+json\" class=\"yoast-schema-graph\">{\"@context\":\"https:\/\/schema.org\",\"@graph\":[{\"@type\":\"WebSite\",\"@id\":\"https:\/\/www.visit-ulcinj.com\/blog\/#website\",\"url\":\"https:\/\/www.visit-ulcinj.com\/blog\/\",\"name\":\"Lajme nga Ulqini\",\"description\":\"Lajme,Vijesti,Ulqini,Ulqin,Crna Gora,Mali i Zi\",\"potentialAction\":[{\"@type\":\"SearchAction\",\"target\":{\"@type\":\"EntryPoint\",\"urlTemplate\":\"https:\/\/www.visit-ulcinj.com\/blog\/?s={search_term_string}\"},\"query-input\":\"required name=search_term_string\"}],\"inLanguage\":\"en-US\"},{\"@type\":\"WebPage\",\"@id\":\"https:\/\/www.visit-ulcinj.com\/blog\/2014\/02\/17\/sot-filloj-aktiviteti-revitalizimit-te-ullishtes-se-valdanosit\/#webpage\",\"url\":\"https:\/\/www.visit-ulcinj.com\/blog\/2014\/02\/17\/sot-filloj-aktiviteti-revitalizimit-te-ullishtes-se-valdanosit\/\",\"name\":\"Sot filloj aktiviteti i revitalizimit te Ullisht\u00ebs s\u00eb Valdanosit! - Lajme nga Ulqini\",\"isPartOf\":{\"@id\":\"https:\/\/www.visit-ulcinj.com\/blog\/#website\"},\"datePublished\":\"2014-02-17T15:09:03+00:00\",\"dateModified\":\"2014-02-20T11:29:40+00:00\",\"author\":{\"@id\":\"https:\/\/www.visit-ulcinj.com\/blog\/#\/schema\/person\/dcab619c614d3038751c63bc2aadc06d\"},\"description\":\"Sot filloj aktiviteti i madh\u00eb qytetar\u00eb p\u00ebr pastrimin e Valdanosit, \u00e7eljen e rrug\u00ebve t\u00eb mbyllura para 35 viteve, dhe krijimin e kushteve p\u00ebr revitalizimin\",\"breadcrumb\":{\"@id\":\"https:\/\/www.visit-ulcinj.com\/blog\/2014\/02\/17\/sot-filloj-aktiviteti-revitalizimit-te-ullishtes-se-valdanosit\/#breadcrumb\"},\"inLanguage\":\"en-US\",\"potentialAction\":[{\"@type\":\"ReadAction\",\"target\":[\"https:\/\/www.visit-ulcinj.com\/blog\/2014\/02\/17\/sot-filloj-aktiviteti-revitalizimit-te-ullishtes-se-valdanosit\/\"]}]},{\"@type\":\"BreadcrumbList\",\"@id\":\"https:\/\/www.visit-ulcinj.com\/blog\/2014\/02\/17\/sot-filloj-aktiviteti-revitalizimit-te-ullishtes-se-valdanosit\/#breadcrumb\",\"itemListElement\":[{\"@type\":\"ListItem\",\"position\":1,\"name\":\"Sot filloj aktiviteti i revitalizimit te Ullisht\u00ebs s\u00eb Valdanosit!\"}]},{\"@type\":\"Person\",\"@id\":\"https:\/\/www.visit-ulcinj.com\/blog\/#\/schema\/person\/dcab619c614d3038751c63bc2aadc06d\",\"name\":\"ulqini\",\"sameAs\":[\"http:\/\/www.visit-ulcinj.com\"],\"url\":\"https:\/\/www.visit-ulcinj.com\/blog\/author\/admin\/\"}]}<\/script>\n<!-- \/ Yoast SEO plugin. -->","yoast_head_json":{"title":"Sot filloj aktiviteti i revitalizimit te Ullisht\u00ebs s\u00eb Valdanosit! - Lajme nga Ulqini","description":"Sot filloj aktiviteti i madh\u00eb qytetar\u00eb p\u00ebr pastrimin e Valdanosit, \u00e7eljen e rrug\u00ebve t\u00eb mbyllura para 35 viteve, dhe krijimin e kushteve p\u00ebr revitalizimin","robots":{"index":"index","follow":"follow","max-snippet":"max-snippet:-1","max-image-preview":"max-image-preview:large","max-video-preview":"max-video-preview:-1"},"canonical":"https:\/\/www.visit-ulcinj.com\/blog\/2014\/02\/17\/sot-filloj-aktiviteti-revitalizimit-te-ullishtes-se-valdanosit\/","og_locale":"en_US","og_type":"article","og_title":"Sot filloj aktiviteti i revitalizimit te Ullisht\u00ebs s\u00eb Valdanosit! - Lajme nga Ulqini","og_description":"Sot filloj aktiviteti i madh\u00eb qytetar\u00eb p\u00ebr pastrimin e Valdanosit, \u00e7eljen e rrug\u00ebve t\u00eb mbyllura para 35 viteve, dhe krijimin e kushteve p\u00ebr revitalizimin","og_url":"https:\/\/www.visit-ulcinj.com\/blog\/2014\/02\/17\/sot-filloj-aktiviteti-revitalizimit-te-ullishtes-se-valdanosit\/","og_site_name":"Lajme nga Ulqini","article_published_time":"2014-02-17T15:09:03+00:00","article_modified_time":"2014-02-20T11:29:40+00:00","twitter_misc":{"Written by":"ulqini","Est. reading time":"4 minutes"},"schema":{"@context":"https:\/\/schema.org","@graph":[{"@type":"WebSite","@id":"https:\/\/www.visit-ulcinj.com\/blog\/#website","url":"https:\/\/www.visit-ulcinj.com\/blog\/","name":"Lajme nga Ulqini","description":"Lajme,Vijesti,Ulqini,Ulqin,Crna Gora,Mali i Zi","potentialAction":[{"@type":"SearchAction","target":{"@type":"EntryPoint","urlTemplate":"https:\/\/www.visit-ulcinj.com\/blog\/?s={search_term_string}"},"query-input":"required name=search_term_string"}],"inLanguage":"en-US"},{"@type":"WebPage","@id":"https:\/\/www.visit-ulcinj.com\/blog\/2014\/02\/17\/sot-filloj-aktiviteti-revitalizimit-te-ullishtes-se-valdanosit\/#webpage","url":"https:\/\/www.visit-ulcinj.com\/blog\/2014\/02\/17\/sot-filloj-aktiviteti-revitalizimit-te-ullishtes-se-valdanosit\/","name":"Sot filloj aktiviteti i revitalizimit te Ullisht\u00ebs s\u00eb Valdanosit! - Lajme nga Ulqini","isPartOf":{"@id":"https:\/\/www.visit-ulcinj.com\/blog\/#website"},"datePublished":"2014-02-17T15:09:03+00:00","dateModified":"2014-02-20T11:29:40+00:00","author":{"@id":"https:\/\/www.visit-ulcinj.com\/blog\/#\/schema\/person\/dcab619c614d3038751c63bc2aadc06d"},"description":"Sot filloj aktiviteti i madh\u00eb qytetar\u00eb p\u00ebr pastrimin e Valdanosit, \u00e7eljen e rrug\u00ebve t\u00eb mbyllura para 35 viteve, dhe krijimin e kushteve p\u00ebr revitalizimin","breadcrumb":{"@id":"https:\/\/www.visit-ulcinj.com\/blog\/2014\/02\/17\/sot-filloj-aktiviteti-revitalizimit-te-ullishtes-se-valdanosit\/#breadcrumb"},"inLanguage":"en-US","potentialAction":[{"@type":"ReadAction","target":["https:\/\/www.visit-ulcinj.com\/blog\/2014\/02\/17\/sot-filloj-aktiviteti-revitalizimit-te-ullishtes-se-valdanosit\/"]}]},{"@type":"BreadcrumbList","@id":"https:\/\/www.visit-ulcinj.com\/blog\/2014\/02\/17\/sot-filloj-aktiviteti-revitalizimit-te-ullishtes-se-valdanosit\/#breadcrumb","itemListElement":[{"@type":"ListItem","position":1,"name":"Sot filloj aktiviteti i revitalizimit te Ullisht\u00ebs s\u00eb Valdanosit!"}]},{"@type":"Person","@id":"https:\/\/www.visit-ulcinj.com\/blog\/#\/schema\/person\/dcab619c614d3038751c63bc2aadc06d","name":"ulqini","sameAs":["http:\/\/www.visit-ulcinj.com"],"url":"https:\/\/www.visit-ulcinj.com\/blog\/author\/admin\/"}]}},"jetpack_featured_media_url":"","jetpack_sharing_enabled":true,"jetpack_shortlink":"https:\/\/wp.me\/pe6lTn-kKG","_links":{"self":[{"href":"https:\/\/www.visit-ulcinj.com\/blog\/wp-json\/wp\/v2\/posts\/79774"}],"collection":[{"href":"https:\/\/www.visit-ulcinj.com\/blog\/wp-json\/wp\/v2\/posts"}],"about":[{"href":"https:\/\/www.visit-ulcinj.com\/blog\/wp-json\/wp\/v2\/types\/post"}],"author":[{"embeddable":true,"href":"https:\/\/www.visit-ulcinj.com\/blog\/wp-json\/wp\/v2\/users\/1"}],"replies":[{"embeddable":true,"href":"https:\/\/www.visit-ulcinj.com\/blog\/wp-json\/wp\/v2\/comments?post=79774"}],"version-history":[{"count":4,"href":"https:\/\/www.visit-ulcinj.com\/blog\/wp-json\/wp\/v2\/posts\/79774\/revisions"}],"predecessor-version":[{"id":79931,"href":"https:\/\/www.visit-ulcinj.com\/blog\/wp-json\/wp\/v2\/posts\/79774\/revisions\/79931"}],"wp:attachment":[{"href":"https:\/\/www.visit-ulcinj.com\/blog\/wp-json\/wp\/v2\/media?parent=79774"}],"wp:term":[{"taxonomy":"category","embeddable":true,"href":"https:\/\/www.visit-ulcinj.com\/blog\/wp-json\/wp\/v2\/categories?post=79774"},{"taxonomy":"post_tag","embeddable":true,"href":"https:\/\/www.visit-ulcinj.com\/blog\/wp-json\/wp\/v2\/tags?post=79774"}],"curies":[{"name":"wp","href":"https:\/\/api.w.org\/{rel}","templated":true}]}}