{"id":79778,"date":"2014-02-17T16:18:29","date_gmt":"2014-02-17T15:18:29","guid":{"rendered":"http:\/\/www.visit-ulcinj.com\/blog\/?p=79778"},"modified":"2014-02-17T16:18:29","modified_gmt":"2014-02-17T15:18:29","slug":"da-li-ce-nova-vlast-donijeti-bolje-dane-ulcinjanima","status":"publish","type":"post","link":"https:\/\/www.visit-ulcinj.com\/blog\/2014\/02\/17\/da-li-ce-nova-vlast-donijeti-bolje-dane-ulcinjanima\/","title":{"rendered":"Da li ce nova vlast donijeti bolje dane Ulcinjanima?"},"content":{"rendered":"<p><a href=\"http:\/\/www.visit-ulcinj.com\/blog\/wp-content\/uploads\/2013\/04\/Pogled-Ulcinja.jpg\"><img loading=\"lazy\" class=\"alignleft  wp-image-70463\" alt=\"Pogled Ulcinja\" src=\"http:\/\/www.visit-ulcinj.com\/blog\/wp-content\/uploads\/2013\/04\/Pogled-Ulcinja.jpg\" width=\"508\" height=\"360\" \/><\/a>Novoformirana koalicija u Ulcinju koju \u010dine predstavnici Force, koalicije Zajedno za Ulcinj i Pozitivne Crne Gore prema mi\u0161ljenju politi\u010dkog analiti\u010dara Sr\u0111e Vukadinovi\u0107a nema perspektivu i na tankim je nogama, uz kako ka\u017ee, mogu\u0107nost pojave preleta\u010da. Poslanik Pozitivne Dritan Abazovi\u0107 u izjavi za CdM uvjerava da je koalicija ozbiljna u namjerama da pobolj\u0161a ekonomsku situaciju u gradu, dok poslanik DPS-a Lui\u0111 \u0160krelja tvrdi da se iza svega kriju partijski i li\u010dni interesi, a nosilac liste ulcinjskog DPS-a Ljoro Nreki\u0107 tvrdi da je osnovni cilj koalicije usmjeren protiv te partije.<\/p>\n<div>\n<p>Politi\u010dki analiti\u010dar Sr\u0111a Vukadinovi\u0107 u izjavi za CdM ka\u017ee da nova koalicija ne\u0107e donijeti promjene u Ulcinju, jer je za to potrebna, kako ka\u017ee, stabilna parlamentarna ve\u0107ina.<\/p>\n<p>&#8220;Ovo je vrlo labilna i krhka ve\u0107ina, koja \u0107e se brzo promijeniti, jer ovdje imamo jednu situaciju politi\u010dkog autizma za realnost, i mislim da se stvara situacija koja vrlo brzo mo\u017ee da rezultira u ono \u0161to se nekada doga\u0111alo u Andrijevici, Nik\u0161i\u0107u i Budvi. Mogu\u0107e je da se veoma brzo na\u0111e neki preleta\u010d i da bude vanrednog stanja i vanrednih izbora i da do\u0111e do novog politi\u010dkog restrukturiranja&#8221;, smatra Vukadinovi\u0107.<\/p>\n<p>Nosilac liste Pozitivne Crne Gore Dritan Abazovi\u0107 za na\u0161 portal poru\u010duje da je svjestan da idealne koalicije nema, niti idealnih personalnih rje\u0161enja.<\/p>\n<p>&#8220;Me\u0111utim, trudi\u0107emo se da ono \u0161to smo stavili u sporazum bude i ostvareno. Mogu\u0107nost preleta\u010da uvijek postoji, jer smo mi u Crnoj Gori na\u017ealost navikli da se volja gra\u0111ana mijenja na nedemokratski na\u010din, nakon izbora, ali vjerujem da je vrlo te\u0161ko da \u0107e se to desiti u Ulcinju jer \u00a0taj na\u010din nije prihvatljiv u toj op\u0161tini&#8221;, smatra Abazovi\u0107.<\/p>\n<p>Poslanik Demokratske partije socijalista DPS Lui\u0111 \u0160krelja u izjavi za CdM ka\u017ee da nije ta\u010dno da je njegova partija zavr\u0161ila u opoziciji, kako se moglo \u010duti, jer je i do sada bila tamo. Me\u0111utim, smatra da bi za Ulcinj bilo korisnije da je u vlasti najja\u010da partija koja bi jedina, kako ka\u017ee, donijela promjene.<\/p>\n<p>&#8220;Na\u010din na koji su se pona\u0161ale partije koje su potpisale ju\u010de sporazum daje nam do znanja da koalicija zapravo postoji radi ispunjavanja partijskih i li\u010dnih interesa. DPS-u ne smeta \u0161to \u0107e biti u opoziciji, jer se na\u0161a partija ne grabi za vlast u Ulcinju&#8221;, ka\u017ee \u0160krelja.<\/p>\n<p>Nosilac liste Demokratske partije socijalista DPS Ljoro Nreki\u0107 poru\u010dio je, a saop\u0161tenju, da sve ukazuje da je glavni motiv nove koalicije rad protiv DPS-a.<\/p>\n<p>\u201cO njihovim u\u010dincima vladanja u Ulcinju najbolju ocjenu su dali gra\u0111ani na izborima. Ono \u0161to su govorili jedni o drugima dok su bili na vlasti i tokom kampanje, zna\u010dajna finansijska sredstva koja su utro\u0161ena na prijevremene izbore da bi se formirala ista vlast koja ih je uzrokovala, danas sve skupa kod Ulcinjana izaziva zabrinutost da \u0107e rezultati njihovog vladanja biti nedovoljni da poprave kvalitet \u017eivota u na\u0161oj op\u0161tini. Svi savezi koji su se pravili da bi bili protiv nekoga, a ne za neko ili ne\u010dije dobro, nijesu dali rezultate i nijesu dugo trajali&#8221;, navodi se u saop\u0161tenju Nreki\u0107a.<\/p>\n<p>Andrija \u0106etkovi\u0107 iz Socijalisti\u010dke narodne partije SNP u Ulcinju kratko nam je kazao da nova koalicija ne\u0107e donijeti promjene jer je, kako ka\u017ee gotovo ista kao ranije.<\/p>\n<p>&#8220;Jedino dobro u ovom situaciju je \u0161to u vlasti nije vi\u0161e Socijaldemokratska partija SDP&#8221;, poru\u010dio je \u0106etkovi\u0107.<\/p>\n<p>Podsje\u0107amo, Abazovi\u0107 je ranije za na\u0161 portal kazao da je sporazumom o formiranju vlasti u Ulcinju predvi\u0111eno da predsjednik op\u0161tine bude Fatmir \u0110eka. Forca \u0107e tako dobiti 12 funkcija, koalicija Zajedno za Ulcinj 11, a Pozitivnoj dvije i to mjesto potpredsjednika i menad\u017eera op\u0161tine.<\/p>\n<p><strong>Izvor: CDM<\/strong><\/p>\n<\/div>\n","protected":false},"excerpt":{"rendered":"<p>Novoformirana koalicija u Ulcinju koju \u010dine predstavnici Force, koalicije Zajedno za Ulcinj i Pozitivne Crne Gore prema mi\u0161ljenju politi\u010dkog analiti\u010dara Sr\u0111e Vukadinovi\u0107a nema perspektivu i na tankim je nogama, uz kako ka\u017ee, mogu\u0107nost pojave preleta\u010da. Poslanik Pozitivne Dritan Abazovi\u0107 u izjavi za CdM uvjerava da je koalicija ozbiljna u namjerama da pobolj\u0161a ekonomsku situaciju u [&hellip;]<\/p>\n","protected":false},"author":1,"featured_media":0,"comment_status":"closed","ping_status":"closed","sticky":false,"template":"","format":"standard","meta":{"spay_email":"","jetpack_publicize_message":"","jetpack_is_tweetstorm":false,"jetpack_publicize_feature_enabled":true},"categories":[8337],"tags":[],"jetpack_publicize_connections":[],"yoast_head":"<!-- This site is optimized with the Yoast SEO plugin v19.1 - https:\/\/yoast.com\/wordpress\/plugins\/seo\/ -->\n<title>Da li ce nova vlast donijeti bolje dane Ulcinjanima? - Lajme nga Ulqini<\/title>\n<meta name=\"description\" content=\"Novoformirana koalicija u Ulcinju koju \u010dine predstavnici Force, koalicije Zajedno za Ulcinj i Pozitivne Crne Gore prema mi\u0161ljenju politi\u010dkog analiti\u010dara\" \/>\n<meta name=\"robots\" content=\"index, follow, max-snippet:-1, max-image-preview:large, max-video-preview:-1\" \/>\n<link rel=\"canonical\" href=\"https:\/\/www.visit-ulcinj.com\/blog\/2014\/02\/17\/da-li-ce-nova-vlast-donijeti-bolje-dane-ulcinjanima\/\" \/>\n<meta property=\"og:locale\" content=\"en_US\" \/>\n<meta property=\"og:type\" content=\"article\" \/>\n<meta property=\"og:title\" content=\"Da li ce nova vlast donijeti bolje dane Ulcinjanima? - Lajme nga Ulqini\" \/>\n<meta property=\"og:description\" content=\"Novoformirana koalicija u Ulcinju koju \u010dine predstavnici Force, koalicije Zajedno za Ulcinj i Pozitivne Crne Gore prema mi\u0161ljenju politi\u010dkog analiti\u010dara\" \/>\n<meta property=\"og:url\" content=\"https:\/\/www.visit-ulcinj.com\/blog\/2014\/02\/17\/da-li-ce-nova-vlast-donijeti-bolje-dane-ulcinjanima\/\" \/>\n<meta property=\"og:site_name\" content=\"Lajme nga Ulqini\" \/>\n<meta property=\"article:published_time\" content=\"2014-02-17T15:18:29+00:00\" \/>\n<meta property=\"og:image\" content=\"http:\/\/www.visit-ulcinj.com\/blog\/wp-content\/uploads\/2013\/04\/Pogled-Ulcinja.jpg\" \/>\n<meta name=\"twitter:label1\" content=\"Written by\" \/>\n\t<meta name=\"twitter:data1\" content=\"ulqini\" \/>\n\t<meta name=\"twitter:label2\" content=\"Est. reading time\" \/>\n\t<meta name=\"twitter:data2\" content=\"3 minutes\" \/>\n<script type=\"application\/ld+json\" class=\"yoast-schema-graph\">{\"@context\":\"https:\/\/schema.org\",\"@graph\":[{\"@type\":\"WebSite\",\"@id\":\"https:\/\/www.visit-ulcinj.com\/blog\/#website\",\"url\":\"https:\/\/www.visit-ulcinj.com\/blog\/\",\"name\":\"Lajme nga Ulqini\",\"description\":\"Lajme,Vijesti,Ulqini,Ulqin,Crna Gora,Mali i Zi\",\"potentialAction\":[{\"@type\":\"SearchAction\",\"target\":{\"@type\":\"EntryPoint\",\"urlTemplate\":\"https:\/\/www.visit-ulcinj.com\/blog\/?s={search_term_string}\"},\"query-input\":\"required name=search_term_string\"}],\"inLanguage\":\"en-US\"},{\"@type\":\"ImageObject\",\"inLanguage\":\"en-US\",\"@id\":\"https:\/\/www.visit-ulcinj.com\/blog\/2014\/02\/17\/da-li-ce-nova-vlast-donijeti-bolje-dane-ulcinjanima\/#primaryimage\",\"url\":\"https:\/\/www.visit-ulcinj.com\/blog\/wp-content\/uploads\/2013\/04\/Pogled-Ulcinja.jpg\",\"contentUrl\":\"https:\/\/www.visit-ulcinj.com\/blog\/wp-content\/uploads\/2013\/04\/Pogled-Ulcinja.jpg\",\"width\":960,\"height\":530},{\"@type\":\"WebPage\",\"@id\":\"https:\/\/www.visit-ulcinj.com\/blog\/2014\/02\/17\/da-li-ce-nova-vlast-donijeti-bolje-dane-ulcinjanima\/#webpage\",\"url\":\"https:\/\/www.visit-ulcinj.com\/blog\/2014\/02\/17\/da-li-ce-nova-vlast-donijeti-bolje-dane-ulcinjanima\/\",\"name\":\"Da li ce nova vlast donijeti bolje dane Ulcinjanima? - Lajme nga Ulqini\",\"isPartOf\":{\"@id\":\"https:\/\/www.visit-ulcinj.com\/blog\/#website\"},\"primaryImageOfPage\":{\"@id\":\"https:\/\/www.visit-ulcinj.com\/blog\/2014\/02\/17\/da-li-ce-nova-vlast-donijeti-bolje-dane-ulcinjanima\/#primaryimage\"},\"datePublished\":\"2014-02-17T15:18:29+00:00\",\"dateModified\":\"2014-02-17T15:18:29+00:00\",\"author\":{\"@id\":\"https:\/\/www.visit-ulcinj.com\/blog\/#\/schema\/person\/dcab619c614d3038751c63bc2aadc06d\"},\"description\":\"Novoformirana koalicija u Ulcinju koju \u010dine predstavnici Force, koalicije Zajedno za Ulcinj i Pozitivne Crne Gore prema mi\u0161ljenju politi\u010dkog analiti\u010dara\",\"breadcrumb\":{\"@id\":\"https:\/\/www.visit-ulcinj.com\/blog\/2014\/02\/17\/da-li-ce-nova-vlast-donijeti-bolje-dane-ulcinjanima\/#breadcrumb\"},\"inLanguage\":\"en-US\",\"potentialAction\":[{\"@type\":\"ReadAction\",\"target\":[\"https:\/\/www.visit-ulcinj.com\/blog\/2014\/02\/17\/da-li-ce-nova-vlast-donijeti-bolje-dane-ulcinjanima\/\"]}]},{\"@type\":\"BreadcrumbList\",\"@id\":\"https:\/\/www.visit-ulcinj.com\/blog\/2014\/02\/17\/da-li-ce-nova-vlast-donijeti-bolje-dane-ulcinjanima\/#breadcrumb\",\"itemListElement\":[{\"@type\":\"ListItem\",\"position\":1,\"name\":\"Da li ce nova vlast donijeti bolje dane Ulcinjanima?\"}]},{\"@type\":\"Person\",\"@id\":\"https:\/\/www.visit-ulcinj.com\/blog\/#\/schema\/person\/dcab619c614d3038751c63bc2aadc06d\",\"name\":\"ulqini\",\"sameAs\":[\"http:\/\/www.visit-ulcinj.com\"],\"url\":\"https:\/\/www.visit-ulcinj.com\/blog\/author\/admin\/\"}]}<\/script>\n<!-- \/ Yoast SEO plugin. -->","yoast_head_json":{"title":"Da li ce nova vlast donijeti bolje dane Ulcinjanima? - Lajme nga Ulqini","description":"Novoformirana koalicija u Ulcinju koju \u010dine predstavnici Force, koalicije Zajedno za Ulcinj i Pozitivne Crne Gore prema mi\u0161ljenju politi\u010dkog analiti\u010dara","robots":{"index":"index","follow":"follow","max-snippet":"max-snippet:-1","max-image-preview":"max-image-preview:large","max-video-preview":"max-video-preview:-1"},"canonical":"https:\/\/www.visit-ulcinj.com\/blog\/2014\/02\/17\/da-li-ce-nova-vlast-donijeti-bolje-dane-ulcinjanima\/","og_locale":"en_US","og_type":"article","og_title":"Da li ce nova vlast donijeti bolje dane Ulcinjanima? - Lajme nga Ulqini","og_description":"Novoformirana koalicija u Ulcinju koju \u010dine predstavnici Force, koalicije Zajedno za Ulcinj i Pozitivne Crne Gore prema mi\u0161ljenju politi\u010dkog analiti\u010dara","og_url":"https:\/\/www.visit-ulcinj.com\/blog\/2014\/02\/17\/da-li-ce-nova-vlast-donijeti-bolje-dane-ulcinjanima\/","og_site_name":"Lajme nga Ulqini","article_published_time":"2014-02-17T15:18:29+00:00","og_image":[{"url":"http:\/\/www.visit-ulcinj.com\/blog\/wp-content\/uploads\/2013\/04\/Pogled-Ulcinja.jpg"}],"twitter_misc":{"Written by":"ulqini","Est. reading time":"3 minutes"},"schema":{"@context":"https:\/\/schema.org","@graph":[{"@type":"WebSite","@id":"https:\/\/www.visit-ulcinj.com\/blog\/#website","url":"https:\/\/www.visit-ulcinj.com\/blog\/","name":"Lajme nga Ulqini","description":"Lajme,Vijesti,Ulqini,Ulqin,Crna Gora,Mali i Zi","potentialAction":[{"@type":"SearchAction","target":{"@type":"EntryPoint","urlTemplate":"https:\/\/www.visit-ulcinj.com\/blog\/?s={search_term_string}"},"query-input":"required name=search_term_string"}],"inLanguage":"en-US"},{"@type":"ImageObject","inLanguage":"en-US","@id":"https:\/\/www.visit-ulcinj.com\/blog\/2014\/02\/17\/da-li-ce-nova-vlast-donijeti-bolje-dane-ulcinjanima\/#primaryimage","url":"https:\/\/www.visit-ulcinj.com\/blog\/wp-content\/uploads\/2013\/04\/Pogled-Ulcinja.jpg","contentUrl":"https:\/\/www.visit-ulcinj.com\/blog\/wp-content\/uploads\/2013\/04\/Pogled-Ulcinja.jpg","width":960,"height":530},{"@type":"WebPage","@id":"https:\/\/www.visit-ulcinj.com\/blog\/2014\/02\/17\/da-li-ce-nova-vlast-donijeti-bolje-dane-ulcinjanima\/#webpage","url":"https:\/\/www.visit-ulcinj.com\/blog\/2014\/02\/17\/da-li-ce-nova-vlast-donijeti-bolje-dane-ulcinjanima\/","name":"Da li ce nova vlast donijeti bolje dane Ulcinjanima? - Lajme nga Ulqini","isPartOf":{"@id":"https:\/\/www.visit-ulcinj.com\/blog\/#website"},"primaryImageOfPage":{"@id":"https:\/\/www.visit-ulcinj.com\/blog\/2014\/02\/17\/da-li-ce-nova-vlast-donijeti-bolje-dane-ulcinjanima\/#primaryimage"},"datePublished":"2014-02-17T15:18:29+00:00","dateModified":"2014-02-17T15:18:29+00:00","author":{"@id":"https:\/\/www.visit-ulcinj.com\/blog\/#\/schema\/person\/dcab619c614d3038751c63bc2aadc06d"},"description":"Novoformirana koalicija u Ulcinju koju \u010dine predstavnici Force, koalicije Zajedno za Ulcinj i Pozitivne Crne Gore prema mi\u0161ljenju politi\u010dkog analiti\u010dara","breadcrumb":{"@id":"https:\/\/www.visit-ulcinj.com\/blog\/2014\/02\/17\/da-li-ce-nova-vlast-donijeti-bolje-dane-ulcinjanima\/#breadcrumb"},"inLanguage":"en-US","potentialAction":[{"@type":"ReadAction","target":["https:\/\/www.visit-ulcinj.com\/blog\/2014\/02\/17\/da-li-ce-nova-vlast-donijeti-bolje-dane-ulcinjanima\/"]}]},{"@type":"BreadcrumbList","@id":"https:\/\/www.visit-ulcinj.com\/blog\/2014\/02\/17\/da-li-ce-nova-vlast-donijeti-bolje-dane-ulcinjanima\/#breadcrumb","itemListElement":[{"@type":"ListItem","position":1,"name":"Da li ce nova vlast donijeti bolje dane Ulcinjanima?"}]},{"@type":"Person","@id":"https:\/\/www.visit-ulcinj.com\/blog\/#\/schema\/person\/dcab619c614d3038751c63bc2aadc06d","name":"ulqini","sameAs":["http:\/\/www.visit-ulcinj.com"],"url":"https:\/\/www.visit-ulcinj.com\/blog\/author\/admin\/"}]}},"jetpack_featured_media_url":"","jetpack_sharing_enabled":true,"jetpack_shortlink":"https:\/\/wp.me\/pe6lTn-kKK","_links":{"self":[{"href":"https:\/\/www.visit-ulcinj.com\/blog\/wp-json\/wp\/v2\/posts\/79778"}],"collection":[{"href":"https:\/\/www.visit-ulcinj.com\/blog\/wp-json\/wp\/v2\/posts"}],"about":[{"href":"https:\/\/www.visit-ulcinj.com\/blog\/wp-json\/wp\/v2\/types\/post"}],"author":[{"embeddable":true,"href":"https:\/\/www.visit-ulcinj.com\/blog\/wp-json\/wp\/v2\/users\/1"}],"replies":[{"embeddable":true,"href":"https:\/\/www.visit-ulcinj.com\/blog\/wp-json\/wp\/v2\/comments?post=79778"}],"version-history":[{"count":1,"href":"https:\/\/www.visit-ulcinj.com\/blog\/wp-json\/wp\/v2\/posts\/79778\/revisions"}],"predecessor-version":[{"id":79779,"href":"https:\/\/www.visit-ulcinj.com\/blog\/wp-json\/wp\/v2\/posts\/79778\/revisions\/79779"}],"wp:attachment":[{"href":"https:\/\/www.visit-ulcinj.com\/blog\/wp-json\/wp\/v2\/media?parent=79778"}],"wp:term":[{"taxonomy":"category","embeddable":true,"href":"https:\/\/www.visit-ulcinj.com\/blog\/wp-json\/wp\/v2\/categories?post=79778"},{"taxonomy":"post_tag","embeddable":true,"href":"https:\/\/www.visit-ulcinj.com\/blog\/wp-json\/wp\/v2\/tags?post=79778"}],"curies":[{"name":"wp","href":"https:\/\/api.w.org\/{rel}","templated":true}]}}