{"id":79780,"date":"2014-02-17T16:24:46","date_gmt":"2014-02-17T15:24:46","guid":{"rendered":"http:\/\/www.visit-ulcinj.com\/blog\/?p=79780"},"modified":"2014-02-17T20:28:53","modified_gmt":"2014-02-17T19:28:53","slug":"ljoro-nrekic-dogovor-u-ulcinju-usmjeren-protiv-dps","status":"publish","type":"post","link":"https:\/\/www.visit-ulcinj.com\/blog\/2014\/02\/17\/ljoro-nrekic-dogovor-u-ulcinju-usmjeren-protiv-dps\/","title":{"rendered":"Ljoro Nreki\u0107: Dogovor u Ulcinju usmjeren protiv DPS-a"},"content":{"rendered":"<p><a href=\"http:\/\/www.visit-ulcinj.com\/blog\/wp-content\/uploads\/2014\/02\/ljoro-nrekic-loro-nrekiq.jpg\"><img loading=\"lazy\" class=\"alignleft  wp-image-79400\" alt=\"ljoro-nrekic-loro-nrekiq\" src=\"http:\/\/www.visit-ulcinj.com\/blog\/wp-content\/uploads\/2014\/02\/ljoro-nrekic-loro-nrekiq.jpg\" width=\"508\" height=\"360\" \/><\/a>&#8220;I pored odluke gra\u0111ana Ulcinja da Demokratska partija socijalista bude vode\u0107a politi\u010dka snaga&#8230;&#8221;<\/p>\n<p>Glavni motiv dogovora nove vlasti u Ulcinju je usmjeren protiv Demokratske partije socijalista, kazao je Ljoro Nreki\u0107, predsjednik Op\u0161tinskog odbora DPS u Ulcinju.<\/p>\n<p>&#8220;I pored odluke gra\u0111ana Ulcinja da Demokratska partija socijalista bude vode\u0107a politi\u010dka snaga koja \u0107e u naredne \u010detiri godine realizovati njihove potrebe i rje\u0161avati probleme lokalne zajednice, ju\u010de je formirana gotovo identi\u010dna koalicija, koja je zbog nefunkcionisanja vlasti koju su tvorili, izazvala vanredne izbore.<\/p>\n<p>O njihovim u\u010dincima vladanja u Ulcinju najbolju ocjenu su dali gra\u0111ani na izborima. Ono \u0161to su govorili jedni o drugima dok su bili na vlasti i tokom kampanje, zna\u010dajna finansijska sredstva koja su utro\u0161ena na prijevremene izbore da bi se formirala ista vlast koja ih je uzrokovala, danas sve skupa kod Ulcinjana izaziva zabrinutost da \u0107e rezultati njihovog vladanja biti nedovoljni da poprave kvalitet \u017eivota u na\u0161oj op\u0161tini&#8221;, navodi Nreki\u0107.<\/p>\n<p>On je napomenuo da je DPS i do sada bio u opoziciji.<\/p>\n<p>&#8220;Svi savezi koji su se pravili da bi bili protiv nekoga, a ne za neko ili ne\u010dije dobro, nijesu dali rezultate i nijesu dugo trajali. Neta\u010dne su konstatacije da je DPS bilo ko poslao u opoziciju, tim prije \u0161to smo i do sada imali takav status, samo \u0161to smo voljom gra\u0111ana umjesto tre\u0107e postali prva politi\u010dka partija u Ulcinju.<\/p>\n<p>Demokratska partija socijalista \u0107e do kraja biti posve\u0107ena idejama i programu za koji smo uvjereni da Ulcinj mo\u017ee povesti naprijed. Snagom svog autoriteta zalaga\u0107emo se za dobro svih gra\u0111ana Ulcinja&#8221;, zaklju\u010duje Nreki\u0107.<\/p>\n<p><strong>Izvor: Vijesti Online<\/strong><br \/>\n<!--YouTube Error: bad URL entered--><\/p>\n","protected":false},"excerpt":{"rendered":"<p>&#8220;I pored odluke gra\u0111ana Ulcinja da Demokratska partija socijalista bude vode\u0107a politi\u010dka snaga&#8230;&#8221; Glavni motiv dogovora nove vlasti u Ulcinju je usmjeren protiv Demokratske partije socijalista, kazao je Ljoro Nreki\u0107, predsjednik Op\u0161tinskog odbora DPS u Ulcinju. &#8220;I pored odluke gra\u0111ana Ulcinja da Demokratska partija socijalista bude vode\u0107a politi\u010dka snaga koja \u0107e u naredne \u010detiri godine [&hellip;]<\/p>\n","protected":false},"author":1,"featured_media":0,"comment_status":"closed","ping_status":"closed","sticky":false,"template":"","format":"standard","meta":{"spay_email":"","jetpack_publicize_message":"","jetpack_is_tweetstorm":false,"jetpack_publicize_feature_enabled":true},"categories":[8337],"tags":[],"jetpack_publicize_connections":[],"yoast_head":"<!-- This site is optimized with the Yoast SEO plugin v19.1 - https:\/\/yoast.com\/wordpress\/plugins\/seo\/ -->\n<title>Ljoro Nreki\u0107: Dogovor u Ulcinju usmjeren protiv DPS-a - Lajme nga Ulqini<\/title>\n<meta name=\"description\" content=\"&quot;I pored odluke gra\u0111ana Ulcinja da Demokratska partija socijalista bude vode\u0107a politi\u010dka snaga...&quot; Glavni motiv dogovora nove vlasti u Ulcinju je usmjeren\" \/>\n<meta name=\"robots\" content=\"index, follow, max-snippet:-1, max-image-preview:large, max-video-preview:-1\" \/>\n<link rel=\"canonical\" href=\"https:\/\/www.visit-ulcinj.com\/blog\/2014\/02\/17\/ljoro-nrekic-dogovor-u-ulcinju-usmjeren-protiv-dps\/\" \/>\n<meta property=\"og:locale\" content=\"en_US\" \/>\n<meta property=\"og:type\" content=\"article\" \/>\n<meta property=\"og:title\" content=\"Ljoro Nreki\u0107: Dogovor u Ulcinju usmjeren protiv DPS-a - Lajme nga Ulqini\" \/>\n<meta property=\"og:description\" content=\"&quot;I pored odluke gra\u0111ana Ulcinja da Demokratska partija socijalista bude vode\u0107a politi\u010dka snaga...&quot; Glavni motiv dogovora nove vlasti u Ulcinju je usmjeren\" \/>\n<meta property=\"og:url\" content=\"https:\/\/www.visit-ulcinj.com\/blog\/2014\/02\/17\/ljoro-nrekic-dogovor-u-ulcinju-usmjeren-protiv-dps\/\" \/>\n<meta property=\"og:site_name\" content=\"Lajme nga Ulqini\" \/>\n<meta property=\"article:published_time\" content=\"2014-02-17T15:24:46+00:00\" \/>\n<meta property=\"article:modified_time\" content=\"2014-02-17T19:28:53+00:00\" \/>\n<meta property=\"og:image\" content=\"http:\/\/www.visit-ulcinj.com\/blog\/wp-content\/uploads\/2014\/02\/ljoro-nrekic-loro-nrekiq.jpg\" \/>\n<meta name=\"twitter:label1\" content=\"Written by\" \/>\n\t<meta name=\"twitter:data1\" content=\"ulqini\" \/>\n\t<meta name=\"twitter:label2\" content=\"Est. reading time\" \/>\n\t<meta name=\"twitter:data2\" content=\"1 minute\" \/>\n<script type=\"application\/ld+json\" class=\"yoast-schema-graph\">{\"@context\":\"https:\/\/schema.org\",\"@graph\":[{\"@type\":\"WebSite\",\"@id\":\"https:\/\/www.visit-ulcinj.com\/blog\/#website\",\"url\":\"https:\/\/www.visit-ulcinj.com\/blog\/\",\"name\":\"Lajme nga Ulqini\",\"description\":\"Lajme,Vijesti,Ulqini,Ulqin,Crna Gora,Mali i Zi\",\"potentialAction\":[{\"@type\":\"SearchAction\",\"target\":{\"@type\":\"EntryPoint\",\"urlTemplate\":\"https:\/\/www.visit-ulcinj.com\/blog\/?s={search_term_string}\"},\"query-input\":\"required name=search_term_string\"}],\"inLanguage\":\"en-US\"},{\"@type\":\"ImageObject\",\"inLanguage\":\"en-US\",\"@id\":\"https:\/\/www.visit-ulcinj.com\/blog\/2014\/02\/17\/ljoro-nrekic-dogovor-u-ulcinju-usmjeren-protiv-dps\/#primaryimage\",\"url\":\"http:\/\/www.visit-ulcinj.com\/blog\/wp-content\/uploads\/2014\/02\/ljoro-nrekic-loro-nrekiq.jpg\",\"contentUrl\":\"http:\/\/www.visit-ulcinj.com\/blog\/wp-content\/uploads\/2014\/02\/ljoro-nrekic-loro-nrekiq.jpg\"},{\"@type\":\"WebPage\",\"@id\":\"https:\/\/www.visit-ulcinj.com\/blog\/2014\/02\/17\/ljoro-nrekic-dogovor-u-ulcinju-usmjeren-protiv-dps\/#webpage\",\"url\":\"https:\/\/www.visit-ulcinj.com\/blog\/2014\/02\/17\/ljoro-nrekic-dogovor-u-ulcinju-usmjeren-protiv-dps\/\",\"name\":\"Ljoro Nreki\u0107: Dogovor u Ulcinju usmjeren protiv DPS-a - Lajme nga Ulqini\",\"isPartOf\":{\"@id\":\"https:\/\/www.visit-ulcinj.com\/blog\/#website\"},\"primaryImageOfPage\":{\"@id\":\"https:\/\/www.visit-ulcinj.com\/blog\/2014\/02\/17\/ljoro-nrekic-dogovor-u-ulcinju-usmjeren-protiv-dps\/#primaryimage\"},\"datePublished\":\"2014-02-17T15:24:46+00:00\",\"dateModified\":\"2014-02-17T19:28:53+00:00\",\"author\":{\"@id\":\"https:\/\/www.visit-ulcinj.com\/blog\/#\/schema\/person\/dcab619c614d3038751c63bc2aadc06d\"},\"description\":\"\\\"I pored odluke gra\u0111ana Ulcinja da Demokratska partija socijalista bude vode\u0107a politi\u010dka snaga...\\\" Glavni motiv dogovora nove vlasti u Ulcinju je usmjeren\",\"breadcrumb\":{\"@id\":\"https:\/\/www.visit-ulcinj.com\/blog\/2014\/02\/17\/ljoro-nrekic-dogovor-u-ulcinju-usmjeren-protiv-dps\/#breadcrumb\"},\"inLanguage\":\"en-US\",\"potentialAction\":[{\"@type\":\"ReadAction\",\"target\":[\"https:\/\/www.visit-ulcinj.com\/blog\/2014\/02\/17\/ljoro-nrekic-dogovor-u-ulcinju-usmjeren-protiv-dps\/\"]}]},{\"@type\":\"BreadcrumbList\",\"@id\":\"https:\/\/www.visit-ulcinj.com\/blog\/2014\/02\/17\/ljoro-nrekic-dogovor-u-ulcinju-usmjeren-protiv-dps\/#breadcrumb\",\"itemListElement\":[{\"@type\":\"ListItem\",\"position\":1,\"name\":\"Ljoro Nreki\u0107: Dogovor u Ulcinju usmjeren protiv DPS-a\"}]},{\"@type\":\"Person\",\"@id\":\"https:\/\/www.visit-ulcinj.com\/blog\/#\/schema\/person\/dcab619c614d3038751c63bc2aadc06d\",\"name\":\"ulqini\",\"sameAs\":[\"http:\/\/www.visit-ulcinj.com\"],\"url\":\"https:\/\/www.visit-ulcinj.com\/blog\/author\/admin\/\"}]}<\/script>\n<!-- \/ Yoast SEO plugin. -->","yoast_head_json":{"title":"Ljoro Nreki\u0107: Dogovor u Ulcinju usmjeren protiv DPS-a - Lajme nga Ulqini","description":"\"I pored odluke gra\u0111ana Ulcinja da Demokratska partija socijalista bude vode\u0107a politi\u010dka snaga...\" Glavni motiv dogovora nove vlasti u Ulcinju je usmjeren","robots":{"index":"index","follow":"follow","max-snippet":"max-snippet:-1","max-image-preview":"max-image-preview:large","max-video-preview":"max-video-preview:-1"},"canonical":"https:\/\/www.visit-ulcinj.com\/blog\/2014\/02\/17\/ljoro-nrekic-dogovor-u-ulcinju-usmjeren-protiv-dps\/","og_locale":"en_US","og_type":"article","og_title":"Ljoro Nreki\u0107: Dogovor u Ulcinju usmjeren protiv DPS-a - Lajme nga Ulqini","og_description":"\"I pored odluke gra\u0111ana Ulcinja da Demokratska partija socijalista bude vode\u0107a politi\u010dka snaga...\" Glavni motiv dogovora nove vlasti u Ulcinju je usmjeren","og_url":"https:\/\/www.visit-ulcinj.com\/blog\/2014\/02\/17\/ljoro-nrekic-dogovor-u-ulcinju-usmjeren-protiv-dps\/","og_site_name":"Lajme nga Ulqini","article_published_time":"2014-02-17T15:24:46+00:00","article_modified_time":"2014-02-17T19:28:53+00:00","og_image":[{"url":"http:\/\/www.visit-ulcinj.com\/blog\/wp-content\/uploads\/2014\/02\/ljoro-nrekic-loro-nrekiq.jpg"}],"twitter_misc":{"Written by":"ulqini","Est. reading time":"1 minute"},"schema":{"@context":"https:\/\/schema.org","@graph":[{"@type":"WebSite","@id":"https:\/\/www.visit-ulcinj.com\/blog\/#website","url":"https:\/\/www.visit-ulcinj.com\/blog\/","name":"Lajme nga Ulqini","description":"Lajme,Vijesti,Ulqini,Ulqin,Crna Gora,Mali i Zi","potentialAction":[{"@type":"SearchAction","target":{"@type":"EntryPoint","urlTemplate":"https:\/\/www.visit-ulcinj.com\/blog\/?s={search_term_string}"},"query-input":"required name=search_term_string"}],"inLanguage":"en-US"},{"@type":"ImageObject","inLanguage":"en-US","@id":"https:\/\/www.visit-ulcinj.com\/blog\/2014\/02\/17\/ljoro-nrekic-dogovor-u-ulcinju-usmjeren-protiv-dps\/#primaryimage","url":"http:\/\/www.visit-ulcinj.com\/blog\/wp-content\/uploads\/2014\/02\/ljoro-nrekic-loro-nrekiq.jpg","contentUrl":"http:\/\/www.visit-ulcinj.com\/blog\/wp-content\/uploads\/2014\/02\/ljoro-nrekic-loro-nrekiq.jpg"},{"@type":"WebPage","@id":"https:\/\/www.visit-ulcinj.com\/blog\/2014\/02\/17\/ljoro-nrekic-dogovor-u-ulcinju-usmjeren-protiv-dps\/#webpage","url":"https:\/\/www.visit-ulcinj.com\/blog\/2014\/02\/17\/ljoro-nrekic-dogovor-u-ulcinju-usmjeren-protiv-dps\/","name":"Ljoro Nreki\u0107: Dogovor u Ulcinju usmjeren protiv DPS-a - Lajme nga Ulqini","isPartOf":{"@id":"https:\/\/www.visit-ulcinj.com\/blog\/#website"},"primaryImageOfPage":{"@id":"https:\/\/www.visit-ulcinj.com\/blog\/2014\/02\/17\/ljoro-nrekic-dogovor-u-ulcinju-usmjeren-protiv-dps\/#primaryimage"},"datePublished":"2014-02-17T15:24:46+00:00","dateModified":"2014-02-17T19:28:53+00:00","author":{"@id":"https:\/\/www.visit-ulcinj.com\/blog\/#\/schema\/person\/dcab619c614d3038751c63bc2aadc06d"},"description":"\"I pored odluke gra\u0111ana Ulcinja da Demokratska partija socijalista bude vode\u0107a politi\u010dka snaga...\" Glavni motiv dogovora nove vlasti u Ulcinju je usmjeren","breadcrumb":{"@id":"https:\/\/www.visit-ulcinj.com\/blog\/2014\/02\/17\/ljoro-nrekic-dogovor-u-ulcinju-usmjeren-protiv-dps\/#breadcrumb"},"inLanguage":"en-US","potentialAction":[{"@type":"ReadAction","target":["https:\/\/www.visit-ulcinj.com\/blog\/2014\/02\/17\/ljoro-nrekic-dogovor-u-ulcinju-usmjeren-protiv-dps\/"]}]},{"@type":"BreadcrumbList","@id":"https:\/\/www.visit-ulcinj.com\/blog\/2014\/02\/17\/ljoro-nrekic-dogovor-u-ulcinju-usmjeren-protiv-dps\/#breadcrumb","itemListElement":[{"@type":"ListItem","position":1,"name":"Ljoro Nreki\u0107: Dogovor u Ulcinju usmjeren protiv DPS-a"}]},{"@type":"Person","@id":"https:\/\/www.visit-ulcinj.com\/blog\/#\/schema\/person\/dcab619c614d3038751c63bc2aadc06d","name":"ulqini","sameAs":["http:\/\/www.visit-ulcinj.com"],"url":"https:\/\/www.visit-ulcinj.com\/blog\/author\/admin\/"}]}},"jetpack_featured_media_url":"","jetpack_sharing_enabled":true,"jetpack_shortlink":"https:\/\/wp.me\/pe6lTn-kKM","_links":{"self":[{"href":"https:\/\/www.visit-ulcinj.com\/blog\/wp-json\/wp\/v2\/posts\/79780"}],"collection":[{"href":"https:\/\/www.visit-ulcinj.com\/blog\/wp-json\/wp\/v2\/posts"}],"about":[{"href":"https:\/\/www.visit-ulcinj.com\/blog\/wp-json\/wp\/v2\/types\/post"}],"author":[{"embeddable":true,"href":"https:\/\/www.visit-ulcinj.com\/blog\/wp-json\/wp\/v2\/users\/1"}],"replies":[{"embeddable":true,"href":"https:\/\/www.visit-ulcinj.com\/blog\/wp-json\/wp\/v2\/comments?post=79780"}],"version-history":[{"count":2,"href":"https:\/\/www.visit-ulcinj.com\/blog\/wp-json\/wp\/v2\/posts\/79780\/revisions"}],"predecessor-version":[{"id":79817,"href":"https:\/\/www.visit-ulcinj.com\/blog\/wp-json\/wp\/v2\/posts\/79780\/revisions\/79817"}],"wp:attachment":[{"href":"https:\/\/www.visit-ulcinj.com\/blog\/wp-json\/wp\/v2\/media?parent=79780"}],"wp:term":[{"taxonomy":"category","embeddable":true,"href":"https:\/\/www.visit-ulcinj.com\/blog\/wp-json\/wp\/v2\/categories?post=79780"},{"taxonomy":"post_tag","embeddable":true,"href":"https:\/\/www.visit-ulcinj.com\/blog\/wp-json\/wp\/v2\/tags?post=79780"}],"curies":[{"name":"wp","href":"https:\/\/api.w.org\/{rel}","templated":true}]}}