{"id":79796,"date":"2014-02-17T19:12:04","date_gmt":"2014-02-17T18:12:04","guid":{"rendered":"http:\/\/www.visit-ulcinj.com\/blog\/?p=79796"},"modified":"2014-02-17T19:12:04","modified_gmt":"2014-02-17T18:12:04","slug":"ulcinj-na-sajmu-turizma-u-pragu","status":"publish","type":"post","link":"https:\/\/www.visit-ulcinj.com\/blog\/2014\/02\/17\/ulcinj-na-sajmu-turizma-u-pragu\/","title":{"rendered":"TO Ulcinj na Sajmu turizma u Pragu"},"content":{"rendered":"<p><strong><a href=\"http:\/\/www.visit-ulcinj.com\/blog\/wp-content\/uploads\/2013\/04\/te-gjithe-per-turizem-ulqin.jpg\"><img loading=\"lazy\" class=\"alignleft  wp-image-70906\" alt=\"te gjithe per turizem ulqin\" src=\"http:\/\/www.visit-ulcinj.com\/blog\/wp-content\/uploads\/2013\/04\/te-gjithe-per-turizem-ulqin.jpg\" width=\"508\" height=\"360\" \/><\/a>T<\/strong>uristi\u010dka organizacija op\u0161tine Budva zajedno sa TO Kotor, Tivat, Bar, Ulcinj i Herceg Novi \u0107e predstaviti turisti\u010dku ponudu Budvanske rivijere na 23. Me\u0111unarodnom sajmu turizma \u201eHoliday world\u201c u Pragu, koji se odr\u017eava od 20. do 23. februara.<\/p>\n<p>Gosti iz \u010ce\u0161ke najvi\u0161e su zainteresovani za kru\u017ene ture po Crnoj Gori, a naj\u010de\u0161\u0107e idu sami na izlete, prvenstveno po Boki Kotorskoj, Skadarskom jezeru i Kanjonu Tare. Zainteresovani su za smje\u0161taj u porodi\u010dnim hotelima kao \u0161to su hotel Slovenska pla\u017ea i Iberostar, a naj\u010de\u0161\u0107e u Budvi posje\u0107uju Stari grad, Sveti Stefan i Petrovac. Prosje\u010dna du\u017eina boravka kre\u0107e se od 7 do 14 dana.<\/p>\n<p>Dobra saradnja me\u0111u primorskim lokalnim turisti\u010dkim organizacijama rezultirala je organizovanjem zajedni\u010dkog sajamskog nastupa, pa \u0107e se Turisti\u010dka organizacija op\u0161tine Budva u Pragu predstaviti zajedno sa TO Kotor, Tivat, Bar, Ulcinj i Herceg Novi.<\/p>\n<p>Od turisti\u010dke privrede Budve svoju ponudu promovisa\u0107e: HG \u201eBudvanska rivijera\u201c, hotel MonteCasa i turisti\u010dke agencije Globtour i Montenegro Travel Idea.<\/p>\n<p>U planu je organizovanje brojnih poslovnih susreta sa predstavnicima turisti\u010dkih agencija i turoperatora. Pored toga, posjetiocima na\u0161eg \u0161tanda bi\u0107e ponu\u0111en raznovrstan materijal uz pomo\u0107 kojeg \u0107e se na \u010de\u0161kom jeziku mo\u0107i informisati o kompletnoj ponudi na\u0161eg primorja u 2014. godini, cijenama, manifestacijama i dr.<\/p>\n<p>O\u010dekuje se prisustvo velikog broja elektronskih i \u0161tampanih medija i predstavnika \u010de\u0161ke privrede, turoperatora i predstavnika turisti\u010dkih agencija.<\/p>\n<p><strong>Izvor: Analitika &#8211; Informativni Portal<\/strong><\/p>\n","protected":false},"excerpt":{"rendered":"<p>Turisti\u010dka organizacija op\u0161tine Budva zajedno sa TO Kotor, Tivat, Bar, Ulcinj i Herceg Novi \u0107e predstaviti turisti\u010dku ponudu Budvanske rivijere na 23. Me\u0111unarodnom sajmu turizma \u201eHoliday world\u201c u Pragu, koji se odr\u017eava od 20. do 23. februara. Gosti iz \u010ce\u0161ke najvi\u0161e su zainteresovani za kru\u017ene ture po Crnoj Gori, a naj\u010de\u0161\u0107e idu sami na izlete, [&hellip;]<\/p>\n","protected":false},"author":1,"featured_media":0,"comment_status":"closed","ping_status":"closed","sticky":false,"template":"","format":"standard","meta":{"spay_email":"","jetpack_publicize_message":"","jetpack_is_tweetstorm":false,"jetpack_publicize_feature_enabled":true},"categories":[6950],"tags":[],"jetpack_publicize_connections":[],"yoast_head":"<!-- This site is optimized with the Yoast SEO plugin v19.1 - https:\/\/yoast.com\/wordpress\/plugins\/seo\/ -->\n<title>TO Ulcinj na Sajmu turizma u Pragu - Lajme nga Ulqini<\/title>\n<meta name=\"description\" content=\"Turisti\u010dka organizacija op\u0161tine Budva zajedno sa TO Kotor, Tivat, Bar, Ulcinj i Herceg Novi \u0107e predstaviti turisti\u010dku ponudu Budvanske rivijere na 23.\" \/>\n<meta name=\"robots\" content=\"index, follow, max-snippet:-1, max-image-preview:large, max-video-preview:-1\" \/>\n<link rel=\"canonical\" href=\"https:\/\/www.visit-ulcinj.com\/blog\/2014\/02\/17\/ulcinj-na-sajmu-turizma-u-pragu\/\" \/>\n<meta property=\"og:locale\" content=\"en_US\" \/>\n<meta property=\"og:type\" content=\"article\" \/>\n<meta property=\"og:title\" content=\"TO Ulcinj na Sajmu turizma u Pragu - Lajme nga Ulqini\" \/>\n<meta property=\"og:description\" content=\"Turisti\u010dka organizacija op\u0161tine Budva zajedno sa TO Kotor, Tivat, Bar, Ulcinj i Herceg Novi \u0107e predstaviti turisti\u010dku ponudu Budvanske rivijere na 23.\" \/>\n<meta property=\"og:url\" content=\"https:\/\/www.visit-ulcinj.com\/blog\/2014\/02\/17\/ulcinj-na-sajmu-turizma-u-pragu\/\" \/>\n<meta property=\"og:site_name\" content=\"Lajme nga Ulqini\" \/>\n<meta property=\"article:published_time\" content=\"2014-02-17T18:12:04+00:00\" \/>\n<meta property=\"og:image\" content=\"http:\/\/www.visit-ulcinj.com\/blog\/wp-content\/uploads\/2013\/04\/te-gjithe-per-turizem-ulqin.jpg\" \/>\n<meta name=\"twitter:label1\" content=\"Written by\" \/>\n\t<meta name=\"twitter:data1\" content=\"ulqini\" \/>\n\t<meta name=\"twitter:label2\" content=\"Est. reading time\" \/>\n\t<meta name=\"twitter:data2\" content=\"1 minute\" \/>\n<script type=\"application\/ld+json\" class=\"yoast-schema-graph\">{\"@context\":\"https:\/\/schema.org\",\"@graph\":[{\"@type\":\"WebSite\",\"@id\":\"https:\/\/www.visit-ulcinj.com\/blog\/#website\",\"url\":\"https:\/\/www.visit-ulcinj.com\/blog\/\",\"name\":\"Lajme nga Ulqini\",\"description\":\"Lajme,Vijesti,Ulqini,Ulqin,Crna Gora,Mali i Zi\",\"potentialAction\":[{\"@type\":\"SearchAction\",\"target\":{\"@type\":\"EntryPoint\",\"urlTemplate\":\"https:\/\/www.visit-ulcinj.com\/blog\/?s={search_term_string}\"},\"query-input\":\"required name=search_term_string\"}],\"inLanguage\":\"en-US\"},{\"@type\":\"ImageObject\",\"inLanguage\":\"en-US\",\"@id\":\"https:\/\/www.visit-ulcinj.com\/blog\/2014\/02\/17\/ulcinj-na-sajmu-turizma-u-pragu\/#primaryimage\",\"url\":\"https:\/\/www.visit-ulcinj.com\/blog\/wp-content\/uploads\/2013\/04\/te-gjithe-per-turizem-ulqin.jpg\",\"contentUrl\":\"https:\/\/www.visit-ulcinj.com\/blog\/wp-content\/uploads\/2013\/04\/te-gjithe-per-turizem-ulqin.jpg\",\"width\":800,\"height\":598},{\"@type\":\"WebPage\",\"@id\":\"https:\/\/www.visit-ulcinj.com\/blog\/2014\/02\/17\/ulcinj-na-sajmu-turizma-u-pragu\/#webpage\",\"url\":\"https:\/\/www.visit-ulcinj.com\/blog\/2014\/02\/17\/ulcinj-na-sajmu-turizma-u-pragu\/\",\"name\":\"TO Ulcinj na Sajmu turizma u Pragu - Lajme nga Ulqini\",\"isPartOf\":{\"@id\":\"https:\/\/www.visit-ulcinj.com\/blog\/#website\"},\"primaryImageOfPage\":{\"@id\":\"https:\/\/www.visit-ulcinj.com\/blog\/2014\/02\/17\/ulcinj-na-sajmu-turizma-u-pragu\/#primaryimage\"},\"datePublished\":\"2014-02-17T18:12:04+00:00\",\"dateModified\":\"2014-02-17T18:12:04+00:00\",\"author\":{\"@id\":\"https:\/\/www.visit-ulcinj.com\/blog\/#\/schema\/person\/dcab619c614d3038751c63bc2aadc06d\"},\"description\":\"Turisti\u010dka organizacija op\u0161tine Budva zajedno sa TO Kotor, Tivat, Bar, Ulcinj i Herceg Novi \u0107e predstaviti turisti\u010dku ponudu Budvanske rivijere na 23.\",\"breadcrumb\":{\"@id\":\"https:\/\/www.visit-ulcinj.com\/blog\/2014\/02\/17\/ulcinj-na-sajmu-turizma-u-pragu\/#breadcrumb\"},\"inLanguage\":\"en-US\",\"potentialAction\":[{\"@type\":\"ReadAction\",\"target\":[\"https:\/\/www.visit-ulcinj.com\/blog\/2014\/02\/17\/ulcinj-na-sajmu-turizma-u-pragu\/\"]}]},{\"@type\":\"BreadcrumbList\",\"@id\":\"https:\/\/www.visit-ulcinj.com\/blog\/2014\/02\/17\/ulcinj-na-sajmu-turizma-u-pragu\/#breadcrumb\",\"itemListElement\":[{\"@type\":\"ListItem\",\"position\":1,\"name\":\"TO Ulcinj na Sajmu turizma u Pragu\"}]},{\"@type\":\"Person\",\"@id\":\"https:\/\/www.visit-ulcinj.com\/blog\/#\/schema\/person\/dcab619c614d3038751c63bc2aadc06d\",\"name\":\"ulqini\",\"sameAs\":[\"http:\/\/www.visit-ulcinj.com\"],\"url\":\"https:\/\/www.visit-ulcinj.com\/blog\/author\/admin\/\"}]}<\/script>\n<!-- \/ Yoast SEO plugin. -->","yoast_head_json":{"title":"TO Ulcinj na Sajmu turizma u Pragu - Lajme nga Ulqini","description":"Turisti\u010dka organizacija op\u0161tine Budva zajedno sa TO Kotor, Tivat, Bar, Ulcinj i Herceg Novi \u0107e predstaviti turisti\u010dku ponudu Budvanske rivijere na 23.","robots":{"index":"index","follow":"follow","max-snippet":"max-snippet:-1","max-image-preview":"max-image-preview:large","max-video-preview":"max-video-preview:-1"},"canonical":"https:\/\/www.visit-ulcinj.com\/blog\/2014\/02\/17\/ulcinj-na-sajmu-turizma-u-pragu\/","og_locale":"en_US","og_type":"article","og_title":"TO Ulcinj na Sajmu turizma u Pragu - Lajme nga Ulqini","og_description":"Turisti\u010dka organizacija op\u0161tine Budva zajedno sa TO Kotor, Tivat, Bar, Ulcinj i Herceg Novi \u0107e predstaviti turisti\u010dku ponudu Budvanske rivijere na 23.","og_url":"https:\/\/www.visit-ulcinj.com\/blog\/2014\/02\/17\/ulcinj-na-sajmu-turizma-u-pragu\/","og_site_name":"Lajme nga Ulqini","article_published_time":"2014-02-17T18:12:04+00:00","og_image":[{"url":"http:\/\/www.visit-ulcinj.com\/blog\/wp-content\/uploads\/2013\/04\/te-gjithe-per-turizem-ulqin.jpg"}],"twitter_misc":{"Written by":"ulqini","Est. reading time":"1 minute"},"schema":{"@context":"https:\/\/schema.org","@graph":[{"@type":"WebSite","@id":"https:\/\/www.visit-ulcinj.com\/blog\/#website","url":"https:\/\/www.visit-ulcinj.com\/blog\/","name":"Lajme nga Ulqini","description":"Lajme,Vijesti,Ulqini,Ulqin,Crna Gora,Mali i Zi","potentialAction":[{"@type":"SearchAction","target":{"@type":"EntryPoint","urlTemplate":"https:\/\/www.visit-ulcinj.com\/blog\/?s={search_term_string}"},"query-input":"required name=search_term_string"}],"inLanguage":"en-US"},{"@type":"ImageObject","inLanguage":"en-US","@id":"https:\/\/www.visit-ulcinj.com\/blog\/2014\/02\/17\/ulcinj-na-sajmu-turizma-u-pragu\/#primaryimage","url":"https:\/\/www.visit-ulcinj.com\/blog\/wp-content\/uploads\/2013\/04\/te-gjithe-per-turizem-ulqin.jpg","contentUrl":"https:\/\/www.visit-ulcinj.com\/blog\/wp-content\/uploads\/2013\/04\/te-gjithe-per-turizem-ulqin.jpg","width":800,"height":598},{"@type":"WebPage","@id":"https:\/\/www.visit-ulcinj.com\/blog\/2014\/02\/17\/ulcinj-na-sajmu-turizma-u-pragu\/#webpage","url":"https:\/\/www.visit-ulcinj.com\/blog\/2014\/02\/17\/ulcinj-na-sajmu-turizma-u-pragu\/","name":"TO Ulcinj na Sajmu turizma u Pragu - Lajme nga Ulqini","isPartOf":{"@id":"https:\/\/www.visit-ulcinj.com\/blog\/#website"},"primaryImageOfPage":{"@id":"https:\/\/www.visit-ulcinj.com\/blog\/2014\/02\/17\/ulcinj-na-sajmu-turizma-u-pragu\/#primaryimage"},"datePublished":"2014-02-17T18:12:04+00:00","dateModified":"2014-02-17T18:12:04+00:00","author":{"@id":"https:\/\/www.visit-ulcinj.com\/blog\/#\/schema\/person\/dcab619c614d3038751c63bc2aadc06d"},"description":"Turisti\u010dka organizacija op\u0161tine Budva zajedno sa TO Kotor, Tivat, Bar, Ulcinj i Herceg Novi \u0107e predstaviti turisti\u010dku ponudu Budvanske rivijere na 23.","breadcrumb":{"@id":"https:\/\/www.visit-ulcinj.com\/blog\/2014\/02\/17\/ulcinj-na-sajmu-turizma-u-pragu\/#breadcrumb"},"inLanguage":"en-US","potentialAction":[{"@type":"ReadAction","target":["https:\/\/www.visit-ulcinj.com\/blog\/2014\/02\/17\/ulcinj-na-sajmu-turizma-u-pragu\/"]}]},{"@type":"BreadcrumbList","@id":"https:\/\/www.visit-ulcinj.com\/blog\/2014\/02\/17\/ulcinj-na-sajmu-turizma-u-pragu\/#breadcrumb","itemListElement":[{"@type":"ListItem","position":1,"name":"TO Ulcinj na Sajmu turizma u Pragu"}]},{"@type":"Person","@id":"https:\/\/www.visit-ulcinj.com\/blog\/#\/schema\/person\/dcab619c614d3038751c63bc2aadc06d","name":"ulqini","sameAs":["http:\/\/www.visit-ulcinj.com"],"url":"https:\/\/www.visit-ulcinj.com\/blog\/author\/admin\/"}]}},"jetpack_featured_media_url":"","jetpack_sharing_enabled":true,"jetpack_shortlink":"https:\/\/wp.me\/pe6lTn-kL2","_links":{"self":[{"href":"https:\/\/www.visit-ulcinj.com\/blog\/wp-json\/wp\/v2\/posts\/79796"}],"collection":[{"href":"https:\/\/www.visit-ulcinj.com\/blog\/wp-json\/wp\/v2\/posts"}],"about":[{"href":"https:\/\/www.visit-ulcinj.com\/blog\/wp-json\/wp\/v2\/types\/post"}],"author":[{"embeddable":true,"href":"https:\/\/www.visit-ulcinj.com\/blog\/wp-json\/wp\/v2\/users\/1"}],"replies":[{"embeddable":true,"href":"https:\/\/www.visit-ulcinj.com\/blog\/wp-json\/wp\/v2\/comments?post=79796"}],"version-history":[{"count":1,"href":"https:\/\/www.visit-ulcinj.com\/blog\/wp-json\/wp\/v2\/posts\/79796\/revisions"}],"predecessor-version":[{"id":79797,"href":"https:\/\/www.visit-ulcinj.com\/blog\/wp-json\/wp\/v2\/posts\/79796\/revisions\/79797"}],"wp:attachment":[{"href":"https:\/\/www.visit-ulcinj.com\/blog\/wp-json\/wp\/v2\/media?parent=79796"}],"wp:term":[{"taxonomy":"category","embeddable":true,"href":"https:\/\/www.visit-ulcinj.com\/blog\/wp-json\/wp\/v2\/categories?post=79796"},{"taxonomy":"post_tag","embeddable":true,"href":"https:\/\/www.visit-ulcinj.com\/blog\/wp-json\/wp\/v2\/tags?post=79796"}],"curies":[{"name":"wp","href":"https:\/\/api.w.org\/{rel}","templated":true}]}}