{"id":79798,"date":"2014-02-17T19:18:46","date_gmt":"2014-02-17T18:18:46","guid":{"rendered":"http:\/\/www.visit-ulcinj.com\/blog\/?p=79798"},"modified":"2014-02-21T10:42:03","modified_gmt":"2014-02-21T09:42:03","slug":"shqiptaret-e-ulqinit-formojne-koalicionin-qeverises","status":"publish","type":"post","link":"https:\/\/www.visit-ulcinj.com\/blog\/2014\/02\/17\/shqiptaret-e-ulqinit-formojne-koalicionin-qeverises\/","title":{"rendered":"Shqiptar\u00ebt e Ulqinit formojn\u00eb koalicionin qeveris\u00ebs + Funksionet &#8211; Video"},"content":{"rendered":"<p><strong><a href=\"http:\/\/www.visit-ulcinj.com\/blog\/wp-content\/uploads\/2014\/02\/gjeka-cungu-abazoviq-ulqin.jpg\"><img loading=\"lazy\" class=\"alignleft  wp-image-79799\" alt=\"gjeka-cungu-abazoviq-ulqin\" src=\"http:\/\/www.visit-ulcinj.com\/blog\/wp-content\/uploads\/2014\/02\/gjeka-cungu-abazoviq-ulqin.jpg\" width=\"508\" height=\"360\" \/><\/a>Tri forca politike t\u00eb Ulqinit kan\u00eb arritur dje marr\u00ebveshje p\u00ebr formimin pushtetit lokal.<\/strong><\/p>\n<p>Forca e Re Demokratike, Koalicioni \u201cBashk\u00eb p\u00ebr t\u00eb ardhmen e Ulqinit\u201d i p\u00ebrb\u00ebre nga Partia Demokratike \u2013 Lidhja Demokratike \u2013 L\u00ebvizja Perspektiva, dhe partia Mali i Zi Pozitiv do t\u00eb p\u00ebrb\u00ebjn\u00eb pushtetin n\u00eb k\u00ebt\u00eb komun\u00eb, e cila si pasoj\u00eb e mosmarr\u00ebveshjeve midis lider\u00ebve shqiptar\u00eb u detyrua t\u00eb mbaj\u00eb zgjedhje t\u00eb parakohshme, transmeton koha.net.<\/p>\n<p>P\u00ebr formimin e koalicionit paszgjedhor kan\u00eb n\u00ebnshkruar Nazif Cungu (Forca), Fatmir Gjeka (PD) dhe Dritan Abazoviq (Mali i Zi Pozitiv).<br \/>\nSipas paralajm\u00ebrimeve, mbledhja e Kuvendit Komunal do t\u00eb mbahet gjat\u00eb k\u00ebsaj jave, me \u00e7\u2019rast do t\u00eb zgjidhen kryetari i Kuvendit dhe kryetari i ri i Komun\u00ebs.<\/p>\n<p>Sipas marr\u00ebveshjes postin e kryetarit t\u00eb Komun\u00ebs do ta ushtroj\u00eb Fatmir Gjeka (n\u00eb foto Fatmir Gjeka, Dritan Abazoviq dhe Nazif Cungu).<\/p>\n<p><b>Funksionimi i qeverisjes lokale dhe ndarja e kompetencave n\u00eb komunen e Ulqinit<br \/>\n<\/b><\/p>\n<p><strong>1. Koalicionit \u201cS\u00eb bashku p\u00ebr t\u00eb ardhmen e Ulqinit\u201d<\/strong><\/p>\n<ul>\n<li>Kryetari i komun\u00ebs s\u00eb Ulqinit<\/li>\n<li>Sekretariati p\u00ebr ekonomi<\/li>\n<li>Policia komunale<\/li>\n<li>Veprimtarit\u00eb shoq\u00ebrore<\/li>\n<li>Uj\u00ebsjell\u00ebsi<\/li>\n<li>NP per kultivim<\/li>\n<li>Mbrojtja dhe gjuatja e egersirave\u200f<\/li>\n<li>Sh\u00ebrbimi p\u00ebr mbrojtje<\/li>\n<li>Organizata turistike e Ulqinit<\/li>\n<\/ul>\n<p><strong>2. Forca e re demokratike<\/strong><\/p>\n<ul>\n<li>Kryetari i kuvendit t\u00eb Ulqinit<\/li>\n<li>N\u00ebnkryetari i komun\u00ebs<\/li>\n<li>Sekretariati p\u00ebr financa<\/li>\n<li>Sekretariati p\u00ebr pun\u00eb komunale<\/li>\n<li>Urbanizmi<\/li>\n<li>Sekretaiati p\u00ebr mbrojtjen e pasuris\u00eb komunale<\/li>\n<li>Qendra p\u00ebr kultur\u00eb<\/li>\n<li>NP Past\u00ebrtia<\/li>\n<\/ul>\n<p>&nbsp;<\/p>\n<p><strong>3. Mali i Zi Pozitiv<\/strong><\/p>\n<ul>\n<li>N\u00ebnkryetar t\u00eb komun\u00ebs<\/li>\n<li>Menaxher<\/li>\n<li>Nd\u00ebrmarrjet publike<\/li>\n<\/ul>\n<div data-ref=\"below-post\" data-href=\"http:\/\/www.tetovasot.com\/shqiptaret-e-ulqinit-formojne-koalicionin-qeverises\/\"><strong>\u00a0Koha Net<\/strong><\/div>\n<!--YouTube Error: bad URL entered-->\n<div data-ref=\"below-post\" data-href=\"http:\/\/www.tetovasot.com\/shqiptaret-e-ulqinit-formojne-koalicionin-qeverises\/\"><a href=\"http:\/\/www.visit-ulcinj.com\/blog\/wp-content\/uploads\/2014\/02\/neshkrimi.jpg\"><img loading=\"lazy\" class=\"alignleft  wp-image-79788\" alt=\"neshkrimi\" src=\"http:\/\/www.visit-ulcinj.com\/blog\/wp-content\/uploads\/2014\/02\/neshkrimi.jpg\" width=\"508\" height=\"600\" \/><\/a><\/div>\n","protected":false},"excerpt":{"rendered":"<p>Tri forca politike t\u00eb Ulqinit kan\u00eb arritur dje marr\u00ebveshje p\u00ebr formimin pushtetit lokal. Forca e Re Demokratike, Koalicioni \u201cBashk\u00eb p\u00ebr t\u00eb ardhmen e Ulqinit\u201d i p\u00ebrb\u00ebre nga Partia Demokratike \u2013 Lidhja Demokratike \u2013 L\u00ebvizja Perspektiva, dhe partia Mali i Zi Pozitiv do t\u00eb p\u00ebrb\u00ebjn\u00eb pushtetin n\u00eb k\u00ebt\u00eb komun\u00eb, e cila si pasoj\u00eb e mosmarr\u00ebveshjeve midis [&hellip;]<\/p>\n","protected":false},"author":1,"featured_media":0,"comment_status":"closed","ping_status":"closed","sticky":false,"template":"","format":"standard","meta":{"spay_email":"","jetpack_publicize_message":"","jetpack_is_tweetstorm":false,"jetpack_publicize_feature_enabled":true},"categories":[10,1],"tags":[],"jetpack_publicize_connections":[],"yoast_head":"<!-- This site is optimized with the Yoast SEO plugin v19.1 - https:\/\/yoast.com\/wordpress\/plugins\/seo\/ -->\n<title>Shqiptar\u00ebt e Ulqinit formojn\u00eb koalicionin qeveris\u00ebs + Funksionet - Video - Lajme nga Ulqini<\/title>\n<meta name=\"description\" content=\"Tri forca politike t\u00eb Ulqinit kan\u00eb arritur dje marr\u00ebveshje p\u00ebr formimin pushtetit lokal. Forca e Re Demokratike, Koalicioni \u201cBashk\u00eb p\u00ebr t\u00eb ardhmen e\" \/>\n<meta name=\"robots\" content=\"index, follow, max-snippet:-1, max-image-preview:large, max-video-preview:-1\" \/>\n<link rel=\"canonical\" href=\"https:\/\/www.visit-ulcinj.com\/blog\/2014\/02\/17\/shqiptaret-e-ulqinit-formojne-koalicionin-qeverises\/\" \/>\n<meta property=\"og:locale\" content=\"en_US\" \/>\n<meta property=\"og:type\" content=\"article\" \/>\n<meta property=\"og:title\" content=\"Shqiptar\u00ebt e Ulqinit formojn\u00eb koalicionin qeveris\u00ebs + Funksionet - Video - Lajme nga Ulqini\" \/>\n<meta property=\"og:description\" content=\"Tri forca politike t\u00eb Ulqinit kan\u00eb arritur dje marr\u00ebveshje p\u00ebr formimin pushtetit lokal. Forca e Re Demokratike, Koalicioni \u201cBashk\u00eb p\u00ebr t\u00eb ardhmen e\" \/>\n<meta property=\"og:url\" content=\"https:\/\/www.visit-ulcinj.com\/blog\/2014\/02\/17\/shqiptaret-e-ulqinit-formojne-koalicionin-qeverises\/\" \/>\n<meta property=\"og:site_name\" content=\"Lajme nga Ulqini\" \/>\n<meta property=\"article:published_time\" content=\"2014-02-17T18:18:46+00:00\" \/>\n<meta property=\"article:modified_time\" content=\"2014-02-21T09:42:03+00:00\" \/>\n<meta property=\"og:image\" content=\"http:\/\/www.visit-ulcinj.com\/blog\/wp-content\/uploads\/2014\/02\/gjeka-cungu-abazoviq-ulqin.jpg\" \/>\n<meta name=\"twitter:label1\" content=\"Written by\" \/>\n\t<meta name=\"twitter:data1\" content=\"ulqini\" \/>\n\t<meta name=\"twitter:label2\" content=\"Est. reading time\" \/>\n\t<meta name=\"twitter:data2\" content=\"1 minute\" \/>\n<script type=\"application\/ld+json\" class=\"yoast-schema-graph\">{\"@context\":\"https:\/\/schema.org\",\"@graph\":[{\"@type\":\"WebSite\",\"@id\":\"https:\/\/www.visit-ulcinj.com\/blog\/#website\",\"url\":\"https:\/\/www.visit-ulcinj.com\/blog\/\",\"name\":\"Lajme nga Ulqini\",\"description\":\"Lajme,Vijesti,Ulqini,Ulqin,Crna Gora,Mali i Zi\",\"potentialAction\":[{\"@type\":\"SearchAction\",\"target\":{\"@type\":\"EntryPoint\",\"urlTemplate\":\"https:\/\/www.visit-ulcinj.com\/blog\/?s={search_term_string}\"},\"query-input\":\"required name=search_term_string\"}],\"inLanguage\":\"en-US\"},{\"@type\":\"ImageObject\",\"inLanguage\":\"en-US\",\"@id\":\"https:\/\/www.visit-ulcinj.com\/blog\/2014\/02\/17\/shqiptaret-e-ulqinit-formojne-koalicionin-qeverises\/#primaryimage\",\"url\":\"https:\/\/www.visit-ulcinj.com\/blog\/wp-content\/uploads\/2014\/02\/gjeka-cungu-abazoviq-ulqin.jpg\",\"contentUrl\":\"https:\/\/www.visit-ulcinj.com\/blog\/wp-content\/uploads\/2014\/02\/gjeka-cungu-abazoviq-ulqin.jpg\",\"width\":646,\"height\":377},{\"@type\":\"WebPage\",\"@id\":\"https:\/\/www.visit-ulcinj.com\/blog\/2014\/02\/17\/shqiptaret-e-ulqinit-formojne-koalicionin-qeverises\/#webpage\",\"url\":\"https:\/\/www.visit-ulcinj.com\/blog\/2014\/02\/17\/shqiptaret-e-ulqinit-formojne-koalicionin-qeverises\/\",\"name\":\"Shqiptar\u00ebt e Ulqinit formojn\u00eb koalicionin qeveris\u00ebs + Funksionet - Video - Lajme nga Ulqini\",\"isPartOf\":{\"@id\":\"https:\/\/www.visit-ulcinj.com\/blog\/#website\"},\"primaryImageOfPage\":{\"@id\":\"https:\/\/www.visit-ulcinj.com\/blog\/2014\/02\/17\/shqiptaret-e-ulqinit-formojne-koalicionin-qeverises\/#primaryimage\"},\"datePublished\":\"2014-02-17T18:18:46+00:00\",\"dateModified\":\"2014-02-21T09:42:03+00:00\",\"author\":{\"@id\":\"https:\/\/www.visit-ulcinj.com\/blog\/#\/schema\/person\/dcab619c614d3038751c63bc2aadc06d\"},\"description\":\"Tri forca politike t\u00eb Ulqinit kan\u00eb arritur dje marr\u00ebveshje p\u00ebr formimin pushtetit lokal. Forca e Re Demokratike, Koalicioni \u201cBashk\u00eb p\u00ebr t\u00eb ardhmen e\",\"breadcrumb\":{\"@id\":\"https:\/\/www.visit-ulcinj.com\/blog\/2014\/02\/17\/shqiptaret-e-ulqinit-formojne-koalicionin-qeverises\/#breadcrumb\"},\"inLanguage\":\"en-US\",\"potentialAction\":[{\"@type\":\"ReadAction\",\"target\":[\"https:\/\/www.visit-ulcinj.com\/blog\/2014\/02\/17\/shqiptaret-e-ulqinit-formojne-koalicionin-qeverises\/\"]}]},{\"@type\":\"BreadcrumbList\",\"@id\":\"https:\/\/www.visit-ulcinj.com\/blog\/2014\/02\/17\/shqiptaret-e-ulqinit-formojne-koalicionin-qeverises\/#breadcrumb\",\"itemListElement\":[{\"@type\":\"ListItem\",\"position\":1,\"name\":\"Shqiptar\u00ebt e Ulqinit formojn\u00eb koalicionin qeveris\u00ebs + Funksionet &#8211; Video\"}]},{\"@type\":\"Person\",\"@id\":\"https:\/\/www.visit-ulcinj.com\/blog\/#\/schema\/person\/dcab619c614d3038751c63bc2aadc06d\",\"name\":\"ulqini\",\"sameAs\":[\"http:\/\/www.visit-ulcinj.com\"],\"url\":\"https:\/\/www.visit-ulcinj.com\/blog\/author\/admin\/\"}]}<\/script>\n<!-- \/ Yoast SEO plugin. -->","yoast_head_json":{"title":"Shqiptar\u00ebt e Ulqinit formojn\u00eb koalicionin qeveris\u00ebs + Funksionet - Video - Lajme nga Ulqini","description":"Tri forca politike t\u00eb Ulqinit kan\u00eb arritur dje marr\u00ebveshje p\u00ebr formimin pushtetit lokal. Forca e Re Demokratike, Koalicioni \u201cBashk\u00eb p\u00ebr t\u00eb ardhmen e","robots":{"index":"index","follow":"follow","max-snippet":"max-snippet:-1","max-image-preview":"max-image-preview:large","max-video-preview":"max-video-preview:-1"},"canonical":"https:\/\/www.visit-ulcinj.com\/blog\/2014\/02\/17\/shqiptaret-e-ulqinit-formojne-koalicionin-qeverises\/","og_locale":"en_US","og_type":"article","og_title":"Shqiptar\u00ebt e Ulqinit formojn\u00eb koalicionin qeveris\u00ebs + Funksionet - Video - Lajme nga Ulqini","og_description":"Tri forca politike t\u00eb Ulqinit kan\u00eb arritur dje marr\u00ebveshje p\u00ebr formimin pushtetit lokal. Forca e Re Demokratike, Koalicioni \u201cBashk\u00eb p\u00ebr t\u00eb ardhmen e","og_url":"https:\/\/www.visit-ulcinj.com\/blog\/2014\/02\/17\/shqiptaret-e-ulqinit-formojne-koalicionin-qeverises\/","og_site_name":"Lajme nga Ulqini","article_published_time":"2014-02-17T18:18:46+00:00","article_modified_time":"2014-02-21T09:42:03+00:00","og_image":[{"url":"http:\/\/www.visit-ulcinj.com\/blog\/wp-content\/uploads\/2014\/02\/gjeka-cungu-abazoviq-ulqin.jpg"}],"twitter_misc":{"Written by":"ulqini","Est. reading time":"1 minute"},"schema":{"@context":"https:\/\/schema.org","@graph":[{"@type":"WebSite","@id":"https:\/\/www.visit-ulcinj.com\/blog\/#website","url":"https:\/\/www.visit-ulcinj.com\/blog\/","name":"Lajme nga Ulqini","description":"Lajme,Vijesti,Ulqini,Ulqin,Crna Gora,Mali i Zi","potentialAction":[{"@type":"SearchAction","target":{"@type":"EntryPoint","urlTemplate":"https:\/\/www.visit-ulcinj.com\/blog\/?s={search_term_string}"},"query-input":"required name=search_term_string"}],"inLanguage":"en-US"},{"@type":"ImageObject","inLanguage":"en-US","@id":"https:\/\/www.visit-ulcinj.com\/blog\/2014\/02\/17\/shqiptaret-e-ulqinit-formojne-koalicionin-qeverises\/#primaryimage","url":"https:\/\/www.visit-ulcinj.com\/blog\/wp-content\/uploads\/2014\/02\/gjeka-cungu-abazoviq-ulqin.jpg","contentUrl":"https:\/\/www.visit-ulcinj.com\/blog\/wp-content\/uploads\/2014\/02\/gjeka-cungu-abazoviq-ulqin.jpg","width":646,"height":377},{"@type":"WebPage","@id":"https:\/\/www.visit-ulcinj.com\/blog\/2014\/02\/17\/shqiptaret-e-ulqinit-formojne-koalicionin-qeverises\/#webpage","url":"https:\/\/www.visit-ulcinj.com\/blog\/2014\/02\/17\/shqiptaret-e-ulqinit-formojne-koalicionin-qeverises\/","name":"Shqiptar\u00ebt e Ulqinit formojn\u00eb koalicionin qeveris\u00ebs + Funksionet - Video - Lajme nga Ulqini","isPartOf":{"@id":"https:\/\/www.visit-ulcinj.com\/blog\/#website"},"primaryImageOfPage":{"@id":"https:\/\/www.visit-ulcinj.com\/blog\/2014\/02\/17\/shqiptaret-e-ulqinit-formojne-koalicionin-qeverises\/#primaryimage"},"datePublished":"2014-02-17T18:18:46+00:00","dateModified":"2014-02-21T09:42:03+00:00","author":{"@id":"https:\/\/www.visit-ulcinj.com\/blog\/#\/schema\/person\/dcab619c614d3038751c63bc2aadc06d"},"description":"Tri forca politike t\u00eb Ulqinit kan\u00eb arritur dje marr\u00ebveshje p\u00ebr formimin pushtetit lokal. Forca e Re Demokratike, Koalicioni \u201cBashk\u00eb p\u00ebr t\u00eb ardhmen e","breadcrumb":{"@id":"https:\/\/www.visit-ulcinj.com\/blog\/2014\/02\/17\/shqiptaret-e-ulqinit-formojne-koalicionin-qeverises\/#breadcrumb"},"inLanguage":"en-US","potentialAction":[{"@type":"ReadAction","target":["https:\/\/www.visit-ulcinj.com\/blog\/2014\/02\/17\/shqiptaret-e-ulqinit-formojne-koalicionin-qeverises\/"]}]},{"@type":"BreadcrumbList","@id":"https:\/\/www.visit-ulcinj.com\/blog\/2014\/02\/17\/shqiptaret-e-ulqinit-formojne-koalicionin-qeverises\/#breadcrumb","itemListElement":[{"@type":"ListItem","position":1,"name":"Shqiptar\u00ebt e Ulqinit formojn\u00eb koalicionin qeveris\u00ebs + Funksionet &#8211; Video"}]},{"@type":"Person","@id":"https:\/\/www.visit-ulcinj.com\/blog\/#\/schema\/person\/dcab619c614d3038751c63bc2aadc06d","name":"ulqini","sameAs":["http:\/\/www.visit-ulcinj.com"],"url":"https:\/\/www.visit-ulcinj.com\/blog\/author\/admin\/"}]}},"jetpack_featured_media_url":"","jetpack_sharing_enabled":true,"jetpack_shortlink":"https:\/\/wp.me\/pe6lTn-kL4","_links":{"self":[{"href":"https:\/\/www.visit-ulcinj.com\/blog\/wp-json\/wp\/v2\/posts\/79798"}],"collection":[{"href":"https:\/\/www.visit-ulcinj.com\/blog\/wp-json\/wp\/v2\/posts"}],"about":[{"href":"https:\/\/www.visit-ulcinj.com\/blog\/wp-json\/wp\/v2\/types\/post"}],"author":[{"embeddable":true,"href":"https:\/\/www.visit-ulcinj.com\/blog\/wp-json\/wp\/v2\/users\/1"}],"replies":[{"embeddable":true,"href":"https:\/\/www.visit-ulcinj.com\/blog\/wp-json\/wp\/v2\/comments?post=79798"}],"version-history":[{"count":9,"href":"https:\/\/www.visit-ulcinj.com\/blog\/wp-json\/wp\/v2\/posts\/79798\/revisions"}],"predecessor-version":[{"id":79955,"href":"https:\/\/www.visit-ulcinj.com\/blog\/wp-json\/wp\/v2\/posts\/79798\/revisions\/79955"}],"wp:attachment":[{"href":"https:\/\/www.visit-ulcinj.com\/blog\/wp-json\/wp\/v2\/media?parent=79798"}],"wp:term":[{"taxonomy":"category","embeddable":true,"href":"https:\/\/www.visit-ulcinj.com\/blog\/wp-json\/wp\/v2\/categories?post=79798"},{"taxonomy":"post_tag","embeddable":true,"href":"https:\/\/www.visit-ulcinj.com\/blog\/wp-json\/wp\/v2\/tags?post=79798"}],"curies":[{"name":"wp","href":"https:\/\/api.w.org\/{rel}","templated":true}]}}