{"id":79801,"date":"2014-02-17T19:32:31","date_gmt":"2014-02-17T18:32:31","guid":{"rendered":"http:\/\/www.visit-ulcinj.com\/blog\/?p=79801"},"modified":"2014-02-17T19:32:31","modified_gmt":"2014-02-17T18:32:31","slug":"sekuestrohet-5kg-droge-ne-kufirin-muriqan-sukobin","status":"publish","type":"post","link":"https:\/\/www.visit-ulcinj.com\/blog\/2014\/02\/17\/sekuestrohet-5kg-droge-ne-kufirin-muriqan-sukobin\/","title":{"rendered":"Sekuestrohet 5kg drog\u00eb n\u00eb kufirin Muriqan \u2013 Sukobin"},"content":{"rendered":"<p><a href=\"http:\/\/www.visit-ulcinj.com\/blog\/wp-content\/uploads\/2011\/08\/KUFIRI-SUKUBIN-MURIQAN.jpg\"><img loading=\"lazy\" class=\"alignleft  wp-image-49887\" alt=\"KUFIRI SUKUBIN-MURIQAN\" src=\"http:\/\/www.visit-ulcinj.com\/blog\/wp-content\/uploads\/2011\/08\/KUFIRI-SUKUBIN-MURIQAN.jpg\" width=\"508\" height=\"360\" \/><\/a>Burimet zyrtare b\u00ebjn\u00eb me dije se, paraditen e sotme n\u00eb \u00a0dogan\u00ebn e Muriqanit \u00ebsht\u00eb \u00a0arrestuar nj\u00eb \u00a024-vje\u00e7ar pasi u kap me 5 kg e 186.6 gram \u00a0l\u00ebnd\u00eb \u00a0narkotike e llojit mariuan\u00eb.<\/p>\n<p>Mbi shtetasin Alush Iljazin, banues n\u00eb \u00a0qytetin e Shijakut, r\u00ebndon akuza e \u201cTransportimit t\u00eb \u00a0l\u00ebnd\u00ebve \u00a0narkotike\u201d.<\/p>\n<p>Burime zyrtare nga Drejtoria e Policis\u00eb s\u00eb qarkut deklaruan se, arrestimi n\u00eb flagranc\u00eb i shtetasit Alush Iljazi, banues n\u00eb lagjen \u201cErzeni\u201d ne Shijak, u krye pasi gjat\u00eb kontrollit t\u00eb ushtruar nga sh\u00ebrbimet e policis\u00eb kufitare n\u00eb automjetin e tij tip \u201cWolsvagen\u201d me targa AA868 II u gjet\u00ebn 10 pako, t\u00eb \u00a0cilat ishin mb\u00ebshtjell\u00eb \u00a0nga ky i fundit me let\u00ebr alumini.<\/p>\n<p>Materialet i kaluan Prokuroris\u00eb se Krimeve te R\u00ebnda n\u00eb Tiran\u00eb \u00a0p\u00ebr vepr\u00ebn penale \u201cTrafikim i l\u00ebnd\u00ebve narkotike\u201d.<\/p>\n<p>&nbsp;<\/p>\n<p><strong>AMA NEWS<\/strong><\/p>\n","protected":false},"excerpt":{"rendered":"<p>Burimet zyrtare b\u00ebjn\u00eb me dije se, paraditen e sotme n\u00eb \u00a0dogan\u00ebn e Muriqanit \u00ebsht\u00eb \u00a0arrestuar nj\u00eb \u00a024-vje\u00e7ar pasi u kap me 5 kg e 186.6 gram \u00a0l\u00ebnd\u00eb \u00a0narkotike e llojit mariuan\u00eb. Mbi shtetasin Alush Iljazin, banues n\u00eb \u00a0qytetin e Shijakut, r\u00ebndon akuza e \u201cTransportimit t\u00eb \u00a0l\u00ebnd\u00ebve \u00a0narkotike\u201d. Burime zyrtare nga Drejtoria e Policis\u00eb s\u00eb qarkut [&hellip;]<\/p>\n","protected":false},"author":1,"featured_media":0,"comment_status":"closed","ping_status":"closed","sticky":false,"template":"","format":"standard","meta":{"spay_email":"","jetpack_publicize_message":"","jetpack_is_tweetstorm":false,"jetpack_publicize_feature_enabled":true},"categories":[12],"tags":[],"jetpack_publicize_connections":[],"yoast_head":"<!-- This site is optimized with the Yoast SEO plugin v19.1 - https:\/\/yoast.com\/wordpress\/plugins\/seo\/ -->\n<title>Sekuestrohet 5kg drog\u00eb n\u00eb kufirin Muriqan \u2013 Sukobin - Lajme nga Ulqini<\/title>\n<meta name=\"description\" content=\"Burimet zyrtare b\u00ebjn\u00eb me dije se, paraditen e sotme n\u00eb \u00a0dogan\u00ebn e Muriqanit \u00ebsht\u00eb \u00a0arrestuar nj\u00eb \u00a024-vje\u00e7ar pasi u kap me 5 kg e 186.6 gram \u00a0l\u00ebnd\u00eb\" \/>\n<meta name=\"robots\" content=\"index, follow, max-snippet:-1, max-image-preview:large, max-video-preview:-1\" \/>\n<link rel=\"canonical\" href=\"https:\/\/www.visit-ulcinj.com\/blog\/2014\/02\/17\/sekuestrohet-5kg-droge-ne-kufirin-muriqan-sukobin\/\" \/>\n<meta property=\"og:locale\" content=\"en_US\" \/>\n<meta property=\"og:type\" content=\"article\" \/>\n<meta property=\"og:title\" content=\"Sekuestrohet 5kg drog\u00eb n\u00eb kufirin Muriqan \u2013 Sukobin - Lajme nga Ulqini\" \/>\n<meta property=\"og:description\" content=\"Burimet zyrtare b\u00ebjn\u00eb me dije se, paraditen e sotme n\u00eb \u00a0dogan\u00ebn e Muriqanit \u00ebsht\u00eb \u00a0arrestuar nj\u00eb \u00a024-vje\u00e7ar pasi u kap me 5 kg e 186.6 gram \u00a0l\u00ebnd\u00eb\" \/>\n<meta property=\"og:url\" content=\"https:\/\/www.visit-ulcinj.com\/blog\/2014\/02\/17\/sekuestrohet-5kg-droge-ne-kufirin-muriqan-sukobin\/\" \/>\n<meta property=\"og:site_name\" content=\"Lajme nga Ulqini\" \/>\n<meta property=\"article:published_time\" content=\"2014-02-17T18:32:31+00:00\" \/>\n<meta property=\"og:image\" content=\"http:\/\/www.visit-ulcinj.com\/blog\/wp-content\/uploads\/2011\/08\/KUFIRI-SUKUBIN-MURIQAN.jpg\" \/>\n<meta name=\"twitter:label1\" content=\"Written by\" \/>\n\t<meta name=\"twitter:data1\" content=\"ulqini\" \/>\n\t<meta name=\"twitter:label2\" content=\"Est. reading time\" \/>\n\t<meta name=\"twitter:data2\" content=\"1 minute\" \/>\n<script type=\"application\/ld+json\" class=\"yoast-schema-graph\">{\"@context\":\"https:\/\/schema.org\",\"@graph\":[{\"@type\":\"WebSite\",\"@id\":\"https:\/\/www.visit-ulcinj.com\/blog\/#website\",\"url\":\"https:\/\/www.visit-ulcinj.com\/blog\/\",\"name\":\"Lajme nga Ulqini\",\"description\":\"Lajme,Vijesti,Ulqini,Ulqin,Crna Gora,Mali i Zi\",\"potentialAction\":[{\"@type\":\"SearchAction\",\"target\":{\"@type\":\"EntryPoint\",\"urlTemplate\":\"https:\/\/www.visit-ulcinj.com\/blog\/?s={search_term_string}\"},\"query-input\":\"required name=search_term_string\"}],\"inLanguage\":\"en-US\"},{\"@type\":\"ImageObject\",\"inLanguage\":\"en-US\",\"@id\":\"https:\/\/www.visit-ulcinj.com\/blog\/2014\/02\/17\/sekuestrohet-5kg-droge-ne-kufirin-muriqan-sukobin\/#primaryimage\",\"url\":\"https:\/\/www.visit-ulcinj.com\/blog\/wp-content\/uploads\/2011\/08\/KUFIRI-SUKUBIN-MURIQAN.jpg\",\"contentUrl\":\"https:\/\/www.visit-ulcinj.com\/blog\/wp-content\/uploads\/2011\/08\/KUFIRI-SUKUBIN-MURIQAN.jpg\",\"width\":\"629\",\"height\":\"367\"},{\"@type\":\"WebPage\",\"@id\":\"https:\/\/www.visit-ulcinj.com\/blog\/2014\/02\/17\/sekuestrohet-5kg-droge-ne-kufirin-muriqan-sukobin\/#webpage\",\"url\":\"https:\/\/www.visit-ulcinj.com\/blog\/2014\/02\/17\/sekuestrohet-5kg-droge-ne-kufirin-muriqan-sukobin\/\",\"name\":\"Sekuestrohet 5kg drog\u00eb n\u00eb kufirin Muriqan \u2013 Sukobin - Lajme nga Ulqini\",\"isPartOf\":{\"@id\":\"https:\/\/www.visit-ulcinj.com\/blog\/#website\"},\"primaryImageOfPage\":{\"@id\":\"https:\/\/www.visit-ulcinj.com\/blog\/2014\/02\/17\/sekuestrohet-5kg-droge-ne-kufirin-muriqan-sukobin\/#primaryimage\"},\"datePublished\":\"2014-02-17T18:32:31+00:00\",\"dateModified\":\"2014-02-17T18:32:31+00:00\",\"author\":{\"@id\":\"https:\/\/www.visit-ulcinj.com\/blog\/#\/schema\/person\/dcab619c614d3038751c63bc2aadc06d\"},\"description\":\"Burimet zyrtare b\u00ebjn\u00eb me dije se, paraditen e sotme n\u00eb \u00a0dogan\u00ebn e Muriqanit \u00ebsht\u00eb \u00a0arrestuar nj\u00eb \u00a024-vje\u00e7ar pasi u kap me 5 kg e 186.6 gram \u00a0l\u00ebnd\u00eb\",\"breadcrumb\":{\"@id\":\"https:\/\/www.visit-ulcinj.com\/blog\/2014\/02\/17\/sekuestrohet-5kg-droge-ne-kufirin-muriqan-sukobin\/#breadcrumb\"},\"inLanguage\":\"en-US\",\"potentialAction\":[{\"@type\":\"ReadAction\",\"target\":[\"https:\/\/www.visit-ulcinj.com\/blog\/2014\/02\/17\/sekuestrohet-5kg-droge-ne-kufirin-muriqan-sukobin\/\"]}]},{\"@type\":\"BreadcrumbList\",\"@id\":\"https:\/\/www.visit-ulcinj.com\/blog\/2014\/02\/17\/sekuestrohet-5kg-droge-ne-kufirin-muriqan-sukobin\/#breadcrumb\",\"itemListElement\":[{\"@type\":\"ListItem\",\"position\":1,\"name\":\"Sekuestrohet 5kg drog\u00eb n\u00eb kufirin Muriqan \u2013 Sukobin\"}]},{\"@type\":\"Person\",\"@id\":\"https:\/\/www.visit-ulcinj.com\/blog\/#\/schema\/person\/dcab619c614d3038751c63bc2aadc06d\",\"name\":\"ulqini\",\"sameAs\":[\"http:\/\/www.visit-ulcinj.com\"],\"url\":\"https:\/\/www.visit-ulcinj.com\/blog\/author\/admin\/\"}]}<\/script>\n<!-- \/ Yoast SEO plugin. -->","yoast_head_json":{"title":"Sekuestrohet 5kg drog\u00eb n\u00eb kufirin Muriqan \u2013 Sukobin - Lajme nga Ulqini","description":"Burimet zyrtare b\u00ebjn\u00eb me dije se, paraditen e sotme n\u00eb \u00a0dogan\u00ebn e Muriqanit \u00ebsht\u00eb \u00a0arrestuar nj\u00eb \u00a024-vje\u00e7ar pasi u kap me 5 kg e 186.6 gram \u00a0l\u00ebnd\u00eb","robots":{"index":"index","follow":"follow","max-snippet":"max-snippet:-1","max-image-preview":"max-image-preview:large","max-video-preview":"max-video-preview:-1"},"canonical":"https:\/\/www.visit-ulcinj.com\/blog\/2014\/02\/17\/sekuestrohet-5kg-droge-ne-kufirin-muriqan-sukobin\/","og_locale":"en_US","og_type":"article","og_title":"Sekuestrohet 5kg drog\u00eb n\u00eb kufirin Muriqan \u2013 Sukobin - Lajme nga Ulqini","og_description":"Burimet zyrtare b\u00ebjn\u00eb me dije se, paraditen e sotme n\u00eb \u00a0dogan\u00ebn e Muriqanit \u00ebsht\u00eb \u00a0arrestuar nj\u00eb \u00a024-vje\u00e7ar pasi u kap me 5 kg e 186.6 gram \u00a0l\u00ebnd\u00eb","og_url":"https:\/\/www.visit-ulcinj.com\/blog\/2014\/02\/17\/sekuestrohet-5kg-droge-ne-kufirin-muriqan-sukobin\/","og_site_name":"Lajme nga Ulqini","article_published_time":"2014-02-17T18:32:31+00:00","og_image":[{"url":"http:\/\/www.visit-ulcinj.com\/blog\/wp-content\/uploads\/2011\/08\/KUFIRI-SUKUBIN-MURIQAN.jpg"}],"twitter_misc":{"Written by":"ulqini","Est. reading time":"1 minute"},"schema":{"@context":"https:\/\/schema.org","@graph":[{"@type":"WebSite","@id":"https:\/\/www.visit-ulcinj.com\/blog\/#website","url":"https:\/\/www.visit-ulcinj.com\/blog\/","name":"Lajme nga Ulqini","description":"Lajme,Vijesti,Ulqini,Ulqin,Crna Gora,Mali i Zi","potentialAction":[{"@type":"SearchAction","target":{"@type":"EntryPoint","urlTemplate":"https:\/\/www.visit-ulcinj.com\/blog\/?s={search_term_string}"},"query-input":"required name=search_term_string"}],"inLanguage":"en-US"},{"@type":"ImageObject","inLanguage":"en-US","@id":"https:\/\/www.visit-ulcinj.com\/blog\/2014\/02\/17\/sekuestrohet-5kg-droge-ne-kufirin-muriqan-sukobin\/#primaryimage","url":"https:\/\/www.visit-ulcinj.com\/blog\/wp-content\/uploads\/2011\/08\/KUFIRI-SUKUBIN-MURIQAN.jpg","contentUrl":"https:\/\/www.visit-ulcinj.com\/blog\/wp-content\/uploads\/2011\/08\/KUFIRI-SUKUBIN-MURIQAN.jpg","width":"629","height":"367"},{"@type":"WebPage","@id":"https:\/\/www.visit-ulcinj.com\/blog\/2014\/02\/17\/sekuestrohet-5kg-droge-ne-kufirin-muriqan-sukobin\/#webpage","url":"https:\/\/www.visit-ulcinj.com\/blog\/2014\/02\/17\/sekuestrohet-5kg-droge-ne-kufirin-muriqan-sukobin\/","name":"Sekuestrohet 5kg drog\u00eb n\u00eb kufirin Muriqan \u2013 Sukobin - Lajme nga Ulqini","isPartOf":{"@id":"https:\/\/www.visit-ulcinj.com\/blog\/#website"},"primaryImageOfPage":{"@id":"https:\/\/www.visit-ulcinj.com\/blog\/2014\/02\/17\/sekuestrohet-5kg-droge-ne-kufirin-muriqan-sukobin\/#primaryimage"},"datePublished":"2014-02-17T18:32:31+00:00","dateModified":"2014-02-17T18:32:31+00:00","author":{"@id":"https:\/\/www.visit-ulcinj.com\/blog\/#\/schema\/person\/dcab619c614d3038751c63bc2aadc06d"},"description":"Burimet zyrtare b\u00ebjn\u00eb me dije se, paraditen e sotme n\u00eb \u00a0dogan\u00ebn e Muriqanit \u00ebsht\u00eb \u00a0arrestuar nj\u00eb \u00a024-vje\u00e7ar pasi u kap me 5 kg e 186.6 gram \u00a0l\u00ebnd\u00eb","breadcrumb":{"@id":"https:\/\/www.visit-ulcinj.com\/blog\/2014\/02\/17\/sekuestrohet-5kg-droge-ne-kufirin-muriqan-sukobin\/#breadcrumb"},"inLanguage":"en-US","potentialAction":[{"@type":"ReadAction","target":["https:\/\/www.visit-ulcinj.com\/blog\/2014\/02\/17\/sekuestrohet-5kg-droge-ne-kufirin-muriqan-sukobin\/"]}]},{"@type":"BreadcrumbList","@id":"https:\/\/www.visit-ulcinj.com\/blog\/2014\/02\/17\/sekuestrohet-5kg-droge-ne-kufirin-muriqan-sukobin\/#breadcrumb","itemListElement":[{"@type":"ListItem","position":1,"name":"Sekuestrohet 5kg drog\u00eb n\u00eb kufirin Muriqan \u2013 Sukobin"}]},{"@type":"Person","@id":"https:\/\/www.visit-ulcinj.com\/blog\/#\/schema\/person\/dcab619c614d3038751c63bc2aadc06d","name":"ulqini","sameAs":["http:\/\/www.visit-ulcinj.com"],"url":"https:\/\/www.visit-ulcinj.com\/blog\/author\/admin\/"}]}},"jetpack_featured_media_url":"","jetpack_sharing_enabled":true,"jetpack_shortlink":"https:\/\/wp.me\/pe6lTn-kL7","_links":{"self":[{"href":"https:\/\/www.visit-ulcinj.com\/blog\/wp-json\/wp\/v2\/posts\/79801"}],"collection":[{"href":"https:\/\/www.visit-ulcinj.com\/blog\/wp-json\/wp\/v2\/posts"}],"about":[{"href":"https:\/\/www.visit-ulcinj.com\/blog\/wp-json\/wp\/v2\/types\/post"}],"author":[{"embeddable":true,"href":"https:\/\/www.visit-ulcinj.com\/blog\/wp-json\/wp\/v2\/users\/1"}],"replies":[{"embeddable":true,"href":"https:\/\/www.visit-ulcinj.com\/blog\/wp-json\/wp\/v2\/comments?post=79801"}],"version-history":[{"count":1,"href":"https:\/\/www.visit-ulcinj.com\/blog\/wp-json\/wp\/v2\/posts\/79801\/revisions"}],"predecessor-version":[{"id":79802,"href":"https:\/\/www.visit-ulcinj.com\/blog\/wp-json\/wp\/v2\/posts\/79801\/revisions\/79802"}],"wp:attachment":[{"href":"https:\/\/www.visit-ulcinj.com\/blog\/wp-json\/wp\/v2\/media?parent=79801"}],"wp:term":[{"taxonomy":"category","embeddable":true,"href":"https:\/\/www.visit-ulcinj.com\/blog\/wp-json\/wp\/v2\/categories?post=79801"},{"taxonomy":"post_tag","embeddable":true,"href":"https:\/\/www.visit-ulcinj.com\/blog\/wp-json\/wp\/v2\/tags?post=79801"}],"curies":[{"name":"wp","href":"https:\/\/api.w.org\/{rel}","templated":true}]}}