{"id":79809,"date":"2014-02-17T20:12:20","date_gmt":"2014-02-17T19:12:20","guid":{"rendered":"http:\/\/www.visit-ulcinj.com\/blog\/?p=79809"},"modified":"2014-02-17T20:12:37","modified_gmt":"2014-02-17T19:12:37","slug":"silver-kordic-korda-dva-kapetana-broda-jedan-mali-oficir","status":"publish","type":"post","link":"https:\/\/www.visit-ulcinj.com\/blog\/2014\/02\/17\/silver-kordic-korda-dva-kapetana-broda-jedan-mali-oficir\/","title":{"rendered":"Silver Kordic Korda: Dva kapetana broda i jedan \u201emali oficir\u201c"},"content":{"rendered":"<p style=\"text-align: center;\"><strong><a href=\"http:\/\/www.visit-ulcinj.com\/blog\/wp-content\/uploads\/2014\/02\/Silver-Korda-Kordic.jpg\"><img loading=\"lazy\" class=\"alignleft  wp-image-79810\" alt=\"Silver Korda Kordic\" src=\"http:\/\/www.visit-ulcinj.com\/blog\/wp-content\/uploads\/2014\/02\/Silver-Korda-Kordic.jpg\" width=\"508\" height=\"360\" \/><\/a>OSVRT<br \/>\n<\/strong><\/p>\n<p><strong>Pi\u0161e: Silver KORDI\u0106 KORDA<\/strong><\/p>\n<p>Ni predsjedni\u010dki izbori u Americi, kad je izabran Obama, nijesu izazvali ovakvo izuzetno interesovanje javnosti u Crnoj Gori, a posebno ulcinjske op\u0161tine, kao 26-januarski lokalni politi\u010dki teatar Ulcinja. Zamalo bi se moglo re\u0107i da je sve malo li\u010dilo i na \u201epolit-krimi\u201c, jer ima i elemenata anonimnosti, kupovine glasova, intrige, falsifikovanja, indiskretnosti, optu\u017eivanja, klevetanja s jedne ili druge strane ili partije&#8230;<\/p>\n<p>No, \u201eEnde gut-alles gut!\u201c (kraj dobar &#8211; sve dobro), kako bi rekli u Njema\u010dkoj, Austriji i \u0160vajcarskoj. Odnosno, da li je dobro ili \u0107e biti dobro, to je posebeno poglavlje. Prije bi se moglo re\u0107i \u201eod ve\u0107eg zla-manje zlo\u201c. Najve\u0107e zlo bi bilo da se nije uklju\u010dio aktivno, bez li\u010dnih profiterskih interesa, ulcinjski orijentisan, i sa srcem za Ulcinj-Dritan Abazovi\u0107, koji je pokazao i dokazao da je politi\u010dki talent, intelektualac Novog Digitalnog Milenijuma, kako se iskreno voli svoj rodni grad i misli na budu\u0107nost, omladinu, razvoj, perspektive, nove generacije.<\/p>\n<p>Jedna odre\u0111ena doza skepticizma je i ovdje opravdana, uzimaju\u0107i u obzir ostale lidere lokalne politike, (u ovoj koaliciji \u0110eka i Cungu), koji su pokazali da su sve drugo ali ne za dobrobit Ulcinja, odnosno Ulcinjana i budu\u0107ih generacija. Karijeristi\u010dka fokusiranost \u0110eke, kojemu je svaki kompromis dobar samo da u\u0111e u istoriju Ulcinja \u201ek`a pre\u0161jetnik\u201c poseban je fenomen ali ne i jedini, koji najbolje ilustruje onu crnogorsku izreku \u201ebolje gram vlasti n`o gram zlata\u201c.<\/p>\n<p>I, umjesto da uzroke i razloge svoga politi\u010dkog dezastra tra\u017ei i analizira u svojoj partiji, odnosno po\u010dne od sebe, Cungu je optu\u017eivao sve i svakoga kao uzro\u010dnike, samo ne svoje negativnosti. To je kao po onoj ulcinjskoj frazi: \u201e&#8230;umijesto po magarcu- udara po samaru\u201c, \u0161to najbolje ilustruje kasabski politi\u010dki mentalitet&#8230; Da li \u0107e Dritan Abazovi\u0107 izdr\u017eati sa ovakvim koalicionim partnerima 4 godine ili 4 mjeseci, pokaza\u0107e vrijeme.<\/p>\n<p>Dritan Abazovi\u0107 je ve\u0107 u koalicionom sporazumu sa Novom demokratskom snagom Forca i savezom \u201eZajedno za budu\u0107nost Ulcinja\u201c naglasio nu\u017enost transparentnog usvajanja op\u0161tinskih dokumenata, za\u0161tita prostora Valdanosa i Solane, podno\u0161enja ustavne \u017ealbe zbog granice morskog dobra, dono\u0161enje Starte\u0161kog plana op\u0161tine i formiranje Savjeta za za\u0161titu i unapre\u0111enje lokalne samouprave&#8230; Ovo su samo neki aspekti konkretnih zadataka, odredbi i usmjerenja, koje treba sprovesti najmanje u prvoj godini legislature. On sigurno ima u njegovoj viziji strate\u0161ke planove i projekte za razvoj Ulcinja u roku od \u010detiri godine, (a da ne govorimo o 8 ili 12 godina), i to ne samo teoretski i ideolo\u0161ki, nego konkretno mogu\u0107e i sprovodljive, uz sve druge sastavne faktore, koje doprinose njihovom realizovanju.<\/p>\n<p>Najve\u0107a prepreka njegovim vizijama, strategijama i planovima mogu da budu prvi i drugi \u201ekapetan\u201c broda-lokalne vlade, jer \u0107e biti te\u0161ko za njih da progutaju \u010dinjenicu da \u201eih u\u010di\u201c jedan \u201eMali Dritan\u201c. Da bar oni znaju bolje od njega, pa nekako, ali u psihi ljudi, koji su u\u0161li u politi\u010dko kolo i okusili \u010dari i privilegije takvih funkcija, nastaje odre\u0111ena doza politi\u010dke narcisoidnosti i ubje\u0111enosti, da bi bez njih svijet propao, ili bi osovina Atlasa prestala da se kre\u0107e, tako da u takvoj fobiji po\u010dinju da reaguju irealno i uvre\u0111eno. Oni su pametniji, oni znaju sve bolje od drugih, oni su nepogrije\u0161ivi i da ih je sama bo\u017eja Predodre\u0111enost postavila na te fotelje. To bi prouzrokovalo prepreke, ko\u010dnice, disharmoniju i prelazak u status quo: ajde Jovo-nanovo..!!!<\/p>\n<p>Umjesto da se bore, zala\u017eu i naglase primarno konkretne zadatke i mjere njihovog konkretnog sprovo\u0111enja, \u0110eka (specijalno) i Cungu diskutuju i stalno ponavljaju jedno te isto: \u201epredsjednika \u0107e, predsjednika \u0107emo, predsjednik treba, predsjednik \u0107e biti, za predsjednika \u0107e biti izabran, predsjednika \u0107e izabrati \u010dlanovi partije\/a\u201c&#8230; Njima je najvi\u0161e stalo do predsjedni\u010dke fotelje i titule, slave i karijere!!! Jer, da nije tako, pametne glave bi izabrale za stratega i predsjednika Ulcinja jo\u0161 pametniju glavu od sebe&#8230;.da im je stalo do Ulcinja.<\/p>\n<p>U svakom slu\u010daju, jeste kako jeste i sada treba ova dva kapetana broda-Ulcinj: kapetan posade \u0110eka, zamjenik kapetana-Cungu da paze da ga ne nasukaju na \u0110eranski kamen jer \u0107emo ostati bez njega. To im se ne\u0107e desiti ako budu slu\u0161ali i prvog oficira \u201emalog Kapetana-Abazovi\u0107a!!!<\/p>\n<p>Sretna vam plovidba!!!!<\/p>\n<p>\u0160vajcarska, 17.02.16:05<\/p>\n","protected":false},"excerpt":{"rendered":"<p>OSVRT Pi\u0161e: Silver KORDI\u0106 KORDA Ni predsjedni\u010dki izbori u Americi, kad je izabran Obama, nijesu izazvali ovakvo izuzetno interesovanje javnosti u Crnoj Gori, a posebno ulcinjske op\u0161tine, kao 26-januarski lokalni politi\u010dki teatar Ulcinja. Zamalo bi se moglo re\u0107i da je sve malo li\u010dilo i na \u201epolit-krimi\u201c, jer ima i elemenata anonimnosti, kupovine glasova, intrige, falsifikovanja, [&hellip;]<\/p>\n","protected":false},"author":1,"featured_media":0,"comment_status":"closed","ping_status":"closed","sticky":false,"template":"","format":"standard","meta":{"spay_email":"","jetpack_publicize_message":"","jetpack_is_tweetstorm":false,"jetpack_publicize_feature_enabled":true},"categories":[14249],"tags":[],"jetpack_publicize_connections":[],"yoast_head":"<!-- This site is optimized with the Yoast SEO plugin v19.1 - https:\/\/yoast.com\/wordpress\/plugins\/seo\/ -->\n<title>Silver Kordic Korda: Dva kapetana broda i jedan \u201emali oficir\u201c - Lajme nga Ulqini<\/title>\n<meta name=\"description\" content=\"OSVRT Pi\u0161e: Silver KORDI\u0106 KORDA Ni predsjedni\u010dki izbori u Americi, kad je izabran Obama, nijesu izazvali ovakvo izuzetno interesovanje javnosti u Crnoj\" \/>\n<meta name=\"robots\" content=\"index, follow, max-snippet:-1, max-image-preview:large, max-video-preview:-1\" \/>\n<link rel=\"canonical\" href=\"https:\/\/www.visit-ulcinj.com\/blog\/2014\/02\/17\/silver-kordic-korda-dva-kapetana-broda-jedan-mali-oficir\/\" \/>\n<meta property=\"og:locale\" content=\"en_US\" \/>\n<meta property=\"og:type\" content=\"article\" \/>\n<meta property=\"og:title\" content=\"Silver Kordic Korda: Dva kapetana broda i jedan \u201emali oficir\u201c - Lajme nga Ulqini\" \/>\n<meta property=\"og:description\" content=\"OSVRT Pi\u0161e: Silver KORDI\u0106 KORDA Ni predsjedni\u010dki izbori u Americi, kad je izabran Obama, nijesu izazvali ovakvo izuzetno interesovanje javnosti u Crnoj\" \/>\n<meta property=\"og:url\" content=\"https:\/\/www.visit-ulcinj.com\/blog\/2014\/02\/17\/silver-kordic-korda-dva-kapetana-broda-jedan-mali-oficir\/\" \/>\n<meta property=\"og:site_name\" content=\"Lajme nga Ulqini\" \/>\n<meta property=\"article:published_time\" content=\"2014-02-17T19:12:20+00:00\" \/>\n<meta property=\"article:modified_time\" content=\"2014-02-17T19:12:37+00:00\" \/>\n<meta property=\"og:image\" content=\"http:\/\/www.visit-ulcinj.com\/blog\/wp-content\/uploads\/2014\/02\/Silver-Korda-Kordic.jpg\" \/>\n<meta name=\"twitter:label1\" content=\"Written by\" \/>\n\t<meta name=\"twitter:data1\" content=\"ulqini\" \/>\n\t<meta name=\"twitter:label2\" content=\"Est. reading time\" \/>\n\t<meta name=\"twitter:data2\" content=\"4 minutes\" \/>\n<script type=\"application\/ld+json\" class=\"yoast-schema-graph\">{\"@context\":\"https:\/\/schema.org\",\"@graph\":[{\"@type\":\"WebSite\",\"@id\":\"https:\/\/www.visit-ulcinj.com\/blog\/#website\",\"url\":\"https:\/\/www.visit-ulcinj.com\/blog\/\",\"name\":\"Lajme nga Ulqini\",\"description\":\"Lajme,Vijesti,Ulqini,Ulqin,Crna Gora,Mali i Zi\",\"potentialAction\":[{\"@type\":\"SearchAction\",\"target\":{\"@type\":\"EntryPoint\",\"urlTemplate\":\"https:\/\/www.visit-ulcinj.com\/blog\/?s={search_term_string}\"},\"query-input\":\"required name=search_term_string\"}],\"inLanguage\":\"en-US\"},{\"@type\":\"ImageObject\",\"inLanguage\":\"en-US\",\"@id\":\"https:\/\/www.visit-ulcinj.com\/blog\/2014\/02\/17\/silver-kordic-korda-dva-kapetana-broda-jedan-mali-oficir\/#primaryimage\",\"url\":\"https:\/\/www.visit-ulcinj.com\/blog\/wp-content\/uploads\/2014\/02\/Silver-Korda-Kordic.jpg\",\"contentUrl\":\"https:\/\/www.visit-ulcinj.com\/blog\/wp-content\/uploads\/2014\/02\/Silver-Korda-Kordic.jpg\",\"width\":638,\"height\":601},{\"@type\":\"WebPage\",\"@id\":\"https:\/\/www.visit-ulcinj.com\/blog\/2014\/02\/17\/silver-kordic-korda-dva-kapetana-broda-jedan-mali-oficir\/#webpage\",\"url\":\"https:\/\/www.visit-ulcinj.com\/blog\/2014\/02\/17\/silver-kordic-korda-dva-kapetana-broda-jedan-mali-oficir\/\",\"name\":\"Silver Kordic Korda: Dva kapetana broda i jedan \u201emali oficir\u201c - Lajme nga Ulqini\",\"isPartOf\":{\"@id\":\"https:\/\/www.visit-ulcinj.com\/blog\/#website\"},\"primaryImageOfPage\":{\"@id\":\"https:\/\/www.visit-ulcinj.com\/blog\/2014\/02\/17\/silver-kordic-korda-dva-kapetana-broda-jedan-mali-oficir\/#primaryimage\"},\"datePublished\":\"2014-02-17T19:12:20+00:00\",\"dateModified\":\"2014-02-17T19:12:37+00:00\",\"author\":{\"@id\":\"https:\/\/www.visit-ulcinj.com\/blog\/#\/schema\/person\/dcab619c614d3038751c63bc2aadc06d\"},\"description\":\"OSVRT Pi\u0161e: Silver KORDI\u0106 KORDA Ni predsjedni\u010dki izbori u Americi, kad je izabran Obama, nijesu izazvali ovakvo izuzetno interesovanje javnosti u Crnoj\",\"breadcrumb\":{\"@id\":\"https:\/\/www.visit-ulcinj.com\/blog\/2014\/02\/17\/silver-kordic-korda-dva-kapetana-broda-jedan-mali-oficir\/#breadcrumb\"},\"inLanguage\":\"en-US\",\"potentialAction\":[{\"@type\":\"ReadAction\",\"target\":[\"https:\/\/www.visit-ulcinj.com\/blog\/2014\/02\/17\/silver-kordic-korda-dva-kapetana-broda-jedan-mali-oficir\/\"]}]},{\"@type\":\"BreadcrumbList\",\"@id\":\"https:\/\/www.visit-ulcinj.com\/blog\/2014\/02\/17\/silver-kordic-korda-dva-kapetana-broda-jedan-mali-oficir\/#breadcrumb\",\"itemListElement\":[{\"@type\":\"ListItem\",\"position\":1,\"name\":\"Silver Kordic Korda: Dva kapetana broda i jedan \u201emali oficir\u201c\"}]},{\"@type\":\"Person\",\"@id\":\"https:\/\/www.visit-ulcinj.com\/blog\/#\/schema\/person\/dcab619c614d3038751c63bc2aadc06d\",\"name\":\"ulqini\",\"sameAs\":[\"http:\/\/www.visit-ulcinj.com\"],\"url\":\"https:\/\/www.visit-ulcinj.com\/blog\/author\/admin\/\"}]}<\/script>\n<!-- \/ Yoast SEO plugin. -->","yoast_head_json":{"title":"Silver Kordic Korda: Dva kapetana broda i jedan \u201emali oficir\u201c - Lajme nga Ulqini","description":"OSVRT Pi\u0161e: Silver KORDI\u0106 KORDA Ni predsjedni\u010dki izbori u Americi, kad je izabran Obama, nijesu izazvali ovakvo izuzetno interesovanje javnosti u Crnoj","robots":{"index":"index","follow":"follow","max-snippet":"max-snippet:-1","max-image-preview":"max-image-preview:large","max-video-preview":"max-video-preview:-1"},"canonical":"https:\/\/www.visit-ulcinj.com\/blog\/2014\/02\/17\/silver-kordic-korda-dva-kapetana-broda-jedan-mali-oficir\/","og_locale":"en_US","og_type":"article","og_title":"Silver Kordic Korda: Dva kapetana broda i jedan \u201emali oficir\u201c - Lajme nga Ulqini","og_description":"OSVRT Pi\u0161e: Silver KORDI\u0106 KORDA Ni predsjedni\u010dki izbori u Americi, kad je izabran Obama, nijesu izazvali ovakvo izuzetno interesovanje javnosti u Crnoj","og_url":"https:\/\/www.visit-ulcinj.com\/blog\/2014\/02\/17\/silver-kordic-korda-dva-kapetana-broda-jedan-mali-oficir\/","og_site_name":"Lajme nga Ulqini","article_published_time":"2014-02-17T19:12:20+00:00","article_modified_time":"2014-02-17T19:12:37+00:00","og_image":[{"url":"http:\/\/www.visit-ulcinj.com\/blog\/wp-content\/uploads\/2014\/02\/Silver-Korda-Kordic.jpg"}],"twitter_misc":{"Written by":"ulqini","Est. reading time":"4 minutes"},"schema":{"@context":"https:\/\/schema.org","@graph":[{"@type":"WebSite","@id":"https:\/\/www.visit-ulcinj.com\/blog\/#website","url":"https:\/\/www.visit-ulcinj.com\/blog\/","name":"Lajme nga Ulqini","description":"Lajme,Vijesti,Ulqini,Ulqin,Crna Gora,Mali i Zi","potentialAction":[{"@type":"SearchAction","target":{"@type":"EntryPoint","urlTemplate":"https:\/\/www.visit-ulcinj.com\/blog\/?s={search_term_string}"},"query-input":"required name=search_term_string"}],"inLanguage":"en-US"},{"@type":"ImageObject","inLanguage":"en-US","@id":"https:\/\/www.visit-ulcinj.com\/blog\/2014\/02\/17\/silver-kordic-korda-dva-kapetana-broda-jedan-mali-oficir\/#primaryimage","url":"https:\/\/www.visit-ulcinj.com\/blog\/wp-content\/uploads\/2014\/02\/Silver-Korda-Kordic.jpg","contentUrl":"https:\/\/www.visit-ulcinj.com\/blog\/wp-content\/uploads\/2014\/02\/Silver-Korda-Kordic.jpg","width":638,"height":601},{"@type":"WebPage","@id":"https:\/\/www.visit-ulcinj.com\/blog\/2014\/02\/17\/silver-kordic-korda-dva-kapetana-broda-jedan-mali-oficir\/#webpage","url":"https:\/\/www.visit-ulcinj.com\/blog\/2014\/02\/17\/silver-kordic-korda-dva-kapetana-broda-jedan-mali-oficir\/","name":"Silver Kordic Korda: Dva kapetana broda i jedan \u201emali oficir\u201c - Lajme nga Ulqini","isPartOf":{"@id":"https:\/\/www.visit-ulcinj.com\/blog\/#website"},"primaryImageOfPage":{"@id":"https:\/\/www.visit-ulcinj.com\/blog\/2014\/02\/17\/silver-kordic-korda-dva-kapetana-broda-jedan-mali-oficir\/#primaryimage"},"datePublished":"2014-02-17T19:12:20+00:00","dateModified":"2014-02-17T19:12:37+00:00","author":{"@id":"https:\/\/www.visit-ulcinj.com\/blog\/#\/schema\/person\/dcab619c614d3038751c63bc2aadc06d"},"description":"OSVRT Pi\u0161e: Silver KORDI\u0106 KORDA Ni predsjedni\u010dki izbori u Americi, kad je izabran Obama, nijesu izazvali ovakvo izuzetno interesovanje javnosti u Crnoj","breadcrumb":{"@id":"https:\/\/www.visit-ulcinj.com\/blog\/2014\/02\/17\/silver-kordic-korda-dva-kapetana-broda-jedan-mali-oficir\/#breadcrumb"},"inLanguage":"en-US","potentialAction":[{"@type":"ReadAction","target":["https:\/\/www.visit-ulcinj.com\/blog\/2014\/02\/17\/silver-kordic-korda-dva-kapetana-broda-jedan-mali-oficir\/"]}]},{"@type":"BreadcrumbList","@id":"https:\/\/www.visit-ulcinj.com\/blog\/2014\/02\/17\/silver-kordic-korda-dva-kapetana-broda-jedan-mali-oficir\/#breadcrumb","itemListElement":[{"@type":"ListItem","position":1,"name":"Silver Kordic Korda: Dva kapetana broda i jedan \u201emali oficir\u201c"}]},{"@type":"Person","@id":"https:\/\/www.visit-ulcinj.com\/blog\/#\/schema\/person\/dcab619c614d3038751c63bc2aadc06d","name":"ulqini","sameAs":["http:\/\/www.visit-ulcinj.com"],"url":"https:\/\/www.visit-ulcinj.com\/blog\/author\/admin\/"}]}},"jetpack_featured_media_url":"","jetpack_sharing_enabled":true,"jetpack_shortlink":"https:\/\/wp.me\/pe6lTn-kLf","_links":{"self":[{"href":"https:\/\/www.visit-ulcinj.com\/blog\/wp-json\/wp\/v2\/posts\/79809"}],"collection":[{"href":"https:\/\/www.visit-ulcinj.com\/blog\/wp-json\/wp\/v2\/posts"}],"about":[{"href":"https:\/\/www.visit-ulcinj.com\/blog\/wp-json\/wp\/v2\/types\/post"}],"author":[{"embeddable":true,"href":"https:\/\/www.visit-ulcinj.com\/blog\/wp-json\/wp\/v2\/users\/1"}],"replies":[{"embeddable":true,"href":"https:\/\/www.visit-ulcinj.com\/blog\/wp-json\/wp\/v2\/comments?post=79809"}],"version-history":[{"count":2,"href":"https:\/\/www.visit-ulcinj.com\/blog\/wp-json\/wp\/v2\/posts\/79809\/revisions"}],"predecessor-version":[{"id":79812,"href":"https:\/\/www.visit-ulcinj.com\/blog\/wp-json\/wp\/v2\/posts\/79809\/revisions\/79812"}],"wp:attachment":[{"href":"https:\/\/www.visit-ulcinj.com\/blog\/wp-json\/wp\/v2\/media?parent=79809"}],"wp:term":[{"taxonomy":"category","embeddable":true,"href":"https:\/\/www.visit-ulcinj.com\/blog\/wp-json\/wp\/v2\/categories?post=79809"},{"taxonomy":"post_tag","embeddable":true,"href":"https:\/\/www.visit-ulcinj.com\/blog\/wp-json\/wp\/v2\/tags?post=79809"}],"curies":[{"name":"wp","href":"https:\/\/api.w.org\/{rel}","templated":true}]}}