{"id":79813,"date":"2014-02-17T20:25:08","date_gmt":"2014-02-17T19:25:08","guid":{"rendered":"http:\/\/www.visit-ulcinj.com\/blog\/?p=79813"},"modified":"2014-02-17T20:25:08","modified_gmt":"2014-02-17T19:25:08","slug":"abazoviqi-ne-facebook-zemer-per-ulqin-srcem-za-ulcinj-urime-te-gjitheve","status":"publish","type":"post","link":"https:\/\/www.visit-ulcinj.com\/blog\/2014\/02\/17\/abazoviqi-ne-facebook-zemer-per-ulqin-srcem-za-ulcinj-urime-te-gjitheve\/","title":{"rendered":"Abazoviqi ne Facebook Me zem\u00ebr p\u00ebr Ulqin &#8211; Srcem za Ulcinj: Urime t\u00eb gjith\u00ebve!"},"content":{"rendered":"<div><a href=\"https:\/\/www.facebook.com\/pages\/Me-zem%C3%ABr-p%C3%ABr-Ulqin-Srcem-za-Ulcinj\/504480793004623\" target=\"_blank\"><img loading=\"lazy\" class=\"alignleft  wp-image-79814\" alt=\"Abazoviqi ne Facebook Me zem\u00ebr p\u00ebr Ulqin\" src=\"http:\/\/www.visit-ulcinj.com\/blog\/wp-content\/uploads\/2014\/02\/Abazoviqi-ne-Facebook-Me-zem\u00ebr-p\u00ebr-Ulqin.jpg\" width=\"508\" height=\"331\" \/><\/a>Urime t\u00eb gjith\u00ebve!<br \/>\nDhasht\u00eb Zoti q\u00eb nga kjo t\u00eb fitojn\u00eb t\u00eb gjith\u00eb qytetaret dhe qyteti i Ulqinit.<br \/>\nN\u00ebnshkrimi i marr\u00ebveshjes<br \/>\nN\u00ebnshkrimi i marr\u00ebveshjes nga ana e grupit me zem\u00ebr p\u00ebr Ulqin t\u00eb Malit t\u00eb Zi pozitiv, \u00ebsht\u00eb b\u00ebr\u00eb p\u00ebr t\u00eb rrespektuar votuesit q\u00eb kan\u00eb shpreh interesim p\u00ebr partit\u00eb nacionale Shqip\u00ebtare, p\u00ebr t\u00eb pamunsuar inkuadrimin n\u00eb pushtet t\u00eb PDS-s\u00eb (DPS), dhe q\u00eb t\u00eb ofrojm\u00eb nj\u00eb frym\u00eb dhe vler\u00eb t\u00eb re n\u00eb pushtetin lokal.<br \/>\nPostet e ofruara me insitim nga partner\u00ebt tan\u00eb sipas tyre p\u00ebr dy ar\u00ebsy, q\u00eb qeverisja t\u00eb jet\u00eb m\u00eb stabile dhe produktivejan\u00eb jan\u00eb pranuar nga ana jon\u00eb, dhe p\u00ebr k\u00ebto do japim p\u00ebrgjegj\u00ebsi.<\/p>\n<p>Besojm\u00eb dhe shpresojm\u00eb q\u00eb pushteti lokal do jet\u00eb efikas\u00eb, transparent\u00eb, i depolitizuar, dhe konstruktiv, ashtu dhe si\u00e7 jemi dakorduar n\u00eb marr\u00ebveshtjen e n\u00ebnshkruar.<\/p><\/div>\n<div><\/div>\n<div>\n<p><a href=\"https:\/\/www.facebook.com\/pages\/Me-zem%C3%ABr-p%C3%ABr-Ulqin-Srcem-za-Ulcinj\/504480793004623\" target=\"_blank\"><strong>Me zem\u00ebr p\u00ebr Ulqin &#8211; Srcem za Ulcinj Facebook<\/strong><\/a><\/p>\n<p><a href=\"http:\/\/www.visit-ulcinj.com\/blog\/wp-content\/uploads\/2014\/02\/neshkrimi.jpg\"><img loading=\"lazy\" class=\"alignleft  wp-image-79788\" alt=\"neshkrimi\" src=\"http:\/\/www.visit-ulcinj.com\/blog\/wp-content\/uploads\/2014\/02\/neshkrimi.jpg\" width=\"508\" height=\"600\" \/><\/a><\/p>\n<\/div>\n","protected":false},"excerpt":{"rendered":"<p>Urime t\u00eb gjith\u00ebve! Dhasht\u00eb Zoti q\u00eb nga kjo t\u00eb fitojn\u00eb t\u00eb gjith\u00eb qytetaret dhe qyteti i Ulqinit. N\u00ebnshkrimi i marr\u00ebveshjes N\u00ebnshkrimi i marr\u00ebveshjes nga ana e grupit me zem\u00ebr p\u00ebr Ulqin t\u00eb Malit t\u00eb Zi pozitiv, \u00ebsht\u00eb b\u00ebr\u00eb p\u00ebr t\u00eb rrespektuar votuesit q\u00eb kan\u00eb shpreh interesim p\u00ebr partit\u00eb nacionale Shqip\u00ebtare, p\u00ebr t\u00eb pamunsuar inkuadrimin n\u00eb [&hellip;]<\/p>\n","protected":false},"author":1,"featured_media":0,"comment_status":"closed","ping_status":"closed","sticky":false,"template":"","format":"standard","meta":{"spay_email":"","jetpack_publicize_message":"","jetpack_is_tweetstorm":false,"jetpack_publicize_feature_enabled":true},"categories":[13],"tags":[],"jetpack_publicize_connections":[],"yoast_head":"<!-- This site is optimized with the Yoast SEO plugin v19.1 - https:\/\/yoast.com\/wordpress\/plugins\/seo\/ -->\n<title>Abazoviqi ne Facebook Me zem\u00ebr p\u00ebr Ulqin - Srcem za Ulcinj: Urime t\u00eb gjith\u00ebve! - Lajme nga Ulqini<\/title>\n<meta name=\"description\" content=\"Urime t\u00eb gjith\u00ebve! Dhasht\u00eb Zoti q\u00eb nga kjo t\u00eb fitojn\u00eb t\u00eb gjith\u00eb qytetaret dhe qyteti i Ulqinit. N\u00ebnshkrimi i marr\u00ebveshjes N\u00ebnshkrimi i marr\u00ebveshjes nga\" \/>\n<meta name=\"robots\" content=\"index, follow, max-snippet:-1, max-image-preview:large, max-video-preview:-1\" \/>\n<link rel=\"canonical\" href=\"https:\/\/www.visit-ulcinj.com\/blog\/2014\/02\/17\/abazoviqi-ne-facebook-zemer-per-ulqin-srcem-za-ulcinj-urime-te-gjitheve\/\" \/>\n<meta property=\"og:locale\" content=\"en_US\" \/>\n<meta property=\"og:type\" content=\"article\" \/>\n<meta property=\"og:title\" content=\"Abazoviqi ne Facebook Me zem\u00ebr p\u00ebr Ulqin - Srcem za Ulcinj: Urime t\u00eb gjith\u00ebve! - Lajme nga Ulqini\" \/>\n<meta property=\"og:description\" content=\"Urime t\u00eb gjith\u00ebve! Dhasht\u00eb Zoti q\u00eb nga kjo t\u00eb fitojn\u00eb t\u00eb gjith\u00eb qytetaret dhe qyteti i Ulqinit. N\u00ebnshkrimi i marr\u00ebveshjes N\u00ebnshkrimi i marr\u00ebveshjes nga\" \/>\n<meta property=\"og:url\" content=\"https:\/\/www.visit-ulcinj.com\/blog\/2014\/02\/17\/abazoviqi-ne-facebook-zemer-per-ulqin-srcem-za-ulcinj-urime-te-gjitheve\/\" \/>\n<meta property=\"og:site_name\" content=\"Lajme nga Ulqini\" \/>\n<meta property=\"article:published_time\" content=\"2014-02-17T19:25:08+00:00\" \/>\n<meta property=\"og:image\" content=\"http:\/\/www.visit-ulcinj.com\/blog\/wp-content\/uploads\/2014\/02\/neshkrimi.jpg\" \/>\n<meta name=\"twitter:label1\" content=\"Written by\" \/>\n\t<meta name=\"twitter:data1\" content=\"ulqini\" \/>\n\t<meta name=\"twitter:label2\" content=\"Est. reading time\" \/>\n\t<meta name=\"twitter:data2\" content=\"1 minute\" \/>\n<script type=\"application\/ld+json\" class=\"yoast-schema-graph\">{\"@context\":\"https:\/\/schema.org\",\"@graph\":[{\"@type\":\"WebSite\",\"@id\":\"https:\/\/www.visit-ulcinj.com\/blog\/#website\",\"url\":\"https:\/\/www.visit-ulcinj.com\/blog\/\",\"name\":\"Lajme nga Ulqini\",\"description\":\"Lajme,Vijesti,Ulqini,Ulqin,Crna Gora,Mali i Zi\",\"potentialAction\":[{\"@type\":\"SearchAction\",\"target\":{\"@type\":\"EntryPoint\",\"urlTemplate\":\"https:\/\/www.visit-ulcinj.com\/blog\/?s={search_term_string}\"},\"query-input\":\"required name=search_term_string\"}],\"inLanguage\":\"en-US\"},{\"@type\":\"ImageObject\",\"inLanguage\":\"en-US\",\"@id\":\"https:\/\/www.visit-ulcinj.com\/blog\/2014\/02\/17\/abazoviqi-ne-facebook-zemer-per-ulqin-srcem-za-ulcinj-urime-te-gjitheve\/#primaryimage\",\"url\":\"https:\/\/www.visit-ulcinj.com\/blog\/wp-content\/uploads\/2014\/02\/neshkrimi.jpg\",\"contentUrl\":\"https:\/\/www.visit-ulcinj.com\/blog\/wp-content\/uploads\/2014\/02\/neshkrimi.jpg\",\"width\":699,\"height\":740},{\"@type\":\"WebPage\",\"@id\":\"https:\/\/www.visit-ulcinj.com\/blog\/2014\/02\/17\/abazoviqi-ne-facebook-zemer-per-ulqin-srcem-za-ulcinj-urime-te-gjitheve\/#webpage\",\"url\":\"https:\/\/www.visit-ulcinj.com\/blog\/2014\/02\/17\/abazoviqi-ne-facebook-zemer-per-ulqin-srcem-za-ulcinj-urime-te-gjitheve\/\",\"name\":\"Abazoviqi ne Facebook Me zem\u00ebr p\u00ebr Ulqin - Srcem za Ulcinj: Urime t\u00eb gjith\u00ebve! - Lajme nga Ulqini\",\"isPartOf\":{\"@id\":\"https:\/\/www.visit-ulcinj.com\/blog\/#website\"},\"primaryImageOfPage\":{\"@id\":\"https:\/\/www.visit-ulcinj.com\/blog\/2014\/02\/17\/abazoviqi-ne-facebook-zemer-per-ulqin-srcem-za-ulcinj-urime-te-gjitheve\/#primaryimage\"},\"datePublished\":\"2014-02-17T19:25:08+00:00\",\"dateModified\":\"2014-02-17T19:25:08+00:00\",\"author\":{\"@id\":\"https:\/\/www.visit-ulcinj.com\/blog\/#\/schema\/person\/dcab619c614d3038751c63bc2aadc06d\"},\"description\":\"Urime t\u00eb gjith\u00ebve! Dhasht\u00eb Zoti q\u00eb nga kjo t\u00eb fitojn\u00eb t\u00eb gjith\u00eb qytetaret dhe qyteti i Ulqinit. N\u00ebnshkrimi i marr\u00ebveshjes N\u00ebnshkrimi i marr\u00ebveshjes nga\",\"breadcrumb\":{\"@id\":\"https:\/\/www.visit-ulcinj.com\/blog\/2014\/02\/17\/abazoviqi-ne-facebook-zemer-per-ulqin-srcem-za-ulcinj-urime-te-gjitheve\/#breadcrumb\"},\"inLanguage\":\"en-US\",\"potentialAction\":[{\"@type\":\"ReadAction\",\"target\":[\"https:\/\/www.visit-ulcinj.com\/blog\/2014\/02\/17\/abazoviqi-ne-facebook-zemer-per-ulqin-srcem-za-ulcinj-urime-te-gjitheve\/\"]}]},{\"@type\":\"BreadcrumbList\",\"@id\":\"https:\/\/www.visit-ulcinj.com\/blog\/2014\/02\/17\/abazoviqi-ne-facebook-zemer-per-ulqin-srcem-za-ulcinj-urime-te-gjitheve\/#breadcrumb\",\"itemListElement\":[{\"@type\":\"ListItem\",\"position\":1,\"name\":\"Abazoviqi ne Facebook Me zem\u00ebr p\u00ebr Ulqin &#8211; Srcem za Ulcinj: Urime t\u00eb gjith\u00ebve!\"}]},{\"@type\":\"Person\",\"@id\":\"https:\/\/www.visit-ulcinj.com\/blog\/#\/schema\/person\/dcab619c614d3038751c63bc2aadc06d\",\"name\":\"ulqini\",\"sameAs\":[\"http:\/\/www.visit-ulcinj.com\"],\"url\":\"https:\/\/www.visit-ulcinj.com\/blog\/author\/admin\/\"}]}<\/script>\n<!-- \/ Yoast SEO plugin. -->","yoast_head_json":{"title":"Abazoviqi ne Facebook Me zem\u00ebr p\u00ebr Ulqin - Srcem za Ulcinj: Urime t\u00eb gjith\u00ebve! - Lajme nga Ulqini","description":"Urime t\u00eb gjith\u00ebve! Dhasht\u00eb Zoti q\u00eb nga kjo t\u00eb fitojn\u00eb t\u00eb gjith\u00eb qytetaret dhe qyteti i Ulqinit. N\u00ebnshkrimi i marr\u00ebveshjes N\u00ebnshkrimi i marr\u00ebveshjes nga","robots":{"index":"index","follow":"follow","max-snippet":"max-snippet:-1","max-image-preview":"max-image-preview:large","max-video-preview":"max-video-preview:-1"},"canonical":"https:\/\/www.visit-ulcinj.com\/blog\/2014\/02\/17\/abazoviqi-ne-facebook-zemer-per-ulqin-srcem-za-ulcinj-urime-te-gjitheve\/","og_locale":"en_US","og_type":"article","og_title":"Abazoviqi ne Facebook Me zem\u00ebr p\u00ebr Ulqin - Srcem za Ulcinj: Urime t\u00eb gjith\u00ebve! - Lajme nga Ulqini","og_description":"Urime t\u00eb gjith\u00ebve! Dhasht\u00eb Zoti q\u00eb nga kjo t\u00eb fitojn\u00eb t\u00eb gjith\u00eb qytetaret dhe qyteti i Ulqinit. N\u00ebnshkrimi i marr\u00ebveshjes N\u00ebnshkrimi i marr\u00ebveshjes nga","og_url":"https:\/\/www.visit-ulcinj.com\/blog\/2014\/02\/17\/abazoviqi-ne-facebook-zemer-per-ulqin-srcem-za-ulcinj-urime-te-gjitheve\/","og_site_name":"Lajme nga Ulqini","article_published_time":"2014-02-17T19:25:08+00:00","og_image":[{"url":"http:\/\/www.visit-ulcinj.com\/blog\/wp-content\/uploads\/2014\/02\/neshkrimi.jpg"}],"twitter_misc":{"Written by":"ulqini","Est. reading time":"1 minute"},"schema":{"@context":"https:\/\/schema.org","@graph":[{"@type":"WebSite","@id":"https:\/\/www.visit-ulcinj.com\/blog\/#website","url":"https:\/\/www.visit-ulcinj.com\/blog\/","name":"Lajme nga Ulqini","description":"Lajme,Vijesti,Ulqini,Ulqin,Crna Gora,Mali i Zi","potentialAction":[{"@type":"SearchAction","target":{"@type":"EntryPoint","urlTemplate":"https:\/\/www.visit-ulcinj.com\/blog\/?s={search_term_string}"},"query-input":"required name=search_term_string"}],"inLanguage":"en-US"},{"@type":"ImageObject","inLanguage":"en-US","@id":"https:\/\/www.visit-ulcinj.com\/blog\/2014\/02\/17\/abazoviqi-ne-facebook-zemer-per-ulqin-srcem-za-ulcinj-urime-te-gjitheve\/#primaryimage","url":"https:\/\/www.visit-ulcinj.com\/blog\/wp-content\/uploads\/2014\/02\/neshkrimi.jpg","contentUrl":"https:\/\/www.visit-ulcinj.com\/blog\/wp-content\/uploads\/2014\/02\/neshkrimi.jpg","width":699,"height":740},{"@type":"WebPage","@id":"https:\/\/www.visit-ulcinj.com\/blog\/2014\/02\/17\/abazoviqi-ne-facebook-zemer-per-ulqin-srcem-za-ulcinj-urime-te-gjitheve\/#webpage","url":"https:\/\/www.visit-ulcinj.com\/blog\/2014\/02\/17\/abazoviqi-ne-facebook-zemer-per-ulqin-srcem-za-ulcinj-urime-te-gjitheve\/","name":"Abazoviqi ne Facebook Me zem\u00ebr p\u00ebr Ulqin - Srcem za Ulcinj: Urime t\u00eb gjith\u00ebve! - Lajme nga Ulqini","isPartOf":{"@id":"https:\/\/www.visit-ulcinj.com\/blog\/#website"},"primaryImageOfPage":{"@id":"https:\/\/www.visit-ulcinj.com\/blog\/2014\/02\/17\/abazoviqi-ne-facebook-zemer-per-ulqin-srcem-za-ulcinj-urime-te-gjitheve\/#primaryimage"},"datePublished":"2014-02-17T19:25:08+00:00","dateModified":"2014-02-17T19:25:08+00:00","author":{"@id":"https:\/\/www.visit-ulcinj.com\/blog\/#\/schema\/person\/dcab619c614d3038751c63bc2aadc06d"},"description":"Urime t\u00eb gjith\u00ebve! Dhasht\u00eb Zoti q\u00eb nga kjo t\u00eb fitojn\u00eb t\u00eb gjith\u00eb qytetaret dhe qyteti i Ulqinit. N\u00ebnshkrimi i marr\u00ebveshjes N\u00ebnshkrimi i marr\u00ebveshjes nga","breadcrumb":{"@id":"https:\/\/www.visit-ulcinj.com\/blog\/2014\/02\/17\/abazoviqi-ne-facebook-zemer-per-ulqin-srcem-za-ulcinj-urime-te-gjitheve\/#breadcrumb"},"inLanguage":"en-US","potentialAction":[{"@type":"ReadAction","target":["https:\/\/www.visit-ulcinj.com\/blog\/2014\/02\/17\/abazoviqi-ne-facebook-zemer-per-ulqin-srcem-za-ulcinj-urime-te-gjitheve\/"]}]},{"@type":"BreadcrumbList","@id":"https:\/\/www.visit-ulcinj.com\/blog\/2014\/02\/17\/abazoviqi-ne-facebook-zemer-per-ulqin-srcem-za-ulcinj-urime-te-gjitheve\/#breadcrumb","itemListElement":[{"@type":"ListItem","position":1,"name":"Abazoviqi ne Facebook Me zem\u00ebr p\u00ebr Ulqin &#8211; Srcem za Ulcinj: Urime t\u00eb gjith\u00ebve!"}]},{"@type":"Person","@id":"https:\/\/www.visit-ulcinj.com\/blog\/#\/schema\/person\/dcab619c614d3038751c63bc2aadc06d","name":"ulqini","sameAs":["http:\/\/www.visit-ulcinj.com"],"url":"https:\/\/www.visit-ulcinj.com\/blog\/author\/admin\/"}]}},"jetpack_featured_media_url":"","jetpack_sharing_enabled":true,"jetpack_shortlink":"https:\/\/wp.me\/pe6lTn-kLj","_links":{"self":[{"href":"https:\/\/www.visit-ulcinj.com\/blog\/wp-json\/wp\/v2\/posts\/79813"}],"collection":[{"href":"https:\/\/www.visit-ulcinj.com\/blog\/wp-json\/wp\/v2\/posts"}],"about":[{"href":"https:\/\/www.visit-ulcinj.com\/blog\/wp-json\/wp\/v2\/types\/post"}],"author":[{"embeddable":true,"href":"https:\/\/www.visit-ulcinj.com\/blog\/wp-json\/wp\/v2\/users\/1"}],"replies":[{"embeddable":true,"href":"https:\/\/www.visit-ulcinj.com\/blog\/wp-json\/wp\/v2\/comments?post=79813"}],"version-history":[{"count":1,"href":"https:\/\/www.visit-ulcinj.com\/blog\/wp-json\/wp\/v2\/posts\/79813\/revisions"}],"predecessor-version":[{"id":79815,"href":"https:\/\/www.visit-ulcinj.com\/blog\/wp-json\/wp\/v2\/posts\/79813\/revisions\/79815"}],"wp:attachment":[{"href":"https:\/\/www.visit-ulcinj.com\/blog\/wp-json\/wp\/v2\/media?parent=79813"}],"wp:term":[{"taxonomy":"category","embeddable":true,"href":"https:\/\/www.visit-ulcinj.com\/blog\/wp-json\/wp\/v2\/categories?post=79813"},{"taxonomy":"post_tag","embeddable":true,"href":"https:\/\/www.visit-ulcinj.com\/blog\/wp-json\/wp\/v2\/tags?post=79813"}],"curies":[{"name":"wp","href":"https:\/\/api.w.org\/{rel}","templated":true}]}}