{"id":79820,"date":"2014-02-18T08:29:23","date_gmt":"2014-02-18T07:29:23","guid":{"rendered":"http:\/\/www.visit-ulcinj.com\/blog\/?p=79820"},"modified":"2014-02-19T14:48:36","modified_gmt":"2014-02-19T13:48:36","slug":"nje-nate-e-paharruar-qe-gjalleruan-xhamine-e-klleznes","status":"publish","type":"post","link":"https:\/\/www.visit-ulcinj.com\/blog\/2014\/02\/18\/nje-nate-e-paharruar-qe-gjalleruan-xhamine-e-klleznes\/","title":{"rendered":"Nj\u00eb nat\u00eb e paharruar q\u00eb gjall\u00ebruan xhamin\u00eb e Kllezn\u00ebs"},"content":{"rendered":"<p><strong><a href=\"http:\/\/www.visit-ulcinj.com\/blog\/wp-content\/uploads\/2014\/02\/Xhamia-Kleznes.jpg\"><img loading=\"lazy\" class=\"alignleft  wp-image-79821\" alt=\"Xhamia-Kleznes\" src=\"http:\/\/www.visit-ulcinj.com\/blog\/wp-content\/uploads\/2014\/02\/Xhamia-Kleznes.jpg\" width=\"508\" height=\"360\" \/><\/a>Nat\u00eb e paharruar dhe salavate t\u00eb ngrohta gjall\u00ebruan xhamin\u00eb e Kllezn\u00ebs<\/strong><\/p>\n<p>N\u00eb kuad\u00ebr t\u00eb p\u00ebrkujtimit t\u00eb lindjes s\u00eb hz. Muhamedit (paqja dhe m\u00ebshira e Zotit qoft\u00eb mbi t\u00eb), Xhamia e Kllezn\u00ebs organizoj me 15 shkurt 2014, dit\u00ebn e shtun\u00eb: Mbr\u00ebmje madh\u00ebshtore Islame me rastin e p\u00ebrkujtimit t\u00eb lindjes s\u00eb Hz. Muhammedit a.s., me moton: Muhammedi &#8211; Krenaria e njer\u00ebzimit.<\/p>\n<p>I ftuar special i k\u00ebsaj nate, ishte myftiu i Shkodr\u00ebs Muhamed ef. Sytari, i cili iu p\u00ebrgjigj ftes\u00ebs s\u00eb Bashk\u00ebsis\u00eb Islame t\u00eb Ulqinit si dhe ftes\u00ebs s\u00eb K\u00ebshillit t\u00eb Xhamis\u00eb s\u00eb Kllezn\u00ebs q\u00eb t\u00eb na nderoj\u00eb me pjes\u00ebmarrjen e tij n\u00eb k\u00ebt\u00eb program madh\u00ebshtor\u00eb.<\/p>\n<p>Aktiviteti filloi n\u00eb ora 19:00 n\u00eb mbr\u00ebmje me faljen e namazit t\u00eb jacis\u00eb, ku m\u00eb pastaj u b\u00eb shfaqja premier e nj\u00eb filmi t\u00eb shkurt\u00ebr\u00a0 mbi d\u00ebrges\u00ebn e hz. Muhamedit a.s..<\/p>\n<p>Mbas filmit hapja u b\u00eb me leximin e disa ajeteve nga Kurani Fam\u00eblart\u00eb, ku m\u00eb pas hapjen e programit e b\u00ebr\u00eb imami i xhamis\u00eb s\u00eb Kllezn\u00ebs Senad ef. Maku, ku p\u00ebrsh\u00ebndeti t\u00eb pranishmit, si, kryeimamin e Bashk\u00ebsis\u00eb Islame t\u00eb Ulqinit, Ali ef. Bardhi, imam\u00ebt, t\u00eb gjith\u00eb pjes\u00ebmarr\u00ebsit si ato vendas dhe t\u00eb trevave tjera, nd\u00ebrsa n\u00eb ve\u00e7anti Myftiun e Shkodr\u00ebs Muhamed ef. Sytarin q\u00eb iu p\u00ebrgjigj ftes\u00ebs son\u00eb.<\/p>\n<p>Mbas k\u00ebsaj fjal\u00ebn p\u00ebrsh\u00ebndet\u00ebse e mori kryeimami Ali ef. Bardhi, duke pasuar me ligj\u00ebrat\u00ebn e tij t\u00eb myftiut nga shkodra Muhamed ef. Sytari.<\/p>\n<p><a href=\"http:\/\/www.visit-ulcinj.com\/blog\/wp-content\/uploads\/2014\/02\/Xhamia-Klleznes-1.jpg\"><img loading=\"lazy\" class=\"alignleft  wp-image-79822\" alt=\"Xhamia-Klleznes-1\" src=\"http:\/\/www.visit-ulcinj.com\/blog\/wp-content\/uploads\/2014\/02\/Xhamia-Klleznes-1.jpg\" width=\"508\" height=\"360\" \/><\/a><\/p>\n<p>Myftiu Sytari mbajti nj\u00eb ligj\u00ebrat\u00eb tejet emocionuse rreth jet\u00ebs s\u00eb Pejgamberit Muhamed a.s. dhe sakrific\u00ebs dhe dashuris\u00eb s\u00eb shok\u00ebve t\u00eb tij ndaj t\u00eb d\u00ebrguarit t\u00eb Zotit dhe n\u00eb avancimin e thirrjes n\u00eb rrug\u00ebn e drejt\u00eb islame, duke na ngjall\u00eb emocione t\u00eb forta tek t\u00eb pranishmit. Fjal\u00ebt e \u00ebmbla dhe prek\u00ebse t\u00eb myftiut shpeshher\u00eb u p\u00ebrcoll\u00ebn me lot mall\u00ebngjimi.<\/p>\n<p>Nga dashuria e madhe ndaj Pejgamberit a.s. brohorit\u00ebm t\u00eb gjith\u00eb duke k\u00ebnduar salavate drejtuar krenaris\u00eb s\u00eb njer\u00ebzimit, kushtuar m\u00eb t\u00eb mirit t\u00eb njer\u00ebzimit, Pejgamberit t\u00eb Allahut, Muhammedit a.s. (paqja dhe m\u00ebshira e Zotit qoft\u00eb mbi t\u00eb), dhe n\u00eb fund t\u00eb fjal\u00ebs s\u00eb tij Myftiu Sytari b\u00ebri nj\u00eb dua dhe u lut q\u00eb kjo dashuri dhe kjo bes\u00eblidhje e shenjt\u00eb e shqiptar\u00ebve me Resulullahun a.s. t\u00eb vazhdoj\u00eb deri n\u00eb dit\u00ebn e fundit t\u00eb k\u00ebsaj bote.<\/p>\n<p>Xhamia e Kllezn\u00ebs ishte e vog\u00ebl p\u00ebr t\u00eb pranuar numrin e madh\u00eb t\u00eb pjes\u00ebmarr\u00ebsve q\u00eb num\u00ebrohej t\u00eb ishin af\u00ebr 300 besimtar\u00eb q\u00eb kishin ardhur n\u00eb k\u00ebt\u00eb mbr\u00ebmje duke i dh\u00ebn\u00eb nj\u00eb hijeshi t\u00eb ve\u00e7ant\u00eb programit ton\u00eb.<\/p>\n<p><a href=\"http:\/\/www.visit-ulcinj.com\/blog\/wp-content\/uploads\/2014\/02\/Xhamia-Klleznes-2.jpg\"><img loading=\"lazy\" class=\"alignleft  wp-image-79823\" alt=\"Xhamia-Klleznes-2\" src=\"http:\/\/www.visit-ulcinj.com\/blog\/wp-content\/uploads\/2014\/02\/Xhamia-Klleznes-2.jpg\" width=\"508\" height=\"360\" \/><\/a><\/p>\n<p>M\u00eb pas programi ka vijuar me korin e Xhamis\u00eb s\u00eb Kllezn\u00ebs t\u00eb p\u00ebrgatitur nga imami i xhamis\u00eb Senad ef. Maku me disa ilahi dhe recitime kushtuar t\u00eb d\u00ebrguarit Muhamed a.s., dhe me disa pjes\u00eb nga mevludi sherif q\u00eb u k\u00ebndua nga disa imam\u00eb dhe nga vet myftiu i shkodr\u00ebs, ku mes tjerash myftiu Sytari tha: &#8220;Rahmet past\u00eb Hafiz Ali Ulqinaku, Imam Busiri i trojeve shqiptare, q\u00eb me &#8220;Mevludi-n&#8221; e tij, krijoi nj\u00ebkoh\u00ebsisht edhe kushtet p\u00ebr mund\u00ebsimin e k\u00ebtyre tubimeve t\u00eb begata, n\u00eb t\u00eb cilat kujtojm\u00eb pejgamberin ton\u00eb, i k\u00ebndojm\u00eb dashnis\u00eb p\u00ebr t\u00eb dhe afrohemi edhe m\u00eb shum\u00eb me amanetin e tij&#8230;&#8221;.<\/p>\n<p>Mevludi u p\u00ebrmbyll me duan\u00eb e k\u00ebnduar nga imami i Xhamis\u00eb s\u00eb Kllezn\u00ebs.<\/p>\n<p>Nd\u00ebrsa mbr\u00ebmja u p\u00ebrfundua me nj\u00eb koktej t\u00eb begat\u00eb n\u00eb oborrin e xhamis\u00eb dhe duke iu dhuruar disa libra, fletushka, kalendar\u00eb p\u00ebr t\u00eb pranishmit t\u00eb k\u00ebsaj nate.<\/p>\n<p><a href=\"http:\/\/www.visit-ulcinj.com\/blog\/wp-content\/uploads\/2014\/02\/Xhamia-Klleznes-3.jpg\"><img loading=\"lazy\" class=\"alignleft  wp-image-79824\" alt=\"Xhamia-Klleznes-3\" src=\"http:\/\/www.visit-ulcinj.com\/blog\/wp-content\/uploads\/2014\/02\/Xhamia-Klleznes-3.jpg\" width=\"508\" height=\"360\" \/><\/a><\/p>\n<p>15 shkurti i k\u00ebtij viti do t\u00eb mbetet kujtim i bukur dhe ngjarje historike n\u00eb xhamin\u00eb ton\u00eb, p\u00ebr faktin se mysafir pati myftiun e palodhsh\u00ebm t\u00eb Shkodr\u00ebs, Imam Muhamed Sytarin, i cili, si nj\u00eb njeri i zemrave q\u00eb \u00ebsht\u00eb, u dha zem\u00ebr e shpirt kujtimeve p\u00ebr Resulullahin, a.s.. Kurse, kujtimet e bardha dhe salavatet e ngrohta do t\u00eb vazhdojn\u00eb ta gjall\u00ebrojn\u00eb edhe m\u00eb tej xhematin e Xhamis\u00eb s\u00eb Kllezn\u00ebs, ku prej shum\u00eb pjesmarr\u00ebsve kjo mbr\u00ebmje do t\u00eb mbes\u00eb gjat\u00eb n\u00eb kujtes\u00ebn e tyre.<\/p>\n<p>&nbsp;<\/p>\n<p>Ju mir\u00ebpresim n\u00eb aktivitetet e tjera.<\/p>\n<p>K\u00ebshilli i xhamis\u00eb s\u00eb Kllezn\u00ebs<\/p>\n<p><a href=\"https:\/\/www.facebook.com\/xhamiaklleznes\/media_set?set=a.285589341590222.1073741850.100004174742969&amp;type=1\" target=\"_blank\"><strong>P\u00ebr ta par\u00eb albumin kliko n\u00eb faq\u00ebn zyrtare t\u00eb Xhamis\u00eb s\u00eb Kllezn\u00ebs: Xhamia Klleznes Ulqin Facebook<\/strong><\/a><\/p>\n<p>&nbsp;<\/p>\n<p>&nbsp;<\/p>\n","protected":false},"excerpt":{"rendered":"<p>Nat\u00eb e paharruar dhe salavate t\u00eb ngrohta gjall\u00ebruan xhamin\u00eb e Kllezn\u00ebs N\u00eb kuad\u00ebr t\u00eb p\u00ebrkujtimit t\u00eb lindjes s\u00eb hz. Muhamedit (paqja dhe m\u00ebshira e Zotit qoft\u00eb mbi t\u00eb), Xhamia e Kllezn\u00ebs organizoj me 15 shkurt 2014, dit\u00ebn e shtun\u00eb: Mbr\u00ebmje madh\u00ebshtore Islame me rastin e p\u00ebrkujtimit t\u00eb lindjes s\u00eb Hz. Muhammedit a.s., me moton: Muhammedi [&hellip;]<\/p>\n","protected":false},"author":1,"featured_media":0,"comment_status":"closed","ping_status":"closed","sticky":false,"template":"","format":"standard","meta":{"spay_email":"","jetpack_publicize_message":"","jetpack_is_tweetstorm":false,"jetpack_publicize_feature_enabled":true},"categories":[11],"tags":[],"jetpack_publicize_connections":[],"yoast_head":"<!-- This site is optimized with the Yoast SEO plugin v19.1 - https:\/\/yoast.com\/wordpress\/plugins\/seo\/ -->\n<title>Nj\u00eb nat\u00eb e paharruar q\u00eb gjall\u00ebruan xhamin\u00eb e Kllezn\u00ebs - Lajme nga Ulqini<\/title>\n<meta name=\"description\" content=\"Nat\u00eb e paharruar dhe salavate t\u00eb ngrohta gjall\u00ebruan xhamin\u00eb e Kllezn\u00ebs N\u00eb kuad\u00ebr t\u00eb p\u00ebrkujtimit t\u00eb lindjes s\u00eb hz. Muhamedit (paqja dhe m\u00ebshira e Zotit\" \/>\n<meta name=\"robots\" content=\"index, follow, max-snippet:-1, max-image-preview:large, max-video-preview:-1\" \/>\n<link rel=\"canonical\" href=\"https:\/\/www.visit-ulcinj.com\/blog\/2014\/02\/18\/nje-nate-e-paharruar-qe-gjalleruan-xhamine-e-klleznes\/\" \/>\n<meta property=\"og:locale\" content=\"en_US\" \/>\n<meta property=\"og:type\" content=\"article\" \/>\n<meta property=\"og:title\" content=\"Nj\u00eb nat\u00eb e paharruar q\u00eb gjall\u00ebruan xhamin\u00eb e Kllezn\u00ebs - Lajme nga Ulqini\" \/>\n<meta property=\"og:description\" content=\"Nat\u00eb e paharruar dhe salavate t\u00eb ngrohta gjall\u00ebruan xhamin\u00eb e Kllezn\u00ebs N\u00eb kuad\u00ebr t\u00eb p\u00ebrkujtimit t\u00eb lindjes s\u00eb hz. Muhamedit (paqja dhe m\u00ebshira e Zotit\" \/>\n<meta property=\"og:url\" content=\"https:\/\/www.visit-ulcinj.com\/blog\/2014\/02\/18\/nje-nate-e-paharruar-qe-gjalleruan-xhamine-e-klleznes\/\" \/>\n<meta property=\"og:site_name\" content=\"Lajme nga Ulqini\" \/>\n<meta property=\"article:published_time\" content=\"2014-02-18T07:29:23+00:00\" \/>\n<meta property=\"article:modified_time\" content=\"2014-02-19T13:48:36+00:00\" \/>\n<meta property=\"og:image\" content=\"http:\/\/www.visit-ulcinj.com\/blog\/wp-content\/uploads\/2014\/02\/Xhamia-Kleznes.jpg\" \/>\n<meta name=\"twitter:label1\" content=\"Written by\" \/>\n\t<meta name=\"twitter:data1\" content=\"ulqini\" \/>\n\t<meta name=\"twitter:label2\" content=\"Est. reading time\" \/>\n\t<meta name=\"twitter:data2\" content=\"4 minutes\" \/>\n<script type=\"application\/ld+json\" class=\"yoast-schema-graph\">{\"@context\":\"https:\/\/schema.org\",\"@graph\":[{\"@type\":\"WebSite\",\"@id\":\"https:\/\/www.visit-ulcinj.com\/blog\/#website\",\"url\":\"https:\/\/www.visit-ulcinj.com\/blog\/\",\"name\":\"Lajme nga Ulqini\",\"description\":\"Lajme,Vijesti,Ulqini,Ulqin,Crna Gora,Mali i Zi\",\"potentialAction\":[{\"@type\":\"SearchAction\",\"target\":{\"@type\":\"EntryPoint\",\"urlTemplate\":\"https:\/\/www.visit-ulcinj.com\/blog\/?s={search_term_string}\"},\"query-input\":\"required name=search_term_string\"}],\"inLanguage\":\"en-US\"},{\"@type\":\"ImageObject\",\"inLanguage\":\"en-US\",\"@id\":\"https:\/\/www.visit-ulcinj.com\/blog\/2014\/02\/18\/nje-nate-e-paharruar-qe-gjalleruan-xhamine-e-klleznes\/#primaryimage\",\"url\":\"https:\/\/www.visit-ulcinj.com\/blog\/wp-content\/uploads\/2014\/02\/Xhamia-Kleznes.jpg\",\"contentUrl\":\"https:\/\/www.visit-ulcinj.com\/blog\/wp-content\/uploads\/2014\/02\/Xhamia-Kleznes.jpg\",\"width\":606,\"height\":455},{\"@type\":\"WebPage\",\"@id\":\"https:\/\/www.visit-ulcinj.com\/blog\/2014\/02\/18\/nje-nate-e-paharruar-qe-gjalleruan-xhamine-e-klleznes\/#webpage\",\"url\":\"https:\/\/www.visit-ulcinj.com\/blog\/2014\/02\/18\/nje-nate-e-paharruar-qe-gjalleruan-xhamine-e-klleznes\/\",\"name\":\"Nj\u00eb nat\u00eb e paharruar q\u00eb gjall\u00ebruan xhamin\u00eb e Kllezn\u00ebs - Lajme nga Ulqini\",\"isPartOf\":{\"@id\":\"https:\/\/www.visit-ulcinj.com\/blog\/#website\"},\"primaryImageOfPage\":{\"@id\":\"https:\/\/www.visit-ulcinj.com\/blog\/2014\/02\/18\/nje-nate-e-paharruar-qe-gjalleruan-xhamine-e-klleznes\/#primaryimage\"},\"datePublished\":\"2014-02-18T07:29:23+00:00\",\"dateModified\":\"2014-02-19T13:48:36+00:00\",\"author\":{\"@id\":\"https:\/\/www.visit-ulcinj.com\/blog\/#\/schema\/person\/dcab619c614d3038751c63bc2aadc06d\"},\"description\":\"Nat\u00eb e paharruar dhe salavate t\u00eb ngrohta gjall\u00ebruan xhamin\u00eb e Kllezn\u00ebs N\u00eb kuad\u00ebr t\u00eb p\u00ebrkujtimit t\u00eb lindjes s\u00eb hz. Muhamedit (paqja dhe m\u00ebshira e Zotit\",\"breadcrumb\":{\"@id\":\"https:\/\/www.visit-ulcinj.com\/blog\/2014\/02\/18\/nje-nate-e-paharruar-qe-gjalleruan-xhamine-e-klleznes\/#breadcrumb\"},\"inLanguage\":\"en-US\",\"potentialAction\":[{\"@type\":\"ReadAction\",\"target\":[\"https:\/\/www.visit-ulcinj.com\/blog\/2014\/02\/18\/nje-nate-e-paharruar-qe-gjalleruan-xhamine-e-klleznes\/\"]}]},{\"@type\":\"BreadcrumbList\",\"@id\":\"https:\/\/www.visit-ulcinj.com\/blog\/2014\/02\/18\/nje-nate-e-paharruar-qe-gjalleruan-xhamine-e-klleznes\/#breadcrumb\",\"itemListElement\":[{\"@type\":\"ListItem\",\"position\":1,\"name\":\"Nj\u00eb nat\u00eb e paharruar q\u00eb gjall\u00ebruan xhamin\u00eb e Kllezn\u00ebs\"}]},{\"@type\":\"Person\",\"@id\":\"https:\/\/www.visit-ulcinj.com\/blog\/#\/schema\/person\/dcab619c614d3038751c63bc2aadc06d\",\"name\":\"ulqini\",\"sameAs\":[\"http:\/\/www.visit-ulcinj.com\"],\"url\":\"https:\/\/www.visit-ulcinj.com\/blog\/author\/admin\/\"}]}<\/script>\n<!-- \/ Yoast SEO plugin. -->","yoast_head_json":{"title":"Nj\u00eb nat\u00eb e paharruar q\u00eb gjall\u00ebruan xhamin\u00eb e Kllezn\u00ebs - Lajme nga Ulqini","description":"Nat\u00eb e paharruar dhe salavate t\u00eb ngrohta gjall\u00ebruan xhamin\u00eb e Kllezn\u00ebs N\u00eb kuad\u00ebr t\u00eb p\u00ebrkujtimit t\u00eb lindjes s\u00eb hz. Muhamedit (paqja dhe m\u00ebshira e Zotit","robots":{"index":"index","follow":"follow","max-snippet":"max-snippet:-1","max-image-preview":"max-image-preview:large","max-video-preview":"max-video-preview:-1"},"canonical":"https:\/\/www.visit-ulcinj.com\/blog\/2014\/02\/18\/nje-nate-e-paharruar-qe-gjalleruan-xhamine-e-klleznes\/","og_locale":"en_US","og_type":"article","og_title":"Nj\u00eb nat\u00eb e paharruar q\u00eb gjall\u00ebruan xhamin\u00eb e Kllezn\u00ebs - Lajme nga Ulqini","og_description":"Nat\u00eb e paharruar dhe salavate t\u00eb ngrohta gjall\u00ebruan xhamin\u00eb e Kllezn\u00ebs N\u00eb kuad\u00ebr t\u00eb p\u00ebrkujtimit t\u00eb lindjes s\u00eb hz. Muhamedit (paqja dhe m\u00ebshira e Zotit","og_url":"https:\/\/www.visit-ulcinj.com\/blog\/2014\/02\/18\/nje-nate-e-paharruar-qe-gjalleruan-xhamine-e-klleznes\/","og_site_name":"Lajme nga Ulqini","article_published_time":"2014-02-18T07:29:23+00:00","article_modified_time":"2014-02-19T13:48:36+00:00","og_image":[{"url":"http:\/\/www.visit-ulcinj.com\/blog\/wp-content\/uploads\/2014\/02\/Xhamia-Kleznes.jpg"}],"twitter_misc":{"Written by":"ulqini","Est. reading time":"4 minutes"},"schema":{"@context":"https:\/\/schema.org","@graph":[{"@type":"WebSite","@id":"https:\/\/www.visit-ulcinj.com\/blog\/#website","url":"https:\/\/www.visit-ulcinj.com\/blog\/","name":"Lajme nga Ulqini","description":"Lajme,Vijesti,Ulqini,Ulqin,Crna Gora,Mali i Zi","potentialAction":[{"@type":"SearchAction","target":{"@type":"EntryPoint","urlTemplate":"https:\/\/www.visit-ulcinj.com\/blog\/?s={search_term_string}"},"query-input":"required name=search_term_string"}],"inLanguage":"en-US"},{"@type":"ImageObject","inLanguage":"en-US","@id":"https:\/\/www.visit-ulcinj.com\/blog\/2014\/02\/18\/nje-nate-e-paharruar-qe-gjalleruan-xhamine-e-klleznes\/#primaryimage","url":"https:\/\/www.visit-ulcinj.com\/blog\/wp-content\/uploads\/2014\/02\/Xhamia-Kleznes.jpg","contentUrl":"https:\/\/www.visit-ulcinj.com\/blog\/wp-content\/uploads\/2014\/02\/Xhamia-Kleznes.jpg","width":606,"height":455},{"@type":"WebPage","@id":"https:\/\/www.visit-ulcinj.com\/blog\/2014\/02\/18\/nje-nate-e-paharruar-qe-gjalleruan-xhamine-e-klleznes\/#webpage","url":"https:\/\/www.visit-ulcinj.com\/blog\/2014\/02\/18\/nje-nate-e-paharruar-qe-gjalleruan-xhamine-e-klleznes\/","name":"Nj\u00eb nat\u00eb e paharruar q\u00eb gjall\u00ebruan xhamin\u00eb e Kllezn\u00ebs - Lajme nga Ulqini","isPartOf":{"@id":"https:\/\/www.visit-ulcinj.com\/blog\/#website"},"primaryImageOfPage":{"@id":"https:\/\/www.visit-ulcinj.com\/blog\/2014\/02\/18\/nje-nate-e-paharruar-qe-gjalleruan-xhamine-e-klleznes\/#primaryimage"},"datePublished":"2014-02-18T07:29:23+00:00","dateModified":"2014-02-19T13:48:36+00:00","author":{"@id":"https:\/\/www.visit-ulcinj.com\/blog\/#\/schema\/person\/dcab619c614d3038751c63bc2aadc06d"},"description":"Nat\u00eb e paharruar dhe salavate t\u00eb ngrohta gjall\u00ebruan xhamin\u00eb e Kllezn\u00ebs N\u00eb kuad\u00ebr t\u00eb p\u00ebrkujtimit t\u00eb lindjes s\u00eb hz. Muhamedit (paqja dhe m\u00ebshira e Zotit","breadcrumb":{"@id":"https:\/\/www.visit-ulcinj.com\/blog\/2014\/02\/18\/nje-nate-e-paharruar-qe-gjalleruan-xhamine-e-klleznes\/#breadcrumb"},"inLanguage":"en-US","potentialAction":[{"@type":"ReadAction","target":["https:\/\/www.visit-ulcinj.com\/blog\/2014\/02\/18\/nje-nate-e-paharruar-qe-gjalleruan-xhamine-e-klleznes\/"]}]},{"@type":"BreadcrumbList","@id":"https:\/\/www.visit-ulcinj.com\/blog\/2014\/02\/18\/nje-nate-e-paharruar-qe-gjalleruan-xhamine-e-klleznes\/#breadcrumb","itemListElement":[{"@type":"ListItem","position":1,"name":"Nj\u00eb nat\u00eb e paharruar q\u00eb gjall\u00ebruan xhamin\u00eb e Kllezn\u00ebs"}]},{"@type":"Person","@id":"https:\/\/www.visit-ulcinj.com\/blog\/#\/schema\/person\/dcab619c614d3038751c63bc2aadc06d","name":"ulqini","sameAs":["http:\/\/www.visit-ulcinj.com"],"url":"https:\/\/www.visit-ulcinj.com\/blog\/author\/admin\/"}]}},"jetpack_featured_media_url":"","jetpack_sharing_enabled":true,"jetpack_shortlink":"https:\/\/wp.me\/pe6lTn-kLq","_links":{"self":[{"href":"https:\/\/www.visit-ulcinj.com\/blog\/wp-json\/wp\/v2\/posts\/79820"}],"collection":[{"href":"https:\/\/www.visit-ulcinj.com\/blog\/wp-json\/wp\/v2\/posts"}],"about":[{"href":"https:\/\/www.visit-ulcinj.com\/blog\/wp-json\/wp\/v2\/types\/post"}],"author":[{"embeddable":true,"href":"https:\/\/www.visit-ulcinj.com\/blog\/wp-json\/wp\/v2\/users\/1"}],"replies":[{"embeddable":true,"href":"https:\/\/www.visit-ulcinj.com\/blog\/wp-json\/wp\/v2\/comments?post=79820"}],"version-history":[{"count":3,"href":"https:\/\/www.visit-ulcinj.com\/blog\/wp-json\/wp\/v2\/posts\/79820\/revisions"}],"predecessor-version":[{"id":79827,"href":"https:\/\/www.visit-ulcinj.com\/blog\/wp-json\/wp\/v2\/posts\/79820\/revisions\/79827"}],"wp:attachment":[{"href":"https:\/\/www.visit-ulcinj.com\/blog\/wp-json\/wp\/v2\/media?parent=79820"}],"wp:term":[{"taxonomy":"category","embeddable":true,"href":"https:\/\/www.visit-ulcinj.com\/blog\/wp-json\/wp\/v2\/categories?post=79820"},{"taxonomy":"post_tag","embeddable":true,"href":"https:\/\/www.visit-ulcinj.com\/blog\/wp-json\/wp\/v2\/tags?post=79820"}],"curies":[{"name":"wp","href":"https:\/\/api.w.org\/{rel}","templated":true}]}}